{"id":35559,"date":"2015-01-12T00:00:00","date_gmt":"2015-01-11T23:00:00","guid":{"rendered":"http:\/\/www.fondazionepirelli.org\/senza-categoria\/pirelli-un-racconto-dinverno\/"},"modified":"2022-01-27T17:59:50","modified_gmt":"2022-01-27T16:59:50","slug":"pirelli-un-racconto-dinverno-fondazione-pirelli","status":"publish","type":"post","link":"https:\/\/www.fondazionepirelli.org\/it\/iniziative\/pirelli-un-racconto-dinverno-fondazione-pirelli\/","title":{"rendered":"Pirelli: un racconto d&#8217;inverno"},"content":{"rendered":"<p id=\"\">Abbiamo vestito di bianco la <span class=\"Apple-style-span\" style=\"font-weight: bold;\">Fondazione Pirelli<\/span>, per poter raccontare una storia di arte, ricerca e tecnologia.<\/p>\n<p id=\"\">Dal pneumatico <span class=\"Apple-style-span\" style=\"font-weight: bold;\">Artiglio<\/span> che negli anni Cinquanta divent\u00f2 <span class=\"Apple-style-span\" style=\"font-weight: bold;\">Inverno<\/span>, aiutato dalla sperimentazione sul <span class=\"Apple-style-span\" style=\"font-weight: bold;\">BS <\/span>nei primi rally, passando per l&#8217;internazionalizzazione del mercato dei pneumatici negli anni Ottanta che ne fecero crescere la gamma, portando alla realizzazione del Winter, fino al <span class=\"Apple-style-span\" style=\"font-weight: bold;\">Sottozero 3<\/span>, la pi\u00f9 recente tappa di questa costante ricerca, il cui filo conduttore \u00e8 la qualit\u00e0 e l&#8217;innovazione.<\/p>\n<p id=\"\">Le fotografie e le pubblicit\u00e0 degli anni Cinquanta e Sessanta ci raccontano la storia del BS e dell\u0092Inverno: dalle pattinatrici ritratte da <span class=\"Apple-style-span\" style=\"font-weight: bold;\">Scopinich <\/span>a Cortina, all&#8217;ironia dei personaggi di <span class=\"Apple-style-span\" style=\"font-weight: bold;\">Riccardo Manzi<\/span> e <span class=\"Apple-style-span\" style=\"font-weight: bold;\">Alessandro Mendini<\/span>, fino alle astrazioni di Confalonieri e Negri e Bob Noorda.<\/p>\n<p id=\"\">Proseguiamo camminando sicuri sulla neve, qua e l\u00e0 illuminata da complessi segni grafici, calcoli, tabelle: sono i disegni tecnici che hanno guidato la progettazione dei pneumatici Winter nel corso degli anni Ottanta e Novanta. Recuperati e ricondizionati, questi lucidi ora costituiscono un nuovo importante fondo archivistico acquisito dalla Fondazione Pirelli, che va dunque ad arricchire il proprio patrimonio di sapere tecnologico.<\/p>\n<p id=\"\">Infine la sperimentazione sulle mescole di F1 ci porta ad Oggi: il <span class=\"Apple-style-span\" style=\"font-weight: bold;\">Sottozero 3<\/span>, che corre sotto la neve di un paesaggio montano \u00e8 qui per narrarci un nuovo racconto d&#8217;inverno.<\/p>\n","protected":false},"excerpt":{"rendered":"<p>Abbiamo vestito di bianco la Fondazione Pirelli, per poter raccontare una storia di arte, ricerca e tecnologia. Dal pneumatico Artiglio che negli anni Cinquanta divent\u00f2 Inverno, aiutato dalla sperimentazione sul BS nei primi rally, passando per l&#8217;internazionalizzazione del mercato dei pneumatici negli anni Ottanta che ne fecero crescere la gamma, portando alla realizzazione del Winter, [&hellip;]<\/p>\n","protected":false},"author":1,"featured_media":58539,"comment_status":"closed","ping_status":"closed","sticky":false,"template":"","format":"standard","meta":{"footnotes":""},"categories":[60,77],"tags":[],"class_list":["post-35559","post","type-post","status-publish","format-standard","has-post-thumbnail","hentry","category-iniziative","category-le-mostre"],"acf":[],"yoast_head":"<!-- This site is optimized with the Yoast SEO plugin v25.0 - https:\/\/yoast.com\/wordpress\/plugins\/seo\/ -->\n<title>Pirelli: un racconto d&#039;inverno - Fondazione Pirelli<\/title>\n<meta name=\"description\" content=\"Abbiamo vestito di bianco la Fondazione Pirelli per poter raccontare una storia di arte, ricerca e tecnologia. Scopri di pi\u00f9 su fondazionepirelli.org.\" \/>\n<meta name=\"robots\" content=\"index, follow, max-snippet:-1, max-image-preview:large, max-video-preview:-1\" \/>\n<link rel=\"canonical\" href=\"https:\/\/www.fondazionepirelli.org\/it\/iniziative\/pirelli-un-racconto-dinverno-fondazione-pirelli\/\" \/>\n<meta property=\"og:locale\" content=\"it_IT\" \/>\n<meta property=\"og:type\" content=\"article\" \/>\n<meta property=\"og:title\" content=\"Pirelli: un racconto d&#039;inverno - Fondazione Pirelli\" \/>\n<meta property=\"og:description\" content=\"Abbiamo vestito di bianco la Fondazione Pirelli per poter raccontare una storia di arte, ricerca e tecnologia. Scopri di pi\u00f9 su fondazionepirelli.org.\" \/>\n<meta property=\"og:url\" content=\"https:\/\/127.0.0.1\/it\/iniziative\/pirelli-un-racconto-dinverno-fondazione-pirelli\/\" \/>\n<meta property=\"og:site_name\" content=\"Fondazione Pirelli\" \/>\n<meta property=\"article:published_time\" content=\"2015-01-11T23:00:00+00:00\" \/>\n<meta property=\"article:modified_time\" content=\"2022-01-27T16:59:50+00:00\" \/>\n<meta property=\"og:image\" content=\"https:\/\/wpsite-assets.fondazionepirelli.org\/wp-content\/uploads\/2015\/01\/10101505\/racconto_d_inverno-e1560161717633.jpg\" \/>\n\t<meta property=\"og:image:width\" content=\"600\" \/>\n\t<meta property=\"og:image:height\" content=\"400\" \/>\n\t<meta property=\"og:image:type\" content=\"image\/jpeg\" \/>\n<meta name=\"author\" content=\"fondadmin\" \/>\n<meta name=\"twitter:card\" content=\"summary_large_image\" \/>\n<meta name=\"twitter:label1\" content=\"Scritto da\" \/>\n\t<meta name=\"twitter:data1\" content=\"fondadmin\" \/>\n\t<meta name=\"twitter:label2\" content=\"Tempo di lettura stimato\" \/>\n\t<meta name=\"twitter:data2\" content=\"1 minuto\" \/>\n<script type=\"application\/ld+json\" class=\"yoast-schema-graph\">{\"@context\":\"https:\/\/schema.org\",\"@graph\":[{\"@type\":\"WebPage\",\"@id\":\"https:\/\/127.0.0.1\/it\/iniziative\/pirelli-un-racconto-dinverno-fondazione-pirelli\/\",\"url\":\"https:\/\/127.0.0.1\/it\/iniziative\/pirelli-un-racconto-dinverno-fondazione-pirelli\/\",\"name\":\"Pirelli: un racconto d'inverno - Fondazione Pirelli\",\"isPartOf\":{\"@id\":\"https:\/\/www.fondazionepirelli.org\/it\/#website\"},\"primaryImageOfPage\":{\"@id\":\"https:\/\/127.0.0.1\/it\/iniziative\/pirelli-un-racconto-dinverno-fondazione-pirelli\/#primaryimage\"},\"image\":{\"@id\":\"https:\/\/127.0.0.1\/it\/iniziative\/pirelli-un-racconto-dinverno-fondazione-pirelli\/#primaryimage\"},\"thumbnailUrl\":\"https:\/\/wpsite-assets.fondazionepirelli.org\/wp-content\/uploads\/2015\/01\/10101505\/racconto_d_inverno-e1560161717633.jpg\",\"datePublished\":\"2015-01-11T23:00:00+00:00\",\"dateModified\":\"2022-01-27T16:59:50+00:00\",\"author\":{\"@id\":\"https:\/\/www.fondazionepirelli.org\/it\/#\/schema\/person\/f47d097000832c4a6e54538c791fdf25\"},\"description\":\"Abbiamo vestito di bianco la Fondazione Pirelli per poter raccontare una storia di arte, ricerca e tecnologia. Scopri di pi\u00f9 su fondazionepirelli.org.\",\"breadcrumb\":{\"@id\":\"https:\/\/127.0.0.1\/it\/iniziative\/pirelli-un-racconto-dinverno-fondazione-pirelli\/#breadcrumb\"},\"inLanguage\":\"it-IT\",\"potentialAction\":[{\"@type\":\"ReadAction\",\"target\":[\"https:\/\/127.0.0.1\/it\/iniziative\/pirelli-un-racconto-dinverno-fondazione-pirelli\/\"]}]},{\"@type\":\"ImageObject\",\"inLanguage\":\"it-IT\",\"@id\":\"https:\/\/127.0.0.1\/it\/iniziative\/pirelli-un-racconto-dinverno-fondazione-pirelli\/#primaryimage\",\"url\":\"https:\/\/wpsite-assets.fondazionepirelli.org\/wp-content\/uploads\/2015\/01\/10101505\/racconto_d_inverno-e1560161717633.jpg\",\"contentUrl\":\"https:\/\/wpsite-assets.fondazionepirelli.org\/wp-content\/uploads\/2015\/01\/10101505\/racconto_d_inverno-e1560161717633.jpg\",\"width\":600,\"height\":400},{\"@type\":\"BreadcrumbList\",\"@id\":\"https:\/\/127.0.0.1\/it\/iniziative\/pirelli-un-racconto-dinverno-fondazione-pirelli\/#breadcrumb\",\"itemListElement\":[{\"@type\":\"ListItem\",\"position\":1,\"name\":\"Home\",\"item\":\"https:\/\/www.fondazionepirelli.org\/it\/\"},{\"@type\":\"ListItem\",\"position\":2,\"name\":\"Pirelli: un racconto d&#8217;inverno\"}]},{\"@type\":\"WebSite\",\"@id\":\"https:\/\/www.fondazionepirelli.org\/it\/#website\",\"url\":\"https:\/\/www.fondazionepirelli.org\/it\/\",\"name\":\"Fondazione Pirelli\",\"description\":\"\",\"potentialAction\":[{\"@type\":\"SearchAction\",\"target\":{\"@type\":\"EntryPoint\",\"urlTemplate\":\"https:\/\/www.fondazionepirelli.org\/it\/?s={search_term_string}\"},\"query-input\":{\"@type\":\"PropertyValueSpecification\",\"valueRequired\":true,\"valueName\":\"search_term_string\"}}],\"inLanguage\":\"it-IT\"},{\"@type\":\"Person\",\"@id\":\"https:\/\/www.fondazionepirelli.org\/it\/#\/schema\/person\/f47d097000832c4a6e54538c791fdf25\",\"name\":\"fondadmin\",\"image\":{\"@type\":\"ImageObject\",\"inLanguage\":\"it-IT\",\"@id\":\"https:\/\/www.fondazionepirelli.org\/it\/#\/schema\/person\/image\/\",\"url\":\"https:\/\/secure.gravatar.com\/avatar\/e69498a9175ca244966e51e53c88712c024fcebe41f9a05f75657f1bb25e489b?s=96&d=mm&r=g\",\"contentUrl\":\"https:\/\/secure.gravatar.com\/avatar\/e69498a9175ca244966e51e53c88712c024fcebe41f9a05f75657f1bb25e489b?s=96&d=mm&r=g\",\"caption\":\"fondadmin\"},\"url\":\"https:\/\/www.fondazionepirelli.org\/it\/author\/fondadmin\/\"}]}<\/script>\n<!-- \/ Yoast SEO plugin. -->","yoast_head_json":{"title":"Pirelli: un racconto d'inverno - Fondazione Pirelli","description":"Abbiamo vestito di bianco la Fondazione Pirelli per poter raccontare una storia di arte, ricerca e tecnologia. Scopri di pi\u00f9 su fondazionepirelli.org.","robots":{"index":"index","follow":"follow","max-snippet":"max-snippet:-1","max-image-preview":"max-image-preview:large","max-video-preview":"max-video-preview:-1"},"canonical":"https:\/\/www.fondazionepirelli.org\/it\/iniziative\/pirelli-un-racconto-dinverno-fondazione-pirelli\/","og_locale":"it_IT","og_type":"article","og_title":"Pirelli: un racconto d'inverno - Fondazione Pirelli","og_description":"Abbiamo vestito di bianco la Fondazione Pirelli per poter raccontare una storia di arte, ricerca e tecnologia. Scopri di pi\u00f9 su fondazionepirelli.org.","og_url":"https:\/\/127.0.0.1\/it\/iniziative\/pirelli-un-racconto-dinverno-fondazione-pirelli\/","og_site_name":"Fondazione Pirelli","article_published_time":"2015-01-11T23:00:00+00:00","article_modified_time":"2022-01-27T16:59:50+00:00","og_image":[{"width":600,"height":400,"url":"https:\/\/wpsite-assets.fondazionepirelli.org\/wp-content\/uploads\/2015\/01\/10101505\/racconto_d_inverno-e1560161717633.jpg","type":"image\/jpeg"}],"author":"fondadmin","twitter_card":"summary_large_image","twitter_misc":{"Scritto da":"fondadmin","Tempo di lettura stimato":"1 minuto"},"schema":{"@context":"https:\/\/schema.org","@graph":[{"@type":"WebPage","@id":"https:\/\/127.0.0.1\/it\/iniziative\/pirelli-un-racconto-dinverno-fondazione-pirelli\/","url":"https:\/\/127.0.0.1\/it\/iniziative\/pirelli-un-racconto-dinverno-fondazione-pirelli\/","name":"Pirelli: un racconto d'inverno - Fondazione Pirelli","isPartOf":{"@id":"https:\/\/www.fondazionepirelli.org\/it\/#website"},"primaryImageOfPage":{"@id":"https:\/\/127.0.0.1\/it\/iniziative\/pirelli-un-racconto-dinverno-fondazione-pirelli\/#primaryimage"},"image":{"@id":"https:\/\/127.0.0.1\/it\/iniziative\/pirelli-un-racconto-dinverno-fondazione-pirelli\/#primaryimage"},"thumbnailUrl":"https:\/\/wpsite-assets.fondazionepirelli.org\/wp-content\/uploads\/2015\/01\/10101505\/racconto_d_inverno-e1560161717633.jpg","datePublished":"2015-01-11T23:00:00+00:00","dateModified":"2022-01-27T16:59:50+00:00","author":{"@id":"https:\/\/www.fondazionepirelli.org\/it\/#\/schema\/person\/f47d097000832c4a6e54538c791fdf25"},"description":"Abbiamo vestito di bianco la Fondazione Pirelli per poter raccontare una storia di arte, ricerca e tecnologia. Scopri di pi\u00f9 su fondazionepirelli.org.","breadcrumb":{"@id":"https:\/\/127.0.0.1\/it\/iniziative\/pirelli-un-racconto-dinverno-fondazione-pirelli\/#breadcrumb"},"inLanguage":"it-IT","potentialAction":[{"@type":"ReadAction","target":["https:\/\/127.0.0.1\/it\/iniziative\/pirelli-un-racconto-dinverno-fondazione-pirelli\/"]}]},{"@type":"ImageObject","inLanguage":"it-IT","@id":"https:\/\/127.0.0.1\/it\/iniziative\/pirelli-un-racconto-dinverno-fondazione-pirelli\/#primaryimage","url":"https:\/\/wpsite-assets.fondazionepirelli.org\/wp-content\/uploads\/2015\/01\/10101505\/racconto_d_inverno-e1560161717633.jpg","contentUrl":"https:\/\/wpsite-assets.fondazionepirelli.org\/wp-content\/uploads\/2015\/01\/10101505\/racconto_d_inverno-e1560161717633.jpg","width":600,"height":400},{"@type":"BreadcrumbList","@id":"https:\/\/127.0.0.1\/it\/iniziative\/pirelli-un-racconto-dinverno-fondazione-pirelli\/#breadcrumb","itemListElement":[{"@type":"ListItem","position":1,"name":"Home","item":"https:\/\/www.fondazionepirelli.org\/it\/"},{"@type":"ListItem","position":2,"name":"Pirelli: un racconto d&#8217;inverno"}]},{"@type":"WebSite","@id":"https:\/\/www.fondazionepirelli.org\/it\/#website","url":"https:\/\/www.fondazionepirelli.org\/it\/","name":"Fondazione Pirelli","description":"","potentialAction":[{"@type":"SearchAction","target":{"@type":"EntryPoint","urlTemplate":"https:\/\/www.fondazionepirelli.org\/it\/?s={search_term_string}"},"query-input":{"@type":"PropertyValueSpecification","valueRequired":true,"valueName":"search_term_string"}}],"inLanguage":"it-IT"},{"@type":"Person","@id":"https:\/\/www.fondazionepirelli.org\/it\/#\/schema\/person\/f47d097000832c4a6e54538c791fdf25","name":"fondadmin","image":{"@type":"ImageObject","inLanguage":"it-IT","@id":"https:\/\/www.fondazionepirelli.org\/it\/#\/schema\/person\/image\/","url":"https:\/\/secure.gravatar.com\/avatar\/e69498a9175ca244966e51e53c88712c024fcebe41f9a05f75657f1bb25e489b?s=96&d=mm&r=g","contentUrl":"https:\/\/secure.gravatar.com\/avatar\/e69498a9175ca244966e51e53c88712c024fcebe41f9a05f75657f1bb25e489b?s=96&d=mm&r=g","caption":"fondadmin"},"url":"https:\/\/www.fondazionepirelli.org\/it\/author\/fondadmin\/"}]}},"_links":{"self":[{"href":"https:\/\/www.fondazionepirelli.org\/it\/wp-json\/wp\/v2\/posts\/35559\/"}],"collection":[{"href":"https:\/\/www.fondazionepirelli.org\/it\/wp-json\/wp\/v2\/posts\/"}],"about":[{"href":"https:\/\/www.fondazionepirelli.org\/it\/wp-json\/wp\/v2\/types\/post\/"}],"author":[{"embeddable":true,"href":"https:\/\/www.fondazionepirelli.org\/it\/wp-json\/wp\/v2\/users\/1\/"}],"replies":[{"embeddable":true,"href":"https:\/\/www.fondazionepirelli.org\/it\/wp-json\/wp\/v2\/comments\/?post=35559"}],"version-history":[{"count":4,"href":"https:\/\/www.fondazionepirelli.org\/it\/wp-json\/wp\/v2\/posts\/35559\/revisions\/"}],"predecessor-version":[{"id":68196,"href":"https:\/\/www.fondazionepirelli.org\/it\/wp-json\/wp\/v2\/posts\/35559\/revisions\/68196\/"}],"wp:featuredmedia":[{"embeddable":true,"href":"https:\/\/www.fondazionepirelli.org\/it\/wp-json\/wp\/v2\/media\/58539\/"}],"wp:attachment":[{"href":"https:\/\/www.fondazionepirelli.org\/it\/wp-json\/wp\/v2\/media\/?parent=35559"}],"wp:term":[{"taxonomy":"category","embeddable":true,"href":"https:\/\/www.fondazionepirelli.org\/it\/wp-json\/wp\/v2\/categories\/?post=35559"},{"taxonomy":"post_tag","embeddable":true,"href":"https:\/\/www.fondazionepirelli.org\/it\/wp-json\/wp\/v2\/tags\/?post=35559"}],"curies":[{"name":"wp","href":"https:\/\/api.w.org\/{rel}","templated":true}]}}