{"id":35596,"date":"2015-04-20T00:00:00","date_gmt":"2015-04-19T22:00:00","guid":{"rendered":"http:\/\/www.fondazionepirelli.org\/senza-categoria\/ioleggoperche-missione-lettura\/"},"modified":"2021-10-06T08:43:43","modified_gmt":"2021-10-06T07:43:43","slug":"ioleggoperche-missione-lettura","status":"publish","type":"post","link":"https:\/\/www.fondazionepirelli.org\/it\/biblioteche\/ioleggoperche-missione-lettura\/","title":{"rendered":"#ioleggoperch\u00e9 Missione lettura"},"content":{"rendered":"<p>Il <span class=\"Apple-style-span\" style=\"font-weight: bold;\">23 aprile<\/span> \u00e8 la <span class=\"Apple-style-span\" style=\"font-weight: bold;\">Giornata mondiale del libro<\/span> e del diritto d&#8217;autore\u00a0 e in Italia sar\u00e0 il giorno di <span class=\"Apple-style-span\" style=\"font-weight: bold;\">#ioleggoperch\u00e9<\/span>, un&#8217;iniziativa dell&#8217;<span class=\"Apple-style-span\" style=\"font-weight: bold;\">Associazione Italiana Editori<\/span> in cui i protagonisti sono i libri e i lettori.<\/p>\n<p>E se la lettura \u00e8 una passione da condividere, nell&#8217;ambito dell&#8217;impegno a favore della cultura, <span class=\"Apple-style-span\" style=\"font-weight: bold;\">Pirelli <\/span>sostiene l&#8217;iniziativa #ioleggoperch\u00e9, con l&#8217;obiettivo di <span class=\"Apple-style-span\" style=\"font-weight: bold;\">promuovere il libro<\/span> e la <span class=\"Apple-style-span\" style=\"font-weight: bold;\">lettura<\/span> presso i futuri lettori.<\/p>\n<p>Un ricco e vivace programma di eventi su tutto il territorio nazionale &#8211; nelle piazze, in libreria, biblioteca, universit\u00e0 &#8211; che potrai seguire sul sito <a title=\"#ioleggoperch\u00e8\" href=\"http:\/\/www.ioleggoperche.it\/\" target=\"_blank\" rel=\"noopener noreferrer\">www.ioleggoperch\u00e9.it<\/a><\/p>\n<p>Intanto sul Social Wall di ioleggoperch\u00e9.it \u00e8 gi\u00e0 attiva la partecipazione di tantissimi lettori. Fra questi, molti hanno gi\u00e0 scelto di diventarne <span class=\"Apple-style-span\" style=\"font-weight: bold;\">Messaggeri<\/span> e impegnarsi in prima persona nella conquista di nuovi lettori. Le loro armi? I libri e la loro passione, naturalmente!<\/p>\n<p>Anche <span class=\"Apple-style-span\" style=\"font-weight: bold;\">Fondazione Pirelli<\/span> ha scelto di diventare messaggero speciale di #ioleggoperch\u00e9 e lancia un invito ai dipendenti appassionati di libri a conquistare nuovi lettori tra i propri colleghi.<\/p>\n<p>Seguici sulla pagina <a title=\"Facebook Fondazione Pirelli\" href=\"https:\/\/www.facebook.com\/pages\/Fondazione-Pirelli\/252211561506657\" target=\"_blank\" rel=\"noopener noreferrer\"><span class=\"Apple-style-span\" style=\"font-weight: bold;\">Fb<\/span> <\/a>della Fondazione e condivi anche tu la passione della lettura\u00a0 con #ioleggoperch\u00e9.<\/p>\n","protected":false},"excerpt":{"rendered":"<p>Il 23 aprile \u00e8 la Giornata mondiale del libro e del diritto d&#8217;autore\u00a0 e in Italia sar\u00e0 il giorno di #ioleggoperch\u00e9, un&#8217;iniziativa dell&#8217;Associazione Italiana Editori in cui i protagonisti sono i libri e i lettori. E se la lettura \u00e8 una passione da condividere, nell&#8217;ambito dell&#8217;impegno a favore della cultura, Pirelli sostiene l&#8217;iniziativa #ioleggoperch\u00e9, con [&hellip;]<\/p>\n","protected":false},"author":1,"featured_media":59300,"comment_status":"closed","ping_status":"closed","sticky":false,"template":"","format":"standard","meta":{"footnotes":""},"categories":[61],"tags":[],"class_list":["post-35596","post","type-post","status-publish","format-standard","has-post-thumbnail","hentry","category-biblioteche"],"acf":[],"yoast_head":"<!-- This site is optimized with the Yoast SEO plugin v25.0 - https:\/\/yoast.com\/wordpress\/plugins\/seo\/ -->\n<title>Pirelli sostiene #ioleggoperch\u00e9 2015 | Fondazione Pirelli<\/title>\n<meta name=\"description\" content=\"Pirelli sostiene l\u2019iniziativa #ioleggoperch\u00e9, per promuovere il libro e la lettura. Scopri di pi\u00f9 su fondazionepirelli.org.\" \/>\n<meta name=\"robots\" content=\"index, follow, max-snippet:-1, max-image-preview:large, max-video-preview:-1\" \/>\n<link rel=\"canonical\" href=\"https:\/\/www.fondazionepirelli.org\/it\/biblioteche\/ioleggoperche-missione-lettura\/\" \/>\n<meta property=\"og:locale\" content=\"it_IT\" \/>\n<meta property=\"og:type\" content=\"article\" \/>\n<meta property=\"og:title\" content=\"Pirelli sostiene #ioleggoperch\u00e9 2015 | Fondazione Pirelli\" \/>\n<meta property=\"og:description\" content=\"Pirelli sostiene l\u2019iniziativa #ioleggoperch\u00e9, per promuovere il libro e la lettura. Scopri di pi\u00f9 su fondazionepirelli.org.\" \/>\n<meta property=\"og:url\" content=\"https:\/\/127.0.0.1\/it\/biblioteche\/ioleggoperche-missione-lettura\/\" \/>\n<meta property=\"og:site_name\" content=\"Fondazione Pirelli\" \/>\n<meta property=\"article:published_time\" content=\"2015-04-19T22:00:00+00:00\" \/>\n<meta property=\"article:modified_time\" content=\"2021-10-06T07:43:43+00:00\" \/>\n<meta property=\"og:image\" content=\"https:\/\/wpsite-assets.fondazionepirelli.org\/wp-content\/uploads\/2015\/04\/12121637\/ioleggoperche%CC%81_hero-e1560341808993.jpg\" \/>\n\t<meta property=\"og:image:width\" content=\"600\" \/>\n\t<meta property=\"og:image:height\" content=\"402\" \/>\n\t<meta property=\"og:image:type\" content=\"image\/jpeg\" \/>\n<meta name=\"author\" content=\"fondadmin\" \/>\n<meta name=\"twitter:card\" content=\"summary_large_image\" \/>\n<meta name=\"twitter:label1\" content=\"Scritto da\" \/>\n\t<meta name=\"twitter:data1\" content=\"fondadmin\" \/>\n\t<meta name=\"twitter:label2\" content=\"Tempo di lettura stimato\" \/>\n\t<meta name=\"twitter:data2\" content=\"1 minuto\" \/>\n<script type=\"application\/ld+json\" class=\"yoast-schema-graph\">{\"@context\":\"https:\/\/schema.org\",\"@graph\":[{\"@type\":\"WebPage\",\"@id\":\"https:\/\/127.0.0.1\/it\/biblioteche\/ioleggoperche-missione-lettura\/\",\"url\":\"https:\/\/127.0.0.1\/it\/biblioteche\/ioleggoperche-missione-lettura\/\",\"name\":\"Pirelli sostiene #ioleggoperch\u00e9 2015 | Fondazione Pirelli\",\"isPartOf\":{\"@id\":\"https:\/\/www.fondazionepirelli.org\/it\/#website\"},\"primaryImageOfPage\":{\"@id\":\"https:\/\/127.0.0.1\/it\/biblioteche\/ioleggoperche-missione-lettura\/#primaryimage\"},\"image\":{\"@id\":\"https:\/\/127.0.0.1\/it\/biblioteche\/ioleggoperche-missione-lettura\/#primaryimage\"},\"thumbnailUrl\":\"https:\/\/wpsite-assets.fondazionepirelli.org\/wp-content\/uploads\/2015\/04\/12121637\/ioleggoperche%CC%81_hero-e1560341808993.jpg\",\"datePublished\":\"2015-04-19T22:00:00+00:00\",\"dateModified\":\"2021-10-06T07:43:43+00:00\",\"author\":{\"@id\":\"https:\/\/www.fondazionepirelli.org\/it\/#\/schema\/person\/f47d097000832c4a6e54538c791fdf25\"},\"description\":\"Pirelli sostiene l\u2019iniziativa #ioleggoperch\u00e9, per promuovere il libro e la lettura. Scopri di pi\u00f9 su fondazionepirelli.org.\",\"breadcrumb\":{\"@id\":\"https:\/\/127.0.0.1\/it\/biblioteche\/ioleggoperche-missione-lettura\/#breadcrumb\"},\"inLanguage\":\"it-IT\",\"potentialAction\":[{\"@type\":\"ReadAction\",\"target\":[\"https:\/\/127.0.0.1\/it\/biblioteche\/ioleggoperche-missione-lettura\/\"]}]},{\"@type\":\"ImageObject\",\"inLanguage\":\"it-IT\",\"@id\":\"https:\/\/127.0.0.1\/it\/biblioteche\/ioleggoperche-missione-lettura\/#primaryimage\",\"url\":\"https:\/\/wpsite-assets.fondazionepirelli.org\/wp-content\/uploads\/2015\/04\/12121637\/ioleggoperche%CC%81_hero-e1560341808993.jpg\",\"contentUrl\":\"https:\/\/wpsite-assets.fondazionepirelli.org\/wp-content\/uploads\/2015\/04\/12121637\/ioleggoperche%CC%81_hero-e1560341808993.jpg\",\"width\":600,\"height\":402},{\"@type\":\"BreadcrumbList\",\"@id\":\"https:\/\/127.0.0.1\/it\/biblioteche\/ioleggoperche-missione-lettura\/#breadcrumb\",\"itemListElement\":[{\"@type\":\"ListItem\",\"position\":1,\"name\":\"Home\",\"item\":\"https:\/\/www.fondazionepirelli.org\/it\/\"},{\"@type\":\"ListItem\",\"position\":2,\"name\":\"#ioleggoperch\u00e9 Missione lettura\"}]},{\"@type\":\"WebSite\",\"@id\":\"https:\/\/www.fondazionepirelli.org\/it\/#website\",\"url\":\"https:\/\/www.fondazionepirelli.org\/it\/\",\"name\":\"Fondazione Pirelli\",\"description\":\"\",\"potentialAction\":[{\"@type\":\"SearchAction\",\"target\":{\"@type\":\"EntryPoint\",\"urlTemplate\":\"https:\/\/www.fondazionepirelli.org\/it\/?s={search_term_string}\"},\"query-input\":{\"@type\":\"PropertyValueSpecification\",\"valueRequired\":true,\"valueName\":\"search_term_string\"}}],\"inLanguage\":\"it-IT\"},{\"@type\":\"Person\",\"@id\":\"https:\/\/www.fondazionepirelli.org\/it\/#\/schema\/person\/f47d097000832c4a6e54538c791fdf25\",\"name\":\"fondadmin\",\"image\":{\"@type\":\"ImageObject\",\"inLanguage\":\"it-IT\",\"@id\":\"https:\/\/www.fondazionepirelli.org\/it\/#\/schema\/person\/image\/\",\"url\":\"https:\/\/secure.gravatar.com\/avatar\/e69498a9175ca244966e51e53c88712c024fcebe41f9a05f75657f1bb25e489b?s=96&d=mm&r=g\",\"contentUrl\":\"https:\/\/secure.gravatar.com\/avatar\/e69498a9175ca244966e51e53c88712c024fcebe41f9a05f75657f1bb25e489b?s=96&d=mm&r=g\",\"caption\":\"fondadmin\"},\"url\":\"https:\/\/www.fondazionepirelli.org\/it\/author\/fondadmin\/\"}]}<\/script>\n<!-- \/ Yoast SEO plugin. -->","yoast_head_json":{"title":"Pirelli sostiene #ioleggoperch\u00e9 2015 | Fondazione Pirelli","description":"Pirelli sostiene l\u2019iniziativa #ioleggoperch\u00e9, per promuovere il libro e la lettura. Scopri di pi\u00f9 su fondazionepirelli.org.","robots":{"index":"index","follow":"follow","max-snippet":"max-snippet:-1","max-image-preview":"max-image-preview:large","max-video-preview":"max-video-preview:-1"},"canonical":"https:\/\/www.fondazionepirelli.org\/it\/biblioteche\/ioleggoperche-missione-lettura\/","og_locale":"it_IT","og_type":"article","og_title":"Pirelli sostiene #ioleggoperch\u00e9 2015 | Fondazione Pirelli","og_description":"Pirelli sostiene l\u2019iniziativa #ioleggoperch\u00e9, per promuovere il libro e la lettura. Scopri di pi\u00f9 su fondazionepirelli.org.","og_url":"https:\/\/127.0.0.1\/it\/biblioteche\/ioleggoperche-missione-lettura\/","og_site_name":"Fondazione Pirelli","article_published_time":"2015-04-19T22:00:00+00:00","article_modified_time":"2021-10-06T07:43:43+00:00","og_image":[{"width":600,"height":402,"url":"https:\/\/wpsite-assets.fondazionepirelli.org\/wp-content\/uploads\/2015\/04\/12121637\/ioleggoperche%CC%81_hero-e1560341808993.jpg","type":"image\/jpeg"}],"author":"fondadmin","twitter_card":"summary_large_image","twitter_misc":{"Scritto da":"fondadmin","Tempo di lettura stimato":"1 minuto"},"schema":{"@context":"https:\/\/schema.org","@graph":[{"@type":"WebPage","@id":"https:\/\/127.0.0.1\/it\/biblioteche\/ioleggoperche-missione-lettura\/","url":"https:\/\/127.0.0.1\/it\/biblioteche\/ioleggoperche-missione-lettura\/","name":"Pirelli sostiene #ioleggoperch\u00e9 2015 | Fondazione Pirelli","isPartOf":{"@id":"https:\/\/www.fondazionepirelli.org\/it\/#website"},"primaryImageOfPage":{"@id":"https:\/\/127.0.0.1\/it\/biblioteche\/ioleggoperche-missione-lettura\/#primaryimage"},"image":{"@id":"https:\/\/127.0.0.1\/it\/biblioteche\/ioleggoperche-missione-lettura\/#primaryimage"},"thumbnailUrl":"https:\/\/wpsite-assets.fondazionepirelli.org\/wp-content\/uploads\/2015\/04\/12121637\/ioleggoperche%CC%81_hero-e1560341808993.jpg","datePublished":"2015-04-19T22:00:00+00:00","dateModified":"2021-10-06T07:43:43+00:00","author":{"@id":"https:\/\/www.fondazionepirelli.org\/it\/#\/schema\/person\/f47d097000832c4a6e54538c791fdf25"},"description":"Pirelli sostiene l\u2019iniziativa #ioleggoperch\u00e9, per promuovere il libro e la lettura. Scopri di pi\u00f9 su fondazionepirelli.org.","breadcrumb":{"@id":"https:\/\/127.0.0.1\/it\/biblioteche\/ioleggoperche-missione-lettura\/#breadcrumb"},"inLanguage":"it-IT","potentialAction":[{"@type":"ReadAction","target":["https:\/\/127.0.0.1\/it\/biblioteche\/ioleggoperche-missione-lettura\/"]}]},{"@type":"ImageObject","inLanguage":"it-IT","@id":"https:\/\/127.0.0.1\/it\/biblioteche\/ioleggoperche-missione-lettura\/#primaryimage","url":"https:\/\/wpsite-assets.fondazionepirelli.org\/wp-content\/uploads\/2015\/04\/12121637\/ioleggoperche%CC%81_hero-e1560341808993.jpg","contentUrl":"https:\/\/wpsite-assets.fondazionepirelli.org\/wp-content\/uploads\/2015\/04\/12121637\/ioleggoperche%CC%81_hero-e1560341808993.jpg","width":600,"height":402},{"@type":"BreadcrumbList","@id":"https:\/\/127.0.0.1\/it\/biblioteche\/ioleggoperche-missione-lettura\/#breadcrumb","itemListElement":[{"@type":"ListItem","position":1,"name":"Home","item":"https:\/\/www.fondazionepirelli.org\/it\/"},{"@type":"ListItem","position":2,"name":"#ioleggoperch\u00e9 Missione lettura"}]},{"@type":"WebSite","@id":"https:\/\/www.fondazionepirelli.org\/it\/#website","url":"https:\/\/www.fondazionepirelli.org\/it\/","name":"Fondazione Pirelli","description":"","potentialAction":[{"@type":"SearchAction","target":{"@type":"EntryPoint","urlTemplate":"https:\/\/www.fondazionepirelli.org\/it\/?s={search_term_string}"},"query-input":{"@type":"PropertyValueSpecification","valueRequired":true,"valueName":"search_term_string"}}],"inLanguage":"it-IT"},{"@type":"Person","@id":"https:\/\/www.fondazionepirelli.org\/it\/#\/schema\/person\/f47d097000832c4a6e54538c791fdf25","name":"fondadmin","image":{"@type":"ImageObject","inLanguage":"it-IT","@id":"https:\/\/www.fondazionepirelli.org\/it\/#\/schema\/person\/image\/","url":"https:\/\/secure.gravatar.com\/avatar\/e69498a9175ca244966e51e53c88712c024fcebe41f9a05f75657f1bb25e489b?s=96&d=mm&r=g","contentUrl":"https:\/\/secure.gravatar.com\/avatar\/e69498a9175ca244966e51e53c88712c024fcebe41f9a05f75657f1bb25e489b?s=96&d=mm&r=g","caption":"fondadmin"},"url":"https:\/\/www.fondazionepirelli.org\/it\/author\/fondadmin\/"}]}},"_links":{"self":[{"href":"https:\/\/www.fondazionepirelli.org\/it\/wp-json\/wp\/v2\/posts\/35596\/"}],"collection":[{"href":"https:\/\/www.fondazionepirelli.org\/it\/wp-json\/wp\/v2\/posts\/"}],"about":[{"href":"https:\/\/www.fondazionepirelli.org\/it\/wp-json\/wp\/v2\/types\/post\/"}],"author":[{"embeddable":true,"href":"https:\/\/www.fondazionepirelli.org\/it\/wp-json\/wp\/v2\/users\/1\/"}],"replies":[{"embeddable":true,"href":"https:\/\/www.fondazionepirelli.org\/it\/wp-json\/wp\/v2\/comments\/?post=35596"}],"version-history":[{"count":3,"href":"https:\/\/www.fondazionepirelli.org\/it\/wp-json\/wp\/v2\/posts\/35596\/revisions\/"}],"predecessor-version":[{"id":59302,"href":"https:\/\/www.fondazionepirelli.org\/it\/wp-json\/wp\/v2\/posts\/35596\/revisions\/59302\/"}],"wp:featuredmedia":[{"embeddable":true,"href":"https:\/\/www.fondazionepirelli.org\/it\/wp-json\/wp\/v2\/media\/59300\/"}],"wp:attachment":[{"href":"https:\/\/www.fondazionepirelli.org\/it\/wp-json\/wp\/v2\/media\/?parent=35596"}],"wp:term":[{"taxonomy":"category","embeddable":true,"href":"https:\/\/www.fondazionepirelli.org\/it\/wp-json\/wp\/v2\/categories\/?post=35596"},{"taxonomy":"post_tag","embeddable":true,"href":"https:\/\/www.fondazionepirelli.org\/it\/wp-json\/wp\/v2\/tags\/?post=35596"}],"curies":[{"name":"wp","href":"https:\/\/api.w.org\/{rel}","templated":true}]}}