{"id":35622,"date":"2015-09-02T00:00:00","date_gmt":"2015-09-01T22:00:00","guid":{"rendered":"http:\/\/www.fondazionepirelli.org\/senza-categoria\/ad-expo-2015-pirelli-una-storia-deccellenza-italiana\/"},"modified":"2020-01-24T11:43:02","modified_gmt":"2020-01-24T10:43:02","slug":"ad-expo-2015-pirelli-una-storia-deccellenza-italiana","status":"publish","type":"post","link":"https:\/\/www.fondazionepirelli.org\/it\/iniziative\/ad-expo-2015-pirelli-una-storia-deccellenza-italiana\/","title":{"rendered":"Pirelli ad Expo 2015: una storia d&#8217;eccellenza italiana"},"content":{"rendered":"<p>Dal <span class=\"Apple-style-span\" style=\"font-weight: bold;\">2 al 9 settembre<\/span> nel <span class=\"Apple-style-span\" style=\"font-weight: bold;\">Cardo Sud <\/span>di <strong>Expo Milano 2015<\/strong>, Pirelli, gi\u00e0 sponsor dell&#8217;Albero della Vita, vi aspetta per raccontarvi una storia di eccellenza italiana, esempio di sapienza manifatturiera \u00ab<span class=\"Apple-style-span\" style=\"font-weight: bold;\">Made in Italy<\/span>\u00bb, di tradizione, di ricerca e sviluppo continuo nel solco della \u00abP lunga\u00bb.<\/p>\n<p>Le immagini storiche dell&#8217;<span class=\"Apple-style-span\" style=\"font-weight: bold;\">Archivio aziendale<\/span> e i testi che raccontano 143 anni dell&#8217;eccellenza manifatturiera di Pirelli faranno da sfondo all&#8217;<strong>esposizione di auto e moto<\/strong> che rappresentano altrettante eccellenze italiane: <span class=\"Apple-style-span\" style=\"font-weight: bold;\">prodigi meccanici <\/span>in equilibrio tra tecnologia e passione, che con Pirelli hanno in comune una storia fatta di collaborazioni e grandi successi, un rapporto consolidato nel tempo attraverso un sapere tecnologico potente e innovativo, fatto di passione e di studio, di velocit\u00e0 e di vittorie. Tutta la potenza e la velocit\u00e0 di queste auto e di queste moto si \u00e8 affidata nel tempo e si affida oggi ai <span class=\"Apple-style-span\" style=\"font-weight: bold;\">pneumatici Pirelli<\/span>.<\/p>\n<p>Sono esposti i modelli di <span class=\"Apple-style-span\" style=\"font-weight: bold;\">Ferrari <\/span>come la FXXK e <span class=\"Apple-style-span\">458 Challenge EVO<\/span>; di <span class=\"Apple-style-span\" style=\"font-weight: bold;\">Maserati <\/span>con la <span class=\"Apple-style-span\">MC12<\/span><span class=\"Apple-style-span\" style=\"font-weight: bold;\">,<\/span> di <span class=\"Apple-style-span\" style=\"font-weight: bold;\">Lamborghini <\/span>con <span class=\"Apple-style-span\">Hurac\u00e1n Super Trofeo<\/span>, la <span class=\"Apple-style-span\" style=\"font-weight: bold;\">Alfa 75 Turbo Evoluzione IMSA<\/span> e la <span class=\"Apple-style-span\" style=\"font-weight: bold;\">Lancia Stratos<\/span><span class=\"Apple-style-span\" style=\"font-weight: bold;\"> HF <\/span>accanto alle moto <span class=\"Apple-style-span\" style=\"font-weight: bold;\">Aprilia <\/span><span class=\"Apple-style-span\" style=\"font-weight: bold;\">RSV4 RF<\/span>, <span class=\"Apple-style-span\" style=\"font-weight: bold;\">Ducati<\/span> <span class=\"Apple-style-span\">1299<\/span> <span class=\"Apple-style-span\">Panigale S <\/span>e <span class=\"Apple-style-span\" style=\"font-weight: bold;\">MV Agusta<\/span> <span class=\"Apple-style-span\" style=\"font-weight: bold;\">F4 RC<\/span>.<\/p>\n","protected":false},"excerpt":{"rendered":"<p>Dal 2 al 9 settembre nel Cardo Sud di Expo Milano 2015, Pirelli, gi\u00e0 sponsor dell&#8217;Albero della Vita, vi aspetta per raccontarvi una storia di eccellenza italiana, esempio di sapienza manifatturiera \u00abMade in Italy\u00bb, di tradizione, di ricerca e sviluppo continuo nel solco della \u00abP lunga\u00bb. Le immagini storiche dell&#8217;Archivio aziendale e i testi che [&hellip;]<\/p>\n","protected":false},"author":1,"featured_media":58493,"comment_status":"closed","ping_status":"closed","sticky":false,"template":"","format":"standard","meta":{"footnotes":""},"categories":[60,79],"tags":[109],"class_list":["post-35622","post","type-post","status-publish","format-standard","has-post-thumbnail","hentry","category-iniziative","category-le-collaborazioni","tag-comunicare-limpresa"],"acf":[],"yoast_head":"<!-- This site is optimized with the Yoast SEO plugin v25.0 - https:\/\/yoast.com\/wordpress\/plugins\/seo\/ -->\n<title>Pirelli ad Expo 2015: una storia d&#039;eccellenza italiana - Fondazione Pirelli<\/title>\n<meta name=\"robots\" content=\"index, follow, max-snippet:-1, max-image-preview:large, max-video-preview:-1\" \/>\n<link rel=\"canonical\" href=\"https:\/\/www.fondazionepirelli.org\/it\/iniziative\/ad-expo-2015-pirelli-una-storia-deccellenza-italiana\/\" \/>\n<meta property=\"og:locale\" content=\"it_IT\" \/>\n<meta property=\"og:type\" content=\"article\" \/>\n<meta property=\"og:title\" content=\"Pirelli ad Expo 2015: una storia d&#039;eccellenza italiana - Fondazione Pirelli\" \/>\n<meta property=\"og:description\" content=\"Dal 2 al 9 settembre nel Cardo Sud di Expo Milano 2015, Pirelli, gi\u00e0 sponsor dell&#8217;Albero della Vita, vi aspetta per raccontarvi una storia di eccellenza italiana, esempio di sapienza manifatturiera \u00abMade in Italy\u00bb, di tradizione, di ricerca e sviluppo continuo nel solco della \u00abP lunga\u00bb. Le immagini storiche dell&#8217;Archivio aziendale e i testi che [&hellip;]\" \/>\n<meta property=\"og:url\" content=\"https:\/\/www.fondazionepirelli.org\/it\/iniziative\/ad-expo-2015-pirelli-una-storia-deccellenza-italiana\/\" \/>\n<meta property=\"og:site_name\" content=\"Fondazione Pirelli\" \/>\n<meta property=\"article:published_time\" content=\"2015-09-01T22:00:00+00:00\" \/>\n<meta property=\"article:modified_time\" content=\"2020-01-24T10:43:02+00:00\" \/>\n<meta property=\"og:image\" content=\"https:\/\/wpsite-assets.fondazionepirelli.org\/wp-content\/uploads\/2015\/09\/10085650\/Ad-Expo-2015-Pirelli-e1560157020523.jpg\" \/>\n\t<meta property=\"og:image:width\" content=\"600\" \/>\n\t<meta property=\"og:image:height\" content=\"400\" \/>\n\t<meta property=\"og:image:type\" content=\"image\/jpeg\" \/>\n<meta name=\"author\" content=\"fondadmin\" \/>\n<meta name=\"twitter:card\" content=\"summary_large_image\" \/>\n<meta name=\"twitter:label1\" content=\"Scritto da\" \/>\n\t<meta name=\"twitter:data1\" content=\"fondadmin\" \/>\n\t<meta name=\"twitter:label2\" content=\"Tempo di lettura stimato\" \/>\n\t<meta name=\"twitter:data2\" content=\"1 minuto\" \/>\n<script type=\"application\/ld+json\" class=\"yoast-schema-graph\">{\"@context\":\"https:\/\/schema.org\",\"@graph\":[{\"@type\":\"WebPage\",\"@id\":\"https:\/\/www.fondazionepirelli.org\/it\/iniziative\/ad-expo-2015-pirelli-una-storia-deccellenza-italiana\/\",\"url\":\"https:\/\/www.fondazionepirelli.org\/it\/iniziative\/ad-expo-2015-pirelli-una-storia-deccellenza-italiana\/\",\"name\":\"Pirelli ad Expo 2015: una storia d'eccellenza italiana - Fondazione Pirelli\",\"isPartOf\":{\"@id\":\"https:\/\/www.fondazionepirelli.org\/it\/#website\"},\"primaryImageOfPage\":{\"@id\":\"https:\/\/www.fondazionepirelli.org\/it\/iniziative\/ad-expo-2015-pirelli-una-storia-deccellenza-italiana\/#primaryimage\"},\"image\":{\"@id\":\"https:\/\/www.fondazionepirelli.org\/it\/iniziative\/ad-expo-2015-pirelli-una-storia-deccellenza-italiana\/#primaryimage\"},\"thumbnailUrl\":\"https:\/\/wpsite-assets.fondazionepirelli.org\/wp-content\/uploads\/2015\/09\/10085650\/Ad-Expo-2015-Pirelli-e1560157020523.jpg\",\"datePublished\":\"2015-09-01T22:00:00+00:00\",\"dateModified\":\"2020-01-24T10:43:02+00:00\",\"author\":{\"@id\":\"https:\/\/www.fondazionepirelli.org\/it\/#\/schema\/person\/f47d097000832c4a6e54538c791fdf25\"},\"breadcrumb\":{\"@id\":\"https:\/\/www.fondazionepirelli.org\/it\/iniziative\/ad-expo-2015-pirelli-una-storia-deccellenza-italiana\/#breadcrumb\"},\"inLanguage\":\"it-IT\",\"potentialAction\":[{\"@type\":\"ReadAction\",\"target\":[\"https:\/\/www.fondazionepirelli.org\/it\/iniziative\/ad-expo-2015-pirelli-una-storia-deccellenza-italiana\/\"]}]},{\"@type\":\"ImageObject\",\"inLanguage\":\"it-IT\",\"@id\":\"https:\/\/www.fondazionepirelli.org\/it\/iniziative\/ad-expo-2015-pirelli-una-storia-deccellenza-italiana\/#primaryimage\",\"url\":\"https:\/\/wpsite-assets.fondazionepirelli.org\/wp-content\/uploads\/2015\/09\/10085650\/Ad-Expo-2015-Pirelli-e1560157020523.jpg\",\"contentUrl\":\"https:\/\/wpsite-assets.fondazionepirelli.org\/wp-content\/uploads\/2015\/09\/10085650\/Ad-Expo-2015-Pirelli-e1560157020523.jpg\",\"width\":600,\"height\":400},{\"@type\":\"BreadcrumbList\",\"@id\":\"https:\/\/www.fondazionepirelli.org\/it\/iniziative\/ad-expo-2015-pirelli-una-storia-deccellenza-italiana\/#breadcrumb\",\"itemListElement\":[{\"@type\":\"ListItem\",\"position\":1,\"name\":\"Home\",\"item\":\"https:\/\/www.fondazionepirelli.org\/it\/\"},{\"@type\":\"ListItem\",\"position\":2,\"name\":\"Pirelli ad Expo 2015: una storia d&#8217;eccellenza italiana\"}]},{\"@type\":\"WebSite\",\"@id\":\"https:\/\/www.fondazionepirelli.org\/it\/#website\",\"url\":\"https:\/\/www.fondazionepirelli.org\/it\/\",\"name\":\"Fondazione Pirelli\",\"description\":\"\",\"potentialAction\":[{\"@type\":\"SearchAction\",\"target\":{\"@type\":\"EntryPoint\",\"urlTemplate\":\"https:\/\/www.fondazionepirelli.org\/it\/?s={search_term_string}\"},\"query-input\":{\"@type\":\"PropertyValueSpecification\",\"valueRequired\":true,\"valueName\":\"search_term_string\"}}],\"inLanguage\":\"it-IT\"},{\"@type\":\"Person\",\"@id\":\"https:\/\/www.fondazionepirelli.org\/it\/#\/schema\/person\/f47d097000832c4a6e54538c791fdf25\",\"name\":\"fondadmin\",\"image\":{\"@type\":\"ImageObject\",\"inLanguage\":\"it-IT\",\"@id\":\"https:\/\/www.fondazionepirelli.org\/it\/#\/schema\/person\/image\/\",\"url\":\"https:\/\/secure.gravatar.com\/avatar\/e69498a9175ca244966e51e53c88712c024fcebe41f9a05f75657f1bb25e489b?s=96&d=mm&r=g\",\"contentUrl\":\"https:\/\/secure.gravatar.com\/avatar\/e69498a9175ca244966e51e53c88712c024fcebe41f9a05f75657f1bb25e489b?s=96&d=mm&r=g\",\"caption\":\"fondadmin\"},\"url\":\"https:\/\/www.fondazionepirelli.org\/it\/author\/fondadmin\/\"}]}<\/script>\n<!-- \/ Yoast SEO plugin. -->","yoast_head_json":{"title":"Pirelli ad Expo 2015: una storia d'eccellenza italiana - Fondazione Pirelli","robots":{"index":"index","follow":"follow","max-snippet":"max-snippet:-1","max-image-preview":"max-image-preview:large","max-video-preview":"max-video-preview:-1"},"canonical":"https:\/\/www.fondazionepirelli.org\/it\/iniziative\/ad-expo-2015-pirelli-una-storia-deccellenza-italiana\/","og_locale":"it_IT","og_type":"article","og_title":"Pirelli ad Expo 2015: una storia d'eccellenza italiana - Fondazione Pirelli","og_description":"Dal 2 al 9 settembre nel Cardo Sud di Expo Milano 2015, Pirelli, gi\u00e0 sponsor dell&#8217;Albero della Vita, vi aspetta per raccontarvi una storia di eccellenza italiana, esempio di sapienza manifatturiera \u00abMade in Italy\u00bb, di tradizione, di ricerca e sviluppo continuo nel solco della \u00abP lunga\u00bb. Le immagini storiche dell&#8217;Archivio aziendale e i testi che [&hellip;]","og_url":"https:\/\/www.fondazionepirelli.org\/it\/iniziative\/ad-expo-2015-pirelli-una-storia-deccellenza-italiana\/","og_site_name":"Fondazione Pirelli","article_published_time":"2015-09-01T22:00:00+00:00","article_modified_time":"2020-01-24T10:43:02+00:00","og_image":[{"width":600,"height":400,"url":"https:\/\/wpsite-assets.fondazionepirelli.org\/wp-content\/uploads\/2015\/09\/10085650\/Ad-Expo-2015-Pirelli-e1560157020523.jpg","type":"image\/jpeg"}],"author":"fondadmin","twitter_card":"summary_large_image","twitter_misc":{"Scritto da":"fondadmin","Tempo di lettura stimato":"1 minuto"},"schema":{"@context":"https:\/\/schema.org","@graph":[{"@type":"WebPage","@id":"https:\/\/www.fondazionepirelli.org\/it\/iniziative\/ad-expo-2015-pirelli-una-storia-deccellenza-italiana\/","url":"https:\/\/www.fondazionepirelli.org\/it\/iniziative\/ad-expo-2015-pirelli-una-storia-deccellenza-italiana\/","name":"Pirelli ad Expo 2015: una storia d'eccellenza italiana - Fondazione Pirelli","isPartOf":{"@id":"https:\/\/www.fondazionepirelli.org\/it\/#website"},"primaryImageOfPage":{"@id":"https:\/\/www.fondazionepirelli.org\/it\/iniziative\/ad-expo-2015-pirelli-una-storia-deccellenza-italiana\/#primaryimage"},"image":{"@id":"https:\/\/www.fondazionepirelli.org\/it\/iniziative\/ad-expo-2015-pirelli-una-storia-deccellenza-italiana\/#primaryimage"},"thumbnailUrl":"https:\/\/wpsite-assets.fondazionepirelli.org\/wp-content\/uploads\/2015\/09\/10085650\/Ad-Expo-2015-Pirelli-e1560157020523.jpg","datePublished":"2015-09-01T22:00:00+00:00","dateModified":"2020-01-24T10:43:02+00:00","author":{"@id":"https:\/\/www.fondazionepirelli.org\/it\/#\/schema\/person\/f47d097000832c4a6e54538c791fdf25"},"breadcrumb":{"@id":"https:\/\/www.fondazionepirelli.org\/it\/iniziative\/ad-expo-2015-pirelli-una-storia-deccellenza-italiana\/#breadcrumb"},"inLanguage":"it-IT","potentialAction":[{"@type":"ReadAction","target":["https:\/\/www.fondazionepirelli.org\/it\/iniziative\/ad-expo-2015-pirelli-una-storia-deccellenza-italiana\/"]}]},{"@type":"ImageObject","inLanguage":"it-IT","@id":"https:\/\/www.fondazionepirelli.org\/it\/iniziative\/ad-expo-2015-pirelli-una-storia-deccellenza-italiana\/#primaryimage","url":"https:\/\/wpsite-assets.fondazionepirelli.org\/wp-content\/uploads\/2015\/09\/10085650\/Ad-Expo-2015-Pirelli-e1560157020523.jpg","contentUrl":"https:\/\/wpsite-assets.fondazionepirelli.org\/wp-content\/uploads\/2015\/09\/10085650\/Ad-Expo-2015-Pirelli-e1560157020523.jpg","width":600,"height":400},{"@type":"BreadcrumbList","@id":"https:\/\/www.fondazionepirelli.org\/it\/iniziative\/ad-expo-2015-pirelli-una-storia-deccellenza-italiana\/#breadcrumb","itemListElement":[{"@type":"ListItem","position":1,"name":"Home","item":"https:\/\/www.fondazionepirelli.org\/it\/"},{"@type":"ListItem","position":2,"name":"Pirelli ad Expo 2015: una storia d&#8217;eccellenza italiana"}]},{"@type":"WebSite","@id":"https:\/\/www.fondazionepirelli.org\/it\/#website","url":"https:\/\/www.fondazionepirelli.org\/it\/","name":"Fondazione Pirelli","description":"","potentialAction":[{"@type":"SearchAction","target":{"@type":"EntryPoint","urlTemplate":"https:\/\/www.fondazionepirelli.org\/it\/?s={search_term_string}"},"query-input":{"@type":"PropertyValueSpecification","valueRequired":true,"valueName":"search_term_string"}}],"inLanguage":"it-IT"},{"@type":"Person","@id":"https:\/\/www.fondazionepirelli.org\/it\/#\/schema\/person\/f47d097000832c4a6e54538c791fdf25","name":"fondadmin","image":{"@type":"ImageObject","inLanguage":"it-IT","@id":"https:\/\/www.fondazionepirelli.org\/it\/#\/schema\/person\/image\/","url":"https:\/\/secure.gravatar.com\/avatar\/e69498a9175ca244966e51e53c88712c024fcebe41f9a05f75657f1bb25e489b?s=96&d=mm&r=g","contentUrl":"https:\/\/secure.gravatar.com\/avatar\/e69498a9175ca244966e51e53c88712c024fcebe41f9a05f75657f1bb25e489b?s=96&d=mm&r=g","caption":"fondadmin"},"url":"https:\/\/www.fondazionepirelli.org\/it\/author\/fondadmin\/"}]}},"_links":{"self":[{"href":"https:\/\/www.fondazionepirelli.org\/it\/wp-json\/wp\/v2\/posts\/35622\/"}],"collection":[{"href":"https:\/\/www.fondazionepirelli.org\/it\/wp-json\/wp\/v2\/posts\/"}],"about":[{"href":"https:\/\/www.fondazionepirelli.org\/it\/wp-json\/wp\/v2\/types\/post\/"}],"author":[{"embeddable":true,"href":"https:\/\/www.fondazionepirelli.org\/it\/wp-json\/wp\/v2\/users\/1\/"}],"replies":[{"embeddable":true,"href":"https:\/\/www.fondazionepirelli.org\/it\/wp-json\/wp\/v2\/comments\/?post=35622"}],"version-history":[{"count":7,"href":"https:\/\/www.fondazionepirelli.org\/it\/wp-json\/wp\/v2\/posts\/35622\/revisions\/"}],"predecessor-version":[{"id":74379,"href":"https:\/\/www.fondazionepirelli.org\/it\/wp-json\/wp\/v2\/posts\/35622\/revisions\/74379\/"}],"wp:featuredmedia":[{"embeddable":true,"href":"https:\/\/www.fondazionepirelli.org\/it\/wp-json\/wp\/v2\/media\/58493\/"}],"wp:attachment":[{"href":"https:\/\/www.fondazionepirelli.org\/it\/wp-json\/wp\/v2\/media\/?parent=35622"}],"wp:term":[{"taxonomy":"category","embeddable":true,"href":"https:\/\/www.fondazionepirelli.org\/it\/wp-json\/wp\/v2\/categories\/?post=35622"},{"taxonomy":"post_tag","embeddable":true,"href":"https:\/\/www.fondazionepirelli.org\/it\/wp-json\/wp\/v2\/tags\/?post=35622"}],"curies":[{"name":"wp","href":"https:\/\/api.w.org\/{rel}","templated":true}]}}