{"id":48458,"date":"2010-10-18T00:00:00","date_gmt":"2010-10-17T22:00:00","guid":{"rendered":"http:\/\/www.fondazionepirelli.org\/fondazione-pirelli\/osservare-criticare-promuovere\/"},"modified":"2019-10-22T15:09:44","modified_gmt":"2019-10-22T13:09:44","slug":"osservare-criticare-promuovere","status":"publish","type":"post","link":"https:\/\/www.fondazionepirelli.org\/it\/non-categorizzato\/osservare-criticare-promuovere\/","title":{"rendered":"Osservare, criticare, promuovere"},"content":{"rendered":"<p>&#8220;\u00c8 nostro dovere consegnare alle giovani generazioni un Paese in cui sia ancora possibile aver fiducia nel futuro&#8221;. Questo il messaggio di benvenuto del presidente Marco Tronchetti Provera all&#8217;apertura del convegno Idee Italiane. Un osservatorio sullo stato della cultura nel nostro Paese che quest&#8217;anno ha avuto come focus l&#8217;architettura; in cerca d&#8217;identit\u00e0 quella italiana, anche perch\u00e9, secondo Vittorio Gregotti &#8220;la quantit\u00e0 del costruito oggi prevale sulla qualit\u00e0&#8221;, &#8220;non ci sono pi\u00f9 regole&#8221;, &#8220;un popolo di barbari impazienti in cerca di modernit\u00e0 costruisce architetture che sono solo oggetti di design ingranditi e messi per terra&#8221;. <br \/>Una preoccupazione, quella di Gregotti, che in qualche modo ha anticipato il suggerimento offerto da Umberto Eco in chiusura: &#8220;l&#8217;Osservatorio Idee Italiane accanto al compito di osservare, dovrebbe avere anche quello di criticare e promuovere&#8221;. Promuovere in primo luogo la conservazione di quelli che sono i pilastri della nostra cultura: il congiuntivo, il punto e virgola, la costituzione, lo studio della storia, esemplifica Umberto Eco citando Massimo Cacciari. <br \/>Essere conservatori oggi pu\u00f2 essere rivoluzionario, perch\u00e9 &#8220;solo conservando si potr\u00e0 marciare verso il futuro&#8221;. <\/p> <p>Lo scrittore e semiologo \u00e8 entrato nella storia di Pirelli molti anni fa, ha ricordato il direttore della Fondazione Antonio Calabr\u00f2, quando pubblic\u00f2 per la prima volta la &#8221; <strong>Fenomenologia di Mike Buongiorno<\/strong> &#8221; proprio sulla Rivista Pirelli, allora curata dal poeta Vittorio Sereni. Rivista Pirelli interamente conservata presso l&#8217;archivio storico della Fondazione e presto consultabile anche online. <\/p> <p>Al convegno sono intervenuti anche il ministro del Beni Culturali Sandro Bondi e l&#8217;onorevole Walter Veltroni. <br \/><br \/><strong>Link utili<\/strong> <\/p> <p><a href=\"http:\/\/archiviostorico.corriere.it\/2010\/ottobre\/16\/all_Auditorium_Pirelli_co_7_101016058.shtml\" target=_blank mce_href=\"http:\/\/archiviostorico.corriere.it\/2010\/ottobre\/16\/all_Auditorium_Pirelli_co_7_101016058.shtml\" rel=\"noopener noreferrer\"><\/a><a href=\"http:\/\/archiviostorico.corriere.it\/2010\/ottobre\/17\/architettura_insegue_choc_co_9_101017054.shtml\" target=_blank mce_href=\"http:\/\/archiviostorico.corriere.it\/2010\/ottobre\/17\/architettura_insegue_choc_co_9_101017054.shtml\" rel=\"noopener noreferrer\">Se l&#8217; architettura insegue lo choc<\/a> <br \/><a href=\"http:\/\/archiviostorico.corriere.it\/2010\/ottobre\/17\/Oggi_solo_conservatori_sono_rivoluzionari_co_9_101017057.shtml\" target=_blank mce_href=\"http:\/\/archiviostorico.corriere.it\/2010\/ottobre\/17\/Oggi_solo_conservatori_sono_rivoluzionari_co_9_101017057.shtml\" rel=\"noopener noreferrer\">Oggi solo i conservatori sono rivoluzionari<\/a> <\/p>\n","protected":false},"excerpt":{"rendered":"<p>&#8220;\u00c8 nostro dovere consegnare alle giovani generazioni un Paese in cui sia ancora possibile aver fiducia nel futuro&#8221;. Questo il messaggio di benvenuto del presidente Marco Tronchetti Provera all&#8217;apertura del convegno Idee Italiane. Un osservatorio sullo stato della cultura nel nostro Paese che quest&#8217;anno ha avuto come focus l&#8217;architettura; in cerca d&#8217;identit\u00e0 quella italiana, anche [&hellip;]<\/p>\n","protected":false},"author":1,"featured_media":48459,"comment_status":"open","ping_status":"open","sticky":false,"template":"","format":"standard","meta":{"footnotes":""},"categories":[1],"tags":[],"class_list":["post-48458","post","type-post","status-publish","format-standard","has-post-thumbnail","hentry","category-non-categorizzato"],"acf":[],"yoast_head":"<!-- This site is optimized with the Yoast SEO plugin v25.0 - https:\/\/yoast.com\/wordpress\/plugins\/seo\/ -->\n<title>Osservare, criticare, promuovere - Fondazione Pirelli<\/title>\n<meta name=\"robots\" content=\"index, follow, max-snippet:-1, max-image-preview:large, max-video-preview:-1\" \/>\n<link rel=\"canonical\" href=\"https:\/\/www.fondazionepirelli.org\/it\/non-categorizzato\/osservare-criticare-promuovere\/\" \/>\n<meta property=\"og:locale\" content=\"it_IT\" \/>\n<meta property=\"og:type\" content=\"article\" \/>\n<meta property=\"og:title\" content=\"Osservare, criticare, promuovere - Fondazione Pirelli\" \/>\n<meta property=\"og:description\" content=\"&#8220;\u00c8 nostro dovere consegnare alle giovani generazioni un Paese in cui sia ancora possibile aver fiducia nel futuro&#8221;. Questo il messaggio di benvenuto del presidente Marco Tronchetti Provera all&#8217;apertura del convegno Idee Italiane. Un osservatorio sullo stato della cultura nel nostro Paese che quest&#8217;anno ha avuto come focus l&#8217;architettura; in cerca d&#8217;identit\u00e0 quella italiana, anche [&hellip;]\" \/>\n<meta property=\"og:url\" content=\"https:\/\/127.0.0.1\/it\/non-categorizzato\/osservare-criticare-promuovere\/\" \/>\n<meta property=\"og:site_name\" content=\"Fondazione Pirelli\" \/>\n<meta property=\"article:published_time\" content=\"2010-10-17T22:00:00+00:00\" \/>\n<meta property=\"article:modified_time\" content=\"2019-10-22T13:09:44+00:00\" \/>\n<meta property=\"og:image\" content=\"https:\/\/wpsite-assets.fondazionepirelli.org\/wp-content\/uploads\/2019\/05\/20102405\/template_eventi_Osservare.png\" \/>\n\t<meta property=\"og:image:width\" content=\"307\" \/>\n\t<meta property=\"og:image:height\" content=\"228\" \/>\n\t<meta property=\"og:image:type\" content=\"image\/png\" \/>\n<meta name=\"author\" content=\"fondadmin\" \/>\n<meta name=\"twitter:card\" content=\"summary_large_image\" \/>\n<meta name=\"twitter:label1\" content=\"Scritto da\" \/>\n\t<meta name=\"twitter:data1\" content=\"fondadmin\" \/>\n\t<meta name=\"twitter:label2\" content=\"Tempo di lettura stimato\" \/>\n\t<meta name=\"twitter:data2\" content=\"1 minuto\" \/>\n<script type=\"application\/ld+json\" class=\"yoast-schema-graph\">{\"@context\":\"https:\/\/schema.org\",\"@graph\":[{\"@type\":\"WebPage\",\"@id\":\"https:\/\/127.0.0.1\/it\/non-categorizzato\/osservare-criticare-promuovere\/\",\"url\":\"https:\/\/127.0.0.1\/it\/non-categorizzato\/osservare-criticare-promuovere\/\",\"name\":\"Osservare, criticare, promuovere - Fondazione Pirelli\",\"isPartOf\":{\"@id\":\"https:\/\/www.fondazionepirelli.org\/it\/#website\"},\"primaryImageOfPage\":{\"@id\":\"https:\/\/127.0.0.1\/it\/non-categorizzato\/osservare-criticare-promuovere\/#primaryimage\"},\"image\":{\"@id\":\"https:\/\/127.0.0.1\/it\/non-categorizzato\/osservare-criticare-promuovere\/#primaryimage\"},\"thumbnailUrl\":\"https:\/\/wpsite-assets.fondazionepirelli.org\/wp-content\/uploads\/2019\/05\/20102405\/template_eventi_Osservare.png\",\"datePublished\":\"2010-10-17T22:00:00+00:00\",\"dateModified\":\"2019-10-22T13:09:44+00:00\",\"author\":{\"@id\":\"https:\/\/www.fondazionepirelli.org\/it\/#\/schema\/person\/f47d097000832c4a6e54538c791fdf25\"},\"breadcrumb\":{\"@id\":\"https:\/\/127.0.0.1\/it\/non-categorizzato\/osservare-criticare-promuovere\/#breadcrumb\"},\"inLanguage\":\"it-IT\",\"potentialAction\":[{\"@type\":\"ReadAction\",\"target\":[\"https:\/\/127.0.0.1\/it\/non-categorizzato\/osservare-criticare-promuovere\/\"]}]},{\"@type\":\"ImageObject\",\"inLanguage\":\"it-IT\",\"@id\":\"https:\/\/127.0.0.1\/it\/non-categorizzato\/osservare-criticare-promuovere\/#primaryimage\",\"url\":\"https:\/\/wpsite-assets.fondazionepirelli.org\/wp-content\/uploads\/2019\/05\/20102405\/template_eventi_Osservare.png\",\"contentUrl\":\"https:\/\/wpsite-assets.fondazionepirelli.org\/wp-content\/uploads\/2019\/05\/20102405\/template_eventi_Osservare.png\",\"width\":307,\"height\":228},{\"@type\":\"BreadcrumbList\",\"@id\":\"https:\/\/127.0.0.1\/it\/non-categorizzato\/osservare-criticare-promuovere\/#breadcrumb\",\"itemListElement\":[{\"@type\":\"ListItem\",\"position\":1,\"name\":\"Home\",\"item\":\"https:\/\/www.fondazionepirelli.org\/it\/\"},{\"@type\":\"ListItem\",\"position\":2,\"name\":\"Osservare, criticare, promuovere\"}]},{\"@type\":\"WebSite\",\"@id\":\"https:\/\/www.fondazionepirelli.org\/it\/#website\",\"url\":\"https:\/\/www.fondazionepirelli.org\/it\/\",\"name\":\"Fondazione Pirelli\",\"description\":\"\",\"potentialAction\":[{\"@type\":\"SearchAction\",\"target\":{\"@type\":\"EntryPoint\",\"urlTemplate\":\"https:\/\/www.fondazionepirelli.org\/it\/?s={search_term_string}\"},\"query-input\":{\"@type\":\"PropertyValueSpecification\",\"valueRequired\":true,\"valueName\":\"search_term_string\"}}],\"inLanguage\":\"it-IT\"},{\"@type\":\"Person\",\"@id\":\"https:\/\/www.fondazionepirelli.org\/it\/#\/schema\/person\/f47d097000832c4a6e54538c791fdf25\",\"name\":\"fondadmin\",\"image\":{\"@type\":\"ImageObject\",\"inLanguage\":\"it-IT\",\"@id\":\"https:\/\/www.fondazionepirelli.org\/it\/#\/schema\/person\/image\/\",\"url\":\"https:\/\/secure.gravatar.com\/avatar\/e69498a9175ca244966e51e53c88712c024fcebe41f9a05f75657f1bb25e489b?s=96&d=mm&r=g\",\"contentUrl\":\"https:\/\/secure.gravatar.com\/avatar\/e69498a9175ca244966e51e53c88712c024fcebe41f9a05f75657f1bb25e489b?s=96&d=mm&r=g\",\"caption\":\"fondadmin\"},\"url\":\"https:\/\/www.fondazionepirelli.org\/it\/author\/fondadmin\/\"}]}<\/script>\n<!-- \/ Yoast SEO plugin. -->","yoast_head_json":{"title":"Osservare, criticare, promuovere - Fondazione Pirelli","robots":{"index":"index","follow":"follow","max-snippet":"max-snippet:-1","max-image-preview":"max-image-preview:large","max-video-preview":"max-video-preview:-1"},"canonical":"https:\/\/www.fondazionepirelli.org\/it\/non-categorizzato\/osservare-criticare-promuovere\/","og_locale":"it_IT","og_type":"article","og_title":"Osservare, criticare, promuovere - Fondazione Pirelli","og_description":"&#8220;\u00c8 nostro dovere consegnare alle giovani generazioni un Paese in cui sia ancora possibile aver fiducia nel futuro&#8221;. Questo il messaggio di benvenuto del presidente Marco Tronchetti Provera all&#8217;apertura del convegno Idee Italiane. Un osservatorio sullo stato della cultura nel nostro Paese che quest&#8217;anno ha avuto come focus l&#8217;architettura; in cerca d&#8217;identit\u00e0 quella italiana, anche [&hellip;]","og_url":"https:\/\/127.0.0.1\/it\/non-categorizzato\/osservare-criticare-promuovere\/","og_site_name":"Fondazione Pirelli","article_published_time":"2010-10-17T22:00:00+00:00","article_modified_time":"2019-10-22T13:09:44+00:00","og_image":[{"width":307,"height":228,"url":"https:\/\/wpsite-assets.fondazionepirelli.org\/wp-content\/uploads\/2019\/05\/20102405\/template_eventi_Osservare.png","type":"image\/png"}],"author":"fondadmin","twitter_card":"summary_large_image","twitter_misc":{"Scritto da":"fondadmin","Tempo di lettura stimato":"1 minuto"},"schema":{"@context":"https:\/\/schema.org","@graph":[{"@type":"WebPage","@id":"https:\/\/127.0.0.1\/it\/non-categorizzato\/osservare-criticare-promuovere\/","url":"https:\/\/127.0.0.1\/it\/non-categorizzato\/osservare-criticare-promuovere\/","name":"Osservare, criticare, promuovere - Fondazione Pirelli","isPartOf":{"@id":"https:\/\/www.fondazionepirelli.org\/it\/#website"},"primaryImageOfPage":{"@id":"https:\/\/127.0.0.1\/it\/non-categorizzato\/osservare-criticare-promuovere\/#primaryimage"},"image":{"@id":"https:\/\/127.0.0.1\/it\/non-categorizzato\/osservare-criticare-promuovere\/#primaryimage"},"thumbnailUrl":"https:\/\/wpsite-assets.fondazionepirelli.org\/wp-content\/uploads\/2019\/05\/20102405\/template_eventi_Osservare.png","datePublished":"2010-10-17T22:00:00+00:00","dateModified":"2019-10-22T13:09:44+00:00","author":{"@id":"https:\/\/www.fondazionepirelli.org\/it\/#\/schema\/person\/f47d097000832c4a6e54538c791fdf25"},"breadcrumb":{"@id":"https:\/\/127.0.0.1\/it\/non-categorizzato\/osservare-criticare-promuovere\/#breadcrumb"},"inLanguage":"it-IT","potentialAction":[{"@type":"ReadAction","target":["https:\/\/127.0.0.1\/it\/non-categorizzato\/osservare-criticare-promuovere\/"]}]},{"@type":"ImageObject","inLanguage":"it-IT","@id":"https:\/\/127.0.0.1\/it\/non-categorizzato\/osservare-criticare-promuovere\/#primaryimage","url":"https:\/\/wpsite-assets.fondazionepirelli.org\/wp-content\/uploads\/2019\/05\/20102405\/template_eventi_Osservare.png","contentUrl":"https:\/\/wpsite-assets.fondazionepirelli.org\/wp-content\/uploads\/2019\/05\/20102405\/template_eventi_Osservare.png","width":307,"height":228},{"@type":"BreadcrumbList","@id":"https:\/\/127.0.0.1\/it\/non-categorizzato\/osservare-criticare-promuovere\/#breadcrumb","itemListElement":[{"@type":"ListItem","position":1,"name":"Home","item":"https:\/\/www.fondazionepirelli.org\/it\/"},{"@type":"ListItem","position":2,"name":"Osservare, criticare, promuovere"}]},{"@type":"WebSite","@id":"https:\/\/www.fondazionepirelli.org\/it\/#website","url":"https:\/\/www.fondazionepirelli.org\/it\/","name":"Fondazione Pirelli","description":"","potentialAction":[{"@type":"SearchAction","target":{"@type":"EntryPoint","urlTemplate":"https:\/\/www.fondazionepirelli.org\/it\/?s={search_term_string}"},"query-input":{"@type":"PropertyValueSpecification","valueRequired":true,"valueName":"search_term_string"}}],"inLanguage":"it-IT"},{"@type":"Person","@id":"https:\/\/www.fondazionepirelli.org\/it\/#\/schema\/person\/f47d097000832c4a6e54538c791fdf25","name":"fondadmin","image":{"@type":"ImageObject","inLanguage":"it-IT","@id":"https:\/\/www.fondazionepirelli.org\/it\/#\/schema\/person\/image\/","url":"https:\/\/secure.gravatar.com\/avatar\/e69498a9175ca244966e51e53c88712c024fcebe41f9a05f75657f1bb25e489b?s=96&d=mm&r=g","contentUrl":"https:\/\/secure.gravatar.com\/avatar\/e69498a9175ca244966e51e53c88712c024fcebe41f9a05f75657f1bb25e489b?s=96&d=mm&r=g","caption":"fondadmin"},"url":"https:\/\/www.fondazionepirelli.org\/it\/author\/fondadmin\/"}]}},"_links":{"self":[{"href":"https:\/\/www.fondazionepirelli.org\/it\/wp-json\/wp\/v2\/posts\/48458\/"}],"collection":[{"href":"https:\/\/www.fondazionepirelli.org\/it\/wp-json\/wp\/v2\/posts\/"}],"about":[{"href":"https:\/\/www.fondazionepirelli.org\/it\/wp-json\/wp\/v2\/types\/post\/"}],"author":[{"embeddable":true,"href":"https:\/\/www.fondazionepirelli.org\/it\/wp-json\/wp\/v2\/users\/1\/"}],"replies":[{"embeddable":true,"href":"https:\/\/www.fondazionepirelli.org\/it\/wp-json\/wp\/v2\/comments\/?post=48458"}],"version-history":[{"count":1,"href":"https:\/\/www.fondazionepirelli.org\/it\/wp-json\/wp\/v2\/posts\/48458\/revisions\/"}],"predecessor-version":[{"id":70289,"href":"https:\/\/www.fondazionepirelli.org\/it\/wp-json\/wp\/v2\/posts\/48458\/revisions\/70289\/"}],"wp:featuredmedia":[{"embeddable":true,"href":"https:\/\/www.fondazionepirelli.org\/it\/wp-json\/wp\/v2\/media\/48459\/"}],"wp:attachment":[{"href":"https:\/\/www.fondazionepirelli.org\/it\/wp-json\/wp\/v2\/media\/?parent=48458"}],"wp:term":[{"taxonomy":"category","embeddable":true,"href":"https:\/\/www.fondazionepirelli.org\/it\/wp-json\/wp\/v2\/categories\/?post=48458"},{"taxonomy":"post_tag","embeddable":true,"href":"https:\/\/www.fondazionepirelli.org\/it\/wp-json\/wp\/v2\/tags\/?post=48458"}],"curies":[{"name":"wp","href":"https:\/\/api.w.org\/{rel}","templated":true}]}}