{"id":48483,"date":"2010-09-12T00:00:00","date_gmt":"2010-09-12T00:00:00","guid":{"rendered":"http:\/\/www.fondazionepirelli.org\/fondazione-pirelli\/workers-la-storia-e-il-futuro-della-pirelli-nel-volto-dei-suoi-protagonisti\/"},"modified":"2019-09-12T14:30:18","modified_gmt":"2019-09-12T14:30:18","slug":"workers-la-storia-e-il-futuro-della-pirelli-nel-volto-dei-suoi-protagonisti","status":"publish","type":"post","link":"https:\/\/www.fondazionepirelli.org\/it\/iniziative\/workers-la-storia-e-il-futuro-della-pirelli-nel-volto-dei-suoi-protagonisti\/","title":{"rendered":"Workers, la storia e il futuro della Pirelli, nel volto dei suoi protagonisti"},"content":{"rendered":"<p>Non \u00e8 possibile pensare alla fabbrica, all&#8217;industria in generale, senza i suoi protagonisti: operai, ingegneri, tecnici, manager, ricercatori. Persone che attraverso il loro volto raccontano la civilt\u00e0 delle macchine. Una civilt\u00e0 che cambia nel corso del tempo, ma che mantiene sempre una sua dimensione di comunit\u00e0, di socialit\u00e0.<\/p>\n<p>La fabbrica ha un&#8217;anima che abbiamo cercato di cogliere attraverso il volto e lo sguardo dei suoi protagonisti. Evocazioni e suggestioni di stili di vita di relazioni diversi.<br \/>\nInaugurata domenica 12 settembre, la mostra fotografica &#8220;Workers&#8221;, racconta in settanta scatti, l&#8217;avventura industriale di Pirelli, la sua storia e il suo futuro, attraverso gli uomini e le donne che ad essa dedicano ogni giorno intelligenza, energie e competenze. E molti di questi uomini e di queste donne hanno voluto essere presenti all&#8217;evento. Hanno guardato se stessi in uno scatto strappato al lavoro e qualcuno si \u00e8 commosso, scoprendo un&#8217;espressione o uno sguardo sconosciuto. Sono foto che parlano, che raccontano di persone e di vite. Qualcuno ha ancora le mani sporche di grasso, un altro ha gli occhi segnati dalla stanchezza di una vita passata in fabbrica, molti sorridono, emozionati. Ma sono tutti sguardi fieri. Sguardi di chi \u00e8 consapevole e orgoglioso di fare, e fare bene.<\/p>\n<p>Presenti all&#8217;inaugurazione Antonello Ghisaura, assessore ai Servizi Culturali e Sportivi del Comune di Settimo Torino e alcuni dei vertici della Pirelli tra cui: Alberto Pirelli, Gustavo Bracco, Giovanni Pomati e Antonio Calabr\u00f2.<\/p>\n<p><strong>&#8220;Workers&#8221;, la storia e il futuro della Pirelli a Settimo Torinese nel volto dei suoi protagonisti. <\/strong><br \/>\na cura della Fondazione Pirelli<br \/>\nFotografie di Carlo Furgeri Gilbert<\/p>\n<p><em><strong>12 settembre &#8211; 10 ottobre 2010<br \/>\nGiardinera, via Italia, 90bis, Settimo Torinese. <\/strong><\/em><\/p>\n","protected":false},"excerpt":{"rendered":"<p>Non \u00e8 possibile pensare alla fabbrica, all&#8217;industria in generale, senza i suoi protagonisti: operai, ingegneri, tecnici, manager, ricercatori. Persone che attraverso il loro volto raccontano la civilt\u00e0 delle macchine. Una civilt\u00e0 che cambia nel corso del tempo, ma che mantiene sempre una sua dimensione di comunit\u00e0, di socialit\u00e0. La fabbrica ha un&#8217;anima che abbiamo cercato [&hellip;]<\/p>\n","protected":false},"author":1,"featured_media":67721,"comment_status":"open","ping_status":"open","sticky":false,"template":"","format":"standard","meta":{"footnotes":""},"categories":[60,77],"tags":[],"class_list":["post-48483","post","type-post","status-publish","format-standard","has-post-thumbnail","hentry","category-iniziative","category-le-mostre"],"acf":[],"yoast_head":"<!-- This site is optimized with the Yoast SEO plugin v25.0 - https:\/\/yoast.com\/wordpress\/plugins\/seo\/ -->\n<title>Workers, la storia e il futuro della Pirelli, nel volto dei suoi protagonisti - Fondazione Pirelli<\/title>\n<meta name=\"robots\" content=\"index, follow, max-snippet:-1, max-image-preview:large, max-video-preview:-1\" \/>\n<link rel=\"canonical\" href=\"https:\/\/www.fondazionepirelli.org\/it\/iniziative\/workers-la-storia-e-il-futuro-della-pirelli-nel-volto-dei-suoi-protagonisti\/\" \/>\n<meta property=\"og:locale\" content=\"it_IT\" \/>\n<meta property=\"og:type\" content=\"article\" \/>\n<meta property=\"og:title\" content=\"Workers, la storia e il futuro della Pirelli, nel volto dei suoi protagonisti - Fondazione Pirelli\" \/>\n<meta property=\"og:description\" content=\"Non \u00e8 possibile pensare alla fabbrica, all&#8217;industria in generale, senza i suoi protagonisti: operai, ingegneri, tecnici, manager, ricercatori. Persone che attraverso il loro volto raccontano la civilt\u00e0 delle macchine. Una civilt\u00e0 che cambia nel corso del tempo, ma che mantiene sempre una sua dimensione di comunit\u00e0, di socialit\u00e0. La fabbrica ha un&#8217;anima che abbiamo cercato [&hellip;]\" \/>\n<meta property=\"og:url\" content=\"https:\/\/www.fondazionepirelli.org\/it\/iniziative\/workers-la-storia-e-il-futuro-della-pirelli-nel-volto-dei-suoi-protagonisti\/\" \/>\n<meta property=\"og:site_name\" content=\"Fondazione Pirelli\" \/>\n<meta property=\"article:published_time\" content=\"2010-09-12T00:00:00+00:00\" \/>\n<meta property=\"article:modified_time\" content=\"2019-09-12T14:30:18+00:00\" \/>\n<meta property=\"og:image\" content=\"https:\/\/wpsite-assets.fondazionepirelli.org\/wp-content\/uploads\/2010\/09\/03143849\/workers_articolo-e1567521546440.jpg\" \/>\n\t<meta property=\"og:image:width\" content=\"600\" \/>\n\t<meta property=\"og:image:height\" content=\"338\" \/>\n\t<meta property=\"og:image:type\" content=\"image\/jpeg\" \/>\n<meta name=\"author\" content=\"fondadmin\" \/>\n<meta name=\"twitter:card\" content=\"summary_large_image\" \/>\n<meta name=\"twitter:label1\" content=\"Scritto da\" \/>\n\t<meta name=\"twitter:data1\" content=\"fondadmin\" \/>\n\t<meta name=\"twitter:label2\" content=\"Tempo di lettura stimato\" \/>\n\t<meta name=\"twitter:data2\" content=\"1 minuto\" \/>\n<script type=\"application\/ld+json\" class=\"yoast-schema-graph\">{\"@context\":\"https:\/\/schema.org\",\"@graph\":[{\"@type\":\"WebPage\",\"@id\":\"https:\/\/www.fondazionepirelli.org\/it\/iniziative\/workers-la-storia-e-il-futuro-della-pirelli-nel-volto-dei-suoi-protagonisti\/\",\"url\":\"https:\/\/www.fondazionepirelli.org\/it\/iniziative\/workers-la-storia-e-il-futuro-della-pirelli-nel-volto-dei-suoi-protagonisti\/\",\"name\":\"Workers, la storia e il futuro della Pirelli, nel volto dei suoi protagonisti - Fondazione Pirelli\",\"isPartOf\":{\"@id\":\"https:\/\/www.fondazionepirelli.org\/it\/#website\"},\"primaryImageOfPage\":{\"@id\":\"https:\/\/www.fondazionepirelli.org\/it\/iniziative\/workers-la-storia-e-il-futuro-della-pirelli-nel-volto-dei-suoi-protagonisti\/#primaryimage\"},\"image\":{\"@id\":\"https:\/\/www.fondazionepirelli.org\/it\/iniziative\/workers-la-storia-e-il-futuro-della-pirelli-nel-volto-dei-suoi-protagonisti\/#primaryimage\"},\"thumbnailUrl\":\"https:\/\/wpsite-assets.fondazionepirelli.org\/wp-content\/uploads\/2010\/09\/03143849\/workers_articolo-e1567521546440.jpg\",\"datePublished\":\"2010-09-12T00:00:00+00:00\",\"dateModified\":\"2019-09-12T14:30:18+00:00\",\"author\":{\"@id\":\"https:\/\/www.fondazionepirelli.org\/it\/#\/schema\/person\/f47d097000832c4a6e54538c791fdf25\"},\"breadcrumb\":{\"@id\":\"https:\/\/www.fondazionepirelli.org\/it\/iniziative\/workers-la-storia-e-il-futuro-della-pirelli-nel-volto-dei-suoi-protagonisti\/#breadcrumb\"},\"inLanguage\":\"it-IT\",\"potentialAction\":[{\"@type\":\"ReadAction\",\"target\":[\"https:\/\/www.fondazionepirelli.org\/it\/iniziative\/workers-la-storia-e-il-futuro-della-pirelli-nel-volto-dei-suoi-protagonisti\/\"]}]},{\"@type\":\"ImageObject\",\"inLanguage\":\"it-IT\",\"@id\":\"https:\/\/www.fondazionepirelli.org\/it\/iniziative\/workers-la-storia-e-il-futuro-della-pirelli-nel-volto-dei-suoi-protagonisti\/#primaryimage\",\"url\":\"https:\/\/wpsite-assets.fondazionepirelli.org\/wp-content\/uploads\/2010\/09\/03143849\/workers_articolo-e1567521546440.jpg\",\"contentUrl\":\"https:\/\/wpsite-assets.fondazionepirelli.org\/wp-content\/uploads\/2010\/09\/03143849\/workers_articolo-e1567521546440.jpg\",\"width\":600,\"height\":338},{\"@type\":\"BreadcrumbList\",\"@id\":\"https:\/\/www.fondazionepirelli.org\/it\/iniziative\/workers-la-storia-e-il-futuro-della-pirelli-nel-volto-dei-suoi-protagonisti\/#breadcrumb\",\"itemListElement\":[{\"@type\":\"ListItem\",\"position\":1,\"name\":\"Home\",\"item\":\"https:\/\/www.fondazionepirelli.org\/it\/\"},{\"@type\":\"ListItem\",\"position\":2,\"name\":\"Workers, la storia e il futuro della Pirelli, nel volto dei suoi protagonisti\"}]},{\"@type\":\"WebSite\",\"@id\":\"https:\/\/www.fondazionepirelli.org\/it\/#website\",\"url\":\"https:\/\/www.fondazionepirelli.org\/it\/\",\"name\":\"Fondazione Pirelli\",\"description\":\"\",\"potentialAction\":[{\"@type\":\"SearchAction\",\"target\":{\"@type\":\"EntryPoint\",\"urlTemplate\":\"https:\/\/www.fondazionepirelli.org\/it\/?s={search_term_string}\"},\"query-input\":{\"@type\":\"PropertyValueSpecification\",\"valueRequired\":true,\"valueName\":\"search_term_string\"}}],\"inLanguage\":\"it-IT\"},{\"@type\":\"Person\",\"@id\":\"https:\/\/www.fondazionepirelli.org\/it\/#\/schema\/person\/f47d097000832c4a6e54538c791fdf25\",\"name\":\"fondadmin\",\"image\":{\"@type\":\"ImageObject\",\"inLanguage\":\"it-IT\",\"@id\":\"https:\/\/www.fondazionepirelli.org\/it\/#\/schema\/person\/image\/\",\"url\":\"https:\/\/secure.gravatar.com\/avatar\/e69498a9175ca244966e51e53c88712c024fcebe41f9a05f75657f1bb25e489b?s=96&d=mm&r=g\",\"contentUrl\":\"https:\/\/secure.gravatar.com\/avatar\/e69498a9175ca244966e51e53c88712c024fcebe41f9a05f75657f1bb25e489b?s=96&d=mm&r=g\",\"caption\":\"fondadmin\"},\"url\":\"https:\/\/www.fondazionepirelli.org\/it\/author\/fondadmin\/\"}]}<\/script>\n<!-- \/ Yoast SEO plugin. -->","yoast_head_json":{"title":"Workers, la storia e il futuro della Pirelli, nel volto dei suoi protagonisti - Fondazione Pirelli","robots":{"index":"index","follow":"follow","max-snippet":"max-snippet:-1","max-image-preview":"max-image-preview:large","max-video-preview":"max-video-preview:-1"},"canonical":"https:\/\/www.fondazionepirelli.org\/it\/iniziative\/workers-la-storia-e-il-futuro-della-pirelli-nel-volto-dei-suoi-protagonisti\/","og_locale":"it_IT","og_type":"article","og_title":"Workers, la storia e il futuro della Pirelli, nel volto dei suoi protagonisti - Fondazione Pirelli","og_description":"Non \u00e8 possibile pensare alla fabbrica, all&#8217;industria in generale, senza i suoi protagonisti: operai, ingegneri, tecnici, manager, ricercatori. Persone che attraverso il loro volto raccontano la civilt\u00e0 delle macchine. Una civilt\u00e0 che cambia nel corso del tempo, ma che mantiene sempre una sua dimensione di comunit\u00e0, di socialit\u00e0. La fabbrica ha un&#8217;anima che abbiamo cercato [&hellip;]","og_url":"https:\/\/www.fondazionepirelli.org\/it\/iniziative\/workers-la-storia-e-il-futuro-della-pirelli-nel-volto-dei-suoi-protagonisti\/","og_site_name":"Fondazione Pirelli","article_published_time":"2010-09-12T00:00:00+00:00","article_modified_time":"2019-09-12T14:30:18+00:00","og_image":[{"width":600,"height":338,"url":"https:\/\/wpsite-assets.fondazionepirelli.org\/wp-content\/uploads\/2010\/09\/03143849\/workers_articolo-e1567521546440.jpg","type":"image\/jpeg"}],"author":"fondadmin","twitter_card":"summary_large_image","twitter_misc":{"Scritto da":"fondadmin","Tempo di lettura stimato":"1 minuto"},"schema":{"@context":"https:\/\/schema.org","@graph":[{"@type":"WebPage","@id":"https:\/\/www.fondazionepirelli.org\/it\/iniziative\/workers-la-storia-e-il-futuro-della-pirelli-nel-volto-dei-suoi-protagonisti\/","url":"https:\/\/www.fondazionepirelli.org\/it\/iniziative\/workers-la-storia-e-il-futuro-della-pirelli-nel-volto-dei-suoi-protagonisti\/","name":"Workers, la storia e il futuro della Pirelli, nel volto dei suoi protagonisti - Fondazione Pirelli","isPartOf":{"@id":"https:\/\/www.fondazionepirelli.org\/it\/#website"},"primaryImageOfPage":{"@id":"https:\/\/www.fondazionepirelli.org\/it\/iniziative\/workers-la-storia-e-il-futuro-della-pirelli-nel-volto-dei-suoi-protagonisti\/#primaryimage"},"image":{"@id":"https:\/\/www.fondazionepirelli.org\/it\/iniziative\/workers-la-storia-e-il-futuro-della-pirelli-nel-volto-dei-suoi-protagonisti\/#primaryimage"},"thumbnailUrl":"https:\/\/wpsite-assets.fondazionepirelli.org\/wp-content\/uploads\/2010\/09\/03143849\/workers_articolo-e1567521546440.jpg","datePublished":"2010-09-12T00:00:00+00:00","dateModified":"2019-09-12T14:30:18+00:00","author":{"@id":"https:\/\/www.fondazionepirelli.org\/it\/#\/schema\/person\/f47d097000832c4a6e54538c791fdf25"},"breadcrumb":{"@id":"https:\/\/www.fondazionepirelli.org\/it\/iniziative\/workers-la-storia-e-il-futuro-della-pirelli-nel-volto-dei-suoi-protagonisti\/#breadcrumb"},"inLanguage":"it-IT","potentialAction":[{"@type":"ReadAction","target":["https:\/\/www.fondazionepirelli.org\/it\/iniziative\/workers-la-storia-e-il-futuro-della-pirelli-nel-volto-dei-suoi-protagonisti\/"]}]},{"@type":"ImageObject","inLanguage":"it-IT","@id":"https:\/\/www.fondazionepirelli.org\/it\/iniziative\/workers-la-storia-e-il-futuro-della-pirelli-nel-volto-dei-suoi-protagonisti\/#primaryimage","url":"https:\/\/wpsite-assets.fondazionepirelli.org\/wp-content\/uploads\/2010\/09\/03143849\/workers_articolo-e1567521546440.jpg","contentUrl":"https:\/\/wpsite-assets.fondazionepirelli.org\/wp-content\/uploads\/2010\/09\/03143849\/workers_articolo-e1567521546440.jpg","width":600,"height":338},{"@type":"BreadcrumbList","@id":"https:\/\/www.fondazionepirelli.org\/it\/iniziative\/workers-la-storia-e-il-futuro-della-pirelli-nel-volto-dei-suoi-protagonisti\/#breadcrumb","itemListElement":[{"@type":"ListItem","position":1,"name":"Home","item":"https:\/\/www.fondazionepirelli.org\/it\/"},{"@type":"ListItem","position":2,"name":"Workers, la storia e il futuro della Pirelli, nel volto dei suoi protagonisti"}]},{"@type":"WebSite","@id":"https:\/\/www.fondazionepirelli.org\/it\/#website","url":"https:\/\/www.fondazionepirelli.org\/it\/","name":"Fondazione Pirelli","description":"","potentialAction":[{"@type":"SearchAction","target":{"@type":"EntryPoint","urlTemplate":"https:\/\/www.fondazionepirelli.org\/it\/?s={search_term_string}"},"query-input":{"@type":"PropertyValueSpecification","valueRequired":true,"valueName":"search_term_string"}}],"inLanguage":"it-IT"},{"@type":"Person","@id":"https:\/\/www.fondazionepirelli.org\/it\/#\/schema\/person\/f47d097000832c4a6e54538c791fdf25","name":"fondadmin","image":{"@type":"ImageObject","inLanguage":"it-IT","@id":"https:\/\/www.fondazionepirelli.org\/it\/#\/schema\/person\/image\/","url":"https:\/\/secure.gravatar.com\/avatar\/e69498a9175ca244966e51e53c88712c024fcebe41f9a05f75657f1bb25e489b?s=96&d=mm&r=g","contentUrl":"https:\/\/secure.gravatar.com\/avatar\/e69498a9175ca244966e51e53c88712c024fcebe41f9a05f75657f1bb25e489b?s=96&d=mm&r=g","caption":"fondadmin"},"url":"https:\/\/www.fondazionepirelli.org\/it\/author\/fondadmin\/"}]}},"_links":{"self":[{"href":"https:\/\/www.fondazionepirelli.org\/it\/wp-json\/wp\/v2\/posts\/48483\/"}],"collection":[{"href":"https:\/\/www.fondazionepirelli.org\/it\/wp-json\/wp\/v2\/posts\/"}],"about":[{"href":"https:\/\/www.fondazionepirelli.org\/it\/wp-json\/wp\/v2\/types\/post\/"}],"author":[{"embeddable":true,"href":"https:\/\/www.fondazionepirelli.org\/it\/wp-json\/wp\/v2\/users\/1\/"}],"replies":[{"embeddable":true,"href":"https:\/\/www.fondazionepirelli.org\/it\/wp-json\/wp\/v2\/comments\/?post=48483"}],"version-history":[{"count":3,"href":"https:\/\/www.fondazionepirelli.org\/it\/wp-json\/wp\/v2\/posts\/48483\/revisions\/"}],"predecessor-version":[{"id":68210,"href":"https:\/\/www.fondazionepirelli.org\/it\/wp-json\/wp\/v2\/posts\/48483\/revisions\/68210\/"}],"wp:featuredmedia":[{"embeddable":true,"href":"https:\/\/www.fondazionepirelli.org\/it\/wp-json\/wp\/v2\/media\/67721\/"}],"wp:attachment":[{"href":"https:\/\/www.fondazionepirelli.org\/it\/wp-json\/wp\/v2\/media\/?parent=48483"}],"wp:term":[{"taxonomy":"category","embeddable":true,"href":"https:\/\/www.fondazionepirelli.org\/it\/wp-json\/wp\/v2\/categories\/?post=48483"},{"taxonomy":"post_tag","embeddable":true,"href":"https:\/\/www.fondazionepirelli.org\/it\/wp-json\/wp\/v2\/tags\/?post=48483"}],"curies":[{"name":"wp","href":"https:\/\/api.w.org\/{rel}","templated":true}]}}