{"id":48651,"date":"2011-04-14T00:00:00","date_gmt":"2011-04-14T00:00:00","guid":{"rendered":"http:\/\/www.fondazionepirelli.org\/fondazione-pirelli\/incontro-tra-il-presidente-della-fondazione-pirelli-e-gli-studenti-della-scuola-di-alta-formazione-al-management\/"},"modified":"2020-01-21T15:00:33","modified_gmt":"2020-01-21T14:00:33","slug":"incontro-tra-il-presidente-della-fondazione-pirelli-e-gli-studenti-della-scuola-di-alta-formazione-al-management","status":"publish","type":"post","link":"https:\/\/www.fondazionepirelli.org\/it\/iniziative\/incontro-tra-il-presidente-della-fondazione-pirelli-e-gli-studenti-della-scuola-di-alta-formazione-al-management\/","title":{"rendered":"Incontro tra il Presidente della Fondazione Pirelli e gli studenti della Scuola di Alta Formazione al Management"},"content":{"rendered":"<p>Gioved\u00ec 14 aprile.<\/p>\n<p>Il presidente di Pirelli, <strong>Marco Tronchetti Provera<\/strong>, ha incontrato a Torino, nella sua veste di presidente della Fondazione Pirelli, gli studenti della <strong>Scuola di Alta Formazione al Management<\/strong> (SAFM) e del <strong>Coll\u00e8ge des Ing\u00e9nieurs<\/strong> ai quali ha illustrato le proprie esperienze di imprenditore e manager. L&#8217;occasione, tenutasi presso il <strong>Museo dell&#8217;Automobile<\/strong>, ha visto la partecipazione di <strong>John Elkan<\/strong>, vicepresidente della <strong>Fondazione Agnelli<\/strong>, che insieme alla Fondazione Pirelli e alla <strong>Fondazione Edoardo Garrone<\/strong>, presieduta da Riccardo Garrone, rappresentano i principali promotori della SAFM. La Scuola di Alta Formazione al Management \u00e8 nata infatti nel<strong> 2009<\/strong> su iniziativa congiunta della Fondazione Pirelli, della Fondazione Edoardo Garrone e della Fondazione Giovanni Agnelli, in collaborazione con il Coll\u00e8ge des Ing\u00e9nieurs di Parigi.<\/p>\n<p>Accanto agli studenti italiani dell&#8217;attuale corso di master della SAFM, erano presenti <strong>studenti di diverse nazionalit\u00e0 europee<\/strong> che partecipano al programma MBA Coll\u00e8ge des Ing\u00e9nieurs e sono attualmente impegnati nell&#8217;<strong>attivit\u00e0 di <em>learning through action<\/em><\/strong> presso le aziende partner in Italia, Francia, Germania e Svizzera.<\/p>\n","protected":false},"excerpt":{"rendered":"<p>Gioved\u00ec 14 aprile. Il presidente di Pirelli, Marco Tronchetti Provera, ha incontrato a Torino, nella sua veste di presidente della Fondazione Pirelli, gli studenti della Scuola di Alta Formazione al Management (SAFM) e del Coll\u00e8ge des Ing\u00e9nieurs ai quali ha illustrato le proprie esperienze di imprenditore e manager. L&#8217;occasione, tenutasi presso il Museo dell&#8217;Automobile, ha [&hellip;]<\/p>\n","protected":false},"author":1,"featured_media":48652,"comment_status":"open","ping_status":"open","sticky":false,"template":"","format":"standard","meta":{"footnotes":""},"categories":[60,79],"tags":[261],"class_list":["post-48651","post","type-post","status-publish","format-standard","has-post-thumbnail","hentry","category-iniziative","category-le-collaborazioni","tag-formazione-e-collaborazione-con-accademie-universitarie"],"acf":[],"yoast_head":"<!-- This site is optimized with the Yoast SEO plugin v25.0 - https:\/\/yoast.com\/wordpress\/plugins\/seo\/ -->\n<title>Incontro tra il Presidente della Fondazione Pirelli e gli studenti della Scuola di Alta Formazione al Management - Fondazione Pirelli<\/title>\n<meta name=\"robots\" content=\"index, follow, max-snippet:-1, max-image-preview:large, max-video-preview:-1\" \/>\n<link rel=\"canonical\" href=\"https:\/\/www.fondazionepirelli.org\/it\/iniziative\/incontro-tra-il-presidente-della-fondazione-pirelli-e-gli-studenti-della-scuola-di-alta-formazione-al-management\/\" \/>\n<meta property=\"og:locale\" content=\"it_IT\" \/>\n<meta property=\"og:type\" content=\"article\" \/>\n<meta property=\"og:title\" content=\"Incontro tra il Presidente della Fondazione Pirelli e gli studenti della Scuola di Alta Formazione al Management - Fondazione Pirelli\" \/>\n<meta property=\"og:description\" content=\"Gioved\u00ec 14 aprile. Il presidente di Pirelli, Marco Tronchetti Provera, ha incontrato a Torino, nella sua veste di presidente della Fondazione Pirelli, gli studenti della Scuola di Alta Formazione al Management (SAFM) e del Coll\u00e8ge des Ing\u00e9nieurs ai quali ha illustrato le proprie esperienze di imprenditore e manager. L&#8217;occasione, tenutasi presso il Museo dell&#8217;Automobile, ha [&hellip;]\" \/>\n<meta property=\"og:url\" content=\"https:\/\/127.0.0.1\/it\/iniziative\/incontro-tra-il-presidente-della-fondazione-pirelli-e-gli-studenti-della-scuola-di-alta-formazione-al-management\/\" \/>\n<meta property=\"og:site_name\" content=\"Fondazione Pirelli\" \/>\n<meta property=\"article:published_time\" content=\"2011-04-14T00:00:00+00:00\" \/>\n<meta property=\"article:modified_time\" content=\"2020-01-21T14:00:33+00:00\" \/>\n<meta property=\"og:image\" content=\"https:\/\/wpsite-assets.fondazionepirelli.org\/wp-content\/uploads\/2019\/05\/20102331\/alta-formazione-al-management-e1579615220652.png\" \/>\n\t<meta property=\"og:image:width\" content=\"283\" \/>\n\t<meta property=\"og:image:height\" content=\"206\" \/>\n\t<meta property=\"og:image:type\" content=\"image\/png\" \/>\n<meta name=\"author\" content=\"fondadmin\" \/>\n<meta name=\"twitter:card\" content=\"summary_large_image\" \/>\n<meta name=\"twitter:label1\" content=\"Scritto da\" \/>\n\t<meta name=\"twitter:data1\" content=\"fondadmin\" \/>\n\t<meta name=\"twitter:label2\" content=\"Tempo di lettura stimato\" \/>\n\t<meta name=\"twitter:data2\" content=\"1 minuto\" \/>\n<script type=\"application\/ld+json\" class=\"yoast-schema-graph\">{\"@context\":\"https:\/\/schema.org\",\"@graph\":[{\"@type\":\"WebPage\",\"@id\":\"https:\/\/127.0.0.1\/it\/iniziative\/incontro-tra-il-presidente-della-fondazione-pirelli-e-gli-studenti-della-scuola-di-alta-formazione-al-management\/\",\"url\":\"https:\/\/127.0.0.1\/it\/iniziative\/incontro-tra-il-presidente-della-fondazione-pirelli-e-gli-studenti-della-scuola-di-alta-formazione-al-management\/\",\"name\":\"Incontro tra il Presidente della Fondazione Pirelli e gli studenti della Scuola di Alta Formazione al Management - Fondazione Pirelli\",\"isPartOf\":{\"@id\":\"https:\/\/www.fondazionepirelli.org\/it\/#website\"},\"primaryImageOfPage\":{\"@id\":\"https:\/\/127.0.0.1\/it\/iniziative\/incontro-tra-il-presidente-della-fondazione-pirelli-e-gli-studenti-della-scuola-di-alta-formazione-al-management\/#primaryimage\"},\"image\":{\"@id\":\"https:\/\/127.0.0.1\/it\/iniziative\/incontro-tra-il-presidente-della-fondazione-pirelli-e-gli-studenti-della-scuola-di-alta-formazione-al-management\/#primaryimage\"},\"thumbnailUrl\":\"https:\/\/wpsite-assets.fondazionepirelli.org\/wp-content\/uploads\/2019\/05\/20102331\/alta-formazione-al-management-e1579615220652.png\",\"datePublished\":\"2011-04-14T00:00:00+00:00\",\"dateModified\":\"2020-01-21T14:00:33+00:00\",\"author\":{\"@id\":\"https:\/\/www.fondazionepirelli.org\/it\/#\/schema\/person\/f47d097000832c4a6e54538c791fdf25\"},\"breadcrumb\":{\"@id\":\"https:\/\/127.0.0.1\/it\/iniziative\/incontro-tra-il-presidente-della-fondazione-pirelli-e-gli-studenti-della-scuola-di-alta-formazione-al-management\/#breadcrumb\"},\"inLanguage\":\"it-IT\",\"potentialAction\":[{\"@type\":\"ReadAction\",\"target\":[\"https:\/\/127.0.0.1\/it\/iniziative\/incontro-tra-il-presidente-della-fondazione-pirelli-e-gli-studenti-della-scuola-di-alta-formazione-al-management\/\"]}]},{\"@type\":\"ImageObject\",\"inLanguage\":\"it-IT\",\"@id\":\"https:\/\/127.0.0.1\/it\/iniziative\/incontro-tra-il-presidente-della-fondazione-pirelli-e-gli-studenti-della-scuola-di-alta-formazione-al-management\/#primaryimage\",\"url\":\"https:\/\/wpsite-assets.fondazionepirelli.org\/wp-content\/uploads\/2019\/05\/20102331\/alta-formazione-al-management-e1579615220652.png\",\"contentUrl\":\"https:\/\/wpsite-assets.fondazionepirelli.org\/wp-content\/uploads\/2019\/05\/20102331\/alta-formazione-al-management-e1579615220652.png\",\"width\":283,\"height\":206},{\"@type\":\"BreadcrumbList\",\"@id\":\"https:\/\/127.0.0.1\/it\/iniziative\/incontro-tra-il-presidente-della-fondazione-pirelli-e-gli-studenti-della-scuola-di-alta-formazione-al-management\/#breadcrumb\",\"itemListElement\":[{\"@type\":\"ListItem\",\"position\":1,\"name\":\"Home\",\"item\":\"https:\/\/www.fondazionepirelli.org\/it\/\"},{\"@type\":\"ListItem\",\"position\":2,\"name\":\"Incontro tra il Presidente della Fondazione Pirelli e gli studenti della Scuola di Alta Formazione al Management\"}]},{\"@type\":\"WebSite\",\"@id\":\"https:\/\/www.fondazionepirelli.org\/it\/#website\",\"url\":\"https:\/\/www.fondazionepirelli.org\/it\/\",\"name\":\"Fondazione Pirelli\",\"description\":\"\",\"potentialAction\":[{\"@type\":\"SearchAction\",\"target\":{\"@type\":\"EntryPoint\",\"urlTemplate\":\"https:\/\/www.fondazionepirelli.org\/it\/?s={search_term_string}\"},\"query-input\":{\"@type\":\"PropertyValueSpecification\",\"valueRequired\":true,\"valueName\":\"search_term_string\"}}],\"inLanguage\":\"it-IT\"},{\"@type\":\"Person\",\"@id\":\"https:\/\/www.fondazionepirelli.org\/it\/#\/schema\/person\/f47d097000832c4a6e54538c791fdf25\",\"name\":\"fondadmin\",\"image\":{\"@type\":\"ImageObject\",\"inLanguage\":\"it-IT\",\"@id\":\"https:\/\/www.fondazionepirelli.org\/it\/#\/schema\/person\/image\/\",\"url\":\"https:\/\/secure.gravatar.com\/avatar\/e69498a9175ca244966e51e53c88712c024fcebe41f9a05f75657f1bb25e489b?s=96&d=mm&r=g\",\"contentUrl\":\"https:\/\/secure.gravatar.com\/avatar\/e69498a9175ca244966e51e53c88712c024fcebe41f9a05f75657f1bb25e489b?s=96&d=mm&r=g\",\"caption\":\"fondadmin\"},\"url\":\"https:\/\/www.fondazionepirelli.org\/it\/author\/fondadmin\/\"}]}<\/script>\n<!-- \/ Yoast SEO plugin. -->","yoast_head_json":{"title":"Incontro tra il Presidente della Fondazione Pirelli e gli studenti della Scuola di Alta Formazione al Management - Fondazione Pirelli","robots":{"index":"index","follow":"follow","max-snippet":"max-snippet:-1","max-image-preview":"max-image-preview:large","max-video-preview":"max-video-preview:-1"},"canonical":"https:\/\/www.fondazionepirelli.org\/it\/iniziative\/incontro-tra-il-presidente-della-fondazione-pirelli-e-gli-studenti-della-scuola-di-alta-formazione-al-management\/","og_locale":"it_IT","og_type":"article","og_title":"Incontro tra il Presidente della Fondazione Pirelli e gli studenti della Scuola di Alta Formazione al Management - Fondazione Pirelli","og_description":"Gioved\u00ec 14 aprile. Il presidente di Pirelli, Marco Tronchetti Provera, ha incontrato a Torino, nella sua veste di presidente della Fondazione Pirelli, gli studenti della Scuola di Alta Formazione al Management (SAFM) e del Coll\u00e8ge des Ing\u00e9nieurs ai quali ha illustrato le proprie esperienze di imprenditore e manager. L&#8217;occasione, tenutasi presso il Museo dell&#8217;Automobile, ha [&hellip;]","og_url":"https:\/\/127.0.0.1\/it\/iniziative\/incontro-tra-il-presidente-della-fondazione-pirelli-e-gli-studenti-della-scuola-di-alta-formazione-al-management\/","og_site_name":"Fondazione Pirelli","article_published_time":"2011-04-14T00:00:00+00:00","article_modified_time":"2020-01-21T14:00:33+00:00","og_image":[{"width":283,"height":206,"url":"https:\/\/wpsite-assets.fondazionepirelli.org\/wp-content\/uploads\/2019\/05\/20102331\/alta-formazione-al-management-e1579615220652.png","type":"image\/png"}],"author":"fondadmin","twitter_card":"summary_large_image","twitter_misc":{"Scritto da":"fondadmin","Tempo di lettura stimato":"1 minuto"},"schema":{"@context":"https:\/\/schema.org","@graph":[{"@type":"WebPage","@id":"https:\/\/127.0.0.1\/it\/iniziative\/incontro-tra-il-presidente-della-fondazione-pirelli-e-gli-studenti-della-scuola-di-alta-formazione-al-management\/","url":"https:\/\/127.0.0.1\/it\/iniziative\/incontro-tra-il-presidente-della-fondazione-pirelli-e-gli-studenti-della-scuola-di-alta-formazione-al-management\/","name":"Incontro tra il Presidente della Fondazione Pirelli e gli studenti della Scuola di Alta Formazione al Management - Fondazione Pirelli","isPartOf":{"@id":"https:\/\/www.fondazionepirelli.org\/it\/#website"},"primaryImageOfPage":{"@id":"https:\/\/127.0.0.1\/it\/iniziative\/incontro-tra-il-presidente-della-fondazione-pirelli-e-gli-studenti-della-scuola-di-alta-formazione-al-management\/#primaryimage"},"image":{"@id":"https:\/\/127.0.0.1\/it\/iniziative\/incontro-tra-il-presidente-della-fondazione-pirelli-e-gli-studenti-della-scuola-di-alta-formazione-al-management\/#primaryimage"},"thumbnailUrl":"https:\/\/wpsite-assets.fondazionepirelli.org\/wp-content\/uploads\/2019\/05\/20102331\/alta-formazione-al-management-e1579615220652.png","datePublished":"2011-04-14T00:00:00+00:00","dateModified":"2020-01-21T14:00:33+00:00","author":{"@id":"https:\/\/www.fondazionepirelli.org\/it\/#\/schema\/person\/f47d097000832c4a6e54538c791fdf25"},"breadcrumb":{"@id":"https:\/\/127.0.0.1\/it\/iniziative\/incontro-tra-il-presidente-della-fondazione-pirelli-e-gli-studenti-della-scuola-di-alta-formazione-al-management\/#breadcrumb"},"inLanguage":"it-IT","potentialAction":[{"@type":"ReadAction","target":["https:\/\/127.0.0.1\/it\/iniziative\/incontro-tra-il-presidente-della-fondazione-pirelli-e-gli-studenti-della-scuola-di-alta-formazione-al-management\/"]}]},{"@type":"ImageObject","inLanguage":"it-IT","@id":"https:\/\/127.0.0.1\/it\/iniziative\/incontro-tra-il-presidente-della-fondazione-pirelli-e-gli-studenti-della-scuola-di-alta-formazione-al-management\/#primaryimage","url":"https:\/\/wpsite-assets.fondazionepirelli.org\/wp-content\/uploads\/2019\/05\/20102331\/alta-formazione-al-management-e1579615220652.png","contentUrl":"https:\/\/wpsite-assets.fondazionepirelli.org\/wp-content\/uploads\/2019\/05\/20102331\/alta-formazione-al-management-e1579615220652.png","width":283,"height":206},{"@type":"BreadcrumbList","@id":"https:\/\/127.0.0.1\/it\/iniziative\/incontro-tra-il-presidente-della-fondazione-pirelli-e-gli-studenti-della-scuola-di-alta-formazione-al-management\/#breadcrumb","itemListElement":[{"@type":"ListItem","position":1,"name":"Home","item":"https:\/\/www.fondazionepirelli.org\/it\/"},{"@type":"ListItem","position":2,"name":"Incontro tra il Presidente della Fondazione Pirelli e gli studenti della Scuola di Alta Formazione al Management"}]},{"@type":"WebSite","@id":"https:\/\/www.fondazionepirelli.org\/it\/#website","url":"https:\/\/www.fondazionepirelli.org\/it\/","name":"Fondazione Pirelli","description":"","potentialAction":[{"@type":"SearchAction","target":{"@type":"EntryPoint","urlTemplate":"https:\/\/www.fondazionepirelli.org\/it\/?s={search_term_string}"},"query-input":{"@type":"PropertyValueSpecification","valueRequired":true,"valueName":"search_term_string"}}],"inLanguage":"it-IT"},{"@type":"Person","@id":"https:\/\/www.fondazionepirelli.org\/it\/#\/schema\/person\/f47d097000832c4a6e54538c791fdf25","name":"fondadmin","image":{"@type":"ImageObject","inLanguage":"it-IT","@id":"https:\/\/www.fondazionepirelli.org\/it\/#\/schema\/person\/image\/","url":"https:\/\/secure.gravatar.com\/avatar\/e69498a9175ca244966e51e53c88712c024fcebe41f9a05f75657f1bb25e489b?s=96&d=mm&r=g","contentUrl":"https:\/\/secure.gravatar.com\/avatar\/e69498a9175ca244966e51e53c88712c024fcebe41f9a05f75657f1bb25e489b?s=96&d=mm&r=g","caption":"fondadmin"},"url":"https:\/\/www.fondazionepirelli.org\/it\/author\/fondadmin\/"}]}},"_links":{"self":[{"href":"https:\/\/www.fondazionepirelli.org\/it\/wp-json\/wp\/v2\/posts\/48651\/"}],"collection":[{"href":"https:\/\/www.fondazionepirelli.org\/it\/wp-json\/wp\/v2\/posts\/"}],"about":[{"href":"https:\/\/www.fondazionepirelli.org\/it\/wp-json\/wp\/v2\/types\/post\/"}],"author":[{"embeddable":true,"href":"https:\/\/www.fondazionepirelli.org\/it\/wp-json\/wp\/v2\/users\/1\/"}],"replies":[{"embeddable":true,"href":"https:\/\/www.fondazionepirelli.org\/it\/wp-json\/wp\/v2\/comments\/?post=48651"}],"version-history":[{"count":4,"href":"https:\/\/www.fondazionepirelli.org\/it\/wp-json\/wp\/v2\/posts\/48651\/revisions\/"}],"predecessor-version":[{"id":74214,"href":"https:\/\/www.fondazionepirelli.org\/it\/wp-json\/wp\/v2\/posts\/48651\/revisions\/74214\/"}],"wp:featuredmedia":[{"embeddable":true,"href":"https:\/\/www.fondazionepirelli.org\/it\/wp-json\/wp\/v2\/media\/48652\/"}],"wp:attachment":[{"href":"https:\/\/www.fondazionepirelli.org\/it\/wp-json\/wp\/v2\/media\/?parent=48651"}],"wp:term":[{"taxonomy":"category","embeddable":true,"href":"https:\/\/www.fondazionepirelli.org\/it\/wp-json\/wp\/v2\/categories\/?post=48651"},{"taxonomy":"post_tag","embeddable":true,"href":"https:\/\/www.fondazionepirelli.org\/it\/wp-json\/wp\/v2\/tags\/?post=48651"}],"curies":[{"name":"wp","href":"https:\/\/api.w.org\/{rel}","templated":true}]}}