{"id":48795,"date":"2011-10-23T00:00:00","date_gmt":"2011-10-23T00:00:00","guid":{"rendered":"http:\/\/www.fondazionepirelli.org\/fondazione-pirelli\/la-bicocca-e-il-suo-territorio-memoria-e-progetto\/"},"modified":"2020-03-04T12:07:38","modified_gmt":"2020-03-04T11:07:38","slug":"la-bicocca-e-il-suo-territorio-memoria-e-progetto","status":"publish","type":"post","link":"https:\/\/www.fondazionepirelli.org\/it\/iniziative\/la-bicocca-e-il-suo-territorio-memoria-e-progetto\/","title":{"rendered":"La Bicocca e il suo territorio. Memoria e progetto"},"content":{"rendered":"<p>Questo secondo volume della serie di pubblicazioni dell&#8217;Universit\u00e0 degli Studi di Milano-Bicocca completa la riflessione avviata con il primo volume uscito nel 2002 (&#8220;La nascita di una universit\u00e0 nuova: Milano-Bicocca&#8221;). &#8220;Dal lavoro di fabbrica alla fabbrica del sapere&#8221;, (Skira, Milano 2002), approfondendo e ampliando l&#8217;analisi del territorio in cui si \u00e8 inserito il nuovo ateneo e dei rapporti che si vengono instaurando con la nuova realt\u00e0 istituzionale nel quadro di una pi\u00f9 ampia e profonda trasformazione del territorio metropolitano. La curatrice delinea il paesaggio dell&#8217;area, prima, durante e dopo il processo di industrializzazione che ne ha caratterizzato l&#8217;economia.<\/p>\n<p><span class=\"Apple-style-span\" style=\"font-weight: bold;\">La Bicocca e il suo territorio. Memoria e progetto.<br \/>\n<\/span><\/p>\n<p>A cura di Elena dell&#8217;Agnese<\/p>\n<p>Ed. Skira, 2005<\/p>\n","protected":false},"excerpt":{"rendered":"<p>Questo secondo volume della serie di pubblicazioni dell&#8217;Universit\u00e0 degli Studi di Milano-Bicocca completa la riflessione avviata con il primo volume uscito nel 2002 (&#8220;La nascita di una universit\u00e0 nuova: Milano-Bicocca&#8221;). &#8220;Dal lavoro di fabbrica alla fabbrica del sapere&#8221;, (Skira, Milano 2002), approfondendo e ampliando l&#8217;analisi del territorio in cui si \u00e8 inserito il nuovo ateneo [&hellip;]<\/p>\n","protected":false},"author":1,"featured_media":63173,"comment_status":"open","ping_status":"open","sticky":false,"template":"","format":"standard","meta":{"footnotes":""},"categories":[204,60,72],"tags":[],"class_list":["post-48795","post","type-post","status-publish","format-standard","has-post-thumbnail","hentry","category-bibliografia","category-iniziative","category-i-progetti-editoriali"],"acf":[],"yoast_head":"<!-- This site is optimized with the Yoast SEO plugin v25.0 - https:\/\/yoast.com\/wordpress\/plugins\/seo\/ -->\n<title>La Bicocca e il suo territorio. Memoria e progetto - Fondazione Pirelli<\/title>\n<meta name=\"robots\" content=\"index, follow, max-snippet:-1, max-image-preview:large, max-video-preview:-1\" \/>\n<link rel=\"canonical\" href=\"https:\/\/www.fondazionepirelli.org\/it\/iniziative\/la-bicocca-e-il-suo-territorio-memoria-e-progetto\/\" \/>\n<meta property=\"og:locale\" content=\"it_IT\" \/>\n<meta property=\"og:type\" content=\"article\" \/>\n<meta property=\"og:title\" content=\"La Bicocca e il suo territorio. Memoria e progetto - Fondazione Pirelli\" \/>\n<meta property=\"og:description\" content=\"Questo secondo volume della serie di pubblicazioni dell&#8217;Universit\u00e0 degli Studi di Milano-Bicocca completa la riflessione avviata con il primo volume uscito nel 2002 (&#8220;La nascita di una universit\u00e0 nuova: Milano-Bicocca&#8221;). &#8220;Dal lavoro di fabbrica alla fabbrica del sapere&#8221;, (Skira, Milano 2002), approfondendo e ampliando l&#8217;analisi del territorio in cui si \u00e8 inserito il nuovo ateneo [&hellip;]\" \/>\n<meta property=\"og:url\" content=\"https:\/\/www.fondazionepirelli.org\/it\/iniziative\/la-bicocca-e-il-suo-territorio-memoria-e-progetto\/\" \/>\n<meta property=\"og:site_name\" content=\"Fondazione Pirelli\" \/>\n<meta property=\"article:published_time\" content=\"2011-10-23T00:00:00+00:00\" \/>\n<meta property=\"article:modified_time\" content=\"2020-03-04T11:07:38+00:00\" \/>\n<meta property=\"og:image\" content=\"https:\/\/wpsite-assets.fondazionepirelli.org\/wp-content\/uploads\/2011\/10\/26142939\/la-bicocca-e-il-suo-territorio.png\" \/>\n\t<meta property=\"og:image:width\" content=\"644\" \/>\n\t<meta property=\"og:image:height\" content=\"600\" \/>\n\t<meta property=\"og:image:type\" content=\"image\/png\" \/>\n<meta name=\"author\" content=\"fondadmin\" \/>\n<meta name=\"twitter:card\" content=\"summary_large_image\" \/>\n<meta name=\"twitter:label1\" content=\"Scritto da\" \/>\n\t<meta name=\"twitter:data1\" content=\"fondadmin\" \/>\n\t<meta name=\"twitter:label2\" content=\"Tempo di lettura stimato\" \/>\n\t<meta name=\"twitter:data2\" content=\"1 minuto\" \/>\n<script type=\"application\/ld+json\" class=\"yoast-schema-graph\">{\"@context\":\"https:\/\/schema.org\",\"@graph\":[{\"@type\":\"WebPage\",\"@id\":\"https:\/\/www.fondazionepirelli.org\/it\/iniziative\/la-bicocca-e-il-suo-territorio-memoria-e-progetto\/\",\"url\":\"https:\/\/www.fondazionepirelli.org\/it\/iniziative\/la-bicocca-e-il-suo-territorio-memoria-e-progetto\/\",\"name\":\"La Bicocca e il suo territorio. Memoria e progetto - Fondazione Pirelli\",\"isPartOf\":{\"@id\":\"https:\/\/www.fondazionepirelli.org\/it\/#website\"},\"primaryImageOfPage\":{\"@id\":\"https:\/\/www.fondazionepirelli.org\/it\/iniziative\/la-bicocca-e-il-suo-territorio-memoria-e-progetto\/#primaryimage\"},\"image\":{\"@id\":\"https:\/\/www.fondazionepirelli.org\/it\/iniziative\/la-bicocca-e-il-suo-territorio-memoria-e-progetto\/#primaryimage\"},\"thumbnailUrl\":\"https:\/\/wpsite-assets.fondazionepirelli.org\/wp-content\/uploads\/2011\/10\/26142939\/la-bicocca-e-il-suo-territorio.png\",\"datePublished\":\"2011-10-23T00:00:00+00:00\",\"dateModified\":\"2020-03-04T11:07:38+00:00\",\"author\":{\"@id\":\"https:\/\/www.fondazionepirelli.org\/it\/#\/schema\/person\/f47d097000832c4a6e54538c791fdf25\"},\"breadcrumb\":{\"@id\":\"https:\/\/www.fondazionepirelli.org\/it\/iniziative\/la-bicocca-e-il-suo-territorio-memoria-e-progetto\/#breadcrumb\"},\"inLanguage\":\"it-IT\",\"potentialAction\":[{\"@type\":\"ReadAction\",\"target\":[\"https:\/\/www.fondazionepirelli.org\/it\/iniziative\/la-bicocca-e-il-suo-territorio-memoria-e-progetto\/\"]}]},{\"@type\":\"ImageObject\",\"inLanguage\":\"it-IT\",\"@id\":\"https:\/\/www.fondazionepirelli.org\/it\/iniziative\/la-bicocca-e-il-suo-territorio-memoria-e-progetto\/#primaryimage\",\"url\":\"https:\/\/wpsite-assets.fondazionepirelli.org\/wp-content\/uploads\/2011\/10\/26142939\/la-bicocca-e-il-suo-territorio.png\",\"contentUrl\":\"https:\/\/wpsite-assets.fondazionepirelli.org\/wp-content\/uploads\/2011\/10\/26142939\/la-bicocca-e-il-suo-territorio.png\",\"width\":644,\"height\":600},{\"@type\":\"BreadcrumbList\",\"@id\":\"https:\/\/www.fondazionepirelli.org\/it\/iniziative\/la-bicocca-e-il-suo-territorio-memoria-e-progetto\/#breadcrumb\",\"itemListElement\":[{\"@type\":\"ListItem\",\"position\":1,\"name\":\"Home\",\"item\":\"https:\/\/www.fondazionepirelli.org\/it\/\"},{\"@type\":\"ListItem\",\"position\":2,\"name\":\"La Bicocca e il suo territorio. Memoria e progetto\"}]},{\"@type\":\"WebSite\",\"@id\":\"https:\/\/www.fondazionepirelli.org\/it\/#website\",\"url\":\"https:\/\/www.fondazionepirelli.org\/it\/\",\"name\":\"Fondazione Pirelli\",\"description\":\"\",\"potentialAction\":[{\"@type\":\"SearchAction\",\"target\":{\"@type\":\"EntryPoint\",\"urlTemplate\":\"https:\/\/www.fondazionepirelli.org\/it\/?s={search_term_string}\"},\"query-input\":{\"@type\":\"PropertyValueSpecification\",\"valueRequired\":true,\"valueName\":\"search_term_string\"}}],\"inLanguage\":\"it-IT\"},{\"@type\":\"Person\",\"@id\":\"https:\/\/www.fondazionepirelli.org\/it\/#\/schema\/person\/f47d097000832c4a6e54538c791fdf25\",\"name\":\"fondadmin\",\"image\":{\"@type\":\"ImageObject\",\"inLanguage\":\"it-IT\",\"@id\":\"https:\/\/www.fondazionepirelli.org\/it\/#\/schema\/person\/image\/\",\"url\":\"https:\/\/secure.gravatar.com\/avatar\/e69498a9175ca244966e51e53c88712c024fcebe41f9a05f75657f1bb25e489b?s=96&d=mm&r=g\",\"contentUrl\":\"https:\/\/secure.gravatar.com\/avatar\/e69498a9175ca244966e51e53c88712c024fcebe41f9a05f75657f1bb25e489b?s=96&d=mm&r=g\",\"caption\":\"fondadmin\"},\"url\":\"https:\/\/www.fondazionepirelli.org\/it\/author\/fondadmin\/\"}]}<\/script>\n<!-- \/ Yoast SEO plugin. -->","yoast_head_json":{"title":"La Bicocca e il suo territorio. Memoria e progetto - Fondazione Pirelli","robots":{"index":"index","follow":"follow","max-snippet":"max-snippet:-1","max-image-preview":"max-image-preview:large","max-video-preview":"max-video-preview:-1"},"canonical":"https:\/\/www.fondazionepirelli.org\/it\/iniziative\/la-bicocca-e-il-suo-territorio-memoria-e-progetto\/","og_locale":"it_IT","og_type":"article","og_title":"La Bicocca e il suo territorio. Memoria e progetto - Fondazione Pirelli","og_description":"Questo secondo volume della serie di pubblicazioni dell&#8217;Universit\u00e0 degli Studi di Milano-Bicocca completa la riflessione avviata con il primo volume uscito nel 2002 (&#8220;La nascita di una universit\u00e0 nuova: Milano-Bicocca&#8221;). &#8220;Dal lavoro di fabbrica alla fabbrica del sapere&#8221;, (Skira, Milano 2002), approfondendo e ampliando l&#8217;analisi del territorio in cui si \u00e8 inserito il nuovo ateneo [&hellip;]","og_url":"https:\/\/www.fondazionepirelli.org\/it\/iniziative\/la-bicocca-e-il-suo-territorio-memoria-e-progetto\/","og_site_name":"Fondazione Pirelli","article_published_time":"2011-10-23T00:00:00+00:00","article_modified_time":"2020-03-04T11:07:38+00:00","og_image":[{"width":644,"height":600,"url":"https:\/\/wpsite-assets.fondazionepirelli.org\/wp-content\/uploads\/2011\/10\/26142939\/la-bicocca-e-il-suo-territorio.png","type":"image\/png"}],"author":"fondadmin","twitter_card":"summary_large_image","twitter_misc":{"Scritto da":"fondadmin","Tempo di lettura stimato":"1 minuto"},"schema":{"@context":"https:\/\/schema.org","@graph":[{"@type":"WebPage","@id":"https:\/\/www.fondazionepirelli.org\/it\/iniziative\/la-bicocca-e-il-suo-territorio-memoria-e-progetto\/","url":"https:\/\/www.fondazionepirelli.org\/it\/iniziative\/la-bicocca-e-il-suo-territorio-memoria-e-progetto\/","name":"La Bicocca e il suo territorio. Memoria e progetto - Fondazione Pirelli","isPartOf":{"@id":"https:\/\/www.fondazionepirelli.org\/it\/#website"},"primaryImageOfPage":{"@id":"https:\/\/www.fondazionepirelli.org\/it\/iniziative\/la-bicocca-e-il-suo-territorio-memoria-e-progetto\/#primaryimage"},"image":{"@id":"https:\/\/www.fondazionepirelli.org\/it\/iniziative\/la-bicocca-e-il-suo-territorio-memoria-e-progetto\/#primaryimage"},"thumbnailUrl":"https:\/\/wpsite-assets.fondazionepirelli.org\/wp-content\/uploads\/2011\/10\/26142939\/la-bicocca-e-il-suo-territorio.png","datePublished":"2011-10-23T00:00:00+00:00","dateModified":"2020-03-04T11:07:38+00:00","author":{"@id":"https:\/\/www.fondazionepirelli.org\/it\/#\/schema\/person\/f47d097000832c4a6e54538c791fdf25"},"breadcrumb":{"@id":"https:\/\/www.fondazionepirelli.org\/it\/iniziative\/la-bicocca-e-il-suo-territorio-memoria-e-progetto\/#breadcrumb"},"inLanguage":"it-IT","potentialAction":[{"@type":"ReadAction","target":["https:\/\/www.fondazionepirelli.org\/it\/iniziative\/la-bicocca-e-il-suo-territorio-memoria-e-progetto\/"]}]},{"@type":"ImageObject","inLanguage":"it-IT","@id":"https:\/\/www.fondazionepirelli.org\/it\/iniziative\/la-bicocca-e-il-suo-territorio-memoria-e-progetto\/#primaryimage","url":"https:\/\/wpsite-assets.fondazionepirelli.org\/wp-content\/uploads\/2011\/10\/26142939\/la-bicocca-e-il-suo-territorio.png","contentUrl":"https:\/\/wpsite-assets.fondazionepirelli.org\/wp-content\/uploads\/2011\/10\/26142939\/la-bicocca-e-il-suo-territorio.png","width":644,"height":600},{"@type":"BreadcrumbList","@id":"https:\/\/www.fondazionepirelli.org\/it\/iniziative\/la-bicocca-e-il-suo-territorio-memoria-e-progetto\/#breadcrumb","itemListElement":[{"@type":"ListItem","position":1,"name":"Home","item":"https:\/\/www.fondazionepirelli.org\/it\/"},{"@type":"ListItem","position":2,"name":"La Bicocca e il suo territorio. Memoria e progetto"}]},{"@type":"WebSite","@id":"https:\/\/www.fondazionepirelli.org\/it\/#website","url":"https:\/\/www.fondazionepirelli.org\/it\/","name":"Fondazione Pirelli","description":"","potentialAction":[{"@type":"SearchAction","target":{"@type":"EntryPoint","urlTemplate":"https:\/\/www.fondazionepirelli.org\/it\/?s={search_term_string}"},"query-input":{"@type":"PropertyValueSpecification","valueRequired":true,"valueName":"search_term_string"}}],"inLanguage":"it-IT"},{"@type":"Person","@id":"https:\/\/www.fondazionepirelli.org\/it\/#\/schema\/person\/f47d097000832c4a6e54538c791fdf25","name":"fondadmin","image":{"@type":"ImageObject","inLanguage":"it-IT","@id":"https:\/\/www.fondazionepirelli.org\/it\/#\/schema\/person\/image\/","url":"https:\/\/secure.gravatar.com\/avatar\/e69498a9175ca244966e51e53c88712c024fcebe41f9a05f75657f1bb25e489b?s=96&d=mm&r=g","contentUrl":"https:\/\/secure.gravatar.com\/avatar\/e69498a9175ca244966e51e53c88712c024fcebe41f9a05f75657f1bb25e489b?s=96&d=mm&r=g","caption":"fondadmin"},"url":"https:\/\/www.fondazionepirelli.org\/it\/author\/fondadmin\/"}]}},"_links":{"self":[{"href":"https:\/\/www.fondazionepirelli.org\/it\/wp-json\/wp\/v2\/posts\/48795\/"}],"collection":[{"href":"https:\/\/www.fondazionepirelli.org\/it\/wp-json\/wp\/v2\/posts\/"}],"about":[{"href":"https:\/\/www.fondazionepirelli.org\/it\/wp-json\/wp\/v2\/types\/post\/"}],"author":[{"embeddable":true,"href":"https:\/\/www.fondazionepirelli.org\/it\/wp-json\/wp\/v2\/users\/1\/"}],"replies":[{"embeddable":true,"href":"https:\/\/www.fondazionepirelli.org\/it\/wp-json\/wp\/v2\/comments\/?post=48795"}],"version-history":[{"count":3,"href":"https:\/\/www.fondazionepirelli.org\/it\/wp-json\/wp\/v2\/posts\/48795\/revisions\/"}],"predecessor-version":[{"id":75265,"href":"https:\/\/www.fondazionepirelli.org\/it\/wp-json\/wp\/v2\/posts\/48795\/revisions\/75265\/"}],"wp:featuredmedia":[{"embeddable":true,"href":"https:\/\/www.fondazionepirelli.org\/it\/wp-json\/wp\/v2\/media\/63173\/"}],"wp:attachment":[{"href":"https:\/\/www.fondazionepirelli.org\/it\/wp-json\/wp\/v2\/media\/?parent=48795"}],"wp:term":[{"taxonomy":"category","embeddable":true,"href":"https:\/\/www.fondazionepirelli.org\/it\/wp-json\/wp\/v2\/categories\/?post=48795"},{"taxonomy":"post_tag","embeddable":true,"href":"https:\/\/www.fondazionepirelli.org\/it\/wp-json\/wp\/v2\/tags\/?post=48795"}],"curies":[{"name":"wp","href":"https:\/\/api.w.org\/{rel}","templated":true}]}}