{"id":48798,"date":"2011-10-23T00:00:00","date_gmt":"2011-10-23T00:00:00","guid":{"rendered":"http:\/\/www.fondazionepirelli.org\/fondazione-pirelli\/1872-1972-cento-anni-di-comunicazione-visiva-pirelli\/"},"modified":"2021-10-13T10:28:29","modified_gmt":"2021-10-13T09:28:29","slug":"1872-1972-cento-anni-di-comunicazione-visiva-pirelli","status":"publish","type":"post","link":"https:\/\/www.fondazionepirelli.org\/it\/iniziative\/1872-1972-cento-anni-di-comunicazione-visiva-pirelli\/","title":{"rendered":"1872-1972 Cento anni di comunicazione visiva Pirelli"},"content":{"rendered":"<p>Sfogliando le pagine di questo volume, selezionate da <span class=\"Apple-style-span\">Bob Noorda<\/span> e illustrate da un ampio saggio critico di <span class=\"Apple-style-span\">Jole de Sanna<\/span>, si svolge davanti agli occhi del lettore un panorama quasi completo di quella che \u00e8 stata l&#8217;evoluzione della grafica italiana dal 1872 al 1972.<\/p>\n<p>Oltre mezzo migliaio di illustrazioni in cui traspare una linea di sviluppo che non \u00e8 soltanto quella di un&#8217;azienda che pubblicizza i suoi prodotti, ma di un paese e della sua cultura visiva. Dagli annunci dei primi pneumatici per velocipedi alle sofisticate elaborazioni degli anni Cinquanta e Sessanta, \u00e8 lo standard della qualit\u00e0 ci\u00f2 che guida la comunicazione Pirelli.<\/p>\n<p>Del resto per la pubblicit\u00e0 Pirelli lavorarono personaggi del calibro di Carboni, Savignac, Castellani, Munari, Armando Testa, Manzi, Engelmann, lo stesso Noorda, Tovaglia, Fletcher: &#8220;l&#8217;olimpo grafico di quegli anni&#8221; (Gillo Dorfles).<\/p>\n<p><span class=\"Apple-style-span\" style=\"font-weight: bold;\">1872-1972 Cento anni di comunicazione visiva Pirelli<br \/>\n<\/span><\/p>\n<p>A cura di Bob Noorda e Vanni Scheiwiller<\/p>\n<p>Libri Scheiwiller, Milano 1990<\/p>\n","protected":false},"excerpt":{"rendered":"<p>Sfogliando le pagine di questo volume, selezionate da Bob Noorda e illustrate da un ampio saggio critico di Jole de Sanna, si svolge davanti agli occhi del lettore un panorama quasi completo di quella che \u00e8 stata l&#8217;evoluzione della grafica italiana dal 1872 al 1972. Oltre mezzo migliaio di illustrazioni in cui traspare una linea [&hellip;]<\/p>\n","protected":false},"author":1,"featured_media":63175,"comment_status":"open","ping_status":"open","sticky":false,"template":"","format":"standard","meta":{"footnotes":""},"categories":[204,60,72],"tags":[],"class_list":["post-48798","post","type-post","status-publish","format-standard","has-post-thumbnail","hentry","category-bibliografia","category-iniziative","category-i-progetti-editoriali"],"acf":[],"yoast_head":"<!-- This site is optimized with the Yoast SEO plugin v25.0 - https:\/\/yoast.com\/wordpress\/plugins\/seo\/ -->\n<title>1872-1972 Cento anni comunicazione Pirelli | Fondazione Pirelli<\/title>\n<meta name=\"description\" content=\"&quot;1872-1972 Cento anni di comunicazione visiva Pirelli&quot;, un libro per raccontare l\u2019evoluzione della grafica Pirelli dal 1872 al 1972. Scopri di pi\u00f9.\" \/>\n<meta name=\"robots\" content=\"index, follow, max-snippet:-1, max-image-preview:large, max-video-preview:-1\" \/>\n<link rel=\"canonical\" href=\"https:\/\/www.fondazionepirelli.org\/it\/iniziative\/1872-1972-cento-anni-di-comunicazione-visiva-pirelli\/\" \/>\n<meta property=\"og:locale\" content=\"it_IT\" \/>\n<meta property=\"og:type\" content=\"article\" \/>\n<meta property=\"og:title\" content=\"1872-1972 Cento anni comunicazione Pirelli | Fondazione Pirelli\" \/>\n<meta property=\"og:description\" content=\"&quot;1872-1972 Cento anni di comunicazione visiva Pirelli&quot;, un libro per raccontare l\u2019evoluzione della grafica Pirelli dal 1872 al 1972. Scopri di pi\u00f9.\" \/>\n<meta property=\"og:url\" content=\"https:\/\/127.0.0.1\/it\/iniziative\/1872-1972-cento-anni-di-comunicazione-visiva-pirelli\/\" \/>\n<meta property=\"og:site_name\" content=\"Fondazione Pirelli\" \/>\n<meta property=\"article:published_time\" content=\"2011-10-23T00:00:00+00:00\" \/>\n<meta property=\"article:modified_time\" content=\"2021-10-13T09:28:29+00:00\" \/>\n<meta property=\"og:image\" content=\"https:\/\/wpsite-assets.fondazionepirelli.org\/wp-content\/uploads\/2011\/10\/26142959\/cento-anni-di-comunicazione-visiva.png\" \/>\n\t<meta property=\"og:image:width\" content=\"644\" \/>\n\t<meta property=\"og:image:height\" content=\"600\" \/>\n\t<meta property=\"og:image:type\" content=\"image\/png\" \/>\n<meta name=\"author\" content=\"fondadmin\" \/>\n<meta name=\"twitter:card\" content=\"summary_large_image\" \/>\n<meta name=\"twitter:label1\" content=\"Scritto da\" \/>\n\t<meta name=\"twitter:data1\" content=\"fondadmin\" \/>\n\t<meta name=\"twitter:label2\" content=\"Tempo di lettura stimato\" \/>\n\t<meta name=\"twitter:data2\" content=\"1 minuto\" \/>\n<script type=\"application\/ld+json\" class=\"yoast-schema-graph\">{\"@context\":\"https:\/\/schema.org\",\"@graph\":[{\"@type\":\"WebPage\",\"@id\":\"https:\/\/127.0.0.1\/it\/iniziative\/1872-1972-cento-anni-di-comunicazione-visiva-pirelli\/\",\"url\":\"https:\/\/127.0.0.1\/it\/iniziative\/1872-1972-cento-anni-di-comunicazione-visiva-pirelli\/\",\"name\":\"1872-1972 Cento anni comunicazione Pirelli | Fondazione Pirelli\",\"isPartOf\":{\"@id\":\"https:\/\/www.fondazionepirelli.org\/it\/#website\"},\"primaryImageOfPage\":{\"@id\":\"https:\/\/127.0.0.1\/it\/iniziative\/1872-1972-cento-anni-di-comunicazione-visiva-pirelli\/#primaryimage\"},\"image\":{\"@id\":\"https:\/\/127.0.0.1\/it\/iniziative\/1872-1972-cento-anni-di-comunicazione-visiva-pirelli\/#primaryimage\"},\"thumbnailUrl\":\"https:\/\/wpsite-assets.fondazionepirelli.org\/wp-content\/uploads\/2011\/10\/26142959\/cento-anni-di-comunicazione-visiva.png\",\"datePublished\":\"2011-10-23T00:00:00+00:00\",\"dateModified\":\"2021-10-13T09:28:29+00:00\",\"author\":{\"@id\":\"https:\/\/www.fondazionepirelli.org\/it\/#\/schema\/person\/f47d097000832c4a6e54538c791fdf25\"},\"description\":\"\\\"1872-1972 Cento anni di comunicazione visiva Pirelli\\\", un libro per raccontare l\u2019evoluzione della grafica Pirelli dal 1872 al 1972. Scopri di pi\u00f9.\",\"breadcrumb\":{\"@id\":\"https:\/\/127.0.0.1\/it\/iniziative\/1872-1972-cento-anni-di-comunicazione-visiva-pirelli\/#breadcrumb\"},\"inLanguage\":\"it-IT\",\"potentialAction\":[{\"@type\":\"ReadAction\",\"target\":[\"https:\/\/127.0.0.1\/it\/iniziative\/1872-1972-cento-anni-di-comunicazione-visiva-pirelli\/\"]}]},{\"@type\":\"ImageObject\",\"inLanguage\":\"it-IT\",\"@id\":\"https:\/\/127.0.0.1\/it\/iniziative\/1872-1972-cento-anni-di-comunicazione-visiva-pirelli\/#primaryimage\",\"url\":\"https:\/\/wpsite-assets.fondazionepirelli.org\/wp-content\/uploads\/2011\/10\/26142959\/cento-anni-di-comunicazione-visiva.png\",\"contentUrl\":\"https:\/\/wpsite-assets.fondazionepirelli.org\/wp-content\/uploads\/2011\/10\/26142959\/cento-anni-di-comunicazione-visiva.png\",\"width\":644,\"height\":600},{\"@type\":\"BreadcrumbList\",\"@id\":\"https:\/\/127.0.0.1\/it\/iniziative\/1872-1972-cento-anni-di-comunicazione-visiva-pirelli\/#breadcrumb\",\"itemListElement\":[{\"@type\":\"ListItem\",\"position\":1,\"name\":\"Home\",\"item\":\"https:\/\/www.fondazionepirelli.org\/it\/\"},{\"@type\":\"ListItem\",\"position\":2,\"name\":\"1872-1972 Cento anni di comunicazione visiva Pirelli\"}]},{\"@type\":\"WebSite\",\"@id\":\"https:\/\/www.fondazionepirelli.org\/it\/#website\",\"url\":\"https:\/\/www.fondazionepirelli.org\/it\/\",\"name\":\"Fondazione Pirelli\",\"description\":\"\",\"potentialAction\":[{\"@type\":\"SearchAction\",\"target\":{\"@type\":\"EntryPoint\",\"urlTemplate\":\"https:\/\/www.fondazionepirelli.org\/it\/?s={search_term_string}\"},\"query-input\":{\"@type\":\"PropertyValueSpecification\",\"valueRequired\":true,\"valueName\":\"search_term_string\"}}],\"inLanguage\":\"it-IT\"},{\"@type\":\"Person\",\"@id\":\"https:\/\/www.fondazionepirelli.org\/it\/#\/schema\/person\/f47d097000832c4a6e54538c791fdf25\",\"name\":\"fondadmin\",\"image\":{\"@type\":\"ImageObject\",\"inLanguage\":\"it-IT\",\"@id\":\"https:\/\/www.fondazionepirelli.org\/it\/#\/schema\/person\/image\/\",\"url\":\"https:\/\/secure.gravatar.com\/avatar\/e69498a9175ca244966e51e53c88712c024fcebe41f9a05f75657f1bb25e489b?s=96&d=mm&r=g\",\"contentUrl\":\"https:\/\/secure.gravatar.com\/avatar\/e69498a9175ca244966e51e53c88712c024fcebe41f9a05f75657f1bb25e489b?s=96&d=mm&r=g\",\"caption\":\"fondadmin\"},\"url\":\"https:\/\/www.fondazionepirelli.org\/it\/author\/fondadmin\/\"}]}<\/script>\n<!-- \/ Yoast SEO plugin. -->","yoast_head_json":{"title":"1872-1972 Cento anni comunicazione Pirelli | Fondazione Pirelli","description":"\"1872-1972 Cento anni di comunicazione visiva Pirelli\", un libro per raccontare l\u2019evoluzione della grafica Pirelli dal 1872 al 1972. Scopri di pi\u00f9.","robots":{"index":"index","follow":"follow","max-snippet":"max-snippet:-1","max-image-preview":"max-image-preview:large","max-video-preview":"max-video-preview:-1"},"canonical":"https:\/\/www.fondazionepirelli.org\/it\/iniziative\/1872-1972-cento-anni-di-comunicazione-visiva-pirelli\/","og_locale":"it_IT","og_type":"article","og_title":"1872-1972 Cento anni comunicazione Pirelli | Fondazione Pirelli","og_description":"\"1872-1972 Cento anni di comunicazione visiva Pirelli\", un libro per raccontare l\u2019evoluzione della grafica Pirelli dal 1872 al 1972. Scopri di pi\u00f9.","og_url":"https:\/\/127.0.0.1\/it\/iniziative\/1872-1972-cento-anni-di-comunicazione-visiva-pirelli\/","og_site_name":"Fondazione Pirelli","article_published_time":"2011-10-23T00:00:00+00:00","article_modified_time":"2021-10-13T09:28:29+00:00","og_image":[{"width":644,"height":600,"url":"https:\/\/wpsite-assets.fondazionepirelli.org\/wp-content\/uploads\/2011\/10\/26142959\/cento-anni-di-comunicazione-visiva.png","type":"image\/png"}],"author":"fondadmin","twitter_card":"summary_large_image","twitter_misc":{"Scritto da":"fondadmin","Tempo di lettura stimato":"1 minuto"},"schema":{"@context":"https:\/\/schema.org","@graph":[{"@type":"WebPage","@id":"https:\/\/127.0.0.1\/it\/iniziative\/1872-1972-cento-anni-di-comunicazione-visiva-pirelli\/","url":"https:\/\/127.0.0.1\/it\/iniziative\/1872-1972-cento-anni-di-comunicazione-visiva-pirelli\/","name":"1872-1972 Cento anni comunicazione Pirelli | Fondazione Pirelli","isPartOf":{"@id":"https:\/\/www.fondazionepirelli.org\/it\/#website"},"primaryImageOfPage":{"@id":"https:\/\/127.0.0.1\/it\/iniziative\/1872-1972-cento-anni-di-comunicazione-visiva-pirelli\/#primaryimage"},"image":{"@id":"https:\/\/127.0.0.1\/it\/iniziative\/1872-1972-cento-anni-di-comunicazione-visiva-pirelli\/#primaryimage"},"thumbnailUrl":"https:\/\/wpsite-assets.fondazionepirelli.org\/wp-content\/uploads\/2011\/10\/26142959\/cento-anni-di-comunicazione-visiva.png","datePublished":"2011-10-23T00:00:00+00:00","dateModified":"2021-10-13T09:28:29+00:00","author":{"@id":"https:\/\/www.fondazionepirelli.org\/it\/#\/schema\/person\/f47d097000832c4a6e54538c791fdf25"},"description":"\"1872-1972 Cento anni di comunicazione visiva Pirelli\", un libro per raccontare l\u2019evoluzione della grafica Pirelli dal 1872 al 1972. Scopri di pi\u00f9.","breadcrumb":{"@id":"https:\/\/127.0.0.1\/it\/iniziative\/1872-1972-cento-anni-di-comunicazione-visiva-pirelli\/#breadcrumb"},"inLanguage":"it-IT","potentialAction":[{"@type":"ReadAction","target":["https:\/\/127.0.0.1\/it\/iniziative\/1872-1972-cento-anni-di-comunicazione-visiva-pirelli\/"]}]},{"@type":"ImageObject","inLanguage":"it-IT","@id":"https:\/\/127.0.0.1\/it\/iniziative\/1872-1972-cento-anni-di-comunicazione-visiva-pirelli\/#primaryimage","url":"https:\/\/wpsite-assets.fondazionepirelli.org\/wp-content\/uploads\/2011\/10\/26142959\/cento-anni-di-comunicazione-visiva.png","contentUrl":"https:\/\/wpsite-assets.fondazionepirelli.org\/wp-content\/uploads\/2011\/10\/26142959\/cento-anni-di-comunicazione-visiva.png","width":644,"height":600},{"@type":"BreadcrumbList","@id":"https:\/\/127.0.0.1\/it\/iniziative\/1872-1972-cento-anni-di-comunicazione-visiva-pirelli\/#breadcrumb","itemListElement":[{"@type":"ListItem","position":1,"name":"Home","item":"https:\/\/www.fondazionepirelli.org\/it\/"},{"@type":"ListItem","position":2,"name":"1872-1972 Cento anni di comunicazione visiva Pirelli"}]},{"@type":"WebSite","@id":"https:\/\/www.fondazionepirelli.org\/it\/#website","url":"https:\/\/www.fondazionepirelli.org\/it\/","name":"Fondazione Pirelli","description":"","potentialAction":[{"@type":"SearchAction","target":{"@type":"EntryPoint","urlTemplate":"https:\/\/www.fondazionepirelli.org\/it\/?s={search_term_string}"},"query-input":{"@type":"PropertyValueSpecification","valueRequired":true,"valueName":"search_term_string"}}],"inLanguage":"it-IT"},{"@type":"Person","@id":"https:\/\/www.fondazionepirelli.org\/it\/#\/schema\/person\/f47d097000832c4a6e54538c791fdf25","name":"fondadmin","image":{"@type":"ImageObject","inLanguage":"it-IT","@id":"https:\/\/www.fondazionepirelli.org\/it\/#\/schema\/person\/image\/","url":"https:\/\/secure.gravatar.com\/avatar\/e69498a9175ca244966e51e53c88712c024fcebe41f9a05f75657f1bb25e489b?s=96&d=mm&r=g","contentUrl":"https:\/\/secure.gravatar.com\/avatar\/e69498a9175ca244966e51e53c88712c024fcebe41f9a05f75657f1bb25e489b?s=96&d=mm&r=g","caption":"fondadmin"},"url":"https:\/\/www.fondazionepirelli.org\/it\/author\/fondadmin\/"}]}},"_links":{"self":[{"href":"https:\/\/www.fondazionepirelli.org\/it\/wp-json\/wp\/v2\/posts\/48798\/"}],"collection":[{"href":"https:\/\/www.fondazionepirelli.org\/it\/wp-json\/wp\/v2\/posts\/"}],"about":[{"href":"https:\/\/www.fondazionepirelli.org\/it\/wp-json\/wp\/v2\/types\/post\/"}],"author":[{"embeddable":true,"href":"https:\/\/www.fondazionepirelli.org\/it\/wp-json\/wp\/v2\/users\/1\/"}],"replies":[{"embeddable":true,"href":"https:\/\/www.fondazionepirelli.org\/it\/wp-json\/wp\/v2\/comments\/?post=48798"}],"version-history":[{"count":7,"href":"https:\/\/www.fondazionepirelli.org\/it\/wp-json\/wp\/v2\/posts\/48798\/revisions\/"}],"predecessor-version":[{"id":75269,"href":"https:\/\/www.fondazionepirelli.org\/it\/wp-json\/wp\/v2\/posts\/48798\/revisions\/75269\/"}],"wp:featuredmedia":[{"embeddable":true,"href":"https:\/\/www.fondazionepirelli.org\/it\/wp-json\/wp\/v2\/media\/63175\/"}],"wp:attachment":[{"href":"https:\/\/www.fondazionepirelli.org\/it\/wp-json\/wp\/v2\/media\/?parent=48798"}],"wp:term":[{"taxonomy":"category","embeddable":true,"href":"https:\/\/www.fondazionepirelli.org\/it\/wp-json\/wp\/v2\/categories\/?post=48798"},{"taxonomy":"post_tag","embeddable":true,"href":"https:\/\/www.fondazionepirelli.org\/it\/wp-json\/wp\/v2\/tags\/?post=48798"}],"curies":[{"name":"wp","href":"https:\/\/api.w.org\/{rel}","templated":true}]}}