{"id":49081,"date":"2013-12-23T00:00:00","date_gmt":"2013-12-23T00:00:00","guid":{"rendered":"http:\/\/www.fondazionepirelli.org\/fondazione-pirelli\/fare-volare-milano-tra-manifattura-ricerca-e-cultura\/"},"modified":"2019-05-20T16:20:05","modified_gmt":"2019-05-20T16:20:05","slug":"fare-volare-milano-tra-manifattura-ricerca-e-cultura","status":"publish","type":"post","link":"https:\/\/www.fondazionepirelli.org\/it\/cultura-dimpresa\/fare-volare-milano-tra-manifattura-ricerca-e-cultura\/","title":{"rendered":"\u201cFare volare Milano\u201d, tra manifattura, ricerca e cultura"},"content":{"rendered":"<p>\u201c<strong>Far volare Milano<\/strong>\u201d, \u00e8 lo slogan di<strong> Assolombarda<\/strong>, per riassumere il senso della strategia d\u2019impegno del presidente<strong> Gianfelice Rocca<\/strong> e della squadra di presidenza dell\u2019associazione (la pi\u00f9 grande e importante struttura territoriale di Confindustria). E dunque rafforzarne il ruolo di motore principale della crescita dell\u2019intero \u201csistema Italia\u201d. Programma ambizioso, ma anche molto pragmatico, sulla scorta di 50 progetti che parlano di sviluppo dell\u2019industria (la manifattura in Lombardia vale il 27,7% del Pil, dieci punti in pi\u00f9 della media nazionale e dunque gi\u00e0 ben oltre l\u2019obiettivo del 20% indicato dalla Ue per il 2020) e potenziamento dei servizi da rendere pi\u00f9 competitivi, di credito per le imprese al di l\u00e0 della tradizionale relazione con il sistema bancario, di \u201cfisco amico\u201d e di semplificazione legislativa e burocratica e dunque anche di efficienza ed efficacia della giustizia, di tutela della legalit\u00e0 contro le infiltrazioni della criminalit\u00e0 organizzata (una distorsione del mercato, una concorrenza che brucia civilt\u00e0 e ricchezza), di attrazione degli investimenti internazionali e di energia meno cara, di responsabilit\u00e0 sociale e di sicurezza sul lavoro, di efficienza delle reti digitali, di formazione legata alle esigenze delle imprese e di ricerca e diffusione delle nuove tecnologie. Non un elenco di vaghi impegni. Ma un vero e proprio piano di iniziative, dal 2014 al 2016, con scadenze, tappe intermedie, strumenti per misurarne l\u2019attuazione e l\u2019efficacia. L\u2019impresa, appunto, \u00e8 soggetto sociale connotato dalla concretezza.<\/p><p>La cultura d\u2019impresa, per sua natura, \u00e8 competitiva e contemporaneamente inclusiva. Vive d\u2019<strong>innovazione<\/strong>, nell\u2019accezione pi\u00f9 ampia del termine (prodotti e produzioni, nuovi materiali e relazioni industriali, linguaggi e strumenti di governance). E cresce innervando sistemi di dialogo e confronto tra industria, servizi, centri di ricerca, scuole e universit\u00e0, pubbliche amministrazioni. Lavora per progetti. <strong>Costruisce sintesi<\/strong>. La strategia di Assolombarda ne \u00e8 un ottimo esempio. Presentata la scorsa settimana (dopo un lungo lavoro di analisi e costruzione delle proposte) ha ricevuto subito il consenso di attori istituzionali (il Comune di Milano) ed economici (la Camera di Commercio), aprendo la strada di un dialogo pi\u00f9 ampio e costruttivo. Non il solito \u201ctavolo\u201d dei buoni propositi. Ma un impegno a fare crescere Milano con l\u2019occhio rivolto all\u2019<strong>Expo 2015<\/strong> e al dopo Expo.<\/p><p>Di che citt\u00e0 si sta parlando? Di una \u201c<strong>Milano politecnica<\/strong>\u201d che, forte delle sue tradizioni, incorpora conoscenza e produzione, ricerca pura e ricerca applicata, formazione, creativit\u00e0 e comunicazione. Di una Milano metropolitana, simile alla citta ampia e addirittura \u201cinfinita\u201d come dicono i sociologhi come <strong>Martinotti<\/strong> e <strong>Bonomi<\/strong>, su un\u2019area che dal Nord Ovest guarda verso il resto della Lombardia, il Nord Est, l\u2019Emilia e l\u2019intero Paese. E di una Milano che recupera e rilancia la sua vocazione internazionale. La competizione, infatti, avviene tra sistemi territoriali, non pi\u00f9 solo tra imprese. E Milano deve imparare a confrontarsi con Monaco e la Baviera, con Barcellona e la creativa e industriale Catalogna (che sta dinamicamente uscendo dalla crisi, prima e meglio del resto della Spagna), con Lione e l\u2019area francese che costruisce reti d\u2019eccellenza hi tech.<\/p><p>E\u2019 una competizione possibile. Perch\u00e9 proprio la Milano metropoli di cui si parla pu\u00f2 vantare un sistema di universit\u00e0 pubbliche e private di qualit\u00e0 (Politecnico e Bocconi sono ai primi posti nei ranking internazionali), di ottimi centri di ricerca, di un capitale umano che, anche secondo i parametri Pisa (Programme for International Student Assessment) vede la Lombardia al pari e meglio della Svizzera, per competenze scientifiche degli studenti, comunque ben al di sopra della media Ocse, di una serie di primati per la ricerca scientifica nel settore delle \u201clife sciences\u201d. La sintesi tra manifattura, finanza, servizi hi tech, creativit\u00e0, cultura (dall\u2019editoria alla musica, dal teatro all\u2019arte contemporanea), organizzazioni per la coesione sociale fa gi\u00e0 adesso di Milano una \u201clocomotiva\u201d della crescita. Ne vanno liberate le energie. Mettendo le imprese al centro di programmi di sviluppo sostenibile, ambientalmente e socialmente. E rivendicando un sistema di infrastrutture, materiali e immateriali, che consentano alla macchina economica di sfruttare tutte le potenzialit\u00e0. Milano \u201c<strong>hub della conoscenza<\/strong>\u201d. Di nuovo attrattiva per le imprese internazionali. E impegnata a essere una \u201cstart up town\u201d, luogo fisico e culturale in cui stimolare le imprese nuove, pi\u00f9 innovative.<\/p><p>Milano, da tutti questi punti di vista, \u00e8 una \u201c<strong>societ\u00e0 aperta<\/strong>\u201d, per usare l\u2019affascinante schema di Karl Popper. Ancora vitale, nonostante tutti i \u201clacci e laccioli\u201d che ne imbrigliano la forza, la dinamicit\u00e0. Pu\u00f2 andare avanti. E trainare l\u2019Italia, con i piedi ben saldi dentro l\u2019Europa.<\/p>","protected":false},"excerpt":{"rendered":"<p>\u201cFar volare Milano\u201d, \u00e8 lo slogan di Assolombarda, per riassumere il senso della strategia d\u2019impegno del presidente Gianfelice Rocca e della squadra di presidenza dell\u2019associazione (la pi\u00f9 grande e importante struttura territoriale di Confindustria). E dunque rafforzarne il ruolo di motore principale della crescita dell\u2019intero \u201csistema Italia\u201d. Programma ambizioso, ma anche molto pragmatico, sulla scorta [&hellip;]<\/p>\n","protected":false},"author":1,"featured_media":49082,"comment_status":"open","ping_status":"open","sticky":false,"template":"","format":"standard","meta":{"footnotes":""},"categories":[53,52],"tags":[],"class_list":["post-49081","post","type-post","status-publish","format-standard","has-post-thumbnail","hentry","category-blog","category-cultura-dimpresa"],"acf":[],"yoast_head":"<!-- This site is optimized with the Yoast SEO plugin v25.0 - https:\/\/yoast.com\/wordpress\/plugins\/seo\/ -->\n<title>\u201cFare volare Milano\u201d, tra manifattura, ricerca e cultura - Fondazione Pirelli<\/title>\n<meta name=\"robots\" content=\"index, follow, max-snippet:-1, max-image-preview:large, max-video-preview:-1\" \/>\n<link rel=\"canonical\" href=\"https:\/\/www.fondazionepirelli.org\/it\/cultura-dimpresa\/fare-volare-milano-tra-manifattura-ricerca-e-cultura\/\" \/>\n<meta property=\"og:locale\" content=\"it_IT\" \/>\n<meta property=\"og:type\" content=\"article\" \/>\n<meta property=\"og:title\" content=\"\u201cFare volare Milano\u201d, tra manifattura, ricerca e cultura - Fondazione Pirelli\" \/>\n<meta property=\"og:description\" content=\"\u201cFar volare Milano\u201d, \u00e8 lo slogan di Assolombarda, per riassumere il senso della strategia d\u2019impegno del presidente Gianfelice Rocca e della squadra di presidenza dell\u2019associazione (la pi\u00f9 grande e importante struttura territoriale di Confindustria). E dunque rafforzarne il ruolo di motore principale della crescita dell\u2019intero \u201csistema Italia\u201d. Programma ambizioso, ma anche molto pragmatico, sulla scorta [&hellip;]\" \/>\n<meta property=\"og:url\" content=\"https:\/\/127.0.0.1\/it\/cultura-dimpresa\/fare-volare-milano-tra-manifattura-ricerca-e-cultura\/\" \/>\n<meta property=\"og:site_name\" content=\"Fondazione Pirelli\" \/>\n<meta property=\"article:published_time\" content=\"2013-12-23T00:00:00+00:00\" \/>\n<meta property=\"article:modified_time\" content=\"2019-05-20T16:20:05+00:00\" \/>\n<meta property=\"og:image\" content=\"https:\/\/wpsite-assets.fondazionepirelli.org\/wp-content\/uploads\/2019\/05\/20102206\/1387878349871011175.jpg\" \/>\n\t<meta property=\"og:image:width\" content=\"249\" \/>\n\t<meta property=\"og:image:height\" content=\"375\" \/>\n\t<meta property=\"og:image:type\" content=\"image\/jpeg\" \/>\n<meta name=\"author\" content=\"fondadmin\" \/>\n<meta name=\"twitter:card\" content=\"summary_large_image\" \/>\n<meta name=\"twitter:label1\" content=\"Scritto da\" \/>\n\t<meta name=\"twitter:data1\" content=\"fondadmin\" \/>\n\t<meta name=\"twitter:label2\" content=\"Tempo di lettura stimato\" \/>\n\t<meta name=\"twitter:data2\" content=\"4 minuti\" \/>\n<script type=\"application\/ld+json\" class=\"yoast-schema-graph\">{\"@context\":\"https:\/\/schema.org\",\"@graph\":[{\"@type\":\"WebPage\",\"@id\":\"https:\/\/127.0.0.1\/it\/cultura-dimpresa\/fare-volare-milano-tra-manifattura-ricerca-e-cultura\/\",\"url\":\"https:\/\/127.0.0.1\/it\/cultura-dimpresa\/fare-volare-milano-tra-manifattura-ricerca-e-cultura\/\",\"name\":\"\u201cFare volare Milano\u201d, tra manifattura, ricerca e cultura - Fondazione Pirelli\",\"isPartOf\":{\"@id\":\"https:\/\/www.fondazionepirelli.org\/it\/#website\"},\"primaryImageOfPage\":{\"@id\":\"https:\/\/127.0.0.1\/it\/cultura-dimpresa\/fare-volare-milano-tra-manifattura-ricerca-e-cultura\/#primaryimage\"},\"image\":{\"@id\":\"https:\/\/127.0.0.1\/it\/cultura-dimpresa\/fare-volare-milano-tra-manifattura-ricerca-e-cultura\/#primaryimage\"},\"thumbnailUrl\":\"https:\/\/wpsite-assets.fondazionepirelli.org\/wp-content\/uploads\/2019\/05\/20102206\/1387878349871011175.jpg\",\"datePublished\":\"2013-12-23T00:00:00+00:00\",\"dateModified\":\"2019-05-20T16:20:05+00:00\",\"author\":{\"@id\":\"https:\/\/www.fondazionepirelli.org\/it\/#\/schema\/person\/f47d097000832c4a6e54538c791fdf25\"},\"breadcrumb\":{\"@id\":\"https:\/\/127.0.0.1\/it\/cultura-dimpresa\/fare-volare-milano-tra-manifattura-ricerca-e-cultura\/#breadcrumb\"},\"inLanguage\":\"it-IT\",\"potentialAction\":[{\"@type\":\"ReadAction\",\"target\":[\"https:\/\/127.0.0.1\/it\/cultura-dimpresa\/fare-volare-milano-tra-manifattura-ricerca-e-cultura\/\"]}]},{\"@type\":\"ImageObject\",\"inLanguage\":\"it-IT\",\"@id\":\"https:\/\/127.0.0.1\/it\/cultura-dimpresa\/fare-volare-milano-tra-manifattura-ricerca-e-cultura\/#primaryimage\",\"url\":\"https:\/\/wpsite-assets.fondazionepirelli.org\/wp-content\/uploads\/2019\/05\/20102206\/1387878349871011175.jpg\",\"contentUrl\":\"https:\/\/wpsite-assets.fondazionepirelli.org\/wp-content\/uploads\/2019\/05\/20102206\/1387878349871011175.jpg\",\"width\":249,\"height\":375},{\"@type\":\"BreadcrumbList\",\"@id\":\"https:\/\/127.0.0.1\/it\/cultura-dimpresa\/fare-volare-milano-tra-manifattura-ricerca-e-cultura\/#breadcrumb\",\"itemListElement\":[{\"@type\":\"ListItem\",\"position\":1,\"name\":\"Home\",\"item\":\"https:\/\/www.fondazionepirelli.org\/it\/\"},{\"@type\":\"ListItem\",\"position\":2,\"name\":\"\u201cFare volare Milano\u201d, tra manifattura, ricerca e cultura\"}]},{\"@type\":\"WebSite\",\"@id\":\"https:\/\/www.fondazionepirelli.org\/it\/#website\",\"url\":\"https:\/\/www.fondazionepirelli.org\/it\/\",\"name\":\"Fondazione Pirelli\",\"description\":\"\",\"potentialAction\":[{\"@type\":\"SearchAction\",\"target\":{\"@type\":\"EntryPoint\",\"urlTemplate\":\"https:\/\/www.fondazionepirelli.org\/it\/?s={search_term_string}\"},\"query-input\":{\"@type\":\"PropertyValueSpecification\",\"valueRequired\":true,\"valueName\":\"search_term_string\"}}],\"inLanguage\":\"it-IT\"},{\"@type\":\"Person\",\"@id\":\"https:\/\/www.fondazionepirelli.org\/it\/#\/schema\/person\/f47d097000832c4a6e54538c791fdf25\",\"name\":\"fondadmin\",\"image\":{\"@type\":\"ImageObject\",\"inLanguage\":\"it-IT\",\"@id\":\"https:\/\/www.fondazionepirelli.org\/it\/#\/schema\/person\/image\/\",\"url\":\"https:\/\/secure.gravatar.com\/avatar\/e69498a9175ca244966e51e53c88712c024fcebe41f9a05f75657f1bb25e489b?s=96&d=mm&r=g\",\"contentUrl\":\"https:\/\/secure.gravatar.com\/avatar\/e69498a9175ca244966e51e53c88712c024fcebe41f9a05f75657f1bb25e489b?s=96&d=mm&r=g\",\"caption\":\"fondadmin\"},\"url\":\"https:\/\/www.fondazionepirelli.org\/it\/author\/fondadmin\/\"}]}<\/script>\n<!-- \/ Yoast SEO plugin. -->","yoast_head_json":{"title":"\u201cFare volare Milano\u201d, tra manifattura, ricerca e cultura - Fondazione Pirelli","robots":{"index":"index","follow":"follow","max-snippet":"max-snippet:-1","max-image-preview":"max-image-preview:large","max-video-preview":"max-video-preview:-1"},"canonical":"https:\/\/www.fondazionepirelli.org\/it\/cultura-dimpresa\/fare-volare-milano-tra-manifattura-ricerca-e-cultura\/","og_locale":"it_IT","og_type":"article","og_title":"\u201cFare volare Milano\u201d, tra manifattura, ricerca e cultura - Fondazione Pirelli","og_description":"\u201cFar volare Milano\u201d, \u00e8 lo slogan di Assolombarda, per riassumere il senso della strategia d\u2019impegno del presidente Gianfelice Rocca e della squadra di presidenza dell\u2019associazione (la pi\u00f9 grande e importante struttura territoriale di Confindustria). E dunque rafforzarne il ruolo di motore principale della crescita dell\u2019intero \u201csistema Italia\u201d. Programma ambizioso, ma anche molto pragmatico, sulla scorta [&hellip;]","og_url":"https:\/\/127.0.0.1\/it\/cultura-dimpresa\/fare-volare-milano-tra-manifattura-ricerca-e-cultura\/","og_site_name":"Fondazione Pirelli","article_published_time":"2013-12-23T00:00:00+00:00","article_modified_time":"2019-05-20T16:20:05+00:00","og_image":[{"width":249,"height":375,"url":"https:\/\/wpsite-assets.fondazionepirelli.org\/wp-content\/uploads\/2019\/05\/20102206\/1387878349871011175.jpg","type":"image\/jpeg"}],"author":"fondadmin","twitter_card":"summary_large_image","twitter_misc":{"Scritto da":"fondadmin","Tempo di lettura stimato":"4 minuti"},"schema":{"@context":"https:\/\/schema.org","@graph":[{"@type":"WebPage","@id":"https:\/\/127.0.0.1\/it\/cultura-dimpresa\/fare-volare-milano-tra-manifattura-ricerca-e-cultura\/","url":"https:\/\/127.0.0.1\/it\/cultura-dimpresa\/fare-volare-milano-tra-manifattura-ricerca-e-cultura\/","name":"\u201cFare volare Milano\u201d, tra manifattura, ricerca e cultura - Fondazione Pirelli","isPartOf":{"@id":"https:\/\/www.fondazionepirelli.org\/it\/#website"},"primaryImageOfPage":{"@id":"https:\/\/127.0.0.1\/it\/cultura-dimpresa\/fare-volare-milano-tra-manifattura-ricerca-e-cultura\/#primaryimage"},"image":{"@id":"https:\/\/127.0.0.1\/it\/cultura-dimpresa\/fare-volare-milano-tra-manifattura-ricerca-e-cultura\/#primaryimage"},"thumbnailUrl":"https:\/\/wpsite-assets.fondazionepirelli.org\/wp-content\/uploads\/2019\/05\/20102206\/1387878349871011175.jpg","datePublished":"2013-12-23T00:00:00+00:00","dateModified":"2019-05-20T16:20:05+00:00","author":{"@id":"https:\/\/www.fondazionepirelli.org\/it\/#\/schema\/person\/f47d097000832c4a6e54538c791fdf25"},"breadcrumb":{"@id":"https:\/\/127.0.0.1\/it\/cultura-dimpresa\/fare-volare-milano-tra-manifattura-ricerca-e-cultura\/#breadcrumb"},"inLanguage":"it-IT","potentialAction":[{"@type":"ReadAction","target":["https:\/\/127.0.0.1\/it\/cultura-dimpresa\/fare-volare-milano-tra-manifattura-ricerca-e-cultura\/"]}]},{"@type":"ImageObject","inLanguage":"it-IT","@id":"https:\/\/127.0.0.1\/it\/cultura-dimpresa\/fare-volare-milano-tra-manifattura-ricerca-e-cultura\/#primaryimage","url":"https:\/\/wpsite-assets.fondazionepirelli.org\/wp-content\/uploads\/2019\/05\/20102206\/1387878349871011175.jpg","contentUrl":"https:\/\/wpsite-assets.fondazionepirelli.org\/wp-content\/uploads\/2019\/05\/20102206\/1387878349871011175.jpg","width":249,"height":375},{"@type":"BreadcrumbList","@id":"https:\/\/127.0.0.1\/it\/cultura-dimpresa\/fare-volare-milano-tra-manifattura-ricerca-e-cultura\/#breadcrumb","itemListElement":[{"@type":"ListItem","position":1,"name":"Home","item":"https:\/\/www.fondazionepirelli.org\/it\/"},{"@type":"ListItem","position":2,"name":"\u201cFare volare Milano\u201d, tra manifattura, ricerca e cultura"}]},{"@type":"WebSite","@id":"https:\/\/www.fondazionepirelli.org\/it\/#website","url":"https:\/\/www.fondazionepirelli.org\/it\/","name":"Fondazione Pirelli","description":"","potentialAction":[{"@type":"SearchAction","target":{"@type":"EntryPoint","urlTemplate":"https:\/\/www.fondazionepirelli.org\/it\/?s={search_term_string}"},"query-input":{"@type":"PropertyValueSpecification","valueRequired":true,"valueName":"search_term_string"}}],"inLanguage":"it-IT"},{"@type":"Person","@id":"https:\/\/www.fondazionepirelli.org\/it\/#\/schema\/person\/f47d097000832c4a6e54538c791fdf25","name":"fondadmin","image":{"@type":"ImageObject","inLanguage":"it-IT","@id":"https:\/\/www.fondazionepirelli.org\/it\/#\/schema\/person\/image\/","url":"https:\/\/secure.gravatar.com\/avatar\/e69498a9175ca244966e51e53c88712c024fcebe41f9a05f75657f1bb25e489b?s=96&d=mm&r=g","contentUrl":"https:\/\/secure.gravatar.com\/avatar\/e69498a9175ca244966e51e53c88712c024fcebe41f9a05f75657f1bb25e489b?s=96&d=mm&r=g","caption":"fondadmin"},"url":"https:\/\/www.fondazionepirelli.org\/it\/author\/fondadmin\/"}]}},"_links":{"self":[{"href":"https:\/\/www.fondazionepirelli.org\/it\/wp-json\/wp\/v2\/posts\/49081\/"}],"collection":[{"href":"https:\/\/www.fondazionepirelli.org\/it\/wp-json\/wp\/v2\/posts\/"}],"about":[{"href":"https:\/\/www.fondazionepirelli.org\/it\/wp-json\/wp\/v2\/types\/post\/"}],"author":[{"embeddable":true,"href":"https:\/\/www.fondazionepirelli.org\/it\/wp-json\/wp\/v2\/users\/1\/"}],"replies":[{"embeddable":true,"href":"https:\/\/www.fondazionepirelli.org\/it\/wp-json\/wp\/v2\/comments\/?post=49081"}],"version-history":[{"count":1,"href":"https:\/\/www.fondazionepirelli.org\/it\/wp-json\/wp\/v2\/posts\/49081\/revisions\/"}],"predecessor-version":[{"id":55633,"href":"https:\/\/www.fondazionepirelli.org\/it\/wp-json\/wp\/v2\/posts\/49081\/revisions\/55633\/"}],"wp:featuredmedia":[{"embeddable":true,"href":"https:\/\/www.fondazionepirelli.org\/it\/wp-json\/wp\/v2\/media\/49082\/"}],"wp:attachment":[{"href":"https:\/\/www.fondazionepirelli.org\/it\/wp-json\/wp\/v2\/media\/?parent=49081"}],"wp:term":[{"taxonomy":"category","embeddable":true,"href":"https:\/\/www.fondazionepirelli.org\/it\/wp-json\/wp\/v2\/categories\/?post=49081"},{"taxonomy":"post_tag","embeddable":true,"href":"https:\/\/www.fondazionepirelli.org\/it\/wp-json\/wp\/v2\/tags\/?post=49081"}],"curies":[{"name":"wp","href":"https:\/\/api.w.org\/{rel}","templated":true}]}}