{"id":49094,"date":"2013-12-16T00:00:00","date_gmt":"2013-12-16T00:00:00","guid":{"rendered":"http:\/\/www.fondazionepirelli.org\/fondazione-pirelli\/lattualita-della-fabbrica-rileggendo-anche-marx\/"},"modified":"2019-05-20T16:18:27","modified_gmt":"2019-05-20T16:18:27","slug":"lattualita-della-fabbrica-rileggendo-anche-marx","status":"publish","type":"post","link":"https:\/\/www.fondazionepirelli.org\/it\/cultura-dimpresa\/lattualita-della-fabbrica-rileggendo-anche-marx\/","title":{"rendered":"L\u2019attualit\u00e0 della fabbrica rileggendo anche Marx"},"content":{"rendered":"<p>\u201c<strong>L\u2019economia della conoscenza \u00e8 nata nella fabbrica<\/strong>\u201d, sostiene <strong>Joel Mokyr<\/strong>, uno dei maggiori studiosi dell\u2019economia industriale, in \u201c<strong>I doni di Atena \u2013 Le origini storiche dell\u2019economia della conoscenza<\/strong>\u201d, libro essenziale, pubblicato a Princeton nel 2002 e in Italia, da Il Mulino, nel 2004. C\u2019\u00e8 la lezione di <strong>Max Weber<\/strong>, in questo giudizio. Quella di <strong>Alfred Marshall<\/strong>, secondo cui l\u2019organizzazione produttiva \u00e8 il luogo del cambiamento molecolare, cumulativo, adattativo. Ma anche, andando ancora pi\u00f9 indietro, quella di <strong>Karl Marx<\/strong>, che ne \u201cIl Capitale\u201d parla dell\u2019 &#8220;incoercibile vitalit\u00e0 delle forze produttive&#8221;, descrive \u00a0\u201cla produzione continua e cumulativa di conoscenza incorporata e generata nella fabbrica\u201d e insiste che \u201coltre una certa soglia di sviluppo la fabbrica \u00e8 soprattutto tecnica e conoscenza\u201d. Fabbrica, dunque, come luogo dell\u2019innovazione, della formazione di nuova cultura, della produzione di merci e servizi correlati ma anche di un sistema di relazioni che legano saperi diversi, quelli scientifici e tecnologici e quelli delle \u201cscienze umane\u201d indispensabili nella costruzione di metodi di guida e governo delle persone che lavorano e dei linguaggi per raccontare il lavoro stesso, i prodotti, i mercati, i consumi. Fabbrica, insomma, come posto in cui la tecnica si ibrida con l\u2019etica (riecco Weber) e, perch\u00e9 no?, con l\u2019estetica: la forma dei prodotti e adesso anche quella dei luoghi di produzione, con gli stabilimenti industriali \u201cbelli e sostenibili\u201d, disegnati da grandi architetti con cura del lay out produttivo e dell\u2019ergonomia che deve ispirare il singolo posto di lavoro, del paesaggio esterno e della luminosit\u00e0 e dell\u2019accoglienza degli ambienti interni. \u00a0Anche da questo punto di vista, funziona lo slogan secondo cui \u201cimpresa \u00e8 cultura\u201d. Naturalmente, una \u201ccultura politecnica\u201d.<\/p><p>L\u2019elaborazione di Mokyr ha ispirato il seminario \u201c<strong>Nuove fabbriche \u2013 Lo sviluppo industriale a un tornante<\/strong>\u201d organizzato la scorsa settima a Torino, nei capannoni degli ex stabilimenti industriali di corso Castelfidardo diventati sede del Politecnico, dall\u2019Universit\u00e0 Bocconi di Milano e dal Siti (l\u2019Istituto sui sistemi territoriali per l\u2019innovazione) e guidato da <strong>Giuseppe Berta<\/strong>, ottimo storico dell\u2019industria (in febbraio, per Einaudi, uscir\u00e0 un suo nuovo libro, \u201cLa produzione intelligente\u201d, ispirato appunto all\u2019evoluzione del sistema industriale italiano).<\/p><p>Ma ha ancora senso, oggi, parlare di fabbriche, quando l\u2019Italia industriale sembra arretrare (fatto 100 l\u2019indice della produzione industriale nel gennaio 2008, nel dicembre 2012 si \u00e8 scesi a 76 e si continua ancora ad arretrare, in un processo che distrugge imprese, posti di lavoro, competenze)? S\u00ec, ha senso, se al di l\u00e0 dei sintomi di declino e del tramonto della \u201cgrande fabbrica\u201d che aveva connotato l\u2019Italia del Novecento, si guarda al dinamismo di una serie di imprese piccole e medie che, soprattutto nel Nord Ovest e nel Nord Est, crescono, innovano, battono la crisi puntando sui mercati internazionali, mostrano la nuova vitalit\u00e0 del \u201cmade in Italy\u201d.<\/p><p>Berta parla di competitivit\u00e0 fondata sulla qualit\u00e0 e sull\u2019 \u201calto di gamma\u201d e spiega che \u201canche nel tessuto produttivo italiano si inizia ad intravvedere, accanto ai fenomeni di decadimento e di degrado del vecchio apparato produttivo, una sofisticata, sebbene ancora non coordinata, azione di convergenza tra numerose imprese, appartenenti a una variet\u00e0 di aree economiche e settoriali, che mirano a riclassificare la loro attivit\u00e0, sia per mantenere il loro radicamento territoriale sia per incrementare la loro capacit\u00e0 di esportazione e di presenza internazionale\u201d.<\/p><p>Fabbriche laboratorio, fabbriche che sperimentano nuove relazioni tra prodotto e servizio (e contribuiscono a innovare un sistema del terziario in Italia ancora tradizionale, scarsamente competitivo), fabbriche forti del primato del capitale umano e, appunto, della robusta \u201ceconomia della conoscenza\u201d italiana. Fabbriche driver di un possibile sviluppo, che rende realistico l\u2019obiettivo dato dalla Ue e ribadito dal governo Letta di portare entro il 2020 al 20% l\u2019incidenza della manifattura sul Pil (oggi siamo appena sotto il 17%).<\/p><p>C\u2019\u00e8 anche un altro motivo, che spinge a insistere sull\u2019attualit\u00e0 della fabbrica. \u201cLa manifattura \u00e8 un presidio di organizzazione razionale del Paese, mentre non lo sono la pubblica amministrazione, molti servizi pubblici, lo stesso mondo dello sport\u2026\u201d, sostiene <strong>Dario Di Vico<\/strong>, giornalista di solida esperienza e ottima conoscenza del tessuto economico italiano. Razionalit\u00e0 industriale. Innervata di creativit\u00e0. E di robusta attitudine alla crescita. La scommessa dello sviluppo, nonostante tutto, non \u00e8 affatto persa.<\/p>\n","protected":false},"excerpt":{"rendered":"<p>\u201cL\u2019economia della conoscenza \u00e8 nata nella fabbrica\u201d, sostiene Joel Mokyr, uno dei maggiori studiosi dell\u2019economia industriale, in \u201cI doni di Atena \u2013 Le origini storiche dell\u2019economia della conoscenza\u201d, libro essenziale, pubblicato a Princeton nel 2002 e in Italia, da Il Mulino, nel 2004. C\u2019\u00e8 la lezione di Max Weber, in questo giudizio. Quella di Alfred [&hellip;]<\/p>\n","protected":false},"author":1,"featured_media":49095,"comment_status":"open","ping_status":"open","sticky":false,"template":"","format":"standard","meta":{"footnotes":""},"categories":[53,52],"tags":[],"class_list":["post-49094","post","type-post","status-publish","format-standard","has-post-thumbnail","hentry","category-blog","category-cultura-dimpresa"],"acf":[],"yoast_head":"<!-- This site is optimized with the Yoast SEO plugin v25.0 - https:\/\/yoast.com\/wordpress\/plugins\/seo\/ -->\n<title>L\u2019attualit\u00e0 della fabbrica rileggendo anche Marx - Fondazione Pirelli<\/title>\n<meta name=\"robots\" content=\"index, follow, max-snippet:-1, max-image-preview:large, max-video-preview:-1\" \/>\n<link rel=\"canonical\" href=\"https:\/\/www.fondazionepirelli.org\/it\/cultura-dimpresa\/lattualita-della-fabbrica-rileggendo-anche-marx\/\" \/>\n<meta property=\"og:locale\" content=\"it_IT\" \/>\n<meta property=\"og:type\" content=\"article\" \/>\n<meta property=\"og:title\" content=\"L\u2019attualit\u00e0 della fabbrica rileggendo anche Marx - Fondazione Pirelli\" \/>\n<meta property=\"og:description\" content=\"\u201cL\u2019economia della conoscenza \u00e8 nata nella fabbrica\u201d, sostiene Joel Mokyr, uno dei maggiori studiosi dell\u2019economia industriale, in \u201cI doni di Atena \u2013 Le origini storiche dell\u2019economia della conoscenza\u201d, libro essenziale, pubblicato a Princeton nel 2002 e in Italia, da Il Mulino, nel 2004. C\u2019\u00e8 la lezione di Max Weber, in questo giudizio. Quella di Alfred [&hellip;]\" \/>\n<meta property=\"og:url\" content=\"https:\/\/127.0.0.1\/it\/cultura-dimpresa\/lattualita-della-fabbrica-rileggendo-anche-marx\/\" \/>\n<meta property=\"og:site_name\" content=\"Fondazione Pirelli\" \/>\n<meta property=\"article:published_time\" content=\"2013-12-16T00:00:00+00:00\" \/>\n<meta property=\"article:modified_time\" content=\"2019-05-20T16:18:27+00:00\" \/>\n<meta property=\"og:image\" content=\"https:\/\/wpsite-assets.fondazionepirelli.org\/wp-content\/uploads\/2019\/05\/20102204\/13872780761155372467.jpg\" \/>\n\t<meta property=\"og:image:width\" content=\"249\" \/>\n\t<meta property=\"og:image:height\" content=\"375\" \/>\n\t<meta property=\"og:image:type\" content=\"image\/jpeg\" \/>\n<meta name=\"author\" content=\"fondadmin\" \/>\n<meta name=\"twitter:card\" content=\"summary_large_image\" \/>\n<meta name=\"twitter:label1\" content=\"Scritto da\" \/>\n\t<meta name=\"twitter:data1\" content=\"fondadmin\" \/>\n\t<meta name=\"twitter:label2\" content=\"Tempo di lettura stimato\" \/>\n\t<meta name=\"twitter:data2\" content=\"3 minuti\" \/>\n<script type=\"application\/ld+json\" class=\"yoast-schema-graph\">{\"@context\":\"https:\/\/schema.org\",\"@graph\":[{\"@type\":\"WebPage\",\"@id\":\"https:\/\/127.0.0.1\/it\/cultura-dimpresa\/lattualita-della-fabbrica-rileggendo-anche-marx\/\",\"url\":\"https:\/\/127.0.0.1\/it\/cultura-dimpresa\/lattualita-della-fabbrica-rileggendo-anche-marx\/\",\"name\":\"L\u2019attualit\u00e0 della fabbrica rileggendo anche Marx - Fondazione Pirelli\",\"isPartOf\":{\"@id\":\"https:\/\/www.fondazionepirelli.org\/it\/#website\"},\"primaryImageOfPage\":{\"@id\":\"https:\/\/127.0.0.1\/it\/cultura-dimpresa\/lattualita-della-fabbrica-rileggendo-anche-marx\/#primaryimage\"},\"image\":{\"@id\":\"https:\/\/127.0.0.1\/it\/cultura-dimpresa\/lattualita-della-fabbrica-rileggendo-anche-marx\/#primaryimage\"},\"thumbnailUrl\":\"https:\/\/wpsite-assets.fondazionepirelli.org\/wp-content\/uploads\/2019\/05\/20102204\/13872780761155372467.jpg\",\"datePublished\":\"2013-12-16T00:00:00+00:00\",\"dateModified\":\"2019-05-20T16:18:27+00:00\",\"author\":{\"@id\":\"https:\/\/www.fondazionepirelli.org\/it\/#\/schema\/person\/f47d097000832c4a6e54538c791fdf25\"},\"breadcrumb\":{\"@id\":\"https:\/\/127.0.0.1\/it\/cultura-dimpresa\/lattualita-della-fabbrica-rileggendo-anche-marx\/#breadcrumb\"},\"inLanguage\":\"it-IT\",\"potentialAction\":[{\"@type\":\"ReadAction\",\"target\":[\"https:\/\/127.0.0.1\/it\/cultura-dimpresa\/lattualita-della-fabbrica-rileggendo-anche-marx\/\"]}]},{\"@type\":\"ImageObject\",\"inLanguage\":\"it-IT\",\"@id\":\"https:\/\/127.0.0.1\/it\/cultura-dimpresa\/lattualita-della-fabbrica-rileggendo-anche-marx\/#primaryimage\",\"url\":\"https:\/\/wpsite-assets.fondazionepirelli.org\/wp-content\/uploads\/2019\/05\/20102204\/13872780761155372467.jpg\",\"contentUrl\":\"https:\/\/wpsite-assets.fondazionepirelli.org\/wp-content\/uploads\/2019\/05\/20102204\/13872780761155372467.jpg\",\"width\":249,\"height\":375},{\"@type\":\"BreadcrumbList\",\"@id\":\"https:\/\/127.0.0.1\/it\/cultura-dimpresa\/lattualita-della-fabbrica-rileggendo-anche-marx\/#breadcrumb\",\"itemListElement\":[{\"@type\":\"ListItem\",\"position\":1,\"name\":\"Home\",\"item\":\"https:\/\/www.fondazionepirelli.org\/it\/\"},{\"@type\":\"ListItem\",\"position\":2,\"name\":\"L\u2019attualit\u00e0 della fabbrica rileggendo anche Marx\"}]},{\"@type\":\"WebSite\",\"@id\":\"https:\/\/www.fondazionepirelli.org\/it\/#website\",\"url\":\"https:\/\/www.fondazionepirelli.org\/it\/\",\"name\":\"Fondazione Pirelli\",\"description\":\"\",\"potentialAction\":[{\"@type\":\"SearchAction\",\"target\":{\"@type\":\"EntryPoint\",\"urlTemplate\":\"https:\/\/www.fondazionepirelli.org\/it\/?s={search_term_string}\"},\"query-input\":{\"@type\":\"PropertyValueSpecification\",\"valueRequired\":true,\"valueName\":\"search_term_string\"}}],\"inLanguage\":\"it-IT\"},{\"@type\":\"Person\",\"@id\":\"https:\/\/www.fondazionepirelli.org\/it\/#\/schema\/person\/f47d097000832c4a6e54538c791fdf25\",\"name\":\"fondadmin\",\"image\":{\"@type\":\"ImageObject\",\"inLanguage\":\"it-IT\",\"@id\":\"https:\/\/www.fondazionepirelli.org\/it\/#\/schema\/person\/image\/\",\"url\":\"https:\/\/secure.gravatar.com\/avatar\/e69498a9175ca244966e51e53c88712c024fcebe41f9a05f75657f1bb25e489b?s=96&d=mm&r=g\",\"contentUrl\":\"https:\/\/secure.gravatar.com\/avatar\/e69498a9175ca244966e51e53c88712c024fcebe41f9a05f75657f1bb25e489b?s=96&d=mm&r=g\",\"caption\":\"fondadmin\"},\"url\":\"https:\/\/www.fondazionepirelli.org\/it\/author\/fondadmin\/\"}]}<\/script>\n<!-- \/ Yoast SEO plugin. -->","yoast_head_json":{"title":"L\u2019attualit\u00e0 della fabbrica rileggendo anche Marx - Fondazione Pirelli","robots":{"index":"index","follow":"follow","max-snippet":"max-snippet:-1","max-image-preview":"max-image-preview:large","max-video-preview":"max-video-preview:-1"},"canonical":"https:\/\/www.fondazionepirelli.org\/it\/cultura-dimpresa\/lattualita-della-fabbrica-rileggendo-anche-marx\/","og_locale":"it_IT","og_type":"article","og_title":"L\u2019attualit\u00e0 della fabbrica rileggendo anche Marx - Fondazione Pirelli","og_description":"\u201cL\u2019economia della conoscenza \u00e8 nata nella fabbrica\u201d, sostiene Joel Mokyr, uno dei maggiori studiosi dell\u2019economia industriale, in \u201cI doni di Atena \u2013 Le origini storiche dell\u2019economia della conoscenza\u201d, libro essenziale, pubblicato a Princeton nel 2002 e in Italia, da Il Mulino, nel 2004. C\u2019\u00e8 la lezione di Max Weber, in questo giudizio. Quella di Alfred [&hellip;]","og_url":"https:\/\/127.0.0.1\/it\/cultura-dimpresa\/lattualita-della-fabbrica-rileggendo-anche-marx\/","og_site_name":"Fondazione Pirelli","article_published_time":"2013-12-16T00:00:00+00:00","article_modified_time":"2019-05-20T16:18:27+00:00","og_image":[{"width":249,"height":375,"url":"https:\/\/wpsite-assets.fondazionepirelli.org\/wp-content\/uploads\/2019\/05\/20102204\/13872780761155372467.jpg","type":"image\/jpeg"}],"author":"fondadmin","twitter_card":"summary_large_image","twitter_misc":{"Scritto da":"fondadmin","Tempo di lettura stimato":"3 minuti"},"schema":{"@context":"https:\/\/schema.org","@graph":[{"@type":"WebPage","@id":"https:\/\/127.0.0.1\/it\/cultura-dimpresa\/lattualita-della-fabbrica-rileggendo-anche-marx\/","url":"https:\/\/127.0.0.1\/it\/cultura-dimpresa\/lattualita-della-fabbrica-rileggendo-anche-marx\/","name":"L\u2019attualit\u00e0 della fabbrica rileggendo anche Marx - Fondazione Pirelli","isPartOf":{"@id":"https:\/\/www.fondazionepirelli.org\/it\/#website"},"primaryImageOfPage":{"@id":"https:\/\/127.0.0.1\/it\/cultura-dimpresa\/lattualita-della-fabbrica-rileggendo-anche-marx\/#primaryimage"},"image":{"@id":"https:\/\/127.0.0.1\/it\/cultura-dimpresa\/lattualita-della-fabbrica-rileggendo-anche-marx\/#primaryimage"},"thumbnailUrl":"https:\/\/wpsite-assets.fondazionepirelli.org\/wp-content\/uploads\/2019\/05\/20102204\/13872780761155372467.jpg","datePublished":"2013-12-16T00:00:00+00:00","dateModified":"2019-05-20T16:18:27+00:00","author":{"@id":"https:\/\/www.fondazionepirelli.org\/it\/#\/schema\/person\/f47d097000832c4a6e54538c791fdf25"},"breadcrumb":{"@id":"https:\/\/127.0.0.1\/it\/cultura-dimpresa\/lattualita-della-fabbrica-rileggendo-anche-marx\/#breadcrumb"},"inLanguage":"it-IT","potentialAction":[{"@type":"ReadAction","target":["https:\/\/127.0.0.1\/it\/cultura-dimpresa\/lattualita-della-fabbrica-rileggendo-anche-marx\/"]}]},{"@type":"ImageObject","inLanguage":"it-IT","@id":"https:\/\/127.0.0.1\/it\/cultura-dimpresa\/lattualita-della-fabbrica-rileggendo-anche-marx\/#primaryimage","url":"https:\/\/wpsite-assets.fondazionepirelli.org\/wp-content\/uploads\/2019\/05\/20102204\/13872780761155372467.jpg","contentUrl":"https:\/\/wpsite-assets.fondazionepirelli.org\/wp-content\/uploads\/2019\/05\/20102204\/13872780761155372467.jpg","width":249,"height":375},{"@type":"BreadcrumbList","@id":"https:\/\/127.0.0.1\/it\/cultura-dimpresa\/lattualita-della-fabbrica-rileggendo-anche-marx\/#breadcrumb","itemListElement":[{"@type":"ListItem","position":1,"name":"Home","item":"https:\/\/www.fondazionepirelli.org\/it\/"},{"@type":"ListItem","position":2,"name":"L\u2019attualit\u00e0 della fabbrica rileggendo anche Marx"}]},{"@type":"WebSite","@id":"https:\/\/www.fondazionepirelli.org\/it\/#website","url":"https:\/\/www.fondazionepirelli.org\/it\/","name":"Fondazione Pirelli","description":"","potentialAction":[{"@type":"SearchAction","target":{"@type":"EntryPoint","urlTemplate":"https:\/\/www.fondazionepirelli.org\/it\/?s={search_term_string}"},"query-input":{"@type":"PropertyValueSpecification","valueRequired":true,"valueName":"search_term_string"}}],"inLanguage":"it-IT"},{"@type":"Person","@id":"https:\/\/www.fondazionepirelli.org\/it\/#\/schema\/person\/f47d097000832c4a6e54538c791fdf25","name":"fondadmin","image":{"@type":"ImageObject","inLanguage":"it-IT","@id":"https:\/\/www.fondazionepirelli.org\/it\/#\/schema\/person\/image\/","url":"https:\/\/secure.gravatar.com\/avatar\/e69498a9175ca244966e51e53c88712c024fcebe41f9a05f75657f1bb25e489b?s=96&d=mm&r=g","contentUrl":"https:\/\/secure.gravatar.com\/avatar\/e69498a9175ca244966e51e53c88712c024fcebe41f9a05f75657f1bb25e489b?s=96&d=mm&r=g","caption":"fondadmin"},"url":"https:\/\/www.fondazionepirelli.org\/it\/author\/fondadmin\/"}]}},"_links":{"self":[{"href":"https:\/\/www.fondazionepirelli.org\/it\/wp-json\/wp\/v2\/posts\/49094\/"}],"collection":[{"href":"https:\/\/www.fondazionepirelli.org\/it\/wp-json\/wp\/v2\/posts\/"}],"about":[{"href":"https:\/\/www.fondazionepirelli.org\/it\/wp-json\/wp\/v2\/types\/post\/"}],"author":[{"embeddable":true,"href":"https:\/\/www.fondazionepirelli.org\/it\/wp-json\/wp\/v2\/users\/1\/"}],"replies":[{"embeddable":true,"href":"https:\/\/www.fondazionepirelli.org\/it\/wp-json\/wp\/v2\/comments\/?post=49094"}],"version-history":[{"count":1,"href":"https:\/\/www.fondazionepirelli.org\/it\/wp-json\/wp\/v2\/posts\/49094\/revisions\/"}],"predecessor-version":[{"id":55631,"href":"https:\/\/www.fondazionepirelli.org\/it\/wp-json\/wp\/v2\/posts\/49094\/revisions\/55631\/"}],"wp:featuredmedia":[{"embeddable":true,"href":"https:\/\/www.fondazionepirelli.org\/it\/wp-json\/wp\/v2\/media\/49095\/"}],"wp:attachment":[{"href":"https:\/\/www.fondazionepirelli.org\/it\/wp-json\/wp\/v2\/media\/?parent=49094"}],"wp:term":[{"taxonomy":"category","embeddable":true,"href":"https:\/\/www.fondazionepirelli.org\/it\/wp-json\/wp\/v2\/categories\/?post=49094"},{"taxonomy":"post_tag","embeddable":true,"href":"https:\/\/www.fondazionepirelli.org\/it\/wp-json\/wp\/v2\/tags\/?post=49094"}],"curies":[{"name":"wp","href":"https:\/\/api.w.org\/{rel}","templated":true}]}}