{"id":49098,"date":"2013-12-16T00:00:00","date_gmt":"2013-12-16T00:00:00","guid":{"rendered":"http:\/\/www.fondazionepirelli.org\/fondazione-pirelli\/piccole-imprese-storia-e-cultura-per-tutti\/"},"modified":"2019-11-05T11:42:35","modified_gmt":"2019-11-05T09:42:35","slug":"piccole-imprese-storia-e-cultura-per-tutti","status":"publish","type":"post","link":"https:\/\/www.fondazionepirelli.org\/it\/cultura-dimpresa\/piccole-imprese-storia-e-cultura-per-tutti\/","title":{"rendered":"Piccole imprese, storia e cultura per  tutti"},"content":{"rendered":"<p>Capire la storia delle piccole imprese italiane fa bene alla cultura d\u2019impresa in generale. Ci vogliono per\u00f2 le guide giuste. E\u2019 facile, infatti, cadere nel retorico, nel gi\u00e0 visto, nei paradigmi un po\u2019 stantii che vedono la piccola impresa come la panacea di tutti i mali dell\u2019economia nazionale.<\/p>\n<p>L\u2019ultima fatica di <strong>Valerio Castronovo<\/strong> serve a questo scopo: ha il rigore di un manuale di storia, ma il fascino di un viaggio.<\/p>\n<p>\u201c<strong>L&#8217;Italia della piccola industria. Dal dopoguerra a oggi<\/strong>\u201d \u2013 appena stampato da Laterza -, \u00e8 appunto un libro di storia, ma in fin dei conti racconta anche la storia della cultura delle imprese medie e piccole e di riflesso quella della cultura della grande impresa nazionale. Castronovo ragiona partendo da una serie di considerazioni.<\/p>\n<p>Lo sviluppo di una miriade di piccole imprese ha segnato, negli ultimi cinquant&#8217;anni, non solo l&#8217;evoluzione e la geografia economica del nostro Paese, ma ha anche determinato alcune delle trasformazioni sociali del Paese e certi suoi tratti identitari. Accanto al \u201cgrande capitalismo\u201d c\u2019\u00e8 stato \u2013 e c\u2019\u00e8 -, una sorta di \u201ccapitalismo molecolare\u201d. Questo modo di intendere e fare industria si \u00e8 diffuso inizialmente sulla scia del decentramento di alcune lavorazioni dei maggiori complessi industriali e poi si \u00e8 affermato in virt\u00f9 di un un\u2019ingegnosit\u00e0 e una flessibilit\u00e0 che in qualche modo hanno avuto anche del magico.<\/p>\n<p>Ma non basta. Per Castronovo le piccole imprese, hanno anche sostenuto la rinascita di tanti borghi e centri minori dal Nord-Est al Centro-Sud della Penisola. Oggi ci si chiede se molte microimprese, sotto la pressione competitiva dei paesi emergenti e nel mezzo di una pesante recessione, riusciranno a sopravvivere.<\/p>\n<p>L\u2019idea dello storico \u00e8 che questo sia possibile a patto che si riesca a fare un salto di qualit\u00e0 in fatto di creativit\u00e0 e innovazione, apertura ad apporti manageriali e relazioni con il mercato internazionale. Ma occorrono anche condizioni fiscali diverse, una burocrazia non soffocante e un regime normativo che non sia contraddittorio come quello attuale. Ma Castronovo va anche pi\u00f9 in l\u00e0: serve, spiega, un&#8217;adeguata nuova politica industriale. Che significa, alla fine, anche un cambio di cultura d\u2019impresa.<\/p><p><strong>L&#8217;Italia della piccola industria. Dal dopoguerra a oggi<\/strong><\/p>\n<p>Valerio Castronovo<\/p>\n<p>Laterza, novembre 2013<\/p>\n","protected":false},"excerpt":{"rendered":"<p>Capire la storia delle piccole imprese italiane fa bene alla cultura d\u2019impresa in generale. Ci vogliono per\u00f2 le guide giuste. E\u2019 facile, infatti, cadere nel retorico, nel gi\u00e0 visto, nei paradigmi un po\u2019 stantii che vedono la piccola impresa come la panacea di tutti i mali dell\u2019economia nazionale. L\u2019ultima fatica di Valerio Castronovo serve a [&hellip;]<\/p>\n","protected":false},"author":1,"featured_media":49099,"comment_status":"open","ping_status":"open","sticky":false,"template":"","format":"standard","meta":{"footnotes":""},"categories":[52,58],"tags":[],"class_list":["post-49098","post","type-post","status-publish","format-standard","has-post-thumbnail","hentry","category-cultura-dimpresa","category-recensioni-libri"],"acf":[],"yoast_head":"<!-- This site is optimized with the Yoast SEO plugin v25.0 - https:\/\/yoast.com\/wordpress\/plugins\/seo\/ -->\n<title>Piccole imprese, storia e cultura per tutti - Fondazione Pirelli<\/title>\n<meta name=\"robots\" content=\"index, follow, max-snippet:-1, max-image-preview:large, max-video-preview:-1\" \/>\n<link rel=\"canonical\" href=\"https:\/\/www.fondazionepirelli.org\/it\/cultura-dimpresa\/piccole-imprese-storia-e-cultura-per-tutti\/\" \/>\n<meta property=\"og:locale\" content=\"it_IT\" \/>\n<meta property=\"og:type\" content=\"article\" \/>\n<meta property=\"og:title\" content=\"Piccole imprese, storia e cultura per tutti - Fondazione Pirelli\" \/>\n<meta property=\"og:description\" content=\"Capire la storia delle piccole imprese italiane fa bene alla cultura d\u2019impresa in generale. Ci vogliono per\u00f2 le guide giuste. E\u2019 facile, infatti, cadere nel retorico, nel gi\u00e0 visto, nei paradigmi un po\u2019 stantii che vedono la piccola impresa come la panacea di tutti i mali dell\u2019economia nazionale. L\u2019ultima fatica di Valerio Castronovo serve a [&hellip;]\" \/>\n<meta property=\"og:url\" content=\"https:\/\/127.0.0.1\/it\/cultura-dimpresa\/piccole-imprese-storia-e-cultura-per-tutti\/\" \/>\n<meta property=\"og:site_name\" content=\"Fondazione Pirelli\" \/>\n<meta property=\"article:published_time\" content=\"2013-12-16T00:00:00+00:00\" \/>\n<meta property=\"article:modified_time\" content=\"2019-11-05T09:42:35+00:00\" \/>\n<meta property=\"og:image\" content=\"https:\/\/wpsite-assets.fondazionepirelli.org\/wp-content\/uploads\/2019\/05\/20102203\/1387278770759035993.jpg\" \/>\n\t<meta property=\"og:image:width\" content=\"250\" \/>\n\t<meta property=\"og:image:height\" content=\"375\" \/>\n\t<meta property=\"og:image:type\" content=\"image\/jpeg\" \/>\n<meta name=\"author\" content=\"fondadmin\" \/>\n<meta name=\"twitter:card\" content=\"summary_large_image\" \/>\n<meta name=\"twitter:label1\" content=\"Scritto da\" \/>\n\t<meta name=\"twitter:data1\" content=\"fondadmin\" \/>\n\t<meta name=\"twitter:label2\" content=\"Tempo di lettura stimato\" \/>\n\t<meta name=\"twitter:data2\" content=\"2 minuti\" \/>\n<script type=\"application\/ld+json\" class=\"yoast-schema-graph\">{\"@context\":\"https:\/\/schema.org\",\"@graph\":[{\"@type\":\"WebPage\",\"@id\":\"https:\/\/127.0.0.1\/it\/cultura-dimpresa\/piccole-imprese-storia-e-cultura-per-tutti\/\",\"url\":\"https:\/\/127.0.0.1\/it\/cultura-dimpresa\/piccole-imprese-storia-e-cultura-per-tutti\/\",\"name\":\"Piccole imprese, storia e cultura per tutti - Fondazione Pirelli\",\"isPartOf\":{\"@id\":\"https:\/\/www.fondazionepirelli.org\/it\/#website\"},\"primaryImageOfPage\":{\"@id\":\"https:\/\/127.0.0.1\/it\/cultura-dimpresa\/piccole-imprese-storia-e-cultura-per-tutti\/#primaryimage\"},\"image\":{\"@id\":\"https:\/\/127.0.0.1\/it\/cultura-dimpresa\/piccole-imprese-storia-e-cultura-per-tutti\/#primaryimage\"},\"thumbnailUrl\":\"https:\/\/wpsite-assets.fondazionepirelli.org\/wp-content\/uploads\/2019\/05\/20102203\/1387278770759035993.jpg\",\"datePublished\":\"2013-12-16T00:00:00+00:00\",\"dateModified\":\"2019-11-05T09:42:35+00:00\",\"author\":{\"@id\":\"https:\/\/www.fondazionepirelli.org\/it\/#\/schema\/person\/f47d097000832c4a6e54538c791fdf25\"},\"breadcrumb\":{\"@id\":\"https:\/\/127.0.0.1\/it\/cultura-dimpresa\/piccole-imprese-storia-e-cultura-per-tutti\/#breadcrumb\"},\"inLanguage\":\"it-IT\",\"potentialAction\":[{\"@type\":\"ReadAction\",\"target\":[\"https:\/\/127.0.0.1\/it\/cultura-dimpresa\/piccole-imprese-storia-e-cultura-per-tutti\/\"]}]},{\"@type\":\"ImageObject\",\"inLanguage\":\"it-IT\",\"@id\":\"https:\/\/127.0.0.1\/it\/cultura-dimpresa\/piccole-imprese-storia-e-cultura-per-tutti\/#primaryimage\",\"url\":\"https:\/\/wpsite-assets.fondazionepirelli.org\/wp-content\/uploads\/2019\/05\/20102203\/1387278770759035993.jpg\",\"contentUrl\":\"https:\/\/wpsite-assets.fondazionepirelli.org\/wp-content\/uploads\/2019\/05\/20102203\/1387278770759035993.jpg\",\"width\":250,\"height\":375},{\"@type\":\"BreadcrumbList\",\"@id\":\"https:\/\/127.0.0.1\/it\/cultura-dimpresa\/piccole-imprese-storia-e-cultura-per-tutti\/#breadcrumb\",\"itemListElement\":[{\"@type\":\"ListItem\",\"position\":1,\"name\":\"Home\",\"item\":\"https:\/\/www.fondazionepirelli.org\/it\/\"},{\"@type\":\"ListItem\",\"position\":2,\"name\":\"Piccole imprese, storia e cultura per tutti\"}]},{\"@type\":\"WebSite\",\"@id\":\"https:\/\/www.fondazionepirelli.org\/it\/#website\",\"url\":\"https:\/\/www.fondazionepirelli.org\/it\/\",\"name\":\"Fondazione Pirelli\",\"description\":\"\",\"potentialAction\":[{\"@type\":\"SearchAction\",\"target\":{\"@type\":\"EntryPoint\",\"urlTemplate\":\"https:\/\/www.fondazionepirelli.org\/it\/?s={search_term_string}\"},\"query-input\":{\"@type\":\"PropertyValueSpecification\",\"valueRequired\":true,\"valueName\":\"search_term_string\"}}],\"inLanguage\":\"it-IT\"},{\"@type\":\"Person\",\"@id\":\"https:\/\/www.fondazionepirelli.org\/it\/#\/schema\/person\/f47d097000832c4a6e54538c791fdf25\",\"name\":\"fondadmin\",\"image\":{\"@type\":\"ImageObject\",\"inLanguage\":\"it-IT\",\"@id\":\"https:\/\/www.fondazionepirelli.org\/it\/#\/schema\/person\/image\/\",\"url\":\"https:\/\/secure.gravatar.com\/avatar\/e69498a9175ca244966e51e53c88712c024fcebe41f9a05f75657f1bb25e489b?s=96&d=mm&r=g\",\"contentUrl\":\"https:\/\/secure.gravatar.com\/avatar\/e69498a9175ca244966e51e53c88712c024fcebe41f9a05f75657f1bb25e489b?s=96&d=mm&r=g\",\"caption\":\"fondadmin\"},\"url\":\"https:\/\/www.fondazionepirelli.org\/it\/author\/fondadmin\/\"}]}<\/script>\n<!-- \/ Yoast SEO plugin. -->","yoast_head_json":{"title":"Piccole imprese, storia e cultura per tutti - Fondazione Pirelli","robots":{"index":"index","follow":"follow","max-snippet":"max-snippet:-1","max-image-preview":"max-image-preview:large","max-video-preview":"max-video-preview:-1"},"canonical":"https:\/\/www.fondazionepirelli.org\/it\/cultura-dimpresa\/piccole-imprese-storia-e-cultura-per-tutti\/","og_locale":"it_IT","og_type":"article","og_title":"Piccole imprese, storia e cultura per tutti - Fondazione Pirelli","og_description":"Capire la storia delle piccole imprese italiane fa bene alla cultura d\u2019impresa in generale. Ci vogliono per\u00f2 le guide giuste. E\u2019 facile, infatti, cadere nel retorico, nel gi\u00e0 visto, nei paradigmi un po\u2019 stantii che vedono la piccola impresa come la panacea di tutti i mali dell\u2019economia nazionale. L\u2019ultima fatica di Valerio Castronovo serve a [&hellip;]","og_url":"https:\/\/127.0.0.1\/it\/cultura-dimpresa\/piccole-imprese-storia-e-cultura-per-tutti\/","og_site_name":"Fondazione Pirelli","article_published_time":"2013-12-16T00:00:00+00:00","article_modified_time":"2019-11-05T09:42:35+00:00","og_image":[{"width":250,"height":375,"url":"https:\/\/wpsite-assets.fondazionepirelli.org\/wp-content\/uploads\/2019\/05\/20102203\/1387278770759035993.jpg","type":"image\/jpeg"}],"author":"fondadmin","twitter_card":"summary_large_image","twitter_misc":{"Scritto da":"fondadmin","Tempo di lettura stimato":"2 minuti"},"schema":{"@context":"https:\/\/schema.org","@graph":[{"@type":"WebPage","@id":"https:\/\/127.0.0.1\/it\/cultura-dimpresa\/piccole-imprese-storia-e-cultura-per-tutti\/","url":"https:\/\/127.0.0.1\/it\/cultura-dimpresa\/piccole-imprese-storia-e-cultura-per-tutti\/","name":"Piccole imprese, storia e cultura per tutti - Fondazione Pirelli","isPartOf":{"@id":"https:\/\/www.fondazionepirelli.org\/it\/#website"},"primaryImageOfPage":{"@id":"https:\/\/127.0.0.1\/it\/cultura-dimpresa\/piccole-imprese-storia-e-cultura-per-tutti\/#primaryimage"},"image":{"@id":"https:\/\/127.0.0.1\/it\/cultura-dimpresa\/piccole-imprese-storia-e-cultura-per-tutti\/#primaryimage"},"thumbnailUrl":"https:\/\/wpsite-assets.fondazionepirelli.org\/wp-content\/uploads\/2019\/05\/20102203\/1387278770759035993.jpg","datePublished":"2013-12-16T00:00:00+00:00","dateModified":"2019-11-05T09:42:35+00:00","author":{"@id":"https:\/\/www.fondazionepirelli.org\/it\/#\/schema\/person\/f47d097000832c4a6e54538c791fdf25"},"breadcrumb":{"@id":"https:\/\/127.0.0.1\/it\/cultura-dimpresa\/piccole-imprese-storia-e-cultura-per-tutti\/#breadcrumb"},"inLanguage":"it-IT","potentialAction":[{"@type":"ReadAction","target":["https:\/\/127.0.0.1\/it\/cultura-dimpresa\/piccole-imprese-storia-e-cultura-per-tutti\/"]}]},{"@type":"ImageObject","inLanguage":"it-IT","@id":"https:\/\/127.0.0.1\/it\/cultura-dimpresa\/piccole-imprese-storia-e-cultura-per-tutti\/#primaryimage","url":"https:\/\/wpsite-assets.fondazionepirelli.org\/wp-content\/uploads\/2019\/05\/20102203\/1387278770759035993.jpg","contentUrl":"https:\/\/wpsite-assets.fondazionepirelli.org\/wp-content\/uploads\/2019\/05\/20102203\/1387278770759035993.jpg","width":250,"height":375},{"@type":"BreadcrumbList","@id":"https:\/\/127.0.0.1\/it\/cultura-dimpresa\/piccole-imprese-storia-e-cultura-per-tutti\/#breadcrumb","itemListElement":[{"@type":"ListItem","position":1,"name":"Home","item":"https:\/\/www.fondazionepirelli.org\/it\/"},{"@type":"ListItem","position":2,"name":"Piccole imprese, storia e cultura per tutti"}]},{"@type":"WebSite","@id":"https:\/\/www.fondazionepirelli.org\/it\/#website","url":"https:\/\/www.fondazionepirelli.org\/it\/","name":"Fondazione Pirelli","description":"","potentialAction":[{"@type":"SearchAction","target":{"@type":"EntryPoint","urlTemplate":"https:\/\/www.fondazionepirelli.org\/it\/?s={search_term_string}"},"query-input":{"@type":"PropertyValueSpecification","valueRequired":true,"valueName":"search_term_string"}}],"inLanguage":"it-IT"},{"@type":"Person","@id":"https:\/\/www.fondazionepirelli.org\/it\/#\/schema\/person\/f47d097000832c4a6e54538c791fdf25","name":"fondadmin","image":{"@type":"ImageObject","inLanguage":"it-IT","@id":"https:\/\/www.fondazionepirelli.org\/it\/#\/schema\/person\/image\/","url":"https:\/\/secure.gravatar.com\/avatar\/e69498a9175ca244966e51e53c88712c024fcebe41f9a05f75657f1bb25e489b?s=96&d=mm&r=g","contentUrl":"https:\/\/secure.gravatar.com\/avatar\/e69498a9175ca244966e51e53c88712c024fcebe41f9a05f75657f1bb25e489b?s=96&d=mm&r=g","caption":"fondadmin"},"url":"https:\/\/www.fondazionepirelli.org\/it\/author\/fondadmin\/"}]}},"_links":{"self":[{"href":"https:\/\/www.fondazionepirelli.org\/it\/wp-json\/wp\/v2\/posts\/49098\/"}],"collection":[{"href":"https:\/\/www.fondazionepirelli.org\/it\/wp-json\/wp\/v2\/posts\/"}],"about":[{"href":"https:\/\/www.fondazionepirelli.org\/it\/wp-json\/wp\/v2\/types\/post\/"}],"author":[{"embeddable":true,"href":"https:\/\/www.fondazionepirelli.org\/it\/wp-json\/wp\/v2\/users\/1\/"}],"replies":[{"embeddable":true,"href":"https:\/\/www.fondazionepirelli.org\/it\/wp-json\/wp\/v2\/comments\/?post=49098"}],"version-history":[{"count":2,"href":"https:\/\/www.fondazionepirelli.org\/it\/wp-json\/wp\/v2\/posts\/49098\/revisions\/"}],"predecessor-version":[{"id":71388,"href":"https:\/\/www.fondazionepirelli.org\/it\/wp-json\/wp\/v2\/posts\/49098\/revisions\/71388\/"}],"wp:featuredmedia":[{"embeddable":true,"href":"https:\/\/www.fondazionepirelli.org\/it\/wp-json\/wp\/v2\/media\/49099\/"}],"wp:attachment":[{"href":"https:\/\/www.fondazionepirelli.org\/it\/wp-json\/wp\/v2\/media\/?parent=49098"}],"wp:term":[{"taxonomy":"category","embeddable":true,"href":"https:\/\/www.fondazionepirelli.org\/it\/wp-json\/wp\/v2\/categories\/?post=49098"},{"taxonomy":"post_tag","embeddable":true,"href":"https:\/\/www.fondazionepirelli.org\/it\/wp-json\/wp\/v2\/tags\/?post=49098"}],"curies":[{"name":"wp","href":"https:\/\/api.w.org\/{rel}","templated":true}]}}