{"id":49104,"date":"2013-12-09T00:00:00","date_gmt":"2013-12-09T00:00:00","guid":{"rendered":"http:\/\/www.fondazionepirelli.org\/fondazione-pirelli\/il-capitale-che-conta-di-piu\/"},"modified":"2019-05-24T12:31:18","modified_gmt":"2019-05-24T12:31:18","slug":"il-capitale-che-conta-di-piu","status":"publish","type":"post","link":"https:\/\/www.fondazionepirelli.org\/it\/cultura-dimpresa\/il-capitale-che-conta-di-piu\/","title":{"rendered":"Il \u201ccapitale\u201d che conta di pi\u00f9"},"content":{"rendered":"<p>Non c\u2019\u00e8 dubbio: nelle imprese la vera risorsa sono le persone. Quello che \u2013 pi\u00f9 tecnicamente \u2013 si chiama \u201c<strong>capitale intellettuale<\/strong>\u201d e che, a seconda delle realt\u00e0, prende forme diverse. Certo, c\u2019\u00e8 evidentemente anche il ruolo dell\u2019imprenditore. E\u2019 lui che ha l\u2019idea d\u2019impresa ed \u00e8 lui che deve far scattare la scintilla per realizzarla, organizzando un\u2019azienda (questo, almeno, dice la teoria economica). Ma senza le persone giuste non si fa nulla.<\/p>\n<p>Capire quindi quali siano le condizioni che rendono possibile la formazione del capitale intellettuale pi\u00f9 consono all\u2019impresa \u00e8 importante. Anche perch\u00e9, come si \u00e8 appena detto, non ci sono stampi da adottare per tutti gli usi e tutte le circostanze. Si va, insomma, sulla base dell\u2019esperienza.<\/p>\n<p>Tutto ci\u00f2, poi, \u00e8 ancora pi\u00f9 importante oggi. Nell\u2019era della tecnologia ma soprattutto della conoscenza capire il ruolo del capitale intellettuale \u00e8 determinante. \u201c<strong>The effects of intellectual capital on e-service innovation<\/strong>\u201d di \u00a0<strong>Shih-Wen Liao<\/strong> e <strong>Ja-Shen Chen<\/strong> (del College of Management, Yuan Ze University, di Taiwan), serve per aggiungere un utile tassello conoscitivo a tutto questo.<\/p>\n<p>I due ricercatori partono \u00a0da una considerazione: \u201cCon l&#8217;emergere di un&#8217;economia basata sulla conoscenza, il capitale intellettuale \u00e8 un fattore critico per mettere in condizione le imprese di ottenere un vantaggio competitivo in ambienti sempre pi\u00f9 complessi\u201d.<\/p>\n<p>La ricerca quindi parte da una serie di efficaci puntualizzazioni teoriche per verificarle sulle attivit\u00e0 innovative che riguardano l\u2019e-service a Taiwan. Le prime conclusioni dell\u2019indagine (il lavoro infatti sta ancora andando avanti), provano che in particolare il livello del capitale intellettuale \u00e8 determinante anche per migliorare la capacit\u00e0 organizzativa e la capacit\u00e0 di creare innovazione nei servizi.<\/p>\n<p>E\u2019 la conferma dell\u2019alchimia non totalmente circoscrivibile dai modelli analitici, che si determina nelle imprese e che, alla fine, consente il raggiungimento di risultati di bilancio positivi. \u00a0Insomma, dire capitale intellettuale e indicare il nocciolo vero della stessa cultura d\u2019impresa che governa organizzazione e obiettivi del produrre.<\/p><p><strong>The effects of intellectual capital on e-service innovation\u00a0<\/strong><\/p>\n<p>Shih-Wen Liao, Ja-Shen Chen<\/p>\n<p>College of Management, Yuan Ze University, Taiwan<\/p>\n","protected":false},"excerpt":{"rendered":"<p>Non c\u2019\u00e8 dubbio: nelle imprese la vera risorsa sono le persone. Quello che \u2013 pi\u00f9 tecnicamente \u2013 si chiama \u201ccapitale intellettuale\u201d e che, a seconda delle realt\u00e0, prende forme diverse. Certo, c\u2019\u00e8 evidentemente anche il ruolo dell\u2019imprenditore. E\u2019 lui che ha l\u2019idea d\u2019impresa ed \u00e8 lui che deve far scattare la scintilla per realizzarla, organizzando [&hellip;]<\/p>\n","protected":false},"author":1,"featured_media":0,"comment_status":"open","ping_status":"open","sticky":false,"template":"","format":"standard","meta":{"footnotes":""},"categories":[54,52],"tags":[],"class_list":["post-49104","post","type-post","status-publish","format-standard","hentry","category-approfondimenti","category-cultura-dimpresa"],"acf":[],"yoast_head":"<!-- This site is optimized with the Yoast SEO plugin v25.0 - https:\/\/yoast.com\/wordpress\/plugins\/seo\/ -->\n<title>Il \u201ccapitale\u201d che conta di pi\u00f9 - Fondazione Pirelli<\/title>\n<meta name=\"robots\" content=\"index, follow, max-snippet:-1, max-image-preview:large, max-video-preview:-1\" \/>\n<link rel=\"canonical\" href=\"https:\/\/www.fondazionepirelli.org\/it\/cultura-dimpresa\/il-capitale-che-conta-di-piu\/\" \/>\n<meta property=\"og:locale\" content=\"it_IT\" \/>\n<meta property=\"og:type\" content=\"article\" \/>\n<meta property=\"og:title\" content=\"Il \u201ccapitale\u201d che conta di pi\u00f9 - Fondazione Pirelli\" \/>\n<meta property=\"og:description\" content=\"Non c\u2019\u00e8 dubbio: nelle imprese la vera risorsa sono le persone. Quello che \u2013 pi\u00f9 tecnicamente \u2013 si chiama \u201ccapitale intellettuale\u201d e che, a seconda delle realt\u00e0, prende forme diverse. Certo, c\u2019\u00e8 evidentemente anche il ruolo dell\u2019imprenditore. E\u2019 lui che ha l\u2019idea d\u2019impresa ed \u00e8 lui che deve far scattare la scintilla per realizzarla, organizzando [&hellip;]\" \/>\n<meta property=\"og:url\" content=\"https:\/\/127.0.0.1\/it\/cultura-dimpresa\/il-capitale-che-conta-di-piu\/\" \/>\n<meta property=\"og:site_name\" content=\"Fondazione Pirelli\" \/>\n<meta property=\"article:published_time\" content=\"2013-12-09T00:00:00+00:00\" \/>\n<meta property=\"article:modified_time\" content=\"2019-05-24T12:31:18+00:00\" \/>\n<meta name=\"author\" content=\"fondadmin\" \/>\n<meta name=\"twitter:card\" content=\"summary_large_image\" \/>\n<meta name=\"twitter:label1\" content=\"Scritto da\" \/>\n\t<meta name=\"twitter:data1\" content=\"fondadmin\" \/>\n\t<meta name=\"twitter:label2\" content=\"Tempo di lettura stimato\" \/>\n\t<meta name=\"twitter:data2\" content=\"2 minuti\" \/>\n<script type=\"application\/ld+json\" class=\"yoast-schema-graph\">{\"@context\":\"https:\/\/schema.org\",\"@graph\":[{\"@type\":\"WebPage\",\"@id\":\"https:\/\/127.0.0.1\/it\/cultura-dimpresa\/il-capitale-che-conta-di-piu\/\",\"url\":\"https:\/\/127.0.0.1\/it\/cultura-dimpresa\/il-capitale-che-conta-di-piu\/\",\"name\":\"Il \u201ccapitale\u201d che conta di pi\u00f9 - Fondazione Pirelli\",\"isPartOf\":{\"@id\":\"https:\/\/www.fondazionepirelli.org\/it\/#website\"},\"datePublished\":\"2013-12-09T00:00:00+00:00\",\"dateModified\":\"2019-05-24T12:31:18+00:00\",\"author\":{\"@id\":\"https:\/\/www.fondazionepirelli.org\/it\/#\/schema\/person\/f47d097000832c4a6e54538c791fdf25\"},\"breadcrumb\":{\"@id\":\"https:\/\/127.0.0.1\/it\/cultura-dimpresa\/il-capitale-che-conta-di-piu\/#breadcrumb\"},\"inLanguage\":\"it-IT\",\"potentialAction\":[{\"@type\":\"ReadAction\",\"target\":[\"https:\/\/127.0.0.1\/it\/cultura-dimpresa\/il-capitale-che-conta-di-piu\/\"]}]},{\"@type\":\"BreadcrumbList\",\"@id\":\"https:\/\/127.0.0.1\/it\/cultura-dimpresa\/il-capitale-che-conta-di-piu\/#breadcrumb\",\"itemListElement\":[{\"@type\":\"ListItem\",\"position\":1,\"name\":\"Home\",\"item\":\"https:\/\/www.fondazionepirelli.org\/it\/\"},{\"@type\":\"ListItem\",\"position\":2,\"name\":\"Il \u201ccapitale\u201d che conta di pi\u00f9\"}]},{\"@type\":\"WebSite\",\"@id\":\"https:\/\/www.fondazionepirelli.org\/it\/#website\",\"url\":\"https:\/\/www.fondazionepirelli.org\/it\/\",\"name\":\"Fondazione Pirelli\",\"description\":\"\",\"potentialAction\":[{\"@type\":\"SearchAction\",\"target\":{\"@type\":\"EntryPoint\",\"urlTemplate\":\"https:\/\/www.fondazionepirelli.org\/it\/?s={search_term_string}\"},\"query-input\":{\"@type\":\"PropertyValueSpecification\",\"valueRequired\":true,\"valueName\":\"search_term_string\"}}],\"inLanguage\":\"it-IT\"},{\"@type\":\"Person\",\"@id\":\"https:\/\/www.fondazionepirelli.org\/it\/#\/schema\/person\/f47d097000832c4a6e54538c791fdf25\",\"name\":\"fondadmin\",\"image\":{\"@type\":\"ImageObject\",\"inLanguage\":\"it-IT\",\"@id\":\"https:\/\/www.fondazionepirelli.org\/it\/#\/schema\/person\/image\/\",\"url\":\"https:\/\/secure.gravatar.com\/avatar\/e69498a9175ca244966e51e53c88712c024fcebe41f9a05f75657f1bb25e489b?s=96&d=mm&r=g\",\"contentUrl\":\"https:\/\/secure.gravatar.com\/avatar\/e69498a9175ca244966e51e53c88712c024fcebe41f9a05f75657f1bb25e489b?s=96&d=mm&r=g\",\"caption\":\"fondadmin\"},\"url\":\"https:\/\/www.fondazionepirelli.org\/it\/author\/fondadmin\/\"}]}<\/script>\n<!-- \/ Yoast SEO plugin. -->","yoast_head_json":{"title":"Il \u201ccapitale\u201d che conta di pi\u00f9 - Fondazione Pirelli","robots":{"index":"index","follow":"follow","max-snippet":"max-snippet:-1","max-image-preview":"max-image-preview:large","max-video-preview":"max-video-preview:-1"},"canonical":"https:\/\/www.fondazionepirelli.org\/it\/cultura-dimpresa\/il-capitale-che-conta-di-piu\/","og_locale":"it_IT","og_type":"article","og_title":"Il \u201ccapitale\u201d che conta di pi\u00f9 - Fondazione Pirelli","og_description":"Non c\u2019\u00e8 dubbio: nelle imprese la vera risorsa sono le persone. Quello che \u2013 pi\u00f9 tecnicamente \u2013 si chiama \u201ccapitale intellettuale\u201d e che, a seconda delle realt\u00e0, prende forme diverse. Certo, c\u2019\u00e8 evidentemente anche il ruolo dell\u2019imprenditore. E\u2019 lui che ha l\u2019idea d\u2019impresa ed \u00e8 lui che deve far scattare la scintilla per realizzarla, organizzando [&hellip;]","og_url":"https:\/\/127.0.0.1\/it\/cultura-dimpresa\/il-capitale-che-conta-di-piu\/","og_site_name":"Fondazione Pirelli","article_published_time":"2013-12-09T00:00:00+00:00","article_modified_time":"2019-05-24T12:31:18+00:00","author":"fondadmin","twitter_card":"summary_large_image","twitter_misc":{"Scritto da":"fondadmin","Tempo di lettura stimato":"2 minuti"},"schema":{"@context":"https:\/\/schema.org","@graph":[{"@type":"WebPage","@id":"https:\/\/127.0.0.1\/it\/cultura-dimpresa\/il-capitale-che-conta-di-piu\/","url":"https:\/\/127.0.0.1\/it\/cultura-dimpresa\/il-capitale-che-conta-di-piu\/","name":"Il \u201ccapitale\u201d che conta di pi\u00f9 - Fondazione Pirelli","isPartOf":{"@id":"https:\/\/www.fondazionepirelli.org\/it\/#website"},"datePublished":"2013-12-09T00:00:00+00:00","dateModified":"2019-05-24T12:31:18+00:00","author":{"@id":"https:\/\/www.fondazionepirelli.org\/it\/#\/schema\/person\/f47d097000832c4a6e54538c791fdf25"},"breadcrumb":{"@id":"https:\/\/127.0.0.1\/it\/cultura-dimpresa\/il-capitale-che-conta-di-piu\/#breadcrumb"},"inLanguage":"it-IT","potentialAction":[{"@type":"ReadAction","target":["https:\/\/127.0.0.1\/it\/cultura-dimpresa\/il-capitale-che-conta-di-piu\/"]}]},{"@type":"BreadcrumbList","@id":"https:\/\/127.0.0.1\/it\/cultura-dimpresa\/il-capitale-che-conta-di-piu\/#breadcrumb","itemListElement":[{"@type":"ListItem","position":1,"name":"Home","item":"https:\/\/www.fondazionepirelli.org\/it\/"},{"@type":"ListItem","position":2,"name":"Il \u201ccapitale\u201d che conta di pi\u00f9"}]},{"@type":"WebSite","@id":"https:\/\/www.fondazionepirelli.org\/it\/#website","url":"https:\/\/www.fondazionepirelli.org\/it\/","name":"Fondazione Pirelli","description":"","potentialAction":[{"@type":"SearchAction","target":{"@type":"EntryPoint","urlTemplate":"https:\/\/www.fondazionepirelli.org\/it\/?s={search_term_string}"},"query-input":{"@type":"PropertyValueSpecification","valueRequired":true,"valueName":"search_term_string"}}],"inLanguage":"it-IT"},{"@type":"Person","@id":"https:\/\/www.fondazionepirelli.org\/it\/#\/schema\/person\/f47d097000832c4a6e54538c791fdf25","name":"fondadmin","image":{"@type":"ImageObject","inLanguage":"it-IT","@id":"https:\/\/www.fondazionepirelli.org\/it\/#\/schema\/person\/image\/","url":"https:\/\/secure.gravatar.com\/avatar\/e69498a9175ca244966e51e53c88712c024fcebe41f9a05f75657f1bb25e489b?s=96&d=mm&r=g","contentUrl":"https:\/\/secure.gravatar.com\/avatar\/e69498a9175ca244966e51e53c88712c024fcebe41f9a05f75657f1bb25e489b?s=96&d=mm&r=g","caption":"fondadmin"},"url":"https:\/\/www.fondazionepirelli.org\/it\/author\/fondadmin\/"}]}},"_links":{"self":[{"href":"https:\/\/www.fondazionepirelli.org\/it\/wp-json\/wp\/v2\/posts\/49104\/"}],"collection":[{"href":"https:\/\/www.fondazionepirelli.org\/it\/wp-json\/wp\/v2\/posts\/"}],"about":[{"href":"https:\/\/www.fondazionepirelli.org\/it\/wp-json\/wp\/v2\/types\/post\/"}],"author":[{"embeddable":true,"href":"https:\/\/www.fondazionepirelli.org\/it\/wp-json\/wp\/v2\/users\/1\/"}],"replies":[{"embeddable":true,"href":"https:\/\/www.fondazionepirelli.org\/it\/wp-json\/wp\/v2\/comments\/?post=49104"}],"version-history":[{"count":1,"href":"https:\/\/www.fondazionepirelli.org\/it\/wp-json\/wp\/v2\/posts\/49104\/revisions\/"}],"predecessor-version":[{"id":55984,"href":"https:\/\/www.fondazionepirelli.org\/it\/wp-json\/wp\/v2\/posts\/49104\/revisions\/55984\/"}],"wp:attachment":[{"href":"https:\/\/www.fondazionepirelli.org\/it\/wp-json\/wp\/v2\/media\/?parent=49104"}],"wp:term":[{"taxonomy":"category","embeddable":true,"href":"https:\/\/www.fondazionepirelli.org\/it\/wp-json\/wp\/v2\/categories\/?post=49104"},{"taxonomy":"post_tag","embeddable":true,"href":"https:\/\/www.fondazionepirelli.org\/it\/wp-json\/wp\/v2\/tags\/?post=49104"}],"curies":[{"name":"wp","href":"https:\/\/api.w.org\/{rel}","templated":true}]}}