{"id":49105,"date":"2013-12-09T00:00:00","date_gmt":"2013-12-09T00:00:00","guid":{"rendered":"http:\/\/www.fondazionepirelli.org\/fondazione-pirelli\/cultura-dimpresa-e-cultura-di-territorio\/"},"modified":"2019-11-05T11:45:37","modified_gmt":"2019-11-05T09:45:37","slug":"cultura-dimpresa-e-cultura-di-territorio","status":"publish","type":"post","link":"https:\/\/www.fondazionepirelli.org\/it\/cultura-dimpresa\/cultura-dimpresa-e-cultura-di-territorio\/","title":{"rendered":"Cultura d\u2019impresa e cultura di territorio"},"content":{"rendered":"<p>La vittoria di un\u2019impresa dipende anche dal <strong>contesto geografico<\/strong> in cui \u00e8 localizzata. Di pi\u00f9: dipende dal territorio che la circonda. Stimoli e ostacoli locali influiscono in modo rilevante sulla produttivit\u00e0 e sulla ricchezza delle aziende e delle persone che vi lavorano. E quindi, alla fine, sui risultati.<\/p>\n<p>\u201c<strong>Le cento Italie della competitivit\u00e0. La dimensione territoriale della produttivit\u00e0 delle imprese<\/strong>\u201d, un volume stampato qualche settimana fa da Rubbettino, costituisce un buon manuale per capire meglio i legami fra territorio e impresa, fra condizioni locali e risultati in termini di produttivit\u00e0 aziendale.<\/p>\n<p>Non si tratta solamente di una indagine teorica. Ad essere scandagliate sono state anche <strong>61.498<\/strong> imprese &#8211; appartenenti al solo comparto manifatturiero &#8211; per il periodo 2001-2010.<\/p>\n<p>I tre autori (<strong>S. Manzocchi<\/strong>, <strong>B. Quintieri<\/strong>, <strong>G. Santoni<\/strong>), hanno dapprima distinto tra le componenti della produttivit\u00e0 interne all&#8217;impresa e quelle dovute a specifici fattori esterni presenti sul territorio dove l&#8217;impresa opera (credito, capitale umano, tasso di criminalit\u00e0, infrastrutture, ecc.). Attraverso ulteriori affinamenti dell\u2019indagine, il volume arriva a dimostrare come, nei primi dieci anni del XXI secolo, \u201cle imprese operanti in aree urbane siano divenute pi\u00f9 produttive della media nazionale\u201d: a parit\u00e0 di altre condizioni, la loro produttivit\u00e0 supera di circa il 7% quella media italiana. Un dato che non ha nulla a che vedere con le caratteristiche del settore di appartenenza, ma solo con il territorio in termini generali. \u201cNessun effetto significativo \u2013 viene spiegato -, si riscontra per l&#8217;appartenenza a uno dei tradizionali distretti: il che non significa che questi non funzionino pi\u00f9, ma che la spinta propulsiva in termini di produttivit\u00e0 totale dei fattori si \u00e8 andata affievolendo. In sintesi, dal confronto fra distretti, aree dove l&#8217;attivit\u00e0 economica \u00e8 altamente specializzata in alcuni settori ben identificati, e aree urbane dove l&#8217;attivit\u00e0 economica si concentra sul territorio ma ramificandosi in molti comparti, sembrerebbe che i primi stiano cedendo il loro vantaggio competitivo a vantaggio delle citt\u00e0\u201d.<\/p>\n<p>Il mito del distretto parrebbe quindi frantumarsi, ma soprattutto emerge l\u2019importanza per le imprese della diversificazione, della possibilit\u00e0 di cogliere stimoli diversi, della multidisciplinariet\u00e0 che prendere il posto della specializzazione a tutti i costi. Si passa da una cultura monolitica ad una cultura multiforme.<\/p><p><strong>Le cento Italie della competitivit\u00e0. La dimensione territoriale della produttivit\u00e0 delle imprese<\/strong><\/p>\n<p>S. Manzocchi, B. Quintieri, G. Santoni<\/p>\n<p>Rubbettino, ottobre 2013<\/p>\n","protected":false},"excerpt":{"rendered":"<p>La vittoria di un\u2019impresa dipende anche dal contesto geografico in cui \u00e8 localizzata. Di pi\u00f9: dipende dal territorio che la circonda. Stimoli e ostacoli locali influiscono in modo rilevante sulla produttivit\u00e0 e sulla ricchezza delle aziende e delle persone che vi lavorano. E quindi, alla fine, sui risultati. \u201cLe cento Italie della competitivit\u00e0. La dimensione [&hellip;]<\/p>\n","protected":false},"author":1,"featured_media":49106,"comment_status":"open","ping_status":"open","sticky":false,"template":"","format":"standard","meta":{"footnotes":""},"categories":[52,58],"tags":[],"class_list":["post-49105","post","type-post","status-publish","format-standard","has-post-thumbnail","hentry","category-cultura-dimpresa","category-recensioni-libri"],"acf":[],"yoast_head":"<!-- This site is optimized with the Yoast SEO plugin v25.0 - https:\/\/yoast.com\/wordpress\/plugins\/seo\/ -->\n<title>Cultura d\u2019impresa e cultura di territorio - Fondazione Pirelli<\/title>\n<meta name=\"robots\" content=\"index, follow, max-snippet:-1, max-image-preview:large, max-video-preview:-1\" \/>\n<link rel=\"canonical\" href=\"https:\/\/www.fondazionepirelli.org\/it\/cultura-dimpresa\/cultura-dimpresa-e-cultura-di-territorio\/\" \/>\n<meta property=\"og:locale\" content=\"it_IT\" \/>\n<meta property=\"og:type\" content=\"article\" \/>\n<meta property=\"og:title\" content=\"Cultura d\u2019impresa e cultura di territorio - Fondazione Pirelli\" \/>\n<meta property=\"og:description\" content=\"La vittoria di un\u2019impresa dipende anche dal contesto geografico in cui \u00e8 localizzata. Di pi\u00f9: dipende dal territorio che la circonda. Stimoli e ostacoli locali influiscono in modo rilevante sulla produttivit\u00e0 e sulla ricchezza delle aziende e delle persone che vi lavorano. E quindi, alla fine, sui risultati. \u201cLe cento Italie della competitivit\u00e0. La dimensione [&hellip;]\" \/>\n<meta property=\"og:url\" content=\"https:\/\/127.0.0.1\/it\/cultura-dimpresa\/cultura-dimpresa-e-cultura-di-territorio\/\" \/>\n<meta property=\"og:site_name\" content=\"Fondazione Pirelli\" \/>\n<meta property=\"article:published_time\" content=\"2013-12-09T00:00:00+00:00\" \/>\n<meta property=\"article:modified_time\" content=\"2019-11-05T09:45:37+00:00\" \/>\n<meta property=\"og:image\" content=\"https:\/\/wpsite-assets.fondazionepirelli.org\/wp-content\/uploads\/2019\/05\/20102201\/13866640991828010827.jpg\" \/>\n\t<meta property=\"og:image:width\" content=\"243\" \/>\n\t<meta property=\"og:image:height\" content=\"379\" \/>\n\t<meta property=\"og:image:type\" content=\"image\/jpeg\" \/>\n<meta name=\"author\" content=\"fondadmin\" \/>\n<meta name=\"twitter:card\" content=\"summary_large_image\" \/>\n<meta name=\"twitter:label1\" content=\"Scritto da\" \/>\n\t<meta name=\"twitter:data1\" content=\"fondadmin\" \/>\n\t<meta name=\"twitter:label2\" content=\"Tempo di lettura stimato\" \/>\n\t<meta name=\"twitter:data2\" content=\"2 minuti\" \/>\n<script type=\"application\/ld+json\" class=\"yoast-schema-graph\">{\"@context\":\"https:\/\/schema.org\",\"@graph\":[{\"@type\":\"WebPage\",\"@id\":\"https:\/\/127.0.0.1\/it\/cultura-dimpresa\/cultura-dimpresa-e-cultura-di-territorio\/\",\"url\":\"https:\/\/127.0.0.1\/it\/cultura-dimpresa\/cultura-dimpresa-e-cultura-di-territorio\/\",\"name\":\"Cultura d\u2019impresa e cultura di territorio - Fondazione Pirelli\",\"isPartOf\":{\"@id\":\"https:\/\/www.fondazionepirelli.org\/it\/#website\"},\"primaryImageOfPage\":{\"@id\":\"https:\/\/127.0.0.1\/it\/cultura-dimpresa\/cultura-dimpresa-e-cultura-di-territorio\/#primaryimage\"},\"image\":{\"@id\":\"https:\/\/127.0.0.1\/it\/cultura-dimpresa\/cultura-dimpresa-e-cultura-di-territorio\/#primaryimage\"},\"thumbnailUrl\":\"https:\/\/wpsite-assets.fondazionepirelli.org\/wp-content\/uploads\/2019\/05\/20102201\/13866640991828010827.jpg\",\"datePublished\":\"2013-12-09T00:00:00+00:00\",\"dateModified\":\"2019-11-05T09:45:37+00:00\",\"author\":{\"@id\":\"https:\/\/www.fondazionepirelli.org\/it\/#\/schema\/person\/f47d097000832c4a6e54538c791fdf25\"},\"breadcrumb\":{\"@id\":\"https:\/\/127.0.0.1\/it\/cultura-dimpresa\/cultura-dimpresa-e-cultura-di-territorio\/#breadcrumb\"},\"inLanguage\":\"it-IT\",\"potentialAction\":[{\"@type\":\"ReadAction\",\"target\":[\"https:\/\/127.0.0.1\/it\/cultura-dimpresa\/cultura-dimpresa-e-cultura-di-territorio\/\"]}]},{\"@type\":\"ImageObject\",\"inLanguage\":\"it-IT\",\"@id\":\"https:\/\/127.0.0.1\/it\/cultura-dimpresa\/cultura-dimpresa-e-cultura-di-territorio\/#primaryimage\",\"url\":\"https:\/\/wpsite-assets.fondazionepirelli.org\/wp-content\/uploads\/2019\/05\/20102201\/13866640991828010827.jpg\",\"contentUrl\":\"https:\/\/wpsite-assets.fondazionepirelli.org\/wp-content\/uploads\/2019\/05\/20102201\/13866640991828010827.jpg\",\"width\":243,\"height\":379},{\"@type\":\"BreadcrumbList\",\"@id\":\"https:\/\/127.0.0.1\/it\/cultura-dimpresa\/cultura-dimpresa-e-cultura-di-territorio\/#breadcrumb\",\"itemListElement\":[{\"@type\":\"ListItem\",\"position\":1,\"name\":\"Home\",\"item\":\"https:\/\/www.fondazionepirelli.org\/it\/\"},{\"@type\":\"ListItem\",\"position\":2,\"name\":\"Cultura d\u2019impresa e cultura di territorio\"}]},{\"@type\":\"WebSite\",\"@id\":\"https:\/\/www.fondazionepirelli.org\/it\/#website\",\"url\":\"https:\/\/www.fondazionepirelli.org\/it\/\",\"name\":\"Fondazione Pirelli\",\"description\":\"\",\"potentialAction\":[{\"@type\":\"SearchAction\",\"target\":{\"@type\":\"EntryPoint\",\"urlTemplate\":\"https:\/\/www.fondazionepirelli.org\/it\/?s={search_term_string}\"},\"query-input\":{\"@type\":\"PropertyValueSpecification\",\"valueRequired\":true,\"valueName\":\"search_term_string\"}}],\"inLanguage\":\"it-IT\"},{\"@type\":\"Person\",\"@id\":\"https:\/\/www.fondazionepirelli.org\/it\/#\/schema\/person\/f47d097000832c4a6e54538c791fdf25\",\"name\":\"fondadmin\",\"image\":{\"@type\":\"ImageObject\",\"inLanguage\":\"it-IT\",\"@id\":\"https:\/\/www.fondazionepirelli.org\/it\/#\/schema\/person\/image\/\",\"url\":\"https:\/\/secure.gravatar.com\/avatar\/e69498a9175ca244966e51e53c88712c024fcebe41f9a05f75657f1bb25e489b?s=96&d=mm&r=g\",\"contentUrl\":\"https:\/\/secure.gravatar.com\/avatar\/e69498a9175ca244966e51e53c88712c024fcebe41f9a05f75657f1bb25e489b?s=96&d=mm&r=g\",\"caption\":\"fondadmin\"},\"url\":\"https:\/\/www.fondazionepirelli.org\/it\/author\/fondadmin\/\"}]}<\/script>\n<!-- \/ Yoast SEO plugin. -->","yoast_head_json":{"title":"Cultura d\u2019impresa e cultura di territorio - Fondazione Pirelli","robots":{"index":"index","follow":"follow","max-snippet":"max-snippet:-1","max-image-preview":"max-image-preview:large","max-video-preview":"max-video-preview:-1"},"canonical":"https:\/\/www.fondazionepirelli.org\/it\/cultura-dimpresa\/cultura-dimpresa-e-cultura-di-territorio\/","og_locale":"it_IT","og_type":"article","og_title":"Cultura d\u2019impresa e cultura di territorio - Fondazione Pirelli","og_description":"La vittoria di un\u2019impresa dipende anche dal contesto geografico in cui \u00e8 localizzata. Di pi\u00f9: dipende dal territorio che la circonda. Stimoli e ostacoli locali influiscono in modo rilevante sulla produttivit\u00e0 e sulla ricchezza delle aziende e delle persone che vi lavorano. E quindi, alla fine, sui risultati. \u201cLe cento Italie della competitivit\u00e0. La dimensione [&hellip;]","og_url":"https:\/\/127.0.0.1\/it\/cultura-dimpresa\/cultura-dimpresa-e-cultura-di-territorio\/","og_site_name":"Fondazione Pirelli","article_published_time":"2013-12-09T00:00:00+00:00","article_modified_time":"2019-11-05T09:45:37+00:00","og_image":[{"width":243,"height":379,"url":"https:\/\/wpsite-assets.fondazionepirelli.org\/wp-content\/uploads\/2019\/05\/20102201\/13866640991828010827.jpg","type":"image\/jpeg"}],"author":"fondadmin","twitter_card":"summary_large_image","twitter_misc":{"Scritto da":"fondadmin","Tempo di lettura stimato":"2 minuti"},"schema":{"@context":"https:\/\/schema.org","@graph":[{"@type":"WebPage","@id":"https:\/\/127.0.0.1\/it\/cultura-dimpresa\/cultura-dimpresa-e-cultura-di-territorio\/","url":"https:\/\/127.0.0.1\/it\/cultura-dimpresa\/cultura-dimpresa-e-cultura-di-territorio\/","name":"Cultura d\u2019impresa e cultura di territorio - Fondazione Pirelli","isPartOf":{"@id":"https:\/\/www.fondazionepirelli.org\/it\/#website"},"primaryImageOfPage":{"@id":"https:\/\/127.0.0.1\/it\/cultura-dimpresa\/cultura-dimpresa-e-cultura-di-territorio\/#primaryimage"},"image":{"@id":"https:\/\/127.0.0.1\/it\/cultura-dimpresa\/cultura-dimpresa-e-cultura-di-territorio\/#primaryimage"},"thumbnailUrl":"https:\/\/wpsite-assets.fondazionepirelli.org\/wp-content\/uploads\/2019\/05\/20102201\/13866640991828010827.jpg","datePublished":"2013-12-09T00:00:00+00:00","dateModified":"2019-11-05T09:45:37+00:00","author":{"@id":"https:\/\/www.fondazionepirelli.org\/it\/#\/schema\/person\/f47d097000832c4a6e54538c791fdf25"},"breadcrumb":{"@id":"https:\/\/127.0.0.1\/it\/cultura-dimpresa\/cultura-dimpresa-e-cultura-di-territorio\/#breadcrumb"},"inLanguage":"it-IT","potentialAction":[{"@type":"ReadAction","target":["https:\/\/127.0.0.1\/it\/cultura-dimpresa\/cultura-dimpresa-e-cultura-di-territorio\/"]}]},{"@type":"ImageObject","inLanguage":"it-IT","@id":"https:\/\/127.0.0.1\/it\/cultura-dimpresa\/cultura-dimpresa-e-cultura-di-territorio\/#primaryimage","url":"https:\/\/wpsite-assets.fondazionepirelli.org\/wp-content\/uploads\/2019\/05\/20102201\/13866640991828010827.jpg","contentUrl":"https:\/\/wpsite-assets.fondazionepirelli.org\/wp-content\/uploads\/2019\/05\/20102201\/13866640991828010827.jpg","width":243,"height":379},{"@type":"BreadcrumbList","@id":"https:\/\/127.0.0.1\/it\/cultura-dimpresa\/cultura-dimpresa-e-cultura-di-territorio\/#breadcrumb","itemListElement":[{"@type":"ListItem","position":1,"name":"Home","item":"https:\/\/www.fondazionepirelli.org\/it\/"},{"@type":"ListItem","position":2,"name":"Cultura d\u2019impresa e cultura di territorio"}]},{"@type":"WebSite","@id":"https:\/\/www.fondazionepirelli.org\/it\/#website","url":"https:\/\/www.fondazionepirelli.org\/it\/","name":"Fondazione Pirelli","description":"","potentialAction":[{"@type":"SearchAction","target":{"@type":"EntryPoint","urlTemplate":"https:\/\/www.fondazionepirelli.org\/it\/?s={search_term_string}"},"query-input":{"@type":"PropertyValueSpecification","valueRequired":true,"valueName":"search_term_string"}}],"inLanguage":"it-IT"},{"@type":"Person","@id":"https:\/\/www.fondazionepirelli.org\/it\/#\/schema\/person\/f47d097000832c4a6e54538c791fdf25","name":"fondadmin","image":{"@type":"ImageObject","inLanguage":"it-IT","@id":"https:\/\/www.fondazionepirelli.org\/it\/#\/schema\/person\/image\/","url":"https:\/\/secure.gravatar.com\/avatar\/e69498a9175ca244966e51e53c88712c024fcebe41f9a05f75657f1bb25e489b?s=96&d=mm&r=g","contentUrl":"https:\/\/secure.gravatar.com\/avatar\/e69498a9175ca244966e51e53c88712c024fcebe41f9a05f75657f1bb25e489b?s=96&d=mm&r=g","caption":"fondadmin"},"url":"https:\/\/www.fondazionepirelli.org\/it\/author\/fondadmin\/"}]}},"_links":{"self":[{"href":"https:\/\/www.fondazionepirelli.org\/it\/wp-json\/wp\/v2\/posts\/49105\/"}],"collection":[{"href":"https:\/\/www.fondazionepirelli.org\/it\/wp-json\/wp\/v2\/posts\/"}],"about":[{"href":"https:\/\/www.fondazionepirelli.org\/it\/wp-json\/wp\/v2\/types\/post\/"}],"author":[{"embeddable":true,"href":"https:\/\/www.fondazionepirelli.org\/it\/wp-json\/wp\/v2\/users\/1\/"}],"replies":[{"embeddable":true,"href":"https:\/\/www.fondazionepirelli.org\/it\/wp-json\/wp\/v2\/comments\/?post=49105"}],"version-history":[{"count":2,"href":"https:\/\/www.fondazionepirelli.org\/it\/wp-json\/wp\/v2\/posts\/49105\/revisions\/"}],"predecessor-version":[{"id":71389,"href":"https:\/\/www.fondazionepirelli.org\/it\/wp-json\/wp\/v2\/posts\/49105\/revisions\/71389\/"}],"wp:featuredmedia":[{"embeddable":true,"href":"https:\/\/www.fondazionepirelli.org\/it\/wp-json\/wp\/v2\/media\/49106\/"}],"wp:attachment":[{"href":"https:\/\/www.fondazionepirelli.org\/it\/wp-json\/wp\/v2\/media\/?parent=49105"}],"wp:term":[{"taxonomy":"category","embeddable":true,"href":"https:\/\/www.fondazionepirelli.org\/it\/wp-json\/wp\/v2\/categories\/?post=49105"},{"taxonomy":"post_tag","embeddable":true,"href":"https:\/\/www.fondazionepirelli.org\/it\/wp-json\/wp\/v2\/tags\/?post=49105"}],"curies":[{"name":"wp","href":"https:\/\/api.w.org\/{rel}","templated":true}]}}