{"id":49108,"date":"2013-12-02T00:00:00","date_gmt":"2013-12-02T00:00:00","guid":{"rendered":"http:\/\/www.fondazionepirelli.org\/fondazione-pirelli\/karl-popper-etica-tecnica-e-le-allenze-internazionali-del-politecnico\/"},"modified":"2019-05-20T16:16:20","modified_gmt":"2019-05-20T16:16:20","slug":"karl-popper-etica-tecnica-e-le-allenze-internazionali-del-politecnico","status":"publish","type":"post","link":"https:\/\/www.fondazionepirelli.org\/it\/cultura-dimpresa\/karl-popper-etica-tecnica-e-le-allenze-internazionali-del-politecnico\/","title":{"rendered":"Karl Popper, etica, tecnica e le allenze internazionali del Politecnico"},"content":{"rendered":"<p>C\u2019\u00e8 un profondo significato etico e culturale, nella tecnica. Nella scienza che apre nuovi orizzonti. E nelle innovazioni che continuano a trasformare la societ\u00e0 in cui viviamo, rendendola migliore, liberandola dalle insicurezze che riguardano la salute, l\u2019ambiente, la qualit\u00e0 della vita ma anche dalle oppressioni e dall\u2019angoscia della \u201cpena del lavoro\u201d. La lezioni d\u2019ottimismo critico e responsabile viene da uno dei migliori filosofi della scienza e della libert\u00e0 del Novecento, <strong>Karl Popper<\/strong> (l\u2019editore Rubbettino ha appena pubblicato il suo vecchio saggio su \u201cTecnologia ed etica\u201d). E rileggerla, in tempi di crisi e di ricerca di nuove dimensioni del sapere scientifico e delle sue ricadute sul contesto sociale e ambientale, aiuta i politici intelligenti, gli uomini d\u2019impresa, gli educatori e gli scienziati stessi a capire come costruire migliori equilibri sostenibili.<\/p><p>Scienza e innovazione, dunque, nell\u2019orizzonte stesso dell\u2019Europa che prova a uscire dalle secche ideologiche d\u2019un pensiero politico da \u201ccontabili\u201d e da tutori dei piccoli egoismi nazionali (trascurando il fatto che il necessario equilibrio dei conti pubblici e la cautela contro l\u2019inflazione sono strumenti d\u2019un percorso virtuoso di crescita ma non valori in s\u00e9, assoluti) e a mettere invece in campo scelte strategiche di sviluppo. D\u2019altronde, senza creare lavoro per le nuove generazioni e strutture di inclusione sociale, senza rinnovare le sue radici in un patto sociale e politico che ne aveva contraddistinto la nascita, subito dopo i disastri della guerra, che Europa sarebbe?<\/p><p>Ha ragione <strong>Giulio Giorello<\/strong>, sapiente filosofo della scienza, quando, sul Corriere della Sera (1 dicembre), rileva la fine del modello dell\u2019\u201dEuropa degli Stati nazione\u201d e auspica invece un modello che si ispiri al Cern di Ginevra, luogo cardine della ricerca con il contributo di scienziati di diversi paesi (i nostri scienziati italiani vi occupano posizioni di assoluto rilievo) capaci di coniugare fisica teorica e sperimentale, l\u2019attitudine alla libert\u00e0 della ricerca e la consapevolezza del buon uso delle risorse, finanziarie e personali, per raggiungere risultati d\u2019eccellenza. Cern, come luogo in cui l\u2019Europa non \u00e8 una sigla burocratica e in cui la competitivit\u00e0 con il resto del mondo \u00e8 fondata su ottimi risultati concreti.<\/p><p>E\u2019 a questo tipo d\u2019Europa che guarda, per esempio, il Politecnico di Milano quando rievoca la storia dei suoi 150 anni (il primo anno accademico fu inaugurato il 29 novembre del 1863, appena due anni dopo l\u2019unificazione italiana, in una Milano attiva, intraprendente, aperta) e traccia ambiziosi programmi futuri, annunciando \u00a0l\u2019accordo con la Technische Universit\u00e4t di Berlino e l\u2019Ecole Centrale di Parigi per creare una universit\u00e0 di respiro continentale: un passo avanti al di l\u00e0 degli accordi parziali gi\u00e0 in essere, l\u2019idea forte di uno spazio di cultura, formazione, ricerca, scienza, diffusione dell\u2019innovazione in grado di potenziare la competitivit\u00e0 sul mercato internazionale. Attrazione di talenti (in linea con la sfida europea dell\u2019\u201deconomia della conoscenza\u201d). E dunque sinergia con le imprese pi\u00f9 dinamiche, che vanno a investire l\u00e0 dove c\u2019\u00e8 capitale umano d\u2019alta qualit\u00e0.<\/p><p>Le alleanze europee del Politecnico sono una sfida importante anche per Milano, come metropoli d\u2019avanguardia e locomotiva dello sviluppo italiano. \u201c<strong>Crescere talenti per lo sviluppo del territorio<\/strong>\u201d, indica come obiettivo il <strong>Rettore Giovanni Azzone<\/strong>, qualificando appunto il Politecnico come pilastro \u201cper rendere pi\u00f9 competitivo un ecosistema che ha per baricentro Milano e per confini Torino, Trieste e Bologna, l\u2019unica macro-area in grado di confrontarsi con successo con le altre reti internazionali\u201d. Milano \u00e8 gi\u00e0 (lo hanno ribadito ricerche recenti) una delle prime 25 citt\u00e0 \u201cuniversitarie globali\u201d, grazie ai buoni risultati in ricerca, formazione e relazioni con il tessuto economico dei suoi atenei, pubblici e privati. E il Politecnico continua a investire (10 milioni di euro all\u2019anno) \u201cper attrarre i migliori studenti italiani e stranieri\u201d e per stimolare la collaborazione con docenti e ricercatori di livello internazionale. Ci muoviamo \u201ccon l\u2019ottimismo di chi crea innovazione e sviluppo\u201d, dice il Rettore Azzone. E con la responsabilit\u00e0, storica e contemporanea, di chi sa di avere un grande ruolo nel rafforzamento del sistema Italia, della sua scuola, delle sue imprese. Volendo, anche questa \u00e8 \u201cetica della tecnica\u201d, per tornare a Popper.<\/p>\n","protected":false},"excerpt":{"rendered":"<p>C\u2019\u00e8 un profondo significato etico e culturale, nella tecnica. Nella scienza che apre nuovi orizzonti. E nelle innovazioni che continuano a trasformare la societ\u00e0 in cui viviamo, rendendola migliore, liberandola dalle insicurezze che riguardano la salute, l\u2019ambiente, la qualit\u00e0 della vita ma anche dalle oppressioni e dall\u2019angoscia della \u201cpena del lavoro\u201d. La lezioni d\u2019ottimismo critico [&hellip;]<\/p>\n","protected":false},"author":1,"featured_media":49109,"comment_status":"open","ping_status":"open","sticky":false,"template":"","format":"standard","meta":{"footnotes":""},"categories":[53,52],"tags":[],"class_list":["post-49108","post","type-post","status-publish","format-standard","has-post-thumbnail","hentry","category-blog","category-cultura-dimpresa"],"acf":[],"yoast_head":"<!-- This site is optimized with the Yoast SEO plugin v25.0 - https:\/\/yoast.com\/wordpress\/plugins\/seo\/ -->\n<title>Karl Popper, etica, tecnica e le allenze internazionali del Politecnico - Fondazione Pirelli<\/title>\n<meta name=\"robots\" content=\"index, follow, max-snippet:-1, max-image-preview:large, max-video-preview:-1\" \/>\n<link rel=\"canonical\" href=\"https:\/\/www.fondazionepirelli.org\/it\/cultura-dimpresa\/karl-popper-etica-tecnica-e-le-allenze-internazionali-del-politecnico\/\" \/>\n<meta property=\"og:locale\" content=\"it_IT\" \/>\n<meta property=\"og:type\" content=\"article\" \/>\n<meta property=\"og:title\" content=\"Karl Popper, etica, tecnica e le allenze internazionali del Politecnico - Fondazione Pirelli\" \/>\n<meta property=\"og:description\" content=\"C\u2019\u00e8 un profondo significato etico e culturale, nella tecnica. Nella scienza che apre nuovi orizzonti. E nelle innovazioni che continuano a trasformare la societ\u00e0 in cui viviamo, rendendola migliore, liberandola dalle insicurezze che riguardano la salute, l\u2019ambiente, la qualit\u00e0 della vita ma anche dalle oppressioni e dall\u2019angoscia della \u201cpena del lavoro\u201d. La lezioni d\u2019ottimismo critico [&hellip;]\" \/>\n<meta property=\"og:url\" content=\"https:\/\/127.0.0.1\/it\/cultura-dimpresa\/karl-popper-etica-tecnica-e-le-allenze-internazionali-del-politecnico\/\" \/>\n<meta property=\"og:site_name\" content=\"Fondazione Pirelli\" \/>\n<meta property=\"article:published_time\" content=\"2013-12-02T00:00:00+00:00\" \/>\n<meta property=\"article:modified_time\" content=\"2019-05-20T16:16:20+00:00\" \/>\n<meta property=\"og:image\" content=\"https:\/\/wpsite-assets.fondazionepirelli.org\/wp-content\/uploads\/2019\/05\/20102200\/13860581761158295651.jpg\" \/>\n\t<meta property=\"og:image:width\" content=\"249\" \/>\n\t<meta property=\"og:image:height\" content=\"375\" \/>\n\t<meta property=\"og:image:type\" content=\"image\/jpeg\" \/>\n<meta name=\"author\" content=\"fondadmin\" \/>\n<meta name=\"twitter:card\" content=\"summary_large_image\" \/>\n<meta name=\"twitter:label1\" content=\"Scritto da\" \/>\n\t<meta name=\"twitter:data1\" content=\"fondadmin\" \/>\n\t<meta name=\"twitter:label2\" content=\"Tempo di lettura stimato\" \/>\n\t<meta name=\"twitter:data2\" content=\"3 minuti\" \/>\n<script type=\"application\/ld+json\" class=\"yoast-schema-graph\">{\"@context\":\"https:\/\/schema.org\",\"@graph\":[{\"@type\":\"WebPage\",\"@id\":\"https:\/\/127.0.0.1\/it\/cultura-dimpresa\/karl-popper-etica-tecnica-e-le-allenze-internazionali-del-politecnico\/\",\"url\":\"https:\/\/127.0.0.1\/it\/cultura-dimpresa\/karl-popper-etica-tecnica-e-le-allenze-internazionali-del-politecnico\/\",\"name\":\"Karl Popper, etica, tecnica e le allenze internazionali del Politecnico - Fondazione Pirelli\",\"isPartOf\":{\"@id\":\"https:\/\/www.fondazionepirelli.org\/it\/#website\"},\"primaryImageOfPage\":{\"@id\":\"https:\/\/127.0.0.1\/it\/cultura-dimpresa\/karl-popper-etica-tecnica-e-le-allenze-internazionali-del-politecnico\/#primaryimage\"},\"image\":{\"@id\":\"https:\/\/127.0.0.1\/it\/cultura-dimpresa\/karl-popper-etica-tecnica-e-le-allenze-internazionali-del-politecnico\/#primaryimage\"},\"thumbnailUrl\":\"https:\/\/wpsite-assets.fondazionepirelli.org\/wp-content\/uploads\/2019\/05\/20102200\/13860581761158295651.jpg\",\"datePublished\":\"2013-12-02T00:00:00+00:00\",\"dateModified\":\"2019-05-20T16:16:20+00:00\",\"author\":{\"@id\":\"https:\/\/www.fondazionepirelli.org\/it\/#\/schema\/person\/f47d097000832c4a6e54538c791fdf25\"},\"breadcrumb\":{\"@id\":\"https:\/\/127.0.0.1\/it\/cultura-dimpresa\/karl-popper-etica-tecnica-e-le-allenze-internazionali-del-politecnico\/#breadcrumb\"},\"inLanguage\":\"it-IT\",\"potentialAction\":[{\"@type\":\"ReadAction\",\"target\":[\"https:\/\/127.0.0.1\/it\/cultura-dimpresa\/karl-popper-etica-tecnica-e-le-allenze-internazionali-del-politecnico\/\"]}]},{\"@type\":\"ImageObject\",\"inLanguage\":\"it-IT\",\"@id\":\"https:\/\/127.0.0.1\/it\/cultura-dimpresa\/karl-popper-etica-tecnica-e-le-allenze-internazionali-del-politecnico\/#primaryimage\",\"url\":\"https:\/\/wpsite-assets.fondazionepirelli.org\/wp-content\/uploads\/2019\/05\/20102200\/13860581761158295651.jpg\",\"contentUrl\":\"https:\/\/wpsite-assets.fondazionepirelli.org\/wp-content\/uploads\/2019\/05\/20102200\/13860581761158295651.jpg\",\"width\":249,\"height\":375},{\"@type\":\"BreadcrumbList\",\"@id\":\"https:\/\/127.0.0.1\/it\/cultura-dimpresa\/karl-popper-etica-tecnica-e-le-allenze-internazionali-del-politecnico\/#breadcrumb\",\"itemListElement\":[{\"@type\":\"ListItem\",\"position\":1,\"name\":\"Home\",\"item\":\"https:\/\/www.fondazionepirelli.org\/it\/\"},{\"@type\":\"ListItem\",\"position\":2,\"name\":\"Karl Popper, etica, tecnica e le allenze internazionali del Politecnico\"}]},{\"@type\":\"WebSite\",\"@id\":\"https:\/\/www.fondazionepirelli.org\/it\/#website\",\"url\":\"https:\/\/www.fondazionepirelli.org\/it\/\",\"name\":\"Fondazione Pirelli\",\"description\":\"\",\"potentialAction\":[{\"@type\":\"SearchAction\",\"target\":{\"@type\":\"EntryPoint\",\"urlTemplate\":\"https:\/\/www.fondazionepirelli.org\/it\/?s={search_term_string}\"},\"query-input\":{\"@type\":\"PropertyValueSpecification\",\"valueRequired\":true,\"valueName\":\"search_term_string\"}}],\"inLanguage\":\"it-IT\"},{\"@type\":\"Person\",\"@id\":\"https:\/\/www.fondazionepirelli.org\/it\/#\/schema\/person\/f47d097000832c4a6e54538c791fdf25\",\"name\":\"fondadmin\",\"image\":{\"@type\":\"ImageObject\",\"inLanguage\":\"it-IT\",\"@id\":\"https:\/\/www.fondazionepirelli.org\/it\/#\/schema\/person\/image\/\",\"url\":\"https:\/\/secure.gravatar.com\/avatar\/e69498a9175ca244966e51e53c88712c024fcebe41f9a05f75657f1bb25e489b?s=96&d=mm&r=g\",\"contentUrl\":\"https:\/\/secure.gravatar.com\/avatar\/e69498a9175ca244966e51e53c88712c024fcebe41f9a05f75657f1bb25e489b?s=96&d=mm&r=g\",\"caption\":\"fondadmin\"},\"url\":\"https:\/\/www.fondazionepirelli.org\/it\/author\/fondadmin\/\"}]}<\/script>\n<!-- \/ Yoast SEO plugin. -->","yoast_head_json":{"title":"Karl Popper, etica, tecnica e le allenze internazionali del Politecnico - Fondazione Pirelli","robots":{"index":"index","follow":"follow","max-snippet":"max-snippet:-1","max-image-preview":"max-image-preview:large","max-video-preview":"max-video-preview:-1"},"canonical":"https:\/\/www.fondazionepirelli.org\/it\/cultura-dimpresa\/karl-popper-etica-tecnica-e-le-allenze-internazionali-del-politecnico\/","og_locale":"it_IT","og_type":"article","og_title":"Karl Popper, etica, tecnica e le allenze internazionali del Politecnico - Fondazione Pirelli","og_description":"C\u2019\u00e8 un profondo significato etico e culturale, nella tecnica. Nella scienza che apre nuovi orizzonti. E nelle innovazioni che continuano a trasformare la societ\u00e0 in cui viviamo, rendendola migliore, liberandola dalle insicurezze che riguardano la salute, l\u2019ambiente, la qualit\u00e0 della vita ma anche dalle oppressioni e dall\u2019angoscia della \u201cpena del lavoro\u201d. La lezioni d\u2019ottimismo critico [&hellip;]","og_url":"https:\/\/127.0.0.1\/it\/cultura-dimpresa\/karl-popper-etica-tecnica-e-le-allenze-internazionali-del-politecnico\/","og_site_name":"Fondazione Pirelli","article_published_time":"2013-12-02T00:00:00+00:00","article_modified_time":"2019-05-20T16:16:20+00:00","og_image":[{"width":249,"height":375,"url":"https:\/\/wpsite-assets.fondazionepirelli.org\/wp-content\/uploads\/2019\/05\/20102200\/13860581761158295651.jpg","type":"image\/jpeg"}],"author":"fondadmin","twitter_card":"summary_large_image","twitter_misc":{"Scritto da":"fondadmin","Tempo di lettura stimato":"3 minuti"},"schema":{"@context":"https:\/\/schema.org","@graph":[{"@type":"WebPage","@id":"https:\/\/127.0.0.1\/it\/cultura-dimpresa\/karl-popper-etica-tecnica-e-le-allenze-internazionali-del-politecnico\/","url":"https:\/\/127.0.0.1\/it\/cultura-dimpresa\/karl-popper-etica-tecnica-e-le-allenze-internazionali-del-politecnico\/","name":"Karl Popper, etica, tecnica e le allenze internazionali del Politecnico - Fondazione Pirelli","isPartOf":{"@id":"https:\/\/www.fondazionepirelli.org\/it\/#website"},"primaryImageOfPage":{"@id":"https:\/\/127.0.0.1\/it\/cultura-dimpresa\/karl-popper-etica-tecnica-e-le-allenze-internazionali-del-politecnico\/#primaryimage"},"image":{"@id":"https:\/\/127.0.0.1\/it\/cultura-dimpresa\/karl-popper-etica-tecnica-e-le-allenze-internazionali-del-politecnico\/#primaryimage"},"thumbnailUrl":"https:\/\/wpsite-assets.fondazionepirelli.org\/wp-content\/uploads\/2019\/05\/20102200\/13860581761158295651.jpg","datePublished":"2013-12-02T00:00:00+00:00","dateModified":"2019-05-20T16:16:20+00:00","author":{"@id":"https:\/\/www.fondazionepirelli.org\/it\/#\/schema\/person\/f47d097000832c4a6e54538c791fdf25"},"breadcrumb":{"@id":"https:\/\/127.0.0.1\/it\/cultura-dimpresa\/karl-popper-etica-tecnica-e-le-allenze-internazionali-del-politecnico\/#breadcrumb"},"inLanguage":"it-IT","potentialAction":[{"@type":"ReadAction","target":["https:\/\/127.0.0.1\/it\/cultura-dimpresa\/karl-popper-etica-tecnica-e-le-allenze-internazionali-del-politecnico\/"]}]},{"@type":"ImageObject","inLanguage":"it-IT","@id":"https:\/\/127.0.0.1\/it\/cultura-dimpresa\/karl-popper-etica-tecnica-e-le-allenze-internazionali-del-politecnico\/#primaryimage","url":"https:\/\/wpsite-assets.fondazionepirelli.org\/wp-content\/uploads\/2019\/05\/20102200\/13860581761158295651.jpg","contentUrl":"https:\/\/wpsite-assets.fondazionepirelli.org\/wp-content\/uploads\/2019\/05\/20102200\/13860581761158295651.jpg","width":249,"height":375},{"@type":"BreadcrumbList","@id":"https:\/\/127.0.0.1\/it\/cultura-dimpresa\/karl-popper-etica-tecnica-e-le-allenze-internazionali-del-politecnico\/#breadcrumb","itemListElement":[{"@type":"ListItem","position":1,"name":"Home","item":"https:\/\/www.fondazionepirelli.org\/it\/"},{"@type":"ListItem","position":2,"name":"Karl Popper, etica, tecnica e le allenze internazionali del Politecnico"}]},{"@type":"WebSite","@id":"https:\/\/www.fondazionepirelli.org\/it\/#website","url":"https:\/\/www.fondazionepirelli.org\/it\/","name":"Fondazione Pirelli","description":"","potentialAction":[{"@type":"SearchAction","target":{"@type":"EntryPoint","urlTemplate":"https:\/\/www.fondazionepirelli.org\/it\/?s={search_term_string}"},"query-input":{"@type":"PropertyValueSpecification","valueRequired":true,"valueName":"search_term_string"}}],"inLanguage":"it-IT"},{"@type":"Person","@id":"https:\/\/www.fondazionepirelli.org\/it\/#\/schema\/person\/f47d097000832c4a6e54538c791fdf25","name":"fondadmin","image":{"@type":"ImageObject","inLanguage":"it-IT","@id":"https:\/\/www.fondazionepirelli.org\/it\/#\/schema\/person\/image\/","url":"https:\/\/secure.gravatar.com\/avatar\/e69498a9175ca244966e51e53c88712c024fcebe41f9a05f75657f1bb25e489b?s=96&d=mm&r=g","contentUrl":"https:\/\/secure.gravatar.com\/avatar\/e69498a9175ca244966e51e53c88712c024fcebe41f9a05f75657f1bb25e489b?s=96&d=mm&r=g","caption":"fondadmin"},"url":"https:\/\/www.fondazionepirelli.org\/it\/author\/fondadmin\/"}]}},"_links":{"self":[{"href":"https:\/\/www.fondazionepirelli.org\/it\/wp-json\/wp\/v2\/posts\/49108\/"}],"collection":[{"href":"https:\/\/www.fondazionepirelli.org\/it\/wp-json\/wp\/v2\/posts\/"}],"about":[{"href":"https:\/\/www.fondazionepirelli.org\/it\/wp-json\/wp\/v2\/types\/post\/"}],"author":[{"embeddable":true,"href":"https:\/\/www.fondazionepirelli.org\/it\/wp-json\/wp\/v2\/users\/1\/"}],"replies":[{"embeddable":true,"href":"https:\/\/www.fondazionepirelli.org\/it\/wp-json\/wp\/v2\/comments\/?post=49108"}],"version-history":[{"count":1,"href":"https:\/\/www.fondazionepirelli.org\/it\/wp-json\/wp\/v2\/posts\/49108\/revisions\/"}],"predecessor-version":[{"id":55627,"href":"https:\/\/www.fondazionepirelli.org\/it\/wp-json\/wp\/v2\/posts\/49108\/revisions\/55627\/"}],"wp:featuredmedia":[{"embeddable":true,"href":"https:\/\/www.fondazionepirelli.org\/it\/wp-json\/wp\/v2\/media\/49109\/"}],"wp:attachment":[{"href":"https:\/\/www.fondazionepirelli.org\/it\/wp-json\/wp\/v2\/media\/?parent=49108"}],"wp:term":[{"taxonomy":"category","embeddable":true,"href":"https:\/\/www.fondazionepirelli.org\/it\/wp-json\/wp\/v2\/categories\/?post=49108"},{"taxonomy":"post_tag","embeddable":true,"href":"https:\/\/www.fondazionepirelli.org\/it\/wp-json\/wp\/v2\/tags\/?post=49108"}],"curies":[{"name":"wp","href":"https:\/\/api.w.org\/{rel}","templated":true}]}}