{"id":49112,"date":"2013-12-02T00:00:00","date_gmt":"2013-12-02T00:00:00","guid":{"rendered":"http:\/\/www.fondazionepirelli.org\/fondazione-pirelli\/una-nessuna-e-centomila\/"},"modified":"2019-11-05T11:47:12","modified_gmt":"2019-11-05T09:47:12","slug":"una-nessuna-e-centomila","status":"publish","type":"post","link":"https:\/\/www.fondazionepirelli.org\/it\/cultura-dimpresa\/una-nessuna-e-centomila\/","title":{"rendered":"Una, nessuna e centomila"},"content":{"rendered":"<p>Si fa presto a dire \u201cil sistema industriale\u201d. Si fa presto a sbagliare bersaglio. Perch\u00e9 nessuna impresa \u00e8 uguale all\u2019altra. Affermazione apparentemente banale che, tuttavia, pare spesso essere dimenticata da chi commenta la situazione industriale italiana cos\u00ec come quella di altri Paesi. Insomma, il tutto non \u00e8 uguale alle parti che lo compongono. E non \u00e8 nemmeno migliore o peggiore. E\u2019 diverso.<\/p>\n<p>Molti osservatori per\u00f2 pare dimentichino l\u2019ovviet\u00e0 e sostengono che l&#8217;industria italiana \u00e8 insufficientemente aperta all&#8217;innovazione e poco orientata ai mercati internazionali, oltre che ripiegata su dimensioni di impresa medio-piccole a bassa intensit\u00e0 tecnologica. Una specie di dinosauro, altro da ci\u00f2 che si muove attorno a lui.<\/p>\n<p>Il confronto con la realt\u00e0 sembra restituire un quadro ben diverso. Ed \u00e8 da questo assunto che \u00e8 iniziata una vasta indagine sul campo condotta dal Centro Studi Confindustria. Il risultato \u00e8 un libro \u2013 \u201c<strong>Nuove strategie delle imprese italiane<\/strong>\u201d \u2013 scritto a quattro mani da un economista del Centro stesso (<strong>Fabrizio Tra\u00f9<\/strong>) e da un economista industriale presso l\u2019Universit\u00e0 di Parma (<strong>Alessandro Arrigheti<\/strong>).<\/p>\n<p>I risultati dell\u2019indagine confermano che il \u201ctutto dell\u2019industria\u201d italiana non \u00e8 uguale alle sue singole componenti. Anzi, a guardare dentro al comparto industriale si scoprono realt\u00e0 inaspettate. Secondo i due autori, \u201cper interpretare la logica del cambiamento in atto nel sistema industriale italiano occorre abbandonare l&#8217;idea che esso costituisca un&#8217;entit\u00e0 omogenea\u201d. E\u2019 qui che salta fuori la novit\u00e0. Per capire cosa sta accadendo occorre inquadrare la realt\u00e0, spiegano, \u201calla luce di una emergente forma di dualismo che scaturisce dall&#8217;affermarsi di un doppio percorso evolutivo: quello intrapreso da un gruppo molto dinamico di imprese che hanno adottato strategie di marcata differenziazione rispetto al passato, da un lato; e, dall&#8217;altro, quello dentro cui sembrano tuttora prigioniere le imprese che faticano a tenere il passo\u201d. Ma la novit\u00e0 \u00e8 anche un\u2019altra. Le imprese che riescono a farcela non rappresentano casi isolati di straordinaria di eccellenza, ma sono invece un segmento significativo di aziende che hanno evitato soluzioni competitive incentrate su fattori di costo e sulle economie di scala, e hanno attribuito al controllo della tecnologia e alla qualit\u00e0 del capitale umano il ruolo di cardini su cui fondare le loro decisioni strategiche. Come dire: vince ancora una volta l\u2019impresa che mette al centro di tutto la tecnologia e l\u2019uomo che vi lavora.<\/p><p><strong>Nuove strategie delle imprese italiane<\/strong><\/p>\n<p>Alessandro Arrighetti, Fabrizio Tra\u00f9<\/p>\n<p>Donzelli, ottobre 2013<\/p>\n","protected":false},"excerpt":{"rendered":"<p>Si fa presto a dire \u201cil sistema industriale\u201d. Si fa presto a sbagliare bersaglio. Perch\u00e9 nessuna impresa \u00e8 uguale all\u2019altra. Affermazione apparentemente banale che, tuttavia, pare spesso essere dimenticata da chi commenta la situazione industriale italiana cos\u00ec come quella di altri Paesi. Insomma, il tutto non \u00e8 uguale alle parti che lo compongono. E non [&hellip;]<\/p>\n","protected":false},"author":1,"featured_media":49113,"comment_status":"open","ping_status":"open","sticky":false,"template":"","format":"standard","meta":{"footnotes":""},"categories":[52,58],"tags":[],"class_list":["post-49112","post","type-post","status-publish","format-standard","has-post-thumbnail","hentry","category-cultura-dimpresa","category-recensioni-libri"],"acf":[],"yoast_head":"<!-- This site is optimized with the Yoast SEO plugin v25.0 - https:\/\/yoast.com\/wordpress\/plugins\/seo\/ -->\n<title>Una, nessuna e centomila - Fondazione Pirelli<\/title>\n<meta name=\"robots\" content=\"index, follow, max-snippet:-1, max-image-preview:large, max-video-preview:-1\" \/>\n<link rel=\"canonical\" href=\"https:\/\/www.fondazionepirelli.org\/it\/cultura-dimpresa\/una-nessuna-e-centomila\/\" \/>\n<meta property=\"og:locale\" content=\"it_IT\" \/>\n<meta property=\"og:type\" content=\"article\" \/>\n<meta property=\"og:title\" content=\"Una, nessuna e centomila - Fondazione Pirelli\" \/>\n<meta property=\"og:description\" content=\"Si fa presto a dire \u201cil sistema industriale\u201d. Si fa presto a sbagliare bersaglio. Perch\u00e9 nessuna impresa \u00e8 uguale all\u2019altra. Affermazione apparentemente banale che, tuttavia, pare spesso essere dimenticata da chi commenta la situazione industriale italiana cos\u00ec come quella di altri Paesi. Insomma, il tutto non \u00e8 uguale alle parti che lo compongono. E non [&hellip;]\" \/>\n<meta property=\"og:url\" content=\"https:\/\/127.0.0.1\/it\/cultura-dimpresa\/una-nessuna-e-centomila\/\" \/>\n<meta property=\"og:site_name\" content=\"Fondazione Pirelli\" \/>\n<meta property=\"article:published_time\" content=\"2013-12-02T00:00:00+00:00\" \/>\n<meta property=\"article:modified_time\" content=\"2019-11-05T09:47:12+00:00\" \/>\n<meta property=\"og:image\" content=\"https:\/\/wpsite-assets.fondazionepirelli.org\/wp-content\/uploads\/2019\/05\/20102200\/13860586951681018941.jpg\" \/>\n\t<meta property=\"og:image:width\" content=\"250\" \/>\n\t<meta property=\"og:image:height\" content=\"356\" \/>\n\t<meta property=\"og:image:type\" content=\"image\/jpeg\" \/>\n<meta name=\"author\" content=\"fondadmin\" \/>\n<meta name=\"twitter:card\" content=\"summary_large_image\" \/>\n<meta name=\"twitter:label1\" content=\"Scritto da\" \/>\n\t<meta name=\"twitter:data1\" content=\"fondadmin\" \/>\n\t<meta name=\"twitter:label2\" content=\"Tempo di lettura stimato\" \/>\n\t<meta name=\"twitter:data2\" content=\"2 minuti\" \/>\n<script type=\"application\/ld+json\" class=\"yoast-schema-graph\">{\"@context\":\"https:\/\/schema.org\",\"@graph\":[{\"@type\":\"WebPage\",\"@id\":\"https:\/\/127.0.0.1\/it\/cultura-dimpresa\/una-nessuna-e-centomila\/\",\"url\":\"https:\/\/127.0.0.1\/it\/cultura-dimpresa\/una-nessuna-e-centomila\/\",\"name\":\"Una, nessuna e centomila - Fondazione Pirelli\",\"isPartOf\":{\"@id\":\"https:\/\/www.fondazionepirelli.org\/it\/#website\"},\"primaryImageOfPage\":{\"@id\":\"https:\/\/127.0.0.1\/it\/cultura-dimpresa\/una-nessuna-e-centomila\/#primaryimage\"},\"image\":{\"@id\":\"https:\/\/127.0.0.1\/it\/cultura-dimpresa\/una-nessuna-e-centomila\/#primaryimage\"},\"thumbnailUrl\":\"https:\/\/wpsite-assets.fondazionepirelli.org\/wp-content\/uploads\/2019\/05\/20102200\/13860586951681018941.jpg\",\"datePublished\":\"2013-12-02T00:00:00+00:00\",\"dateModified\":\"2019-11-05T09:47:12+00:00\",\"author\":{\"@id\":\"https:\/\/www.fondazionepirelli.org\/it\/#\/schema\/person\/f47d097000832c4a6e54538c791fdf25\"},\"breadcrumb\":{\"@id\":\"https:\/\/127.0.0.1\/it\/cultura-dimpresa\/una-nessuna-e-centomila\/#breadcrumb\"},\"inLanguage\":\"it-IT\",\"potentialAction\":[{\"@type\":\"ReadAction\",\"target\":[\"https:\/\/127.0.0.1\/it\/cultura-dimpresa\/una-nessuna-e-centomila\/\"]}]},{\"@type\":\"ImageObject\",\"inLanguage\":\"it-IT\",\"@id\":\"https:\/\/127.0.0.1\/it\/cultura-dimpresa\/una-nessuna-e-centomila\/#primaryimage\",\"url\":\"https:\/\/wpsite-assets.fondazionepirelli.org\/wp-content\/uploads\/2019\/05\/20102200\/13860586951681018941.jpg\",\"contentUrl\":\"https:\/\/wpsite-assets.fondazionepirelli.org\/wp-content\/uploads\/2019\/05\/20102200\/13860586951681018941.jpg\",\"width\":250,\"height\":356},{\"@type\":\"BreadcrumbList\",\"@id\":\"https:\/\/127.0.0.1\/it\/cultura-dimpresa\/una-nessuna-e-centomila\/#breadcrumb\",\"itemListElement\":[{\"@type\":\"ListItem\",\"position\":1,\"name\":\"Home\",\"item\":\"https:\/\/www.fondazionepirelli.org\/it\/\"},{\"@type\":\"ListItem\",\"position\":2,\"name\":\"Una, nessuna e centomila\"}]},{\"@type\":\"WebSite\",\"@id\":\"https:\/\/www.fondazionepirelli.org\/it\/#website\",\"url\":\"https:\/\/www.fondazionepirelli.org\/it\/\",\"name\":\"Fondazione Pirelli\",\"description\":\"\",\"potentialAction\":[{\"@type\":\"SearchAction\",\"target\":{\"@type\":\"EntryPoint\",\"urlTemplate\":\"https:\/\/www.fondazionepirelli.org\/it\/?s={search_term_string}\"},\"query-input\":{\"@type\":\"PropertyValueSpecification\",\"valueRequired\":true,\"valueName\":\"search_term_string\"}}],\"inLanguage\":\"it-IT\"},{\"@type\":\"Person\",\"@id\":\"https:\/\/www.fondazionepirelli.org\/it\/#\/schema\/person\/f47d097000832c4a6e54538c791fdf25\",\"name\":\"fondadmin\",\"image\":{\"@type\":\"ImageObject\",\"inLanguage\":\"it-IT\",\"@id\":\"https:\/\/www.fondazionepirelli.org\/it\/#\/schema\/person\/image\/\",\"url\":\"https:\/\/secure.gravatar.com\/avatar\/e69498a9175ca244966e51e53c88712c024fcebe41f9a05f75657f1bb25e489b?s=96&d=mm&r=g\",\"contentUrl\":\"https:\/\/secure.gravatar.com\/avatar\/e69498a9175ca244966e51e53c88712c024fcebe41f9a05f75657f1bb25e489b?s=96&d=mm&r=g\",\"caption\":\"fondadmin\"},\"url\":\"https:\/\/www.fondazionepirelli.org\/it\/author\/fondadmin\/\"}]}<\/script>\n<!-- \/ Yoast SEO plugin. -->","yoast_head_json":{"title":"Una, nessuna e centomila - Fondazione Pirelli","robots":{"index":"index","follow":"follow","max-snippet":"max-snippet:-1","max-image-preview":"max-image-preview:large","max-video-preview":"max-video-preview:-1"},"canonical":"https:\/\/www.fondazionepirelli.org\/it\/cultura-dimpresa\/una-nessuna-e-centomila\/","og_locale":"it_IT","og_type":"article","og_title":"Una, nessuna e centomila - Fondazione Pirelli","og_description":"Si fa presto a dire \u201cil sistema industriale\u201d. Si fa presto a sbagliare bersaglio. Perch\u00e9 nessuna impresa \u00e8 uguale all\u2019altra. Affermazione apparentemente banale che, tuttavia, pare spesso essere dimenticata da chi commenta la situazione industriale italiana cos\u00ec come quella di altri Paesi. Insomma, il tutto non \u00e8 uguale alle parti che lo compongono. E non [&hellip;]","og_url":"https:\/\/127.0.0.1\/it\/cultura-dimpresa\/una-nessuna-e-centomila\/","og_site_name":"Fondazione Pirelli","article_published_time":"2013-12-02T00:00:00+00:00","article_modified_time":"2019-11-05T09:47:12+00:00","og_image":[{"width":250,"height":356,"url":"https:\/\/wpsite-assets.fondazionepirelli.org\/wp-content\/uploads\/2019\/05\/20102200\/13860586951681018941.jpg","type":"image\/jpeg"}],"author":"fondadmin","twitter_card":"summary_large_image","twitter_misc":{"Scritto da":"fondadmin","Tempo di lettura stimato":"2 minuti"},"schema":{"@context":"https:\/\/schema.org","@graph":[{"@type":"WebPage","@id":"https:\/\/127.0.0.1\/it\/cultura-dimpresa\/una-nessuna-e-centomila\/","url":"https:\/\/127.0.0.1\/it\/cultura-dimpresa\/una-nessuna-e-centomila\/","name":"Una, nessuna e centomila - Fondazione Pirelli","isPartOf":{"@id":"https:\/\/www.fondazionepirelli.org\/it\/#website"},"primaryImageOfPage":{"@id":"https:\/\/127.0.0.1\/it\/cultura-dimpresa\/una-nessuna-e-centomila\/#primaryimage"},"image":{"@id":"https:\/\/127.0.0.1\/it\/cultura-dimpresa\/una-nessuna-e-centomila\/#primaryimage"},"thumbnailUrl":"https:\/\/wpsite-assets.fondazionepirelli.org\/wp-content\/uploads\/2019\/05\/20102200\/13860586951681018941.jpg","datePublished":"2013-12-02T00:00:00+00:00","dateModified":"2019-11-05T09:47:12+00:00","author":{"@id":"https:\/\/www.fondazionepirelli.org\/it\/#\/schema\/person\/f47d097000832c4a6e54538c791fdf25"},"breadcrumb":{"@id":"https:\/\/127.0.0.1\/it\/cultura-dimpresa\/una-nessuna-e-centomila\/#breadcrumb"},"inLanguage":"it-IT","potentialAction":[{"@type":"ReadAction","target":["https:\/\/127.0.0.1\/it\/cultura-dimpresa\/una-nessuna-e-centomila\/"]}]},{"@type":"ImageObject","inLanguage":"it-IT","@id":"https:\/\/127.0.0.1\/it\/cultura-dimpresa\/una-nessuna-e-centomila\/#primaryimage","url":"https:\/\/wpsite-assets.fondazionepirelli.org\/wp-content\/uploads\/2019\/05\/20102200\/13860586951681018941.jpg","contentUrl":"https:\/\/wpsite-assets.fondazionepirelli.org\/wp-content\/uploads\/2019\/05\/20102200\/13860586951681018941.jpg","width":250,"height":356},{"@type":"BreadcrumbList","@id":"https:\/\/127.0.0.1\/it\/cultura-dimpresa\/una-nessuna-e-centomila\/#breadcrumb","itemListElement":[{"@type":"ListItem","position":1,"name":"Home","item":"https:\/\/www.fondazionepirelli.org\/it\/"},{"@type":"ListItem","position":2,"name":"Una, nessuna e centomila"}]},{"@type":"WebSite","@id":"https:\/\/www.fondazionepirelli.org\/it\/#website","url":"https:\/\/www.fondazionepirelli.org\/it\/","name":"Fondazione Pirelli","description":"","potentialAction":[{"@type":"SearchAction","target":{"@type":"EntryPoint","urlTemplate":"https:\/\/www.fondazionepirelli.org\/it\/?s={search_term_string}"},"query-input":{"@type":"PropertyValueSpecification","valueRequired":true,"valueName":"search_term_string"}}],"inLanguage":"it-IT"},{"@type":"Person","@id":"https:\/\/www.fondazionepirelli.org\/it\/#\/schema\/person\/f47d097000832c4a6e54538c791fdf25","name":"fondadmin","image":{"@type":"ImageObject","inLanguage":"it-IT","@id":"https:\/\/www.fondazionepirelli.org\/it\/#\/schema\/person\/image\/","url":"https:\/\/secure.gravatar.com\/avatar\/e69498a9175ca244966e51e53c88712c024fcebe41f9a05f75657f1bb25e489b?s=96&d=mm&r=g","contentUrl":"https:\/\/secure.gravatar.com\/avatar\/e69498a9175ca244966e51e53c88712c024fcebe41f9a05f75657f1bb25e489b?s=96&d=mm&r=g","caption":"fondadmin"},"url":"https:\/\/www.fondazionepirelli.org\/it\/author\/fondadmin\/"}]}},"_links":{"self":[{"href":"https:\/\/www.fondazionepirelli.org\/it\/wp-json\/wp\/v2\/posts\/49112\/"}],"collection":[{"href":"https:\/\/www.fondazionepirelli.org\/it\/wp-json\/wp\/v2\/posts\/"}],"about":[{"href":"https:\/\/www.fondazionepirelli.org\/it\/wp-json\/wp\/v2\/types\/post\/"}],"author":[{"embeddable":true,"href":"https:\/\/www.fondazionepirelli.org\/it\/wp-json\/wp\/v2\/users\/1\/"}],"replies":[{"embeddable":true,"href":"https:\/\/www.fondazionepirelli.org\/it\/wp-json\/wp\/v2\/comments\/?post=49112"}],"version-history":[{"count":2,"href":"https:\/\/www.fondazionepirelli.org\/it\/wp-json\/wp\/v2\/posts\/49112\/revisions\/"}],"predecessor-version":[{"id":71390,"href":"https:\/\/www.fondazionepirelli.org\/it\/wp-json\/wp\/v2\/posts\/49112\/revisions\/71390\/"}],"wp:featuredmedia":[{"embeddable":true,"href":"https:\/\/www.fondazionepirelli.org\/it\/wp-json\/wp\/v2\/media\/49113\/"}],"wp:attachment":[{"href":"https:\/\/www.fondazionepirelli.org\/it\/wp-json\/wp\/v2\/media\/?parent=49112"}],"wp:term":[{"taxonomy":"category","embeddable":true,"href":"https:\/\/www.fondazionepirelli.org\/it\/wp-json\/wp\/v2\/categories\/?post=49112"},{"taxonomy":"post_tag","embeddable":true,"href":"https:\/\/www.fondazionepirelli.org\/it\/wp-json\/wp\/v2\/tags\/?post=49112"}],"curies":[{"name":"wp","href":"https:\/\/api.w.org\/{rel}","templated":true}]}}