{"id":49193,"date":"2013-10-03T00:00:00","date_gmt":"2013-10-03T00:00:00","guid":{"rendered":"http:\/\/www.fondazionepirelli.org\/fondazione-pirelli\/quel-5-ottobre-del-37-venne-concepito-un-record\/"},"modified":"2022-01-28T15:17:38","modified_gmt":"2022-01-28T14:17:38","slug":"quel-5-ottobre-del-37-venne-concepito-un-record","status":"publish","type":"post","link":"https:\/\/www.fondazionepirelli.org\/it\/iniziative\/storie-dal-mondo-pirelli\/quel-5-ottobre-del-37-venne-concepito-un-record\/","title":{"rendered":"Quel 5 ottobre del \u201937 venne concepito un record"},"content":{"rendered":"<p>Tra numeri e disegni di un rapporto tecnico di prova del <strong>1937<\/strong> &#8211; custodito nell\u2019Archivio Storico Pirelli &#8211; la <strong>storia dei pneumatici Pirelli Motocord<\/strong> che quell\u2019anno fecero il <a href=\"https:\/\/www.fondazionepirelli.org\/archivio-storico\/fotografie\/detail\/IT-PIRELLI-FT0001-0000000518\/record-taruffi-sull-autostrada-brescia-bergamo-nel-1937.html?lang=it\" target=\"_blank\" rel=\"noopener noreferrer\"><strong>record di velocit\u00e0<\/strong> <strong>con la Gilera Rondine di Taruffi<\/strong><\/a>.<\/p>\n<p>L\u2019ingegner V* abbass\u00f2 la cornetta del telefono e rest\u00f2 qualche minuto a pensare. Dall\u2019altra parte del filo, <strong>Piero Taruffi<\/strong> era stato perentorio: il record di velocit\u00e0 \u201cdoveva\u201d essere fatto. Ci teneva proprio, per s\u00e8 e per il buon nome della <strong>Gilera<\/strong>. La moto era pronta, quella <strong>500 Rondine<\/strong> che Taruffi stesso aveva dotato di una speciale carenatura aerodinamica in grado di tirar fuori il massimo dalla cavalleria del motore. Ma il famoso pilota -lui stesso ingegnere di fama- sapeva anche che molto sarebbe dipeso dai pneumatici. E cos\u00ec si era espresso al telefono con l\u2019ingegner V*, che era a capo dell\u2019Ufficio B presso la <strong>Direzione Tecnica Gomma<\/strong> della <strong>Pirelli<\/strong>: \u201cil vostro tipo <strong>MotoCord rigato<\/strong> sono certo far\u00e0 al caso nostro. Solo penso dovr\u00e0 esser rivista e allargata la sezione del pneumatico posteriore, non credete?\u201d.<\/p>\n<p>Pensava giusto, Taruffi. Tutto stava nella larghezza della gomma posteriore, perch\u00e8 ottanta e passa cavalli mica li si scarica a terra facilmente. L\u2019ingegner V* si alz\u00f2 e and\u00f2 all&#8217;archivio dove teneva le specifiche delle coperture in prova. Eccola. Era datata 8 giugno 1937, solo qualche mese prima. <strong>Rigato Ultraleggero<\/strong>, <strong>disegno battistrada numero 1134<\/strong>, misura 3.75 per 19. Ne avevano tirato fuori un ottimo pneumatico posteriore, ma forse ancora un po\u2019 troppo stretto per la potentissima e velocissima Rondine.<\/p>\n<p>Cos\u00ec l\u2019ingegner V* prese un nuovo foglio e inizi\u00f2 a scrivere numeri. Rifece i calcoli, aument\u00f2 di qualche millimetro la larghezza delle tele, disegn\u00f2 una nuova sezione del battistrada. Ricontroll\u00f2 il tutto. A fianco della dicitura \u201c<strong>Copertura speciale da primati<\/strong>\u201d mise la sua sigla e sped\u00ec il tutto in fabbrica dove quei pneumatici da record sarebbero stati prodotti il giorno dopo. Era il 5 ottobre \u00a0del 1937.<\/p>\n<p>Il 21 ottobre, sul tratto autostradale <strong>Brescia-Bergamo<\/strong>, la Gilera Rondine dell\u2019ingegner Piero Taruffi copriva il chilometro lanciato in 13 secondi e 13 centesimi, alla velocit\u00e0 record di <strong>274,481<\/strong> <strong>km\/h<\/strong>. Non sappiamo se nel gruppetto di persone presenti all\u2019impresa ci fosse anche l\u2019ingegner V*, e le foto dell\u2019epoca non sanno raccontarcelo. Ma i MotoCord da record \u201cdisegnati\u201d da V* il pomeriggio del 5 ottobre, quelli s\u00ec che c\u2019erano, e avevano fatto ancora una volta alla perfezione il loro lavoro.<\/p>\n","protected":false},"excerpt":{"rendered":"<p>Tra numeri e disegni di un rapporto tecnico di prova del 1937 &#8211; custodito nell\u2019Archivio Storico Pirelli &#8211; la storia dei pneumatici Pirelli Motocord che quell\u2019anno fecero il record di velocit\u00e0 con la Gilera Rondine di Taruffi. L\u2019ingegner V* abbass\u00f2 la cornetta del telefono e rest\u00f2 qualche minuto a pensare. Dall\u2019altra parte del filo, Piero [&hellip;]<\/p>\n","protected":false},"author":1,"featured_media":63130,"comment_status":"open","ping_status":"open","sticky":false,"template":"","format":"standard","meta":{"footnotes":""},"categories":[62],"tags":[87,117],"class_list":["post-49193","post","type-post","status-publish","format-standard","has-post-thumbnail","hentry","category-storie-dal-mondo-pirelli","tag-corse","tag-sport"],"acf":[],"yoast_head":"<!-- This site is optimized with the Yoast SEO plugin v25.0 - https:\/\/yoast.com\/wordpress\/plugins\/seo\/ -->\n<title>Il record di velocit\u00e0 di Piero Taruffi | Fondazione Pirelli<\/title>\n<meta name=\"description\" content=\"Storie di record: Piero Taruffi, il pi\u00f9 veloce di sempre sulla Gilera Rondine gommata Motocord Pirelli nel 1937. Scopri di pi\u00f9 sul sito fondazionepirelli.org.\" \/>\n<meta name=\"robots\" content=\"index, follow, max-snippet:-1, max-image-preview:large, max-video-preview:-1\" \/>\n<link rel=\"canonical\" href=\"https:\/\/www.fondazionepirelli.org\/it\/iniziative\/storie-dal-mondo-pirelli\/quel-5-ottobre-del-37-venne-concepito-un-record\/\" \/>\n<meta property=\"og:locale\" content=\"it_IT\" \/>\n<meta property=\"og:type\" content=\"article\" \/>\n<meta property=\"og:title\" content=\"Il record di velocit\u00e0 di Piero Taruffi | Fondazione Pirelli\" \/>\n<meta property=\"og:description\" content=\"Storie di record: Piero Taruffi, il pi\u00f9 veloce di sempre sulla Gilera Rondine gommata Motocord Pirelli nel 1937. Scopri di pi\u00f9 sul sito fondazionepirelli.org.\" \/>\n<meta property=\"og:url\" content=\"https:\/\/127.0.0.1\/it\/iniziative\/storie-dal-mondo-pirelli\/quel-5-ottobre-del-37-venne-concepito-un-record\/\" \/>\n<meta property=\"og:site_name\" content=\"Fondazione Pirelli\" \/>\n<meta property=\"article:published_time\" content=\"2013-10-03T00:00:00+00:00\" \/>\n<meta property=\"article:modified_time\" content=\"2022-01-28T14:17:38+00:00\" \/>\n<meta property=\"og:image\" content=\"https:\/\/wpsite-assets.fondazionepirelli.org\/wp-content\/uploads\/2013\/10\/26110722\/piero-taruffi-e1571151459791.jpg\" \/>\n\t<meta property=\"og:image:width\" content=\"559\" \/>\n\t<meta property=\"og:image:height\" content=\"420\" \/>\n\t<meta property=\"og:image:type\" content=\"image\/jpeg\" \/>\n<meta name=\"author\" content=\"fondadmin\" \/>\n<meta name=\"twitter:card\" content=\"summary_large_image\" \/>\n<meta name=\"twitter:label1\" content=\"Scritto da\" \/>\n\t<meta name=\"twitter:data1\" content=\"fondadmin\" \/>\n\t<meta name=\"twitter:label2\" content=\"Tempo di lettura stimato\" \/>\n\t<meta name=\"twitter:data2\" content=\"2 minuti\" \/>\n<script type=\"application\/ld+json\" class=\"yoast-schema-graph\">{\"@context\":\"https:\/\/schema.org\",\"@graph\":[{\"@type\":\"WebPage\",\"@id\":\"https:\/\/127.0.0.1\/it\/iniziative\/storie-dal-mondo-pirelli\/quel-5-ottobre-del-37-venne-concepito-un-record\/\",\"url\":\"https:\/\/127.0.0.1\/it\/iniziative\/storie-dal-mondo-pirelli\/quel-5-ottobre-del-37-venne-concepito-un-record\/\",\"name\":\"Il record di velocit\u00e0 di Piero Taruffi | Fondazione Pirelli\",\"isPartOf\":{\"@id\":\"https:\/\/www.fondazionepirelli.org\/it\/#website\"},\"primaryImageOfPage\":{\"@id\":\"https:\/\/127.0.0.1\/it\/iniziative\/storie-dal-mondo-pirelli\/quel-5-ottobre-del-37-venne-concepito-un-record\/#primaryimage\"},\"image\":{\"@id\":\"https:\/\/127.0.0.1\/it\/iniziative\/storie-dal-mondo-pirelli\/quel-5-ottobre-del-37-venne-concepito-un-record\/#primaryimage\"},\"thumbnailUrl\":\"https:\/\/wpsite-assets.fondazionepirelli.org\/wp-content\/uploads\/2013\/10\/26110722\/piero-taruffi-e1571151459791.jpg\",\"datePublished\":\"2013-10-03T00:00:00+00:00\",\"dateModified\":\"2022-01-28T14:17:38+00:00\",\"author\":{\"@id\":\"https:\/\/www.fondazionepirelli.org\/it\/#\/schema\/person\/f47d097000832c4a6e54538c791fdf25\"},\"description\":\"Storie di record: Piero Taruffi, il pi\u00f9 veloce di sempre sulla Gilera Rondine gommata Motocord Pirelli nel 1937. Scopri di pi\u00f9 sul sito fondazionepirelli.org.\",\"breadcrumb\":{\"@id\":\"https:\/\/127.0.0.1\/it\/iniziative\/storie-dal-mondo-pirelli\/quel-5-ottobre-del-37-venne-concepito-un-record\/#breadcrumb\"},\"inLanguage\":\"it-IT\",\"potentialAction\":[{\"@type\":\"ReadAction\",\"target\":[\"https:\/\/127.0.0.1\/it\/iniziative\/storie-dal-mondo-pirelli\/quel-5-ottobre-del-37-venne-concepito-un-record\/\"]}]},{\"@type\":\"ImageObject\",\"inLanguage\":\"it-IT\",\"@id\":\"https:\/\/127.0.0.1\/it\/iniziative\/storie-dal-mondo-pirelli\/quel-5-ottobre-del-37-venne-concepito-un-record\/#primaryimage\",\"url\":\"https:\/\/wpsite-assets.fondazionepirelli.org\/wp-content\/uploads\/2013\/10\/26110722\/piero-taruffi-e1571151459791.jpg\",\"contentUrl\":\"https:\/\/wpsite-assets.fondazionepirelli.org\/wp-content\/uploads\/2013\/10\/26110722\/piero-taruffi-e1571151459791.jpg\",\"width\":559,\"height\":420},{\"@type\":\"BreadcrumbList\",\"@id\":\"https:\/\/127.0.0.1\/it\/iniziative\/storie-dal-mondo-pirelli\/quel-5-ottobre-del-37-venne-concepito-un-record\/#breadcrumb\",\"itemListElement\":[{\"@type\":\"ListItem\",\"position\":1,\"name\":\"Home\",\"item\":\"https:\/\/www.fondazionepirelli.org\/it\/\"},{\"@type\":\"ListItem\",\"position\":2,\"name\":\"Quel 5 ottobre del \u201937 venne concepito un record\"}]},{\"@type\":\"WebSite\",\"@id\":\"https:\/\/www.fondazionepirelli.org\/it\/#website\",\"url\":\"https:\/\/www.fondazionepirelli.org\/it\/\",\"name\":\"Fondazione Pirelli\",\"description\":\"\",\"potentialAction\":[{\"@type\":\"SearchAction\",\"target\":{\"@type\":\"EntryPoint\",\"urlTemplate\":\"https:\/\/www.fondazionepirelli.org\/it\/?s={search_term_string}\"},\"query-input\":{\"@type\":\"PropertyValueSpecification\",\"valueRequired\":true,\"valueName\":\"search_term_string\"}}],\"inLanguage\":\"it-IT\"},{\"@type\":\"Person\",\"@id\":\"https:\/\/www.fondazionepirelli.org\/it\/#\/schema\/person\/f47d097000832c4a6e54538c791fdf25\",\"name\":\"fondadmin\",\"image\":{\"@type\":\"ImageObject\",\"inLanguage\":\"it-IT\",\"@id\":\"https:\/\/www.fondazionepirelli.org\/it\/#\/schema\/person\/image\/\",\"url\":\"https:\/\/secure.gravatar.com\/avatar\/e69498a9175ca244966e51e53c88712c024fcebe41f9a05f75657f1bb25e489b?s=96&d=mm&r=g\",\"contentUrl\":\"https:\/\/secure.gravatar.com\/avatar\/e69498a9175ca244966e51e53c88712c024fcebe41f9a05f75657f1bb25e489b?s=96&d=mm&r=g\",\"caption\":\"fondadmin\"},\"url\":\"https:\/\/www.fondazionepirelli.org\/it\/author\/fondadmin\/\"}]}<\/script>\n<!-- \/ Yoast SEO plugin. -->","yoast_head_json":{"title":"Il record di velocit\u00e0 di Piero Taruffi | Fondazione Pirelli","description":"Storie di record: Piero Taruffi, il pi\u00f9 veloce di sempre sulla Gilera Rondine gommata Motocord Pirelli nel 1937. Scopri di pi\u00f9 sul sito fondazionepirelli.org.","robots":{"index":"index","follow":"follow","max-snippet":"max-snippet:-1","max-image-preview":"max-image-preview:large","max-video-preview":"max-video-preview:-1"},"canonical":"https:\/\/www.fondazionepirelli.org\/it\/iniziative\/storie-dal-mondo-pirelli\/quel-5-ottobre-del-37-venne-concepito-un-record\/","og_locale":"it_IT","og_type":"article","og_title":"Il record di velocit\u00e0 di Piero Taruffi | Fondazione Pirelli","og_description":"Storie di record: Piero Taruffi, il pi\u00f9 veloce di sempre sulla Gilera Rondine gommata Motocord Pirelli nel 1937. Scopri di pi\u00f9 sul sito fondazionepirelli.org.","og_url":"https:\/\/127.0.0.1\/it\/iniziative\/storie-dal-mondo-pirelli\/quel-5-ottobre-del-37-venne-concepito-un-record\/","og_site_name":"Fondazione Pirelli","article_published_time":"2013-10-03T00:00:00+00:00","article_modified_time":"2022-01-28T14:17:38+00:00","og_image":[{"width":559,"height":420,"url":"https:\/\/wpsite-assets.fondazionepirelli.org\/wp-content\/uploads\/2013\/10\/26110722\/piero-taruffi-e1571151459791.jpg","type":"image\/jpeg"}],"author":"fondadmin","twitter_card":"summary_large_image","twitter_misc":{"Scritto da":"fondadmin","Tempo di lettura stimato":"2 minuti"},"schema":{"@context":"https:\/\/schema.org","@graph":[{"@type":"WebPage","@id":"https:\/\/127.0.0.1\/it\/iniziative\/storie-dal-mondo-pirelli\/quel-5-ottobre-del-37-venne-concepito-un-record\/","url":"https:\/\/127.0.0.1\/it\/iniziative\/storie-dal-mondo-pirelli\/quel-5-ottobre-del-37-venne-concepito-un-record\/","name":"Il record di velocit\u00e0 di Piero Taruffi | Fondazione Pirelli","isPartOf":{"@id":"https:\/\/www.fondazionepirelli.org\/it\/#website"},"primaryImageOfPage":{"@id":"https:\/\/127.0.0.1\/it\/iniziative\/storie-dal-mondo-pirelli\/quel-5-ottobre-del-37-venne-concepito-un-record\/#primaryimage"},"image":{"@id":"https:\/\/127.0.0.1\/it\/iniziative\/storie-dal-mondo-pirelli\/quel-5-ottobre-del-37-venne-concepito-un-record\/#primaryimage"},"thumbnailUrl":"https:\/\/wpsite-assets.fondazionepirelli.org\/wp-content\/uploads\/2013\/10\/26110722\/piero-taruffi-e1571151459791.jpg","datePublished":"2013-10-03T00:00:00+00:00","dateModified":"2022-01-28T14:17:38+00:00","author":{"@id":"https:\/\/www.fondazionepirelli.org\/it\/#\/schema\/person\/f47d097000832c4a6e54538c791fdf25"},"description":"Storie di record: Piero Taruffi, il pi\u00f9 veloce di sempre sulla Gilera Rondine gommata Motocord Pirelli nel 1937. Scopri di pi\u00f9 sul sito fondazionepirelli.org.","breadcrumb":{"@id":"https:\/\/127.0.0.1\/it\/iniziative\/storie-dal-mondo-pirelli\/quel-5-ottobre-del-37-venne-concepito-un-record\/#breadcrumb"},"inLanguage":"it-IT","potentialAction":[{"@type":"ReadAction","target":["https:\/\/127.0.0.1\/it\/iniziative\/storie-dal-mondo-pirelli\/quel-5-ottobre-del-37-venne-concepito-un-record\/"]}]},{"@type":"ImageObject","inLanguage":"it-IT","@id":"https:\/\/127.0.0.1\/it\/iniziative\/storie-dal-mondo-pirelli\/quel-5-ottobre-del-37-venne-concepito-un-record\/#primaryimage","url":"https:\/\/wpsite-assets.fondazionepirelli.org\/wp-content\/uploads\/2013\/10\/26110722\/piero-taruffi-e1571151459791.jpg","contentUrl":"https:\/\/wpsite-assets.fondazionepirelli.org\/wp-content\/uploads\/2013\/10\/26110722\/piero-taruffi-e1571151459791.jpg","width":559,"height":420},{"@type":"BreadcrumbList","@id":"https:\/\/127.0.0.1\/it\/iniziative\/storie-dal-mondo-pirelli\/quel-5-ottobre-del-37-venne-concepito-un-record\/#breadcrumb","itemListElement":[{"@type":"ListItem","position":1,"name":"Home","item":"https:\/\/www.fondazionepirelli.org\/it\/"},{"@type":"ListItem","position":2,"name":"Quel 5 ottobre del \u201937 venne concepito un record"}]},{"@type":"WebSite","@id":"https:\/\/www.fondazionepirelli.org\/it\/#website","url":"https:\/\/www.fondazionepirelli.org\/it\/","name":"Fondazione Pirelli","description":"","potentialAction":[{"@type":"SearchAction","target":{"@type":"EntryPoint","urlTemplate":"https:\/\/www.fondazionepirelli.org\/it\/?s={search_term_string}"},"query-input":{"@type":"PropertyValueSpecification","valueRequired":true,"valueName":"search_term_string"}}],"inLanguage":"it-IT"},{"@type":"Person","@id":"https:\/\/www.fondazionepirelli.org\/it\/#\/schema\/person\/f47d097000832c4a6e54538c791fdf25","name":"fondadmin","image":{"@type":"ImageObject","inLanguage":"it-IT","@id":"https:\/\/www.fondazionepirelli.org\/it\/#\/schema\/person\/image\/","url":"https:\/\/secure.gravatar.com\/avatar\/e69498a9175ca244966e51e53c88712c024fcebe41f9a05f75657f1bb25e489b?s=96&d=mm&r=g","contentUrl":"https:\/\/secure.gravatar.com\/avatar\/e69498a9175ca244966e51e53c88712c024fcebe41f9a05f75657f1bb25e489b?s=96&d=mm&r=g","caption":"fondadmin"},"url":"https:\/\/www.fondazionepirelli.org\/it\/author\/fondadmin\/"}]}},"_links":{"self":[{"href":"https:\/\/www.fondazionepirelli.org\/it\/wp-json\/wp\/v2\/posts\/49193\/"}],"collection":[{"href":"https:\/\/www.fondazionepirelli.org\/it\/wp-json\/wp\/v2\/posts\/"}],"about":[{"href":"https:\/\/www.fondazionepirelli.org\/it\/wp-json\/wp\/v2\/types\/post\/"}],"author":[{"embeddable":true,"href":"https:\/\/www.fondazionepirelli.org\/it\/wp-json\/wp\/v2\/users\/1\/"}],"replies":[{"embeddable":true,"href":"https:\/\/www.fondazionepirelli.org\/it\/wp-json\/wp\/v2\/comments\/?post=49193"}],"version-history":[{"count":9,"href":"https:\/\/www.fondazionepirelli.org\/it\/wp-json\/wp\/v2\/posts\/49193\/revisions\/"}],"predecessor-version":[{"id":73158,"href":"https:\/\/www.fondazionepirelli.org\/it\/wp-json\/wp\/v2\/posts\/49193\/revisions\/73158\/"}],"wp:featuredmedia":[{"embeddable":true,"href":"https:\/\/www.fondazionepirelli.org\/it\/wp-json\/wp\/v2\/media\/63130\/"}],"wp:attachment":[{"href":"https:\/\/www.fondazionepirelli.org\/it\/wp-json\/wp\/v2\/media\/?parent=49193"}],"wp:term":[{"taxonomy":"category","embeddable":true,"href":"https:\/\/www.fondazionepirelli.org\/it\/wp-json\/wp\/v2\/categories\/?post=49193"},{"taxonomy":"post_tag","embeddable":true,"href":"https:\/\/www.fondazionepirelli.org\/it\/wp-json\/wp\/v2\/tags\/?post=49193"}],"curies":[{"name":"wp","href":"https:\/\/api.w.org\/{rel}","templated":true}]}}