{"id":49199,"date":"2013-09-30T00:00:00","date_gmt":"2013-09-30T00:00:00","guid":{"rendered":"http:\/\/www.fondazionepirelli.org\/fondazione-pirelli\/responsabilita-sociale-dimpresa-alla-francese\/"},"modified":"2019-05-24T10:38:49","modified_gmt":"2019-05-24T10:38:49","slug":"responsabilita-sociale-dimpresa-alla-francese","status":"publish","type":"post","link":"https:\/\/www.fondazionepirelli.org\/it\/cultura-dimpresa\/responsabilita-sociale-dimpresa-alla-francese\/","title":{"rendered":"Responsabilit\u00e0 sociale d\u2019impresa alla francese"},"content":{"rendered":"<p>Imprese responsabili verso la societ\u00e0. Imprese a tutto tondo, che producono non solo profitti ma, pi\u00f9 in generale, benessere. Quello della <strong>Responsabilit\u00e0 sociale d\u2019impresa<\/strong> \u00e8 uno dei temi del giorno. Declinato in svariati modi. Usato non sempre a proposito. Corteggiato non sempre per buoni fini. Capirne i molteplici aspetti \u00e8 comunque importante. E\u2019 utile quindi leggere due documenti che, quasi contemporaneamente, sono apparsi in Francia e che fornisco una buona rappresentazione di come, oltr\u2019alpe, un tema cos\u00ec delicato viene affrontato non solo nell\u2019Accademia ma anche dai decisori politici.<\/p>\n<p>\u201cResponsabilit\u00e9 et performance des organisations\u201d \u00e8 un \u201c<strong>rapporto pubblico<\/strong>\u201d che ben quattro ministeri hanno chiesto per capire meglio le relazioni fra, appunto, l\u2019azione delle imprese socialmente responsabili e le loro prestazioni economiche. Scritto da<strong> Lydia Brovelli<\/strong>,<strong> Xavier Drago<\/strong> ed <strong>Eric Molini\u00e9<\/strong>, il testo \u00e8 stato presentato nello scorso giugno e ha una particolarit\u00e0 utile per chi legge e soprattutto per chi in qualche modo lo deve concretizzare: si sostanzia in 20 proposizioni per dare forza proprio alla responsabilit\u00e0 sociale d\u2019impresa. Si tratta di principi \u00a0e indicazioni operative che hanno l\u2019obiettivo di agire su quattro ambiti: lo sviluppo del concetto e della mentalit\u00e0 di \u201cperfomance globale\u201d, la definizione degli strumenti utili per misurare quest\u2019ultima, l\u2019identificazione degli investimenti responsabili da attuare, la valorizzazione internazionale dell\u2019esperienza francese.<\/p>\n<p>Al documento ufficiale e pubblico, si affianca poi un altro testo importante. \u201c<strong>Responsabilit\u00e9 sociale des entreprises<\/strong>\u201d, \u00e8 un libro di <strong>Philippe Nogu\u00e8s<\/strong> pubblicato quasi contemporaneamente al Rapporto pubblico, che ragiona sugli aspetti teorici e pratici dell\u2019argomento. Nogu\u00e8s (che ha svolto la gran parte della sua esperienza come sindacalista e ora lavora per l\u2019Assemblea Nazionale), studia prima la storia e la teoria della responsabilit\u00e0 sociale d\u2019impresa, per poi arrivare \u2013 anche lui \u2013 ad individuare alcuni strumenti da usare. Ma \u00e8 il sottotitolo del volume che d\u00e0 il senso della fatica di Nogu\u00e8s: \u201cConcilier d\u00e9mocratie sociale, \u00e9cologie et comp\u00e9titivit\u00e9\u201d.<\/p>\n<p>Gi\u00e0, perch\u00e9 in fondo la fattibilit\u00e0 della Responsabilit\u00e0 sociale d\u2019impresa passa proprio dalla soluzione dei rapporti fra le esigenze di profitto e di competitivit\u00e0, proprie di ogni azienda che si rispetti, e le istanze di democrazia e di sostenibilit\u00e0 ambientale presenti in ogni ambito sociale.<\/p><p><strong>Responsabilit\u00e9 et performance des organisations<\/strong><\/p>\n<p>Lydia Brovelli, Xavier Drago, Eric Molini\u00e9<\/p>\n<p>Giugno, 2013<\/p><p><strong>Responsabilit\u00e9 sociale des entreprises<\/strong><\/p>\n<p>Philippe Nogu\u00e8s<\/p>\n<p>Jean Jeaur\u00e8s Fondation, 2013<\/p>\n","protected":false},"excerpt":{"rendered":"<p>Imprese responsabili verso la societ\u00e0. Imprese a tutto tondo, che producono non solo profitti ma, pi\u00f9 in generale, benessere. Quello della Responsabilit\u00e0 sociale d\u2019impresa \u00e8 uno dei temi del giorno. Declinato in svariati modi. Usato non sempre a proposito. Corteggiato non sempre per buoni fini. Capirne i molteplici aspetti \u00e8 comunque importante. E\u2019 utile quindi [&hellip;]<\/p>\n","protected":false},"author":1,"featured_media":0,"comment_status":"open","ping_status":"open","sticky":false,"template":"","format":"standard","meta":{"footnotes":""},"categories":[54,52],"tags":[],"class_list":["post-49199","post","type-post","status-publish","format-standard","hentry","category-approfondimenti","category-cultura-dimpresa"],"acf":[],"yoast_head":"<!-- This site is optimized with the Yoast SEO plugin v25.0 - https:\/\/yoast.com\/wordpress\/plugins\/seo\/ -->\n<title>Responsabilit\u00e0 sociale d\u2019impresa alla francese - Fondazione Pirelli<\/title>\n<meta name=\"robots\" content=\"index, follow, max-snippet:-1, max-image-preview:large, max-video-preview:-1\" \/>\n<link rel=\"canonical\" href=\"https:\/\/www.fondazionepirelli.org\/it\/cultura-dimpresa\/responsabilita-sociale-dimpresa-alla-francese\/\" \/>\n<meta property=\"og:locale\" content=\"it_IT\" \/>\n<meta property=\"og:type\" content=\"article\" \/>\n<meta property=\"og:title\" content=\"Responsabilit\u00e0 sociale d\u2019impresa alla francese - Fondazione Pirelli\" \/>\n<meta property=\"og:description\" content=\"Imprese responsabili verso la societ\u00e0. Imprese a tutto tondo, che producono non solo profitti ma, pi\u00f9 in generale, benessere. Quello della Responsabilit\u00e0 sociale d\u2019impresa \u00e8 uno dei temi del giorno. Declinato in svariati modi. Usato non sempre a proposito. Corteggiato non sempre per buoni fini. Capirne i molteplici aspetti \u00e8 comunque importante. E\u2019 utile quindi [&hellip;]\" \/>\n<meta property=\"og:url\" content=\"https:\/\/www.fondazionepirelli.org\/it\/cultura-dimpresa\/responsabilita-sociale-dimpresa-alla-francese\/\" \/>\n<meta property=\"og:site_name\" content=\"Fondazione Pirelli\" \/>\n<meta property=\"article:published_time\" content=\"2013-09-30T00:00:00+00:00\" \/>\n<meta property=\"article:modified_time\" content=\"2019-05-24T10:38:49+00:00\" \/>\n<meta name=\"author\" content=\"fondadmin\" \/>\n<meta name=\"twitter:card\" content=\"summary_large_image\" \/>\n<meta name=\"twitter:label1\" content=\"Scritto da\" \/>\n\t<meta name=\"twitter:data1\" content=\"fondadmin\" \/>\n\t<meta name=\"twitter:label2\" content=\"Tempo di lettura stimato\" \/>\n\t<meta name=\"twitter:data2\" content=\"2 minuti\" \/>\n<script type=\"application\/ld+json\" class=\"yoast-schema-graph\">{\"@context\":\"https:\/\/schema.org\",\"@graph\":[{\"@type\":\"WebPage\",\"@id\":\"https:\/\/www.fondazionepirelli.org\/it\/cultura-dimpresa\/responsabilita-sociale-dimpresa-alla-francese\/\",\"url\":\"https:\/\/www.fondazionepirelli.org\/it\/cultura-dimpresa\/responsabilita-sociale-dimpresa-alla-francese\/\",\"name\":\"Responsabilit\u00e0 sociale d\u2019impresa alla francese - Fondazione Pirelli\",\"isPartOf\":{\"@id\":\"https:\/\/www.fondazionepirelli.org\/it\/#website\"},\"datePublished\":\"2013-09-30T00:00:00+00:00\",\"dateModified\":\"2019-05-24T10:38:49+00:00\",\"author\":{\"@id\":\"https:\/\/www.fondazionepirelli.org\/it\/#\/schema\/person\/f47d097000832c4a6e54538c791fdf25\"},\"breadcrumb\":{\"@id\":\"https:\/\/www.fondazionepirelli.org\/it\/cultura-dimpresa\/responsabilita-sociale-dimpresa-alla-francese\/#breadcrumb\"},\"inLanguage\":\"it-IT\",\"potentialAction\":[{\"@type\":\"ReadAction\",\"target\":[\"https:\/\/www.fondazionepirelli.org\/it\/cultura-dimpresa\/responsabilita-sociale-dimpresa-alla-francese\/\"]}]},{\"@type\":\"BreadcrumbList\",\"@id\":\"https:\/\/www.fondazionepirelli.org\/it\/cultura-dimpresa\/responsabilita-sociale-dimpresa-alla-francese\/#breadcrumb\",\"itemListElement\":[{\"@type\":\"ListItem\",\"position\":1,\"name\":\"Home\",\"item\":\"https:\/\/www.fondazionepirelli.org\/it\/\"},{\"@type\":\"ListItem\",\"position\":2,\"name\":\"Responsabilit\u00e0 sociale d\u2019impresa alla francese\"}]},{\"@type\":\"WebSite\",\"@id\":\"https:\/\/www.fondazionepirelli.org\/it\/#website\",\"url\":\"https:\/\/www.fondazionepirelli.org\/it\/\",\"name\":\"Fondazione Pirelli\",\"description\":\"\",\"potentialAction\":[{\"@type\":\"SearchAction\",\"target\":{\"@type\":\"EntryPoint\",\"urlTemplate\":\"https:\/\/www.fondazionepirelli.org\/it\/?s={search_term_string}\"},\"query-input\":{\"@type\":\"PropertyValueSpecification\",\"valueRequired\":true,\"valueName\":\"search_term_string\"}}],\"inLanguage\":\"it-IT\"},{\"@type\":\"Person\",\"@id\":\"https:\/\/www.fondazionepirelli.org\/it\/#\/schema\/person\/f47d097000832c4a6e54538c791fdf25\",\"name\":\"fondadmin\",\"image\":{\"@type\":\"ImageObject\",\"inLanguage\":\"it-IT\",\"@id\":\"https:\/\/www.fondazionepirelli.org\/it\/#\/schema\/person\/image\/\",\"url\":\"https:\/\/secure.gravatar.com\/avatar\/e69498a9175ca244966e51e53c88712c024fcebe41f9a05f75657f1bb25e489b?s=96&d=mm&r=g\",\"contentUrl\":\"https:\/\/secure.gravatar.com\/avatar\/e69498a9175ca244966e51e53c88712c024fcebe41f9a05f75657f1bb25e489b?s=96&d=mm&r=g\",\"caption\":\"fondadmin\"},\"url\":\"https:\/\/www.fondazionepirelli.org\/it\/author\/fondadmin\/\"}]}<\/script>\n<!-- \/ Yoast SEO plugin. -->","yoast_head_json":{"title":"Responsabilit\u00e0 sociale d\u2019impresa alla francese - Fondazione Pirelli","robots":{"index":"index","follow":"follow","max-snippet":"max-snippet:-1","max-image-preview":"max-image-preview:large","max-video-preview":"max-video-preview:-1"},"canonical":"https:\/\/www.fondazionepirelli.org\/it\/cultura-dimpresa\/responsabilita-sociale-dimpresa-alla-francese\/","og_locale":"it_IT","og_type":"article","og_title":"Responsabilit\u00e0 sociale d\u2019impresa alla francese - Fondazione Pirelli","og_description":"Imprese responsabili verso la societ\u00e0. Imprese a tutto tondo, che producono non solo profitti ma, pi\u00f9 in generale, benessere. Quello della Responsabilit\u00e0 sociale d\u2019impresa \u00e8 uno dei temi del giorno. Declinato in svariati modi. Usato non sempre a proposito. Corteggiato non sempre per buoni fini. Capirne i molteplici aspetti \u00e8 comunque importante. E\u2019 utile quindi [&hellip;]","og_url":"https:\/\/www.fondazionepirelli.org\/it\/cultura-dimpresa\/responsabilita-sociale-dimpresa-alla-francese\/","og_site_name":"Fondazione Pirelli","article_published_time":"2013-09-30T00:00:00+00:00","article_modified_time":"2019-05-24T10:38:49+00:00","author":"fondadmin","twitter_card":"summary_large_image","twitter_misc":{"Scritto da":"fondadmin","Tempo di lettura stimato":"2 minuti"},"schema":{"@context":"https:\/\/schema.org","@graph":[{"@type":"WebPage","@id":"https:\/\/www.fondazionepirelli.org\/it\/cultura-dimpresa\/responsabilita-sociale-dimpresa-alla-francese\/","url":"https:\/\/www.fondazionepirelli.org\/it\/cultura-dimpresa\/responsabilita-sociale-dimpresa-alla-francese\/","name":"Responsabilit\u00e0 sociale d\u2019impresa alla francese - Fondazione Pirelli","isPartOf":{"@id":"https:\/\/www.fondazionepirelli.org\/it\/#website"},"datePublished":"2013-09-30T00:00:00+00:00","dateModified":"2019-05-24T10:38:49+00:00","author":{"@id":"https:\/\/www.fondazionepirelli.org\/it\/#\/schema\/person\/f47d097000832c4a6e54538c791fdf25"},"breadcrumb":{"@id":"https:\/\/www.fondazionepirelli.org\/it\/cultura-dimpresa\/responsabilita-sociale-dimpresa-alla-francese\/#breadcrumb"},"inLanguage":"it-IT","potentialAction":[{"@type":"ReadAction","target":["https:\/\/www.fondazionepirelli.org\/it\/cultura-dimpresa\/responsabilita-sociale-dimpresa-alla-francese\/"]}]},{"@type":"BreadcrumbList","@id":"https:\/\/www.fondazionepirelli.org\/it\/cultura-dimpresa\/responsabilita-sociale-dimpresa-alla-francese\/#breadcrumb","itemListElement":[{"@type":"ListItem","position":1,"name":"Home","item":"https:\/\/www.fondazionepirelli.org\/it\/"},{"@type":"ListItem","position":2,"name":"Responsabilit\u00e0 sociale d\u2019impresa alla francese"}]},{"@type":"WebSite","@id":"https:\/\/www.fondazionepirelli.org\/it\/#website","url":"https:\/\/www.fondazionepirelli.org\/it\/","name":"Fondazione Pirelli","description":"","potentialAction":[{"@type":"SearchAction","target":{"@type":"EntryPoint","urlTemplate":"https:\/\/www.fondazionepirelli.org\/it\/?s={search_term_string}"},"query-input":{"@type":"PropertyValueSpecification","valueRequired":true,"valueName":"search_term_string"}}],"inLanguage":"it-IT"},{"@type":"Person","@id":"https:\/\/www.fondazionepirelli.org\/it\/#\/schema\/person\/f47d097000832c4a6e54538c791fdf25","name":"fondadmin","image":{"@type":"ImageObject","inLanguage":"it-IT","@id":"https:\/\/www.fondazionepirelli.org\/it\/#\/schema\/person\/image\/","url":"https:\/\/secure.gravatar.com\/avatar\/e69498a9175ca244966e51e53c88712c024fcebe41f9a05f75657f1bb25e489b?s=96&d=mm&r=g","contentUrl":"https:\/\/secure.gravatar.com\/avatar\/e69498a9175ca244966e51e53c88712c024fcebe41f9a05f75657f1bb25e489b?s=96&d=mm&r=g","caption":"fondadmin"},"url":"https:\/\/www.fondazionepirelli.org\/it\/author\/fondadmin\/"}]}},"_links":{"self":[{"href":"https:\/\/www.fondazionepirelli.org\/it\/wp-json\/wp\/v2\/posts\/49199\/"}],"collection":[{"href":"https:\/\/www.fondazionepirelli.org\/it\/wp-json\/wp\/v2\/posts\/"}],"about":[{"href":"https:\/\/www.fondazionepirelli.org\/it\/wp-json\/wp\/v2\/types\/post\/"}],"author":[{"embeddable":true,"href":"https:\/\/www.fondazionepirelli.org\/it\/wp-json\/wp\/v2\/users\/1\/"}],"replies":[{"embeddable":true,"href":"https:\/\/www.fondazionepirelli.org\/it\/wp-json\/wp\/v2\/comments\/?post=49199"}],"version-history":[{"count":1,"href":"https:\/\/www.fondazionepirelli.org\/it\/wp-json\/wp\/v2\/posts\/49199\/revisions\/"}],"predecessor-version":[{"id":55963,"href":"https:\/\/www.fondazionepirelli.org\/it\/wp-json\/wp\/v2\/posts\/49199\/revisions\/55963\/"}],"wp:attachment":[{"href":"https:\/\/www.fondazionepirelli.org\/it\/wp-json\/wp\/v2\/media\/?parent=49199"}],"wp:term":[{"taxonomy":"category","embeddable":true,"href":"https:\/\/www.fondazionepirelli.org\/it\/wp-json\/wp\/v2\/categories\/?post=49199"},{"taxonomy":"post_tag","embeddable":true,"href":"https:\/\/www.fondazionepirelli.org\/it\/wp-json\/wp\/v2\/tags\/?post=49199"}],"curies":[{"name":"wp","href":"https:\/\/api.w.org\/{rel}","templated":true}]}}