{"id":49210,"date":"2013-09-16T00:00:00","date_gmt":"2013-09-16T00:00:00","guid":{"rendered":"http:\/\/www.fondazionepirelli.org\/fondazione-pirelli\/fiducia-e-legalita-valori-chiave-per-lo-sviluppo\/"},"modified":"2019-05-20T16:01:01","modified_gmt":"2019-05-20T16:01:01","slug":"fiducia-e-legalita-valori-chiave-per-lo-sviluppo","status":"publish","type":"post","link":"https:\/\/www.fondazionepirelli.org\/it\/cultura-dimpresa\/fiducia-e-legalita-valori-chiave-per-lo-sviluppo\/","title":{"rendered":"Fiducia e legalit\u00e0 valori chiave per lo sviluppo"},"content":{"rendered":"<p><strong>Fiducia<\/strong>. Parola chiave nelle relazioni personali e nei rapporti d\u2019affari. Non c\u2019\u00e8 mercato senza fiducia, naturalmente. Anche se a fare vivere e crescere un buon mercato servono pure regole, controlli, sanzioni. Reciproca affidabilit\u00e0, dunque. E istituzioni per tutelarla e rafforzarla. Tra i tanti festival che animano un\u2019Italia che ha voglia di sapere, capire e discutere (fuori dagli schematismi e spesso dalle volgarit\u00e0 di troppi dei talk show in Tv), c\u2019\u00e8 anche un \u201c<strong>Festival della Fiducia<\/strong>\u201d. E\u2019 organizzato a met\u00e0 settembre a <strong>Como<\/strong>, <strong>Cernobbio<\/strong> e <strong>Brienno<\/strong>, in piazze cittadine ed ex fabbriche, per iniziativa del \u201cCentro Studi Sociali contro le mafie, della Cisl e di una serie di associazioni del \u201cterzo settore\u201d, con il sostegno di buone imprese e istituzioni finanziarie come la Banca Popolare Etica (l\u2019ideatore \u00e8 <strong>Alessandro De Lisi<\/strong>). E il suo obiettivo \u00e8 chiaro: \u201cPer una nuova coesione tra imprese, politica, sistema del credito e societ\u00e0 servono fiducia nel futuro, nel lavoro e nel territorio, sussidiariet\u00e0 tra i protagonisti della comunit\u00e0, ottimismo e intelligenza\u201d. Un orizzonte di \u201c<strong>buona economia<\/strong>\u201d, dunque, in sintonia ideale con quanto di meglio si muova nel dibattito economico e civile, dalle indicazioni del nuovo papa Francesco alle elaborazioni di grandi economisti come <strong>Amartya Sen<\/strong>, <strong>Joseph Stiglitz<\/strong> e <strong>Jean-Paul Fitoussi<\/strong> (autori di una affascinante ricerca sui nuovi indici per misurare il benessere sociale, al di l\u00e0 del Pil) e di intellettuali italiani come <strong>Federico Caff\u00e8<\/strong> ed <strong>Edmondo Berselli<\/strong> (da non dimenticare, l\u2019eredit\u00e0 dei loro lucidissimi libri).<\/p><p>Una iniziativa preziosa, dunque, il \u201cFestival della Fiducia\u201d. Durante il quale si sono ritrovati, per un confronto aperto, dialettico, tutt\u2019altro che formale, magistrati e uomini d\u2019impresa, politici locali e intellettuali, giornalisti e persone che animano i movimenti sociali. <strong>Legalit\u00e0<\/strong>, \u00e8 stata una parola chiave (con un ascolto attento per le elaborazioni di Assolombarda). Legalit\u00e0 nel senso pi\u00f9 ampio possibile. Come cornice di leggi chiare che tutelino diritti e doveri ed evitino che gli eccessi di norme e burocrazie rallentino il dinamismo dell\u2019impresa (attore essenziale, per costruire stabilmente ricchezza e lavoro) e di un sistema giudiziario efficiente ed efficace (ai buoni imprenditori \u00e8 indispensabile essere protetti da truffe, raggiri, scorrettezze, mancato rispetto di leggi, patti, contratti). E come scelta contro le mafie, le organizzazioni criminali che travolgono il mercato e inquinano l\u2019economia, con la forza della violenza (evidente, anche tra gli imprenditori, l\u2019allarme contro le crescenti presenze criminali in Lombardia e nel Nord Italia). Legalit\u00e0 come buona cultura d\u2019impresa, dunque. E come condizione indispensabile per uno sviluppo equilibrato, sostenibile. Regole. E relazioni chiare, con un sistema di valori in cui prevalgano il riconoscimento del merito e delle capacit\u00e0 personali, la responsabilit\u00e0 sociale, il rispetto per il territorio e gli \u201cstakeholders\u201d dell\u2019impresa, ma anche degli obiettivi e degli interessi legittimi dell\u2019impresa stessa. Una dimensione civile e sociale possibile, un terreno di incontro tra attori sociali e istituzioni. Utili, in questa senso, le riflessioni che ricorrono nelle pagine de \u201c<strong>L\u2019economia della fiducia<\/strong>\u201d di <strong>Eloi Laurent<\/strong>: \u201cLe societ\u00e0 in cui regnano la corruzione, il nepotismo o la frode fiscale non sono, come si crede troppo facilmente, delle societ\u00e0 con un alto tasso di diffidenza. Il pi\u00f9 delle volte sono delle comunit\u00e0 in cui le reti di fiducia interpersonale si sostituiscono alla fiducia nelle istituzioni\u201d. Ecco il punto: la fiducia \u00e8 una componente essenziale dei rapporti e delle presenze sul mercato ma senza istituzioni (n\u00e9 buona politica, attenta all\u2019interesse generale), non c\u2019\u00e8 governo dei mercati e strategia di riforme. Solo risposte personalistiche o di gruppo alla crisi dei rapporti e della crescita. Senza per\u00f2 venirne fuori stabilmente. Per una buona qualit\u00e0 dello sviluppo, insomma, serve fiducia. Ma la fiducia da sola non basta. Si torna alla centralit\u00e0 della legalit\u00e0<\/p>","protected":false},"excerpt":{"rendered":"<p>Fiducia. Parola chiave nelle relazioni personali e nei rapporti d\u2019affari. Non c\u2019\u00e8 mercato senza fiducia, naturalmente. Anche se a fare vivere e crescere un buon mercato servono pure regole, controlli, sanzioni. Reciproca affidabilit\u00e0, dunque. E istituzioni per tutelarla e rafforzarla. Tra i tanti festival che animano un\u2019Italia che ha voglia di sapere, capire e discutere [&hellip;]<\/p>\n","protected":false},"author":1,"featured_media":49211,"comment_status":"open","ping_status":"open","sticky":false,"template":"","format":"standard","meta":{"footnotes":""},"categories":[53,52],"tags":[],"class_list":["post-49210","post","type-post","status-publish","format-standard","has-post-thumbnail","hentry","category-blog","category-cultura-dimpresa"],"acf":[],"yoast_head":"<!-- This site is optimized with the Yoast SEO plugin v25.0 - https:\/\/yoast.com\/wordpress\/plugins\/seo\/ -->\n<title>Fiducia e legalit\u00e0 valori chiave per lo sviluppo - Fondazione Pirelli<\/title>\n<meta name=\"robots\" content=\"index, follow, max-snippet:-1, max-image-preview:large, max-video-preview:-1\" \/>\n<link rel=\"canonical\" href=\"https:\/\/www.fondazionepirelli.org\/it\/cultura-dimpresa\/fiducia-e-legalita-valori-chiave-per-lo-sviluppo\/\" \/>\n<meta property=\"og:locale\" content=\"it_IT\" \/>\n<meta property=\"og:type\" content=\"article\" \/>\n<meta property=\"og:title\" content=\"Fiducia e legalit\u00e0 valori chiave per lo sviluppo - Fondazione Pirelli\" \/>\n<meta property=\"og:description\" content=\"Fiducia. Parola chiave nelle relazioni personali e nei rapporti d\u2019affari. Non c\u2019\u00e8 mercato senza fiducia, naturalmente. Anche se a fare vivere e crescere un buon mercato servono pure regole, controlli, sanzioni. Reciproca affidabilit\u00e0, dunque. E istituzioni per tutelarla e rafforzarla. Tra i tanti festival che animano un\u2019Italia che ha voglia di sapere, capire e discutere [&hellip;]\" \/>\n<meta property=\"og:url\" content=\"https:\/\/127.0.0.1\/it\/cultura-dimpresa\/fiducia-e-legalita-valori-chiave-per-lo-sviluppo\/\" \/>\n<meta property=\"og:site_name\" content=\"Fondazione Pirelli\" \/>\n<meta property=\"article:published_time\" content=\"2013-09-16T00:00:00+00:00\" \/>\n<meta property=\"article:modified_time\" content=\"2019-05-20T16:01:01+00:00\" \/>\n<meta property=\"og:image\" content=\"https:\/\/wpsite-assets.fondazionepirelli.org\/wp-content\/uploads\/2019\/05\/20102141\/13794017361662356903.jpg\" \/>\n\t<meta property=\"og:image:width\" content=\"249\" \/>\n\t<meta property=\"og:image:height\" content=\"375\" \/>\n\t<meta property=\"og:image:type\" content=\"image\/jpeg\" \/>\n<meta name=\"author\" content=\"fondadmin\" \/>\n<meta name=\"twitter:card\" content=\"summary_large_image\" \/>\n<meta name=\"twitter:label1\" content=\"Scritto da\" \/>\n\t<meta name=\"twitter:data1\" content=\"fondadmin\" \/>\n\t<meta name=\"twitter:label2\" content=\"Tempo di lettura stimato\" \/>\n\t<meta name=\"twitter:data2\" content=\"3 minuti\" \/>\n<script type=\"application\/ld+json\" class=\"yoast-schema-graph\">{\"@context\":\"https:\/\/schema.org\",\"@graph\":[{\"@type\":\"WebPage\",\"@id\":\"https:\/\/127.0.0.1\/it\/cultura-dimpresa\/fiducia-e-legalita-valori-chiave-per-lo-sviluppo\/\",\"url\":\"https:\/\/127.0.0.1\/it\/cultura-dimpresa\/fiducia-e-legalita-valori-chiave-per-lo-sviluppo\/\",\"name\":\"Fiducia e legalit\u00e0 valori chiave per lo sviluppo - Fondazione Pirelli\",\"isPartOf\":{\"@id\":\"https:\/\/www.fondazionepirelli.org\/it\/#website\"},\"primaryImageOfPage\":{\"@id\":\"https:\/\/127.0.0.1\/it\/cultura-dimpresa\/fiducia-e-legalita-valori-chiave-per-lo-sviluppo\/#primaryimage\"},\"image\":{\"@id\":\"https:\/\/127.0.0.1\/it\/cultura-dimpresa\/fiducia-e-legalita-valori-chiave-per-lo-sviluppo\/#primaryimage\"},\"thumbnailUrl\":\"https:\/\/wpsite-assets.fondazionepirelli.org\/wp-content\/uploads\/2019\/05\/20102141\/13794017361662356903.jpg\",\"datePublished\":\"2013-09-16T00:00:00+00:00\",\"dateModified\":\"2019-05-20T16:01:01+00:00\",\"author\":{\"@id\":\"https:\/\/www.fondazionepirelli.org\/it\/#\/schema\/person\/f47d097000832c4a6e54538c791fdf25\"},\"breadcrumb\":{\"@id\":\"https:\/\/127.0.0.1\/it\/cultura-dimpresa\/fiducia-e-legalita-valori-chiave-per-lo-sviluppo\/#breadcrumb\"},\"inLanguage\":\"it-IT\",\"potentialAction\":[{\"@type\":\"ReadAction\",\"target\":[\"https:\/\/127.0.0.1\/it\/cultura-dimpresa\/fiducia-e-legalita-valori-chiave-per-lo-sviluppo\/\"]}]},{\"@type\":\"ImageObject\",\"inLanguage\":\"it-IT\",\"@id\":\"https:\/\/127.0.0.1\/it\/cultura-dimpresa\/fiducia-e-legalita-valori-chiave-per-lo-sviluppo\/#primaryimage\",\"url\":\"https:\/\/wpsite-assets.fondazionepirelli.org\/wp-content\/uploads\/2019\/05\/20102141\/13794017361662356903.jpg\",\"contentUrl\":\"https:\/\/wpsite-assets.fondazionepirelli.org\/wp-content\/uploads\/2019\/05\/20102141\/13794017361662356903.jpg\",\"width\":249,\"height\":375},{\"@type\":\"BreadcrumbList\",\"@id\":\"https:\/\/127.0.0.1\/it\/cultura-dimpresa\/fiducia-e-legalita-valori-chiave-per-lo-sviluppo\/#breadcrumb\",\"itemListElement\":[{\"@type\":\"ListItem\",\"position\":1,\"name\":\"Home\",\"item\":\"https:\/\/www.fondazionepirelli.org\/it\/\"},{\"@type\":\"ListItem\",\"position\":2,\"name\":\"Fiducia e legalit\u00e0 valori chiave per lo sviluppo\"}]},{\"@type\":\"WebSite\",\"@id\":\"https:\/\/www.fondazionepirelli.org\/it\/#website\",\"url\":\"https:\/\/www.fondazionepirelli.org\/it\/\",\"name\":\"Fondazione Pirelli\",\"description\":\"\",\"potentialAction\":[{\"@type\":\"SearchAction\",\"target\":{\"@type\":\"EntryPoint\",\"urlTemplate\":\"https:\/\/www.fondazionepirelli.org\/it\/?s={search_term_string}\"},\"query-input\":{\"@type\":\"PropertyValueSpecification\",\"valueRequired\":true,\"valueName\":\"search_term_string\"}}],\"inLanguage\":\"it-IT\"},{\"@type\":\"Person\",\"@id\":\"https:\/\/www.fondazionepirelli.org\/it\/#\/schema\/person\/f47d097000832c4a6e54538c791fdf25\",\"name\":\"fondadmin\",\"image\":{\"@type\":\"ImageObject\",\"inLanguage\":\"it-IT\",\"@id\":\"https:\/\/www.fondazionepirelli.org\/it\/#\/schema\/person\/image\/\",\"url\":\"https:\/\/secure.gravatar.com\/avatar\/e69498a9175ca244966e51e53c88712c024fcebe41f9a05f75657f1bb25e489b?s=96&d=mm&r=g\",\"contentUrl\":\"https:\/\/secure.gravatar.com\/avatar\/e69498a9175ca244966e51e53c88712c024fcebe41f9a05f75657f1bb25e489b?s=96&d=mm&r=g\",\"caption\":\"fondadmin\"},\"url\":\"https:\/\/www.fondazionepirelli.org\/it\/author\/fondadmin\/\"}]}<\/script>\n<!-- \/ Yoast SEO plugin. -->","yoast_head_json":{"title":"Fiducia e legalit\u00e0 valori chiave per lo sviluppo - Fondazione Pirelli","robots":{"index":"index","follow":"follow","max-snippet":"max-snippet:-1","max-image-preview":"max-image-preview:large","max-video-preview":"max-video-preview:-1"},"canonical":"https:\/\/www.fondazionepirelli.org\/it\/cultura-dimpresa\/fiducia-e-legalita-valori-chiave-per-lo-sviluppo\/","og_locale":"it_IT","og_type":"article","og_title":"Fiducia e legalit\u00e0 valori chiave per lo sviluppo - Fondazione Pirelli","og_description":"Fiducia. Parola chiave nelle relazioni personali e nei rapporti d\u2019affari. Non c\u2019\u00e8 mercato senza fiducia, naturalmente. Anche se a fare vivere e crescere un buon mercato servono pure regole, controlli, sanzioni. Reciproca affidabilit\u00e0, dunque. E istituzioni per tutelarla e rafforzarla. Tra i tanti festival che animano un\u2019Italia che ha voglia di sapere, capire e discutere [&hellip;]","og_url":"https:\/\/127.0.0.1\/it\/cultura-dimpresa\/fiducia-e-legalita-valori-chiave-per-lo-sviluppo\/","og_site_name":"Fondazione Pirelli","article_published_time":"2013-09-16T00:00:00+00:00","article_modified_time":"2019-05-20T16:01:01+00:00","og_image":[{"width":249,"height":375,"url":"https:\/\/wpsite-assets.fondazionepirelli.org\/wp-content\/uploads\/2019\/05\/20102141\/13794017361662356903.jpg","type":"image\/jpeg"}],"author":"fondadmin","twitter_card":"summary_large_image","twitter_misc":{"Scritto da":"fondadmin","Tempo di lettura stimato":"3 minuti"},"schema":{"@context":"https:\/\/schema.org","@graph":[{"@type":"WebPage","@id":"https:\/\/127.0.0.1\/it\/cultura-dimpresa\/fiducia-e-legalita-valori-chiave-per-lo-sviluppo\/","url":"https:\/\/127.0.0.1\/it\/cultura-dimpresa\/fiducia-e-legalita-valori-chiave-per-lo-sviluppo\/","name":"Fiducia e legalit\u00e0 valori chiave per lo sviluppo - Fondazione Pirelli","isPartOf":{"@id":"https:\/\/www.fondazionepirelli.org\/it\/#website"},"primaryImageOfPage":{"@id":"https:\/\/127.0.0.1\/it\/cultura-dimpresa\/fiducia-e-legalita-valori-chiave-per-lo-sviluppo\/#primaryimage"},"image":{"@id":"https:\/\/127.0.0.1\/it\/cultura-dimpresa\/fiducia-e-legalita-valori-chiave-per-lo-sviluppo\/#primaryimage"},"thumbnailUrl":"https:\/\/wpsite-assets.fondazionepirelli.org\/wp-content\/uploads\/2019\/05\/20102141\/13794017361662356903.jpg","datePublished":"2013-09-16T00:00:00+00:00","dateModified":"2019-05-20T16:01:01+00:00","author":{"@id":"https:\/\/www.fondazionepirelli.org\/it\/#\/schema\/person\/f47d097000832c4a6e54538c791fdf25"},"breadcrumb":{"@id":"https:\/\/127.0.0.1\/it\/cultura-dimpresa\/fiducia-e-legalita-valori-chiave-per-lo-sviluppo\/#breadcrumb"},"inLanguage":"it-IT","potentialAction":[{"@type":"ReadAction","target":["https:\/\/127.0.0.1\/it\/cultura-dimpresa\/fiducia-e-legalita-valori-chiave-per-lo-sviluppo\/"]}]},{"@type":"ImageObject","inLanguage":"it-IT","@id":"https:\/\/127.0.0.1\/it\/cultura-dimpresa\/fiducia-e-legalita-valori-chiave-per-lo-sviluppo\/#primaryimage","url":"https:\/\/wpsite-assets.fondazionepirelli.org\/wp-content\/uploads\/2019\/05\/20102141\/13794017361662356903.jpg","contentUrl":"https:\/\/wpsite-assets.fondazionepirelli.org\/wp-content\/uploads\/2019\/05\/20102141\/13794017361662356903.jpg","width":249,"height":375},{"@type":"BreadcrumbList","@id":"https:\/\/127.0.0.1\/it\/cultura-dimpresa\/fiducia-e-legalita-valori-chiave-per-lo-sviluppo\/#breadcrumb","itemListElement":[{"@type":"ListItem","position":1,"name":"Home","item":"https:\/\/www.fondazionepirelli.org\/it\/"},{"@type":"ListItem","position":2,"name":"Fiducia e legalit\u00e0 valori chiave per lo sviluppo"}]},{"@type":"WebSite","@id":"https:\/\/www.fondazionepirelli.org\/it\/#website","url":"https:\/\/www.fondazionepirelli.org\/it\/","name":"Fondazione Pirelli","description":"","potentialAction":[{"@type":"SearchAction","target":{"@type":"EntryPoint","urlTemplate":"https:\/\/www.fondazionepirelli.org\/it\/?s={search_term_string}"},"query-input":{"@type":"PropertyValueSpecification","valueRequired":true,"valueName":"search_term_string"}}],"inLanguage":"it-IT"},{"@type":"Person","@id":"https:\/\/www.fondazionepirelli.org\/it\/#\/schema\/person\/f47d097000832c4a6e54538c791fdf25","name":"fondadmin","image":{"@type":"ImageObject","inLanguage":"it-IT","@id":"https:\/\/www.fondazionepirelli.org\/it\/#\/schema\/person\/image\/","url":"https:\/\/secure.gravatar.com\/avatar\/e69498a9175ca244966e51e53c88712c024fcebe41f9a05f75657f1bb25e489b?s=96&d=mm&r=g","contentUrl":"https:\/\/secure.gravatar.com\/avatar\/e69498a9175ca244966e51e53c88712c024fcebe41f9a05f75657f1bb25e489b?s=96&d=mm&r=g","caption":"fondadmin"},"url":"https:\/\/www.fondazionepirelli.org\/it\/author\/fondadmin\/"}]}},"_links":{"self":[{"href":"https:\/\/www.fondazionepirelli.org\/it\/wp-json\/wp\/v2\/posts\/49210\/"}],"collection":[{"href":"https:\/\/www.fondazionepirelli.org\/it\/wp-json\/wp\/v2\/posts\/"}],"about":[{"href":"https:\/\/www.fondazionepirelli.org\/it\/wp-json\/wp\/v2\/types\/post\/"}],"author":[{"embeddable":true,"href":"https:\/\/www.fondazionepirelli.org\/it\/wp-json\/wp\/v2\/users\/1\/"}],"replies":[{"embeddable":true,"href":"https:\/\/www.fondazionepirelli.org\/it\/wp-json\/wp\/v2\/comments\/?post=49210"}],"version-history":[{"count":1,"href":"https:\/\/www.fondazionepirelli.org\/it\/wp-json\/wp\/v2\/posts\/49210\/revisions\/"}],"predecessor-version":[{"id":55604,"href":"https:\/\/www.fondazionepirelli.org\/it\/wp-json\/wp\/v2\/posts\/49210\/revisions\/55604\/"}],"wp:featuredmedia":[{"embeddable":true,"href":"https:\/\/www.fondazionepirelli.org\/it\/wp-json\/wp\/v2\/media\/49211\/"}],"wp:attachment":[{"href":"https:\/\/www.fondazionepirelli.org\/it\/wp-json\/wp\/v2\/media\/?parent=49210"}],"wp:term":[{"taxonomy":"category","embeddable":true,"href":"https:\/\/www.fondazionepirelli.org\/it\/wp-json\/wp\/v2\/categories\/?post=49210"},{"taxonomy":"post_tag","embeddable":true,"href":"https:\/\/www.fondazionepirelli.org\/it\/wp-json\/wp\/v2\/tags\/?post=49210"}],"curies":[{"name":"wp","href":"https:\/\/api.w.org\/{rel}","templated":true}]}}