{"id":49214,"date":"2013-09-16T00:00:00","date_gmt":"2013-09-16T00:00:00","guid":{"rendered":"http:\/\/www.fondazionepirelli.org\/fondazione-pirelli\/limpresa-civilmente-responsabile\/"},"modified":"2019-05-27T16:28:04","modified_gmt":"2019-05-27T16:28:04","slug":"limpresa-civilmente-responsabile","status":"publish","type":"post","link":"https:\/\/www.fondazionepirelli.org\/it\/cultura-dimpresa\/limpresa-civilmente-responsabile\/","title":{"rendered":"L\u2019impresa \u201ccivilmente responsabile\u201d"},"content":{"rendered":"<p><strong>Impresa e profitto<\/strong>, ma anche impresa e responsabilit\u00e0. Su pi\u00f9 fronti: economico, umano, sociale e, adesso, civile. Certo, pu\u00f2 essere complicato guardare alle fabbriche come luoghi di una responsabilit\u00e0 che va al di l\u00e0 della produzione e del profitto. Complicato soprattutto oggi. Ma \u00e8 sempre di pi\u00f9 cos\u00ec. Almeno quanto si pensi a quelle imprese che davvero siano tali. La regola \u2013 forse \u2013 \u00e8 per\u00f2 stata, per molto tempo, quella di un mercato capitalistico popolato da aziende che perseguono il fine di massimizzare il profitto nel mero rispetto delle norme di legge.<\/p>\n<p>Nel dibattito attorno all\u2019impresa, tuttavia, \u00a0si \u00e8 fatta sempre pi\u00f9 strada l&#8217;idea che la sua responsabilit\u00e0 legale non basti e che ad essa vada aggiunta una responsabilit\u00e0 sociale. Oggi <strong>Stefano Zamagni<\/strong> &#8211; ordinario di Economia politica nell\u2019Universit\u00e0 di Bologna e Adjunct Professor of International Political Economy alla Johns Hopkins University \u00a0-, aggiunge un altro concetto: l\u2019impresa moderna deve avere anche una responsabilit\u00e0 civile. Concetto affascinante, quello dell\u2019impresa civilmente responsabile, che guarda al ruolo e all\u2019attivit\u00e0 dei luoghi di produzione \u00a0che arrivano ad avere una sorta di \u201c<strong>cittadinanza globale<\/strong>\u201d. Qualcosa che va naturalmente al di l\u00e0 del profitto, ma \u00a0che supera anche l\u2019idea di responsabilit\u00e0 sociale della produzione.<\/p>\n<p>E\u2019 lo stesso Zamagni che spiega (in un intervento nell\u2019ambito del Forum Nazionale di Etica Applicata), quale sia la sua idea: \u201cL&#8217;impresa socialmente responsabile ha certamente conseguito traguardi importanti sul fronte della civilizzazione del mercato. Ma questi non bastano. Gi\u00e0 oggi, e sempre pi\u00f9 nel prossimo futuro, all&#8217;impresa si chieder\u00e0 non solo di produrre ricchezza in modo socialmente accettabile, ma anche di concorrere, assieme allo Stato e alla societ\u00e0 civile organizzata, a ridisegnare l&#8217;assetto economico-istituzionale ereditato dal recente passato\u201d. In gioco, quindi, il nostro stesso futuro nel quale proprio i luoghi e la cultura d\u2019impresa possono avere un ruolo determinante per contrastare il declino dell\u2019economia e promuovere modelli alternativi di crescita e sviluppo.<\/p>\n<p>Tutto, condensato in 170 pagine dense, ma da leggere con la consapevolezza di scorrere una possibile strada verso il futuro.<\/p><p><strong>Impresa responsabile e mercato civile<\/strong><\/p>\n<p>Stefano Zamagni<\/p>\n<p class=\"MsoNormal\"><span lang=\"IT\">Il Mulino,\u00a0 maggio 2013\u00a0<\/span><\/p>\n","protected":false},"excerpt":{"rendered":"<p>Impresa e profitto, ma anche impresa e responsabilit\u00e0. Su pi\u00f9 fronti: economico, umano, sociale e, adesso, civile. Certo, pu\u00f2 essere complicato guardare alle fabbriche come luoghi di una responsabilit\u00e0 che va al di l\u00e0 della produzione e del profitto. Complicato soprattutto oggi. Ma \u00e8 sempre di pi\u00f9 cos\u00ec. Almeno quanto si pensi a quelle imprese [&hellip;]<\/p>\n","protected":false},"author":1,"featured_media":49215,"comment_status":"open","ping_status":"open","sticky":false,"template":"","format":"standard","meta":{"footnotes":""},"categories":[52,58],"tags":[],"class_list":["post-49214","post","type-post","status-publish","format-standard","has-post-thumbnail","hentry","category-cultura-dimpresa","category-recensioni-libri"],"acf":[],"yoast_head":"<!-- This site is optimized with the Yoast SEO plugin v25.0 - https:\/\/yoast.com\/wordpress\/plugins\/seo\/ -->\n<title>L\u2019impresa \u201ccivilmente responsabile\u201d - Fondazione Pirelli<\/title>\n<meta name=\"robots\" content=\"index, follow, max-snippet:-1, max-image-preview:large, max-video-preview:-1\" \/>\n<link rel=\"canonical\" href=\"https:\/\/www.fondazionepirelli.org\/it\/cultura-dimpresa\/limpresa-civilmente-responsabile\/\" \/>\n<meta property=\"og:locale\" content=\"it_IT\" \/>\n<meta property=\"og:type\" content=\"article\" \/>\n<meta property=\"og:title\" content=\"L\u2019impresa \u201ccivilmente responsabile\u201d - Fondazione Pirelli\" \/>\n<meta property=\"og:description\" content=\"Impresa e profitto, ma anche impresa e responsabilit\u00e0. Su pi\u00f9 fronti: economico, umano, sociale e, adesso, civile. Certo, pu\u00f2 essere complicato guardare alle fabbriche come luoghi di una responsabilit\u00e0 che va al di l\u00e0 della produzione e del profitto. Complicato soprattutto oggi. Ma \u00e8 sempre di pi\u00f9 cos\u00ec. Almeno quanto si pensi a quelle imprese [&hellip;]\" \/>\n<meta property=\"og:url\" content=\"https:\/\/www.fondazionepirelli.org\/it\/cultura-dimpresa\/limpresa-civilmente-responsabile\/\" \/>\n<meta property=\"og:site_name\" content=\"Fondazione Pirelli\" \/>\n<meta property=\"article:published_time\" content=\"2013-09-16T00:00:00+00:00\" \/>\n<meta property=\"article:modified_time\" content=\"2019-05-27T16:28:04+00:00\" \/>\n<meta property=\"og:image\" content=\"https:\/\/wpsite-assets.fondazionepirelli.org\/wp-content\/uploads\/2019\/05\/20102141\/1379402423128856025.jpg\" \/>\n\t<meta property=\"og:image:width\" content=\"238\" \/>\n\t<meta property=\"og:image:height\" content=\"379\" \/>\n\t<meta property=\"og:image:type\" content=\"image\/jpeg\" \/>\n<meta name=\"author\" content=\"fondadmin\" \/>\n<meta name=\"twitter:card\" content=\"summary_large_image\" \/>\n<meta name=\"twitter:label1\" content=\"Scritto da\" \/>\n\t<meta name=\"twitter:data1\" content=\"fondadmin\" \/>\n\t<meta name=\"twitter:label2\" content=\"Tempo di lettura stimato\" \/>\n\t<meta name=\"twitter:data2\" content=\"2 minuti\" \/>\n<script type=\"application\/ld+json\" class=\"yoast-schema-graph\">{\"@context\":\"https:\/\/schema.org\",\"@graph\":[{\"@type\":\"WebPage\",\"@id\":\"https:\/\/www.fondazionepirelli.org\/it\/cultura-dimpresa\/limpresa-civilmente-responsabile\/\",\"url\":\"https:\/\/www.fondazionepirelli.org\/it\/cultura-dimpresa\/limpresa-civilmente-responsabile\/\",\"name\":\"L\u2019impresa \u201ccivilmente responsabile\u201d - Fondazione Pirelli\",\"isPartOf\":{\"@id\":\"https:\/\/www.fondazionepirelli.org\/it\/#website\"},\"primaryImageOfPage\":{\"@id\":\"https:\/\/www.fondazionepirelli.org\/it\/cultura-dimpresa\/limpresa-civilmente-responsabile\/#primaryimage\"},\"image\":{\"@id\":\"https:\/\/www.fondazionepirelli.org\/it\/cultura-dimpresa\/limpresa-civilmente-responsabile\/#primaryimage\"},\"thumbnailUrl\":\"https:\/\/wpsite-assets.fondazionepirelli.org\/wp-content\/uploads\/2019\/05\/20102141\/1379402423128856025.jpg\",\"datePublished\":\"2013-09-16T00:00:00+00:00\",\"dateModified\":\"2019-05-27T16:28:04+00:00\",\"author\":{\"@id\":\"https:\/\/www.fondazionepirelli.org\/it\/#\/schema\/person\/f47d097000832c4a6e54538c791fdf25\"},\"breadcrumb\":{\"@id\":\"https:\/\/www.fondazionepirelli.org\/it\/cultura-dimpresa\/limpresa-civilmente-responsabile\/#breadcrumb\"},\"inLanguage\":\"it-IT\",\"potentialAction\":[{\"@type\":\"ReadAction\",\"target\":[\"https:\/\/www.fondazionepirelli.org\/it\/cultura-dimpresa\/limpresa-civilmente-responsabile\/\"]}]},{\"@type\":\"ImageObject\",\"inLanguage\":\"it-IT\",\"@id\":\"https:\/\/www.fondazionepirelli.org\/it\/cultura-dimpresa\/limpresa-civilmente-responsabile\/#primaryimage\",\"url\":\"https:\/\/wpsite-assets.fondazionepirelli.org\/wp-content\/uploads\/2019\/05\/20102141\/1379402423128856025.jpg\",\"contentUrl\":\"https:\/\/wpsite-assets.fondazionepirelli.org\/wp-content\/uploads\/2019\/05\/20102141\/1379402423128856025.jpg\",\"width\":238,\"height\":379},{\"@type\":\"BreadcrumbList\",\"@id\":\"https:\/\/www.fondazionepirelli.org\/it\/cultura-dimpresa\/limpresa-civilmente-responsabile\/#breadcrumb\",\"itemListElement\":[{\"@type\":\"ListItem\",\"position\":1,\"name\":\"Home\",\"item\":\"https:\/\/www.fondazionepirelli.org\/it\/\"},{\"@type\":\"ListItem\",\"position\":2,\"name\":\"L\u2019impresa \u201ccivilmente responsabile\u201d\"}]},{\"@type\":\"WebSite\",\"@id\":\"https:\/\/www.fondazionepirelli.org\/it\/#website\",\"url\":\"https:\/\/www.fondazionepirelli.org\/it\/\",\"name\":\"Fondazione Pirelli\",\"description\":\"\",\"potentialAction\":[{\"@type\":\"SearchAction\",\"target\":{\"@type\":\"EntryPoint\",\"urlTemplate\":\"https:\/\/www.fondazionepirelli.org\/it\/?s={search_term_string}\"},\"query-input\":{\"@type\":\"PropertyValueSpecification\",\"valueRequired\":true,\"valueName\":\"search_term_string\"}}],\"inLanguage\":\"it-IT\"},{\"@type\":\"Person\",\"@id\":\"https:\/\/www.fondazionepirelli.org\/it\/#\/schema\/person\/f47d097000832c4a6e54538c791fdf25\",\"name\":\"fondadmin\",\"image\":{\"@type\":\"ImageObject\",\"inLanguage\":\"it-IT\",\"@id\":\"https:\/\/www.fondazionepirelli.org\/it\/#\/schema\/person\/image\/\",\"url\":\"https:\/\/secure.gravatar.com\/avatar\/e69498a9175ca244966e51e53c88712c024fcebe41f9a05f75657f1bb25e489b?s=96&d=mm&r=g\",\"contentUrl\":\"https:\/\/secure.gravatar.com\/avatar\/e69498a9175ca244966e51e53c88712c024fcebe41f9a05f75657f1bb25e489b?s=96&d=mm&r=g\",\"caption\":\"fondadmin\"},\"url\":\"https:\/\/www.fondazionepirelli.org\/it\/author\/fondadmin\/\"}]}<\/script>\n<!-- \/ Yoast SEO plugin. -->","yoast_head_json":{"title":"L\u2019impresa \u201ccivilmente responsabile\u201d - Fondazione Pirelli","robots":{"index":"index","follow":"follow","max-snippet":"max-snippet:-1","max-image-preview":"max-image-preview:large","max-video-preview":"max-video-preview:-1"},"canonical":"https:\/\/www.fondazionepirelli.org\/it\/cultura-dimpresa\/limpresa-civilmente-responsabile\/","og_locale":"it_IT","og_type":"article","og_title":"L\u2019impresa \u201ccivilmente responsabile\u201d - Fondazione Pirelli","og_description":"Impresa e profitto, ma anche impresa e responsabilit\u00e0. Su pi\u00f9 fronti: economico, umano, sociale e, adesso, civile. Certo, pu\u00f2 essere complicato guardare alle fabbriche come luoghi di una responsabilit\u00e0 che va al di l\u00e0 della produzione e del profitto. Complicato soprattutto oggi. Ma \u00e8 sempre di pi\u00f9 cos\u00ec. Almeno quanto si pensi a quelle imprese [&hellip;]","og_url":"https:\/\/www.fondazionepirelli.org\/it\/cultura-dimpresa\/limpresa-civilmente-responsabile\/","og_site_name":"Fondazione Pirelli","article_published_time":"2013-09-16T00:00:00+00:00","article_modified_time":"2019-05-27T16:28:04+00:00","og_image":[{"width":238,"height":379,"url":"https:\/\/wpsite-assets.fondazionepirelli.org\/wp-content\/uploads\/2019\/05\/20102141\/1379402423128856025.jpg","type":"image\/jpeg"}],"author":"fondadmin","twitter_card":"summary_large_image","twitter_misc":{"Scritto da":"fondadmin","Tempo di lettura stimato":"2 minuti"},"schema":{"@context":"https:\/\/schema.org","@graph":[{"@type":"WebPage","@id":"https:\/\/www.fondazionepirelli.org\/it\/cultura-dimpresa\/limpresa-civilmente-responsabile\/","url":"https:\/\/www.fondazionepirelli.org\/it\/cultura-dimpresa\/limpresa-civilmente-responsabile\/","name":"L\u2019impresa \u201ccivilmente responsabile\u201d - Fondazione Pirelli","isPartOf":{"@id":"https:\/\/www.fondazionepirelli.org\/it\/#website"},"primaryImageOfPage":{"@id":"https:\/\/www.fondazionepirelli.org\/it\/cultura-dimpresa\/limpresa-civilmente-responsabile\/#primaryimage"},"image":{"@id":"https:\/\/www.fondazionepirelli.org\/it\/cultura-dimpresa\/limpresa-civilmente-responsabile\/#primaryimage"},"thumbnailUrl":"https:\/\/wpsite-assets.fondazionepirelli.org\/wp-content\/uploads\/2019\/05\/20102141\/1379402423128856025.jpg","datePublished":"2013-09-16T00:00:00+00:00","dateModified":"2019-05-27T16:28:04+00:00","author":{"@id":"https:\/\/www.fondazionepirelli.org\/it\/#\/schema\/person\/f47d097000832c4a6e54538c791fdf25"},"breadcrumb":{"@id":"https:\/\/www.fondazionepirelli.org\/it\/cultura-dimpresa\/limpresa-civilmente-responsabile\/#breadcrumb"},"inLanguage":"it-IT","potentialAction":[{"@type":"ReadAction","target":["https:\/\/www.fondazionepirelli.org\/it\/cultura-dimpresa\/limpresa-civilmente-responsabile\/"]}]},{"@type":"ImageObject","inLanguage":"it-IT","@id":"https:\/\/www.fondazionepirelli.org\/it\/cultura-dimpresa\/limpresa-civilmente-responsabile\/#primaryimage","url":"https:\/\/wpsite-assets.fondazionepirelli.org\/wp-content\/uploads\/2019\/05\/20102141\/1379402423128856025.jpg","contentUrl":"https:\/\/wpsite-assets.fondazionepirelli.org\/wp-content\/uploads\/2019\/05\/20102141\/1379402423128856025.jpg","width":238,"height":379},{"@type":"BreadcrumbList","@id":"https:\/\/www.fondazionepirelli.org\/it\/cultura-dimpresa\/limpresa-civilmente-responsabile\/#breadcrumb","itemListElement":[{"@type":"ListItem","position":1,"name":"Home","item":"https:\/\/www.fondazionepirelli.org\/it\/"},{"@type":"ListItem","position":2,"name":"L\u2019impresa \u201ccivilmente responsabile\u201d"}]},{"@type":"WebSite","@id":"https:\/\/www.fondazionepirelli.org\/it\/#website","url":"https:\/\/www.fondazionepirelli.org\/it\/","name":"Fondazione Pirelli","description":"","potentialAction":[{"@type":"SearchAction","target":{"@type":"EntryPoint","urlTemplate":"https:\/\/www.fondazionepirelli.org\/it\/?s={search_term_string}"},"query-input":{"@type":"PropertyValueSpecification","valueRequired":true,"valueName":"search_term_string"}}],"inLanguage":"it-IT"},{"@type":"Person","@id":"https:\/\/www.fondazionepirelli.org\/it\/#\/schema\/person\/f47d097000832c4a6e54538c791fdf25","name":"fondadmin","image":{"@type":"ImageObject","inLanguage":"it-IT","@id":"https:\/\/www.fondazionepirelli.org\/it\/#\/schema\/person\/image\/","url":"https:\/\/secure.gravatar.com\/avatar\/e69498a9175ca244966e51e53c88712c024fcebe41f9a05f75657f1bb25e489b?s=96&d=mm&r=g","contentUrl":"https:\/\/secure.gravatar.com\/avatar\/e69498a9175ca244966e51e53c88712c024fcebe41f9a05f75657f1bb25e489b?s=96&d=mm&r=g","caption":"fondadmin"},"url":"https:\/\/www.fondazionepirelli.org\/it\/author\/fondadmin\/"}]}},"_links":{"self":[{"href":"https:\/\/www.fondazionepirelli.org\/it\/wp-json\/wp\/v2\/posts\/49214\/"}],"collection":[{"href":"https:\/\/www.fondazionepirelli.org\/it\/wp-json\/wp\/v2\/posts\/"}],"about":[{"href":"https:\/\/www.fondazionepirelli.org\/it\/wp-json\/wp\/v2\/types\/post\/"}],"author":[{"embeddable":true,"href":"https:\/\/www.fondazionepirelli.org\/it\/wp-json\/wp\/v2\/users\/1\/"}],"replies":[{"embeddable":true,"href":"https:\/\/www.fondazionepirelli.org\/it\/wp-json\/wp\/v2\/comments\/?post=49214"}],"version-history":[{"count":1,"href":"https:\/\/www.fondazionepirelli.org\/it\/wp-json\/wp\/v2\/posts\/49214\/revisions\/"}],"predecessor-version":[{"id":56367,"href":"https:\/\/www.fondazionepirelli.org\/it\/wp-json\/wp\/v2\/posts\/49214\/revisions\/56367\/"}],"wp:featuredmedia":[{"embeddable":true,"href":"https:\/\/www.fondazionepirelli.org\/it\/wp-json\/wp\/v2\/media\/49215\/"}],"wp:attachment":[{"href":"https:\/\/www.fondazionepirelli.org\/it\/wp-json\/wp\/v2\/media\/?parent=49214"}],"wp:term":[{"taxonomy":"category","embeddable":true,"href":"https:\/\/www.fondazionepirelli.org\/it\/wp-json\/wp\/v2\/categories\/?post=49214"},{"taxonomy":"post_tag","embeddable":true,"href":"https:\/\/www.fondazionepirelli.org\/it\/wp-json\/wp\/v2\/tags\/?post=49214"}],"curies":[{"name":"wp","href":"https:\/\/api.w.org\/{rel}","templated":true}]}}