{"id":49237,"date":"2013-08-26T00:00:00","date_gmt":"2013-08-26T00:00:00","guid":{"rendered":"http:\/\/www.fondazionepirelli.org\/fondazione-pirelli\/ecco-come-cultura-e-creativita-fanno-crescere-anche-il-pil\/"},"modified":"2019-05-20T15:58:10","modified_gmt":"2019-05-20T15:58:10","slug":"ecco-come-cultura-e-creativita-fanno-crescere-anche-il-pil","status":"publish","type":"post","link":"https:\/\/www.fondazionepirelli.org\/it\/cultura-dimpresa\/ecco-come-cultura-e-creativita-fanno-crescere-anche-il-pil\/","title":{"rendered":"Ecco come  cultura e creativit\u00e0 fanno crescere anche il Pil"},"content":{"rendered":"<p><strong>Con la cultura si mangia<\/strong>, si diventa pi\u00f9 <strong>competitivi<\/strong>, si fa crescere il <strong>Pil<\/strong>. E nella nuova geografia dello sviluppo, economia e qualit\u00e0 della vita migliorano proprio l\u00e0 dove si investe in creativit\u00e0 e innovazione, si fa ricerca, si producono arte, letteratura, musica, cinema e teatro, si tutela e valorizza il patrimonio culturale, si d\u00e0 spazio alla scienza, si insiste sulla formazione delle persone, sia negli anni della scuola che nel resto del tempo della loro vita. Concetti gi\u00e0 noti, naturalmente. Ma che purtroppo, invece, stentano a trovare spazio nell\u2019elaborazione e nell\u2019applicazione concreta della politiche di governo, soprattutto in Italia.<\/p><p>Per approfondire ancora una volta la riflessione, vale la pena leggere le pagine de \u201c<strong>La nuova geografia del lavoro<\/strong>\u201d, di un economista italiano, <strong>Enrico Moretti<\/strong>, che insegna a San Francisco, alla Berkeley University, scrive sul \u201cNew York Times\u201d e il \u201cWall Street Journal\u201d ed \u00e8 consultato dal presidente Barack Obama sui temi del rapporto tra innovazione e occupazione. Il saggio, definito dalla rivista \u201cForbes\u201d \u201c<strong>il libro di economia pi\u00f9 importante dell\u2019anno<\/strong>\u201d documenta, innazitutto, come l\u2019innovazione abbia cambiato la mappa del lavoro in America, con il tramonto delle vecchie citt\u00e0 industriali, come Detroit e Cleveland, che non hanno saputo aggiornarsi dopo la crisi della tradizionale industria manifatturiera e con il successo di metropoli (San Francisco e Seattle, Austin e San Jos\u00e8, Boston e Washington) in cui \u00e8 stato costruito un \u201cecosistema innovativo\u201d fondato su biotech, ricerca medica e farmacologica, industria dei semiconduttori e del software, comunicazione e altri settori in via di continua innovazione come il clean tech (le tecnologie ambientali pi\u00f9 avanzate), il digital entertainement e i \u201cnuovi materiali\u201d con il supporto del nano-tech. Ricerca e hi tech, appunto. Creativit\u00e0 che lega saperi umanistici e competenze scientifiche in originali sintesi. Stimolante cultura d\u2019impresa.<\/p><p>L\u2019effetto? Un boom nella<strong> creazione di ricchezza<\/strong>, nella competivit\u00e0 e nell\u2019attrattivit\u00e0 delle citt\u00e0 in questione (un vero e proprio circuito virtuoso: i luoghi dei talenti attraggono altri talenti). Con un risultato positivo in termini di posti di lavoro. E un\u2019ulteriore spinta di fiducia nel futuro. Le ricerche di Moretti dimostrano infatti che per un nuovo posto di lavoro a sofisticato contenuto tecnologico, un ingegnere o un informatico ad alta specializzazione, un software designer di Google o un fisico esperto in nanotecnologie se ne creano altri cinque, sia in settori qualificati (avvocati, insegnanti, medici, infermieri) sia in settori meno qualificati, legati ai servizi alle imprese e alle persone. Si alimenta un volano economico positivo. E si mette in moto un vero e proprio \u201cascensore sociale\u201d (importa ci\u00f2 che sai, impari e sai fare, non chi sei, per estrazione familiare) che fa da ulteriore molla della crescita. Immaginazione. Cultura. Creativit\u00e0. Sviluppo economico e sociale.<\/p><p>Che sia proprio questa la strada di un futuro che \u00e8 gi\u00e0 qui lo conferma anche la scelta del <strong>Bureau of Economic Analysis<\/strong>, il principale istitito di statistiche degli Usa, di inserire dai primi di agosto, tra i fattori del Pil, anche la \u201c<strong>creativit\u00e0<\/strong>\u201d. \u201cIl Pil della fantasia\u201d, hanno scritto gli osservatori pi\u00f9 poetici. E a ragione. Perch\u00e9 le spese per la ricerca, lo sviluppo e la creazione in campo tecnico, scientifico, artistico e culturale (una nuova molecola per la medicina, ma anche un romanzo, una canzone, un film) saranno conteggiati tra gli investimenti, utili dunque a produrre una ricchezza migliore (e maggiore: con questo nuovo calcolo, il pil americano aumenterebbe del 2,7%). Con la cultura, appunto, si va avanti.<\/p><p>E in Italia? Invece di investire in cultura, ricerca, innovazione e formazione, si taglia, come dimostrano due bravi giornalisti, <strong>Bruno Arpaia<\/strong> e<strong> Pietro Greco<\/strong>, in \u201c<strong>La cultura si mangia!\u201d<\/strong>, accurata documentazione di come e quanto, negli anni scorsi, i governi abbiano drasticamente ridimensionato gli investimenti pubblici, ai livello pi\u00f9 bassi in Europa e abbiano dunque contribuito in modo decisivo alla stagnazione dell\u2019economia italiana.<\/p><p>Strategia da cambiare, dunque. Pi\u00f9 cultura, pi\u00f9 pil, pi\u00f9 competitivit\u00e0 delle nostre citt\u00e0 (ancora forti di patrimoni e attitudini culturali da valorizzare), pi\u00f9 sviluppo. E\u2019, appunto, una buona impresa.<\/p>\n","protected":false},"excerpt":{"rendered":"<p>Con la cultura si mangia, si diventa pi\u00f9 competitivi, si fa crescere il Pil. E nella nuova geografia dello sviluppo, economia e qualit\u00e0 della vita migliorano proprio l\u00e0 dove si investe in creativit\u00e0 e innovazione, si fa ricerca, si producono arte, letteratura, musica, cinema e teatro, si tutela e valorizza il patrimonio culturale, si d\u00e0 [&hellip;]<\/p>\n","protected":false},"author":1,"featured_media":49238,"comment_status":"open","ping_status":"open","sticky":false,"template":"","format":"standard","meta":{"footnotes":""},"categories":[53,52],"tags":[],"class_list":["post-49237","post","type-post","status-publish","format-standard","has-post-thumbnail","hentry","category-blog","category-cultura-dimpresa"],"acf":[],"yoast_head":"<!-- This site is optimized with the Yoast SEO plugin v25.0 - https:\/\/yoast.com\/wordpress\/plugins\/seo\/ -->\n<title>Ecco come cultura e creativit\u00e0 fanno crescere anche il Pil - Fondazione Pirelli<\/title>\n<meta name=\"robots\" content=\"index, follow, max-snippet:-1, max-image-preview:large, max-video-preview:-1\" \/>\n<link rel=\"canonical\" href=\"https:\/\/www.fondazionepirelli.org\/it\/cultura-dimpresa\/ecco-come-cultura-e-creativita-fanno-crescere-anche-il-pil\/\" \/>\n<meta property=\"og:locale\" content=\"it_IT\" \/>\n<meta property=\"og:type\" content=\"article\" \/>\n<meta property=\"og:title\" content=\"Ecco come cultura e creativit\u00e0 fanno crescere anche il Pil - Fondazione Pirelli\" \/>\n<meta property=\"og:description\" content=\"Con la cultura si mangia, si diventa pi\u00f9 competitivi, si fa crescere il Pil. E nella nuova geografia dello sviluppo, economia e qualit\u00e0 della vita migliorano proprio l\u00e0 dove si investe in creativit\u00e0 e innovazione, si fa ricerca, si producono arte, letteratura, musica, cinema e teatro, si tutela e valorizza il patrimonio culturale, si d\u00e0 [&hellip;]\" \/>\n<meta property=\"og:url\" content=\"https:\/\/127.0.0.1\/it\/cultura-dimpresa\/ecco-come-cultura-e-creativita-fanno-crescere-anche-il-pil\/\" \/>\n<meta property=\"og:site_name\" content=\"Fondazione Pirelli\" \/>\n<meta property=\"article:published_time\" content=\"2013-08-26T00:00:00+00:00\" \/>\n<meta property=\"article:modified_time\" content=\"2019-05-20T15:58:10+00:00\" \/>\n<meta property=\"og:image\" content=\"https:\/\/wpsite-assets.fondazionepirelli.org\/wp-content\/uploads\/2019\/05\/20102136\/1377596952753620431.jpg\" \/>\n\t<meta property=\"og:image:width\" content=\"249\" \/>\n\t<meta property=\"og:image:height\" content=\"375\" \/>\n\t<meta property=\"og:image:type\" content=\"image\/jpeg\" \/>\n<meta name=\"author\" content=\"fondadmin\" \/>\n<meta name=\"twitter:card\" content=\"summary_large_image\" \/>\n<meta name=\"twitter:label1\" content=\"Scritto da\" \/>\n\t<meta name=\"twitter:data1\" content=\"fondadmin\" \/>\n\t<meta name=\"twitter:label2\" content=\"Tempo di lettura stimato\" \/>\n\t<meta name=\"twitter:data2\" content=\"3 minuti\" \/>\n<script type=\"application\/ld+json\" class=\"yoast-schema-graph\">{\"@context\":\"https:\/\/schema.org\",\"@graph\":[{\"@type\":\"WebPage\",\"@id\":\"https:\/\/127.0.0.1\/it\/cultura-dimpresa\/ecco-come-cultura-e-creativita-fanno-crescere-anche-il-pil\/\",\"url\":\"https:\/\/127.0.0.1\/it\/cultura-dimpresa\/ecco-come-cultura-e-creativita-fanno-crescere-anche-il-pil\/\",\"name\":\"Ecco come cultura e creativit\u00e0 fanno crescere anche il Pil - Fondazione Pirelli\",\"isPartOf\":{\"@id\":\"https:\/\/www.fondazionepirelli.org\/it\/#website\"},\"primaryImageOfPage\":{\"@id\":\"https:\/\/127.0.0.1\/it\/cultura-dimpresa\/ecco-come-cultura-e-creativita-fanno-crescere-anche-il-pil\/#primaryimage\"},\"image\":{\"@id\":\"https:\/\/127.0.0.1\/it\/cultura-dimpresa\/ecco-come-cultura-e-creativita-fanno-crescere-anche-il-pil\/#primaryimage\"},\"thumbnailUrl\":\"https:\/\/wpsite-assets.fondazionepirelli.org\/wp-content\/uploads\/2019\/05\/20102136\/1377596952753620431.jpg\",\"datePublished\":\"2013-08-26T00:00:00+00:00\",\"dateModified\":\"2019-05-20T15:58:10+00:00\",\"author\":{\"@id\":\"https:\/\/www.fondazionepirelli.org\/it\/#\/schema\/person\/f47d097000832c4a6e54538c791fdf25\"},\"breadcrumb\":{\"@id\":\"https:\/\/127.0.0.1\/it\/cultura-dimpresa\/ecco-come-cultura-e-creativita-fanno-crescere-anche-il-pil\/#breadcrumb\"},\"inLanguage\":\"it-IT\",\"potentialAction\":[{\"@type\":\"ReadAction\",\"target\":[\"https:\/\/127.0.0.1\/it\/cultura-dimpresa\/ecco-come-cultura-e-creativita-fanno-crescere-anche-il-pil\/\"]}]},{\"@type\":\"ImageObject\",\"inLanguage\":\"it-IT\",\"@id\":\"https:\/\/127.0.0.1\/it\/cultura-dimpresa\/ecco-come-cultura-e-creativita-fanno-crescere-anche-il-pil\/#primaryimage\",\"url\":\"https:\/\/wpsite-assets.fondazionepirelli.org\/wp-content\/uploads\/2019\/05\/20102136\/1377596952753620431.jpg\",\"contentUrl\":\"https:\/\/wpsite-assets.fondazionepirelli.org\/wp-content\/uploads\/2019\/05\/20102136\/1377596952753620431.jpg\",\"width\":249,\"height\":375},{\"@type\":\"BreadcrumbList\",\"@id\":\"https:\/\/127.0.0.1\/it\/cultura-dimpresa\/ecco-come-cultura-e-creativita-fanno-crescere-anche-il-pil\/#breadcrumb\",\"itemListElement\":[{\"@type\":\"ListItem\",\"position\":1,\"name\":\"Home\",\"item\":\"https:\/\/www.fondazionepirelli.org\/it\/\"},{\"@type\":\"ListItem\",\"position\":2,\"name\":\"Ecco come cultura e creativit\u00e0 fanno crescere anche il Pil\"}]},{\"@type\":\"WebSite\",\"@id\":\"https:\/\/www.fondazionepirelli.org\/it\/#website\",\"url\":\"https:\/\/www.fondazionepirelli.org\/it\/\",\"name\":\"Fondazione Pirelli\",\"description\":\"\",\"potentialAction\":[{\"@type\":\"SearchAction\",\"target\":{\"@type\":\"EntryPoint\",\"urlTemplate\":\"https:\/\/www.fondazionepirelli.org\/it\/?s={search_term_string}\"},\"query-input\":{\"@type\":\"PropertyValueSpecification\",\"valueRequired\":true,\"valueName\":\"search_term_string\"}}],\"inLanguage\":\"it-IT\"},{\"@type\":\"Person\",\"@id\":\"https:\/\/www.fondazionepirelli.org\/it\/#\/schema\/person\/f47d097000832c4a6e54538c791fdf25\",\"name\":\"fondadmin\",\"image\":{\"@type\":\"ImageObject\",\"inLanguage\":\"it-IT\",\"@id\":\"https:\/\/www.fondazionepirelli.org\/it\/#\/schema\/person\/image\/\",\"url\":\"https:\/\/secure.gravatar.com\/avatar\/e69498a9175ca244966e51e53c88712c024fcebe41f9a05f75657f1bb25e489b?s=96&d=mm&r=g\",\"contentUrl\":\"https:\/\/secure.gravatar.com\/avatar\/e69498a9175ca244966e51e53c88712c024fcebe41f9a05f75657f1bb25e489b?s=96&d=mm&r=g\",\"caption\":\"fondadmin\"},\"url\":\"https:\/\/www.fondazionepirelli.org\/it\/author\/fondadmin\/\"}]}<\/script>\n<!-- \/ Yoast SEO plugin. -->","yoast_head_json":{"title":"Ecco come cultura e creativit\u00e0 fanno crescere anche il Pil - Fondazione Pirelli","robots":{"index":"index","follow":"follow","max-snippet":"max-snippet:-1","max-image-preview":"max-image-preview:large","max-video-preview":"max-video-preview:-1"},"canonical":"https:\/\/www.fondazionepirelli.org\/it\/cultura-dimpresa\/ecco-come-cultura-e-creativita-fanno-crescere-anche-il-pil\/","og_locale":"it_IT","og_type":"article","og_title":"Ecco come cultura e creativit\u00e0 fanno crescere anche il Pil - Fondazione Pirelli","og_description":"Con la cultura si mangia, si diventa pi\u00f9 competitivi, si fa crescere il Pil. E nella nuova geografia dello sviluppo, economia e qualit\u00e0 della vita migliorano proprio l\u00e0 dove si investe in creativit\u00e0 e innovazione, si fa ricerca, si producono arte, letteratura, musica, cinema e teatro, si tutela e valorizza il patrimonio culturale, si d\u00e0 [&hellip;]","og_url":"https:\/\/127.0.0.1\/it\/cultura-dimpresa\/ecco-come-cultura-e-creativita-fanno-crescere-anche-il-pil\/","og_site_name":"Fondazione Pirelli","article_published_time":"2013-08-26T00:00:00+00:00","article_modified_time":"2019-05-20T15:58:10+00:00","og_image":[{"width":249,"height":375,"url":"https:\/\/wpsite-assets.fondazionepirelli.org\/wp-content\/uploads\/2019\/05\/20102136\/1377596952753620431.jpg","type":"image\/jpeg"}],"author":"fondadmin","twitter_card":"summary_large_image","twitter_misc":{"Scritto da":"fondadmin","Tempo di lettura stimato":"3 minuti"},"schema":{"@context":"https:\/\/schema.org","@graph":[{"@type":"WebPage","@id":"https:\/\/127.0.0.1\/it\/cultura-dimpresa\/ecco-come-cultura-e-creativita-fanno-crescere-anche-il-pil\/","url":"https:\/\/127.0.0.1\/it\/cultura-dimpresa\/ecco-come-cultura-e-creativita-fanno-crescere-anche-il-pil\/","name":"Ecco come cultura e creativit\u00e0 fanno crescere anche il Pil - Fondazione Pirelli","isPartOf":{"@id":"https:\/\/www.fondazionepirelli.org\/it\/#website"},"primaryImageOfPage":{"@id":"https:\/\/127.0.0.1\/it\/cultura-dimpresa\/ecco-come-cultura-e-creativita-fanno-crescere-anche-il-pil\/#primaryimage"},"image":{"@id":"https:\/\/127.0.0.1\/it\/cultura-dimpresa\/ecco-come-cultura-e-creativita-fanno-crescere-anche-il-pil\/#primaryimage"},"thumbnailUrl":"https:\/\/wpsite-assets.fondazionepirelli.org\/wp-content\/uploads\/2019\/05\/20102136\/1377596952753620431.jpg","datePublished":"2013-08-26T00:00:00+00:00","dateModified":"2019-05-20T15:58:10+00:00","author":{"@id":"https:\/\/www.fondazionepirelli.org\/it\/#\/schema\/person\/f47d097000832c4a6e54538c791fdf25"},"breadcrumb":{"@id":"https:\/\/127.0.0.1\/it\/cultura-dimpresa\/ecco-come-cultura-e-creativita-fanno-crescere-anche-il-pil\/#breadcrumb"},"inLanguage":"it-IT","potentialAction":[{"@type":"ReadAction","target":["https:\/\/127.0.0.1\/it\/cultura-dimpresa\/ecco-come-cultura-e-creativita-fanno-crescere-anche-il-pil\/"]}]},{"@type":"ImageObject","inLanguage":"it-IT","@id":"https:\/\/127.0.0.1\/it\/cultura-dimpresa\/ecco-come-cultura-e-creativita-fanno-crescere-anche-il-pil\/#primaryimage","url":"https:\/\/wpsite-assets.fondazionepirelli.org\/wp-content\/uploads\/2019\/05\/20102136\/1377596952753620431.jpg","contentUrl":"https:\/\/wpsite-assets.fondazionepirelli.org\/wp-content\/uploads\/2019\/05\/20102136\/1377596952753620431.jpg","width":249,"height":375},{"@type":"BreadcrumbList","@id":"https:\/\/127.0.0.1\/it\/cultura-dimpresa\/ecco-come-cultura-e-creativita-fanno-crescere-anche-il-pil\/#breadcrumb","itemListElement":[{"@type":"ListItem","position":1,"name":"Home","item":"https:\/\/www.fondazionepirelli.org\/it\/"},{"@type":"ListItem","position":2,"name":"Ecco come cultura e creativit\u00e0 fanno crescere anche il Pil"}]},{"@type":"WebSite","@id":"https:\/\/www.fondazionepirelli.org\/it\/#website","url":"https:\/\/www.fondazionepirelli.org\/it\/","name":"Fondazione Pirelli","description":"","potentialAction":[{"@type":"SearchAction","target":{"@type":"EntryPoint","urlTemplate":"https:\/\/www.fondazionepirelli.org\/it\/?s={search_term_string}"},"query-input":{"@type":"PropertyValueSpecification","valueRequired":true,"valueName":"search_term_string"}}],"inLanguage":"it-IT"},{"@type":"Person","@id":"https:\/\/www.fondazionepirelli.org\/it\/#\/schema\/person\/f47d097000832c4a6e54538c791fdf25","name":"fondadmin","image":{"@type":"ImageObject","inLanguage":"it-IT","@id":"https:\/\/www.fondazionepirelli.org\/it\/#\/schema\/person\/image\/","url":"https:\/\/secure.gravatar.com\/avatar\/e69498a9175ca244966e51e53c88712c024fcebe41f9a05f75657f1bb25e489b?s=96&d=mm&r=g","contentUrl":"https:\/\/secure.gravatar.com\/avatar\/e69498a9175ca244966e51e53c88712c024fcebe41f9a05f75657f1bb25e489b?s=96&d=mm&r=g","caption":"fondadmin"},"url":"https:\/\/www.fondazionepirelli.org\/it\/author\/fondadmin\/"}]}},"_links":{"self":[{"href":"https:\/\/www.fondazionepirelli.org\/it\/wp-json\/wp\/v2\/posts\/49237\/"}],"collection":[{"href":"https:\/\/www.fondazionepirelli.org\/it\/wp-json\/wp\/v2\/posts\/"}],"about":[{"href":"https:\/\/www.fondazionepirelli.org\/it\/wp-json\/wp\/v2\/types\/post\/"}],"author":[{"embeddable":true,"href":"https:\/\/www.fondazionepirelli.org\/it\/wp-json\/wp\/v2\/users\/1\/"}],"replies":[{"embeddable":true,"href":"https:\/\/www.fondazionepirelli.org\/it\/wp-json\/wp\/v2\/comments\/?post=49237"}],"version-history":[{"count":1,"href":"https:\/\/www.fondazionepirelli.org\/it\/wp-json\/wp\/v2\/posts\/49237\/revisions\/"}],"predecessor-version":[{"id":55599,"href":"https:\/\/www.fondazionepirelli.org\/it\/wp-json\/wp\/v2\/posts\/49237\/revisions\/55599\/"}],"wp:featuredmedia":[{"embeddable":true,"href":"https:\/\/www.fondazionepirelli.org\/it\/wp-json\/wp\/v2\/media\/49238\/"}],"wp:attachment":[{"href":"https:\/\/www.fondazionepirelli.org\/it\/wp-json\/wp\/v2\/media\/?parent=49237"}],"wp:term":[{"taxonomy":"category","embeddable":true,"href":"https:\/\/www.fondazionepirelli.org\/it\/wp-json\/wp\/v2\/categories\/?post=49237"},{"taxonomy":"post_tag","embeddable":true,"href":"https:\/\/www.fondazionepirelli.org\/it\/wp-json\/wp\/v2\/tags\/?post=49237"}],"curies":[{"name":"wp","href":"https:\/\/api.w.org\/{rel}","templated":true}]}}