{"id":49253,"date":"2013-07-29T00:00:00","date_gmt":"2013-07-29T00:00:00","guid":{"rendered":"http:\/\/www.fondazionepirelli.org\/fondazione-pirelli\/il-kalos-kai-agathos-tra-museo-e-fabbrica\/"},"modified":"2019-05-20T15:53:41","modified_gmt":"2019-05-20T15:53:41","slug":"il-kalos-kai-agathos-tra-museo-e-fabbrica","status":"publish","type":"post","link":"https:\/\/www.fondazionepirelli.org\/it\/cultura-dimpresa\/il-kalos-kai-agathos-tra-museo-e-fabbrica\/","title":{"rendered":"Il \u201ckal\u00f2s kai agath\u00f2s\u201d tra museo e fabbrica"},"content":{"rendered":"<p>\u201c<strong>Kal\u00f2s kai agath\u00f2s<\/strong>\u201d, la relazione tra il <strong>bello e il buono<\/strong>, l\u2019estetica e l\u2019etica, \u00e8 una <strong>consapevolezza radicata nella cultura occidentale<\/strong>. In tempi di metamorfosi si tratta di rafforzare anche altre relazioni, tra il bello e l\u2019utile, il buono e il produttivo, l\u2019estetica e la competitivit\u00e0. Giocando sulle dimensioni di creativit\u00e0 delle scienze, della filosofia, della letteratura. Sulla ricerca di nuove forme (dunque nuovi materiali, nuovi prodotti, nuove finzioni). E sulle tecnologie relative, elaborate non tanto come tecniche, quanto soprattutto come pensiero e come linguaggio. Una contemporaneit\u00e0 storicamente consapevole e progettualmente politecnica. \u201cHo imparato che le grandi aziende hanno a cuore l\u2019estetica perch\u00e9 trasmette un messaggio su come l\u2019azienda percepisce se stessa\u201d, sosteneva Steve Jobs. Rilanciando, forse inconsapevolemente, una riflessione di <strong>Adriano Olivetti<\/strong>, contenuta nel discorso inaugurale dello stabilimento di Pozzuoli, nel 1955: \u201cDi fronte al golfo pi\u00f9 singolare del mondo, questa fabbrica si \u00e8 elevata in rispetto della bellezza dei luoghi e affinch\u00e9 la bellezza fosse di conforto nel lavoro di ogni giorno\u201d.<\/p><p>Omaggio alla bellezza esterna. Ma anche incorporazione della bellezza. Estetica e funzionalit\u00e0, appunto. La riprova sta nei nuovi stabilimenti costruiti negli ultimi anni in Italia: Maserati, Ferrari, Tod\u2019s, Lavazza, Diesel, Cucinelli (\u201cL\u2019alta creativit\u00e0 salver\u00e0 queste generazioni e le successive\u201d). E <strong>Pirelli<\/strong>, a <strong>Settimo Torinese<\/strong>, un nuovo stabilimento di produzione di pneumatici segnato da produzioni \u201c<strong>premium<\/strong>\u201d (alta gamma, qualit\u00e0 d\u2019eccellenza grazie a sofisticate tecnologie in robot di ultima generazione) e da una \u201cspina\u201d, una struttura progettata da <strong>Renzo Piano<\/strong> per contenere laboratori di ricerca, uffici, servizi, biblioteche, spazi di riunione e del tempo libero: un parallelepipedo di vetro e acciaio lungo quattrocento metri, luminoso, aperto sui due stabilimenti produttivi che lo affiancano, con un tetto di pannelli solari. Il tutto attorniato da cinquecento alberi di ciliegi. Una fabbrica bella, appunto. Dove lavorare sia piacevole e dunque pi\u00f9 e meglio produttivo. In un contesto \u201c<strong>sostenibile<\/strong>\u201d, non solo ambientalmente (la fabbrica ha consumi ridotti di acqua e l\u2019energia viene da fonti rinnovabili) ma anche socialmente. Perch\u00e8, spiega Piano, \u201cla scommessa \u00e8 interpretare la sostenibilit\u00e0 come linguaggio e non solo come tecnica da applicare in maniera pi\u00f9 o meno appropriata a un contenitore concepito diversamente\u201d. Anche in questo caso, l<strong>a cultura del progetto e la cultura del prodotto trovano originale sintesi<\/strong>. In fabbrica, appunto. Ma non solo in fabbrica.<\/p><p>Il ragionamento di Piano si pu\u00f2 ripetere infatti anche per l\u2019ultima delle sue opere, il <strong>Muse<\/strong>, il Museo della Scienza di Trento, inaugurato sabato <strong>27 luglio<\/strong>. Vetro, legno, acciaio, cemento, una struttura di esposizione e ricerca, una raccolta di materiali per raccontare la natura e gli interventi dell\u2019uomo. \u201cLuogo di incontro tra ricerca e impresa\u201d, dicono i responsabili del Muse, costruito l\u00e0 dove c\u2019era un vecchio stabilimento industriale (ex componenti per pneumatici Michelin) e adatto a rappresentare il passaggio dall\u2019antica economia industriale alla stagione dell\u2019\u201deconomia della conoscenza\u201d, che innerva attivit\u00e0 produttive che hanno bisogno, proprio in chiave di competitivit\u00e0 dei territori, di fare un salto di competenze culturali, tecnologiche, scientifiche.<\/p><p>Un Museo della Scienza, dunque, come strumento di narrazione che lega conoscenza, formazione, produzione. Un sistema aperto su un territorio, il Trentino e il Nord Est, con forte vocazione produttiva. Uno stimolo a costruire, nel corso del tempo, inediti collegamenti tra la scienza e le sue applicazioni.<\/p><p>C\u2019\u00e8 proprio in questo, un nesso stretto tra luoghi della produzione e luoghi della rappresentazione. Piano ne \u00e8 ottimo interprete. E sta nelle sue opere, come \u201c<strong>la fabbrica bella<\/strong>\u201d e sostenibile e il museo di cui stiamo parlando, non solo la versione contemporanea del \u201ckal\u00f2s kai agath\u00f2s\u201d, ma anche l\u2019indicazione del buon futuribile italiano: lo sviluppo di qualit\u00e0 ha un\u2019anima tecnologica e, insieme, poetica.<\/p>\n","protected":false},"excerpt":{"rendered":"<p>\u201cKal\u00f2s kai agath\u00f2s\u201d, la relazione tra il bello e il buono, l\u2019estetica e l\u2019etica, \u00e8 una consapevolezza radicata nella cultura occidentale. In tempi di metamorfosi si tratta di rafforzare anche altre relazioni, tra il bello e l\u2019utile, il buono e il produttivo, l\u2019estetica e la competitivit\u00e0. Giocando sulle dimensioni di creativit\u00e0 delle scienze, della filosofia, [&hellip;]<\/p>\n","protected":false},"author":1,"featured_media":49254,"comment_status":"open","ping_status":"open","sticky":false,"template":"","format":"standard","meta":{"footnotes":""},"categories":[53,52],"tags":[],"class_list":["post-49253","post","type-post","status-publish","format-standard","has-post-thumbnail","hentry","category-blog","category-cultura-dimpresa"],"acf":[],"yoast_head":"<!-- This site is optimized with the Yoast SEO plugin v25.0 - https:\/\/yoast.com\/wordpress\/plugins\/seo\/ -->\n<title>Il \u201ckal\u00f2s kai agath\u00f2s\u201d tra museo e fabbrica - Fondazione Pirelli<\/title>\n<meta name=\"robots\" content=\"index, follow, max-snippet:-1, max-image-preview:large, max-video-preview:-1\" \/>\n<link rel=\"canonical\" href=\"https:\/\/www.fondazionepirelli.org\/it\/cultura-dimpresa\/il-kalos-kai-agathos-tra-museo-e-fabbrica\/\" \/>\n<meta property=\"og:locale\" content=\"it_IT\" \/>\n<meta property=\"og:type\" content=\"article\" \/>\n<meta property=\"og:title\" content=\"Il \u201ckal\u00f2s kai agath\u00f2s\u201d tra museo e fabbrica - Fondazione Pirelli\" \/>\n<meta property=\"og:description\" content=\"\u201cKal\u00f2s kai agath\u00f2s\u201d, la relazione tra il bello e il buono, l\u2019estetica e l\u2019etica, \u00e8 una consapevolezza radicata nella cultura occidentale. In tempi di metamorfosi si tratta di rafforzare anche altre relazioni, tra il bello e l\u2019utile, il buono e il produttivo, l\u2019estetica e la competitivit\u00e0. Giocando sulle dimensioni di creativit\u00e0 delle scienze, della filosofia, [&hellip;]\" \/>\n<meta property=\"og:url\" content=\"https:\/\/127.0.0.1\/it\/cultura-dimpresa\/il-kalos-kai-agathos-tra-museo-e-fabbrica\/\" \/>\n<meta property=\"og:site_name\" content=\"Fondazione Pirelli\" \/>\n<meta property=\"article:published_time\" content=\"2013-07-29T00:00:00+00:00\" \/>\n<meta property=\"article:modified_time\" content=\"2019-05-20T15:53:41+00:00\" \/>\n<meta property=\"og:image\" content=\"https:\/\/wpsite-assets.fondazionepirelli.org\/wp-content\/uploads\/2019\/05\/20102132\/1375167964201628975.jpg\" \/>\n\t<meta property=\"og:image:width\" content=\"249\" \/>\n\t<meta property=\"og:image:height\" content=\"375\" \/>\n\t<meta property=\"og:image:type\" content=\"image\/jpeg\" \/>\n<meta name=\"author\" content=\"fondadmin\" \/>\n<meta name=\"twitter:card\" content=\"summary_large_image\" \/>\n<meta name=\"twitter:label1\" content=\"Scritto da\" \/>\n\t<meta name=\"twitter:data1\" content=\"fondadmin\" \/>\n\t<meta name=\"twitter:label2\" content=\"Tempo di lettura stimato\" \/>\n\t<meta name=\"twitter:data2\" content=\"3 minuti\" \/>\n<script type=\"application\/ld+json\" class=\"yoast-schema-graph\">{\"@context\":\"https:\/\/schema.org\",\"@graph\":[{\"@type\":\"WebPage\",\"@id\":\"https:\/\/127.0.0.1\/it\/cultura-dimpresa\/il-kalos-kai-agathos-tra-museo-e-fabbrica\/\",\"url\":\"https:\/\/127.0.0.1\/it\/cultura-dimpresa\/il-kalos-kai-agathos-tra-museo-e-fabbrica\/\",\"name\":\"Il \u201ckal\u00f2s kai agath\u00f2s\u201d tra museo e fabbrica - Fondazione Pirelli\",\"isPartOf\":{\"@id\":\"https:\/\/www.fondazionepirelli.org\/it\/#website\"},\"primaryImageOfPage\":{\"@id\":\"https:\/\/127.0.0.1\/it\/cultura-dimpresa\/il-kalos-kai-agathos-tra-museo-e-fabbrica\/#primaryimage\"},\"image\":{\"@id\":\"https:\/\/127.0.0.1\/it\/cultura-dimpresa\/il-kalos-kai-agathos-tra-museo-e-fabbrica\/#primaryimage\"},\"thumbnailUrl\":\"https:\/\/wpsite-assets.fondazionepirelli.org\/wp-content\/uploads\/2019\/05\/20102132\/1375167964201628975.jpg\",\"datePublished\":\"2013-07-29T00:00:00+00:00\",\"dateModified\":\"2019-05-20T15:53:41+00:00\",\"author\":{\"@id\":\"https:\/\/www.fondazionepirelli.org\/it\/#\/schema\/person\/f47d097000832c4a6e54538c791fdf25\"},\"breadcrumb\":{\"@id\":\"https:\/\/127.0.0.1\/it\/cultura-dimpresa\/il-kalos-kai-agathos-tra-museo-e-fabbrica\/#breadcrumb\"},\"inLanguage\":\"it-IT\",\"potentialAction\":[{\"@type\":\"ReadAction\",\"target\":[\"https:\/\/127.0.0.1\/it\/cultura-dimpresa\/il-kalos-kai-agathos-tra-museo-e-fabbrica\/\"]}]},{\"@type\":\"ImageObject\",\"inLanguage\":\"it-IT\",\"@id\":\"https:\/\/127.0.0.1\/it\/cultura-dimpresa\/il-kalos-kai-agathos-tra-museo-e-fabbrica\/#primaryimage\",\"url\":\"https:\/\/wpsite-assets.fondazionepirelli.org\/wp-content\/uploads\/2019\/05\/20102132\/1375167964201628975.jpg\",\"contentUrl\":\"https:\/\/wpsite-assets.fondazionepirelli.org\/wp-content\/uploads\/2019\/05\/20102132\/1375167964201628975.jpg\",\"width\":249,\"height\":375},{\"@type\":\"BreadcrumbList\",\"@id\":\"https:\/\/127.0.0.1\/it\/cultura-dimpresa\/il-kalos-kai-agathos-tra-museo-e-fabbrica\/#breadcrumb\",\"itemListElement\":[{\"@type\":\"ListItem\",\"position\":1,\"name\":\"Home\",\"item\":\"https:\/\/www.fondazionepirelli.org\/it\/\"},{\"@type\":\"ListItem\",\"position\":2,\"name\":\"Il \u201ckal\u00f2s kai agath\u00f2s\u201d tra museo e fabbrica\"}]},{\"@type\":\"WebSite\",\"@id\":\"https:\/\/www.fondazionepirelli.org\/it\/#website\",\"url\":\"https:\/\/www.fondazionepirelli.org\/it\/\",\"name\":\"Fondazione Pirelli\",\"description\":\"\",\"potentialAction\":[{\"@type\":\"SearchAction\",\"target\":{\"@type\":\"EntryPoint\",\"urlTemplate\":\"https:\/\/www.fondazionepirelli.org\/it\/?s={search_term_string}\"},\"query-input\":{\"@type\":\"PropertyValueSpecification\",\"valueRequired\":true,\"valueName\":\"search_term_string\"}}],\"inLanguage\":\"it-IT\"},{\"@type\":\"Person\",\"@id\":\"https:\/\/www.fondazionepirelli.org\/it\/#\/schema\/person\/f47d097000832c4a6e54538c791fdf25\",\"name\":\"fondadmin\",\"image\":{\"@type\":\"ImageObject\",\"inLanguage\":\"it-IT\",\"@id\":\"https:\/\/www.fondazionepirelli.org\/it\/#\/schema\/person\/image\/\",\"url\":\"https:\/\/secure.gravatar.com\/avatar\/e69498a9175ca244966e51e53c88712c024fcebe41f9a05f75657f1bb25e489b?s=96&d=mm&r=g\",\"contentUrl\":\"https:\/\/secure.gravatar.com\/avatar\/e69498a9175ca244966e51e53c88712c024fcebe41f9a05f75657f1bb25e489b?s=96&d=mm&r=g\",\"caption\":\"fondadmin\"},\"url\":\"https:\/\/www.fondazionepirelli.org\/it\/author\/fondadmin\/\"}]}<\/script>\n<!-- \/ Yoast SEO plugin. -->","yoast_head_json":{"title":"Il \u201ckal\u00f2s kai agath\u00f2s\u201d tra museo e fabbrica - Fondazione Pirelli","robots":{"index":"index","follow":"follow","max-snippet":"max-snippet:-1","max-image-preview":"max-image-preview:large","max-video-preview":"max-video-preview:-1"},"canonical":"https:\/\/www.fondazionepirelli.org\/it\/cultura-dimpresa\/il-kalos-kai-agathos-tra-museo-e-fabbrica\/","og_locale":"it_IT","og_type":"article","og_title":"Il \u201ckal\u00f2s kai agath\u00f2s\u201d tra museo e fabbrica - Fondazione Pirelli","og_description":"\u201cKal\u00f2s kai agath\u00f2s\u201d, la relazione tra il bello e il buono, l\u2019estetica e l\u2019etica, \u00e8 una consapevolezza radicata nella cultura occidentale. In tempi di metamorfosi si tratta di rafforzare anche altre relazioni, tra il bello e l\u2019utile, il buono e il produttivo, l\u2019estetica e la competitivit\u00e0. Giocando sulle dimensioni di creativit\u00e0 delle scienze, della filosofia, [&hellip;]","og_url":"https:\/\/127.0.0.1\/it\/cultura-dimpresa\/il-kalos-kai-agathos-tra-museo-e-fabbrica\/","og_site_name":"Fondazione Pirelli","article_published_time":"2013-07-29T00:00:00+00:00","article_modified_time":"2019-05-20T15:53:41+00:00","og_image":[{"width":249,"height":375,"url":"https:\/\/wpsite-assets.fondazionepirelli.org\/wp-content\/uploads\/2019\/05\/20102132\/1375167964201628975.jpg","type":"image\/jpeg"}],"author":"fondadmin","twitter_card":"summary_large_image","twitter_misc":{"Scritto da":"fondadmin","Tempo di lettura stimato":"3 minuti"},"schema":{"@context":"https:\/\/schema.org","@graph":[{"@type":"WebPage","@id":"https:\/\/127.0.0.1\/it\/cultura-dimpresa\/il-kalos-kai-agathos-tra-museo-e-fabbrica\/","url":"https:\/\/127.0.0.1\/it\/cultura-dimpresa\/il-kalos-kai-agathos-tra-museo-e-fabbrica\/","name":"Il \u201ckal\u00f2s kai agath\u00f2s\u201d tra museo e fabbrica - Fondazione Pirelli","isPartOf":{"@id":"https:\/\/www.fondazionepirelli.org\/it\/#website"},"primaryImageOfPage":{"@id":"https:\/\/127.0.0.1\/it\/cultura-dimpresa\/il-kalos-kai-agathos-tra-museo-e-fabbrica\/#primaryimage"},"image":{"@id":"https:\/\/127.0.0.1\/it\/cultura-dimpresa\/il-kalos-kai-agathos-tra-museo-e-fabbrica\/#primaryimage"},"thumbnailUrl":"https:\/\/wpsite-assets.fondazionepirelli.org\/wp-content\/uploads\/2019\/05\/20102132\/1375167964201628975.jpg","datePublished":"2013-07-29T00:00:00+00:00","dateModified":"2019-05-20T15:53:41+00:00","author":{"@id":"https:\/\/www.fondazionepirelli.org\/it\/#\/schema\/person\/f47d097000832c4a6e54538c791fdf25"},"breadcrumb":{"@id":"https:\/\/127.0.0.1\/it\/cultura-dimpresa\/il-kalos-kai-agathos-tra-museo-e-fabbrica\/#breadcrumb"},"inLanguage":"it-IT","potentialAction":[{"@type":"ReadAction","target":["https:\/\/127.0.0.1\/it\/cultura-dimpresa\/il-kalos-kai-agathos-tra-museo-e-fabbrica\/"]}]},{"@type":"ImageObject","inLanguage":"it-IT","@id":"https:\/\/127.0.0.1\/it\/cultura-dimpresa\/il-kalos-kai-agathos-tra-museo-e-fabbrica\/#primaryimage","url":"https:\/\/wpsite-assets.fondazionepirelli.org\/wp-content\/uploads\/2019\/05\/20102132\/1375167964201628975.jpg","contentUrl":"https:\/\/wpsite-assets.fondazionepirelli.org\/wp-content\/uploads\/2019\/05\/20102132\/1375167964201628975.jpg","width":249,"height":375},{"@type":"BreadcrumbList","@id":"https:\/\/127.0.0.1\/it\/cultura-dimpresa\/il-kalos-kai-agathos-tra-museo-e-fabbrica\/#breadcrumb","itemListElement":[{"@type":"ListItem","position":1,"name":"Home","item":"https:\/\/www.fondazionepirelli.org\/it\/"},{"@type":"ListItem","position":2,"name":"Il \u201ckal\u00f2s kai agath\u00f2s\u201d tra museo e fabbrica"}]},{"@type":"WebSite","@id":"https:\/\/www.fondazionepirelli.org\/it\/#website","url":"https:\/\/www.fondazionepirelli.org\/it\/","name":"Fondazione Pirelli","description":"","potentialAction":[{"@type":"SearchAction","target":{"@type":"EntryPoint","urlTemplate":"https:\/\/www.fondazionepirelli.org\/it\/?s={search_term_string}"},"query-input":{"@type":"PropertyValueSpecification","valueRequired":true,"valueName":"search_term_string"}}],"inLanguage":"it-IT"},{"@type":"Person","@id":"https:\/\/www.fondazionepirelli.org\/it\/#\/schema\/person\/f47d097000832c4a6e54538c791fdf25","name":"fondadmin","image":{"@type":"ImageObject","inLanguage":"it-IT","@id":"https:\/\/www.fondazionepirelli.org\/it\/#\/schema\/person\/image\/","url":"https:\/\/secure.gravatar.com\/avatar\/e69498a9175ca244966e51e53c88712c024fcebe41f9a05f75657f1bb25e489b?s=96&d=mm&r=g","contentUrl":"https:\/\/secure.gravatar.com\/avatar\/e69498a9175ca244966e51e53c88712c024fcebe41f9a05f75657f1bb25e489b?s=96&d=mm&r=g","caption":"fondadmin"},"url":"https:\/\/www.fondazionepirelli.org\/it\/author\/fondadmin\/"}]}},"_links":{"self":[{"href":"https:\/\/www.fondazionepirelli.org\/it\/wp-json\/wp\/v2\/posts\/49253\/"}],"collection":[{"href":"https:\/\/www.fondazionepirelli.org\/it\/wp-json\/wp\/v2\/posts\/"}],"about":[{"href":"https:\/\/www.fondazionepirelli.org\/it\/wp-json\/wp\/v2\/types\/post\/"}],"author":[{"embeddable":true,"href":"https:\/\/www.fondazionepirelli.org\/it\/wp-json\/wp\/v2\/users\/1\/"}],"replies":[{"embeddable":true,"href":"https:\/\/www.fondazionepirelli.org\/it\/wp-json\/wp\/v2\/comments\/?post=49253"}],"version-history":[{"count":1,"href":"https:\/\/www.fondazionepirelli.org\/it\/wp-json\/wp\/v2\/posts\/49253\/revisions\/"}],"predecessor-version":[{"id":55595,"href":"https:\/\/www.fondazionepirelli.org\/it\/wp-json\/wp\/v2\/posts\/49253\/revisions\/55595\/"}],"wp:featuredmedia":[{"embeddable":true,"href":"https:\/\/www.fondazionepirelli.org\/it\/wp-json\/wp\/v2\/media\/49254\/"}],"wp:attachment":[{"href":"https:\/\/www.fondazionepirelli.org\/it\/wp-json\/wp\/v2\/media\/?parent=49253"}],"wp:term":[{"taxonomy":"category","embeddable":true,"href":"https:\/\/www.fondazionepirelli.org\/it\/wp-json\/wp\/v2\/categories\/?post=49253"},{"taxonomy":"post_tag","embeddable":true,"href":"https:\/\/www.fondazionepirelli.org\/it\/wp-json\/wp\/v2\/tags\/?post=49253"}],"curies":[{"name":"wp","href":"https:\/\/api.w.org\/{rel}","templated":true}]}}