{"id":49256,"date":"2013-07-29T00:00:00","date_gmt":"2013-07-29T00:00:00","guid":{"rendered":"http:\/\/www.fondazionepirelli.org\/fondazione-pirelli\/creativita-e-organizzazione-cosa-nasce\/"},"modified":"2019-05-24T09:56:50","modified_gmt":"2019-05-24T09:56:50","slug":"creativita-e-organizzazione-cosa-nasce","status":"publish","type":"post","link":"https:\/\/www.fondazionepirelli.org\/it\/cultura-dimpresa\/creativita-e-organizzazione-cosa-nasce\/","title":{"rendered":"Creativit\u00e0 e organizzazione. Cosa nasce?"},"content":{"rendered":"<p>Non c\u2019\u00e8 dubbio. <strong>L\u2019anima dell\u2019innovazione \u00e8 anche la creativit\u00e0<\/strong>, la voglia di fare, lo spirito dell\u2019inventare. Ma qualsiasi spirito creativo &#8211; per essere anche produttivo, soprattutto dal punto di vista economico e dell\u2019impresa -, deve essere posto in un\u2019organizzazione che ne sappia sfruttare le peculiarit\u00e0 positive, lo incanali lungo la strada giusta, non ne disperda gli spunti ma, al contrario, li riconduca ad uno scopo. Equilibrio instabile, quello della creativit\u00e0 in azienda, esso \u00e8 alla base di molte innovazioni e, in definitiva, del successo di molte imprese.<\/p>\n<p>Allora, le relazioni fra la creativit\u00e0 nelle aziende, l\u2019organizzazione e la cultura d\u2019impresa presente nelle medesime, sono da capire a fondo per comprendere perch\u00e9 alcune di esse hanno successo e altre no.<\/p>\n<p>E\u2019 ci\u00f2 che hanno fatto due ricercatori universitari e un consulente d\u2019impresa. <strong>Baek-Kyoo Joo<\/strong> (della Winona State University del Minnesota,USA), <strong>Baiyin Yang<\/strong> (della Tsinghua University di Pechino) e <strong>Gary N. McLean<\/strong> (della McLean Global Consuling di St. Paul, nel Minnesota), nel loro \u00a0<strong>\u201cCreativity and Human Resource Development: An Integrative Literature Review and a Conceptual Framework for Future Research<\/strong>\u201d appena apparso su Human Resource Development Review.<\/p>\n<p>L\u2019assunto dal quale partono gli autori \u00e8 che la creativit\u00e0 nelle imprese \u00e8 aumentata negli ultimi due decenni a causa del turbinio dei cambiamenti nel contesto imprenditoriale e nei mercati, cos\u00ec come per l\u2019esplodere dell\u2019economia basata sulla conoscenza. Ma per capire come oggi creativit\u00e0 e organizzazione si uniscono e a quali risultati arrivino, \u00e8 importante darsi degli schemi di interpretazione e di analisi.<\/p>\n<p>L\u2019articolo discute quindi la storia e il cambiamento delle interpretazioni e delle ricerche sulla creativit\u00e0 basate su tre punti di vista: le caratteristiche personali di chi in azienda lavora, le prospettive del contesto nel quale le imprese agiscono, le prospettive d\u2019integrazione fra spinte creative e schemi organizzativi. \u00a0Ad essere esaminata \u00e8 perci\u00f2 la letteratura empirica pubblicata nel 2001-2012. Ne nasce una sintesi, importante e utile, dei metodi con i quali \u00e8 possibili comprendere a fondo come e perch\u00e9 la creativit\u00e0 nelle imprese pu\u00f2 agire con successo.<\/p><p><a title=\"Creativity\" href=\"\/\/intl-hrd.sagepub.com\/content\/early\/2013\/03\/15\/1534484313481462.abstract\" target=\"_blank\" rel=\"noopener noreferrer\"><strong>Download pdf<\/strong><\/a><\/p><p><strong>Creativity and Human Resource Development: An Integrative Literature Review and a Conceptual Framework for Future Research<\/strong><\/p>\n<p>Baek-Kyoo Joo, Gary N. McLean, Baiyin Yang<\/p>\n<p>Human Resource Development Review, Luglio 2013.<\/p>\n","protected":false},"excerpt":{"rendered":"<p>Non c\u2019\u00e8 dubbio. L\u2019anima dell\u2019innovazione \u00e8 anche la creativit\u00e0, la voglia di fare, lo spirito dell\u2019inventare. Ma qualsiasi spirito creativo &#8211; per essere anche produttivo, soprattutto dal punto di vista economico e dell\u2019impresa -, deve essere posto in un\u2019organizzazione che ne sappia sfruttare le peculiarit\u00e0 positive, lo incanali lungo la strada giusta, non ne disperda [&hellip;]<\/p>\n","protected":false},"author":1,"featured_media":0,"comment_status":"open","ping_status":"open","sticky":false,"template":"","format":"standard","meta":{"footnotes":""},"categories":[54,52],"tags":[],"class_list":["post-49256","post","type-post","status-publish","format-standard","hentry","category-approfondimenti","category-cultura-dimpresa"],"acf":[],"yoast_head":"<!-- This site is optimized with the Yoast SEO plugin v25.0 - https:\/\/yoast.com\/wordpress\/plugins\/seo\/ -->\n<title>Creativit\u00e0 e organizzazione. Cosa nasce? - Fondazione Pirelli<\/title>\n<meta name=\"robots\" content=\"index, follow, max-snippet:-1, max-image-preview:large, max-video-preview:-1\" \/>\n<link rel=\"canonical\" href=\"https:\/\/www.fondazionepirelli.org\/it\/cultura-dimpresa\/creativita-e-organizzazione-cosa-nasce\/\" \/>\n<meta property=\"og:locale\" content=\"it_IT\" \/>\n<meta property=\"og:type\" content=\"article\" \/>\n<meta property=\"og:title\" content=\"Creativit\u00e0 e organizzazione. Cosa nasce? - Fondazione Pirelli\" \/>\n<meta property=\"og:description\" content=\"Non c\u2019\u00e8 dubbio. L\u2019anima dell\u2019innovazione \u00e8 anche la creativit\u00e0, la voglia di fare, lo spirito dell\u2019inventare. Ma qualsiasi spirito creativo &#8211; per essere anche produttivo, soprattutto dal punto di vista economico e dell\u2019impresa -, deve essere posto in un\u2019organizzazione che ne sappia sfruttare le peculiarit\u00e0 positive, lo incanali lungo la strada giusta, non ne disperda [&hellip;]\" \/>\n<meta property=\"og:url\" content=\"https:\/\/127.0.0.1\/it\/cultura-dimpresa\/creativita-e-organizzazione-cosa-nasce\/\" \/>\n<meta property=\"og:site_name\" content=\"Fondazione Pirelli\" \/>\n<meta property=\"article:published_time\" content=\"2013-07-29T00:00:00+00:00\" \/>\n<meta property=\"article:modified_time\" content=\"2019-05-24T09:56:50+00:00\" \/>\n<meta name=\"author\" content=\"fondadmin\" \/>\n<meta name=\"twitter:card\" content=\"summary_large_image\" \/>\n<meta name=\"twitter:label1\" content=\"Scritto da\" \/>\n\t<meta name=\"twitter:data1\" content=\"fondadmin\" \/>\n\t<meta name=\"twitter:label2\" content=\"Tempo di lettura stimato\" \/>\n\t<meta name=\"twitter:data2\" content=\"2 minuti\" \/>\n<script type=\"application\/ld+json\" class=\"yoast-schema-graph\">{\"@context\":\"https:\/\/schema.org\",\"@graph\":[{\"@type\":\"WebPage\",\"@id\":\"https:\/\/127.0.0.1\/it\/cultura-dimpresa\/creativita-e-organizzazione-cosa-nasce\/\",\"url\":\"https:\/\/127.0.0.1\/it\/cultura-dimpresa\/creativita-e-organizzazione-cosa-nasce\/\",\"name\":\"Creativit\u00e0 e organizzazione. Cosa nasce? - Fondazione Pirelli\",\"isPartOf\":{\"@id\":\"https:\/\/www.fondazionepirelli.org\/it\/#website\"},\"datePublished\":\"2013-07-29T00:00:00+00:00\",\"dateModified\":\"2019-05-24T09:56:50+00:00\",\"author\":{\"@id\":\"https:\/\/www.fondazionepirelli.org\/it\/#\/schema\/person\/f47d097000832c4a6e54538c791fdf25\"},\"breadcrumb\":{\"@id\":\"https:\/\/127.0.0.1\/it\/cultura-dimpresa\/creativita-e-organizzazione-cosa-nasce\/#breadcrumb\"},\"inLanguage\":\"it-IT\",\"potentialAction\":[{\"@type\":\"ReadAction\",\"target\":[\"https:\/\/127.0.0.1\/it\/cultura-dimpresa\/creativita-e-organizzazione-cosa-nasce\/\"]}]},{\"@type\":\"BreadcrumbList\",\"@id\":\"https:\/\/127.0.0.1\/it\/cultura-dimpresa\/creativita-e-organizzazione-cosa-nasce\/#breadcrumb\",\"itemListElement\":[{\"@type\":\"ListItem\",\"position\":1,\"name\":\"Home\",\"item\":\"https:\/\/www.fondazionepirelli.org\/it\/\"},{\"@type\":\"ListItem\",\"position\":2,\"name\":\"Creativit\u00e0 e organizzazione. Cosa nasce?\"}]},{\"@type\":\"WebSite\",\"@id\":\"https:\/\/www.fondazionepirelli.org\/it\/#website\",\"url\":\"https:\/\/www.fondazionepirelli.org\/it\/\",\"name\":\"Fondazione Pirelli\",\"description\":\"\",\"potentialAction\":[{\"@type\":\"SearchAction\",\"target\":{\"@type\":\"EntryPoint\",\"urlTemplate\":\"https:\/\/www.fondazionepirelli.org\/it\/?s={search_term_string}\"},\"query-input\":{\"@type\":\"PropertyValueSpecification\",\"valueRequired\":true,\"valueName\":\"search_term_string\"}}],\"inLanguage\":\"it-IT\"},{\"@type\":\"Person\",\"@id\":\"https:\/\/www.fondazionepirelli.org\/it\/#\/schema\/person\/f47d097000832c4a6e54538c791fdf25\",\"name\":\"fondadmin\",\"image\":{\"@type\":\"ImageObject\",\"inLanguage\":\"it-IT\",\"@id\":\"https:\/\/www.fondazionepirelli.org\/it\/#\/schema\/person\/image\/\",\"url\":\"https:\/\/secure.gravatar.com\/avatar\/e69498a9175ca244966e51e53c88712c024fcebe41f9a05f75657f1bb25e489b?s=96&d=mm&r=g\",\"contentUrl\":\"https:\/\/secure.gravatar.com\/avatar\/e69498a9175ca244966e51e53c88712c024fcebe41f9a05f75657f1bb25e489b?s=96&d=mm&r=g\",\"caption\":\"fondadmin\"},\"url\":\"https:\/\/www.fondazionepirelli.org\/it\/author\/fondadmin\/\"}]}<\/script>\n<!-- \/ Yoast SEO plugin. -->","yoast_head_json":{"title":"Creativit\u00e0 e organizzazione. Cosa nasce? - Fondazione Pirelli","robots":{"index":"index","follow":"follow","max-snippet":"max-snippet:-1","max-image-preview":"max-image-preview:large","max-video-preview":"max-video-preview:-1"},"canonical":"https:\/\/www.fondazionepirelli.org\/it\/cultura-dimpresa\/creativita-e-organizzazione-cosa-nasce\/","og_locale":"it_IT","og_type":"article","og_title":"Creativit\u00e0 e organizzazione. Cosa nasce? - Fondazione Pirelli","og_description":"Non c\u2019\u00e8 dubbio. L\u2019anima dell\u2019innovazione \u00e8 anche la creativit\u00e0, la voglia di fare, lo spirito dell\u2019inventare. Ma qualsiasi spirito creativo &#8211; per essere anche produttivo, soprattutto dal punto di vista economico e dell\u2019impresa -, deve essere posto in un\u2019organizzazione che ne sappia sfruttare le peculiarit\u00e0 positive, lo incanali lungo la strada giusta, non ne disperda [&hellip;]","og_url":"https:\/\/127.0.0.1\/it\/cultura-dimpresa\/creativita-e-organizzazione-cosa-nasce\/","og_site_name":"Fondazione Pirelli","article_published_time":"2013-07-29T00:00:00+00:00","article_modified_time":"2019-05-24T09:56:50+00:00","author":"fondadmin","twitter_card":"summary_large_image","twitter_misc":{"Scritto da":"fondadmin","Tempo di lettura stimato":"2 minuti"},"schema":{"@context":"https:\/\/schema.org","@graph":[{"@type":"WebPage","@id":"https:\/\/127.0.0.1\/it\/cultura-dimpresa\/creativita-e-organizzazione-cosa-nasce\/","url":"https:\/\/127.0.0.1\/it\/cultura-dimpresa\/creativita-e-organizzazione-cosa-nasce\/","name":"Creativit\u00e0 e organizzazione. Cosa nasce? - Fondazione Pirelli","isPartOf":{"@id":"https:\/\/www.fondazionepirelli.org\/it\/#website"},"datePublished":"2013-07-29T00:00:00+00:00","dateModified":"2019-05-24T09:56:50+00:00","author":{"@id":"https:\/\/www.fondazionepirelli.org\/it\/#\/schema\/person\/f47d097000832c4a6e54538c791fdf25"},"breadcrumb":{"@id":"https:\/\/127.0.0.1\/it\/cultura-dimpresa\/creativita-e-organizzazione-cosa-nasce\/#breadcrumb"},"inLanguage":"it-IT","potentialAction":[{"@type":"ReadAction","target":["https:\/\/127.0.0.1\/it\/cultura-dimpresa\/creativita-e-organizzazione-cosa-nasce\/"]}]},{"@type":"BreadcrumbList","@id":"https:\/\/127.0.0.1\/it\/cultura-dimpresa\/creativita-e-organizzazione-cosa-nasce\/#breadcrumb","itemListElement":[{"@type":"ListItem","position":1,"name":"Home","item":"https:\/\/www.fondazionepirelli.org\/it\/"},{"@type":"ListItem","position":2,"name":"Creativit\u00e0 e organizzazione. Cosa nasce?"}]},{"@type":"WebSite","@id":"https:\/\/www.fondazionepirelli.org\/it\/#website","url":"https:\/\/www.fondazionepirelli.org\/it\/","name":"Fondazione Pirelli","description":"","potentialAction":[{"@type":"SearchAction","target":{"@type":"EntryPoint","urlTemplate":"https:\/\/www.fondazionepirelli.org\/it\/?s={search_term_string}"},"query-input":{"@type":"PropertyValueSpecification","valueRequired":true,"valueName":"search_term_string"}}],"inLanguage":"it-IT"},{"@type":"Person","@id":"https:\/\/www.fondazionepirelli.org\/it\/#\/schema\/person\/f47d097000832c4a6e54538c791fdf25","name":"fondadmin","image":{"@type":"ImageObject","inLanguage":"it-IT","@id":"https:\/\/www.fondazionepirelli.org\/it\/#\/schema\/person\/image\/","url":"https:\/\/secure.gravatar.com\/avatar\/e69498a9175ca244966e51e53c88712c024fcebe41f9a05f75657f1bb25e489b?s=96&d=mm&r=g","contentUrl":"https:\/\/secure.gravatar.com\/avatar\/e69498a9175ca244966e51e53c88712c024fcebe41f9a05f75657f1bb25e489b?s=96&d=mm&r=g","caption":"fondadmin"},"url":"https:\/\/www.fondazionepirelli.org\/it\/author\/fondadmin\/"}]}},"_links":{"self":[{"href":"https:\/\/www.fondazionepirelli.org\/it\/wp-json\/wp\/v2\/posts\/49256\/"}],"collection":[{"href":"https:\/\/www.fondazionepirelli.org\/it\/wp-json\/wp\/v2\/posts\/"}],"about":[{"href":"https:\/\/www.fondazionepirelli.org\/it\/wp-json\/wp\/v2\/types\/post\/"}],"author":[{"embeddable":true,"href":"https:\/\/www.fondazionepirelli.org\/it\/wp-json\/wp\/v2\/users\/1\/"}],"replies":[{"embeddable":true,"href":"https:\/\/www.fondazionepirelli.org\/it\/wp-json\/wp\/v2\/comments\/?post=49256"}],"version-history":[{"count":1,"href":"https:\/\/www.fondazionepirelli.org\/it\/wp-json\/wp\/v2\/posts\/49256\/revisions\/"}],"predecessor-version":[{"id":55948,"href":"https:\/\/www.fondazionepirelli.org\/it\/wp-json\/wp\/v2\/posts\/49256\/revisions\/55948\/"}],"wp:attachment":[{"href":"https:\/\/www.fondazionepirelli.org\/it\/wp-json\/wp\/v2\/media\/?parent=49256"}],"wp:term":[{"taxonomy":"category","embeddable":true,"href":"https:\/\/www.fondazionepirelli.org\/it\/wp-json\/wp\/v2\/categories\/?post=49256"},{"taxonomy":"post_tag","embeddable":true,"href":"https:\/\/www.fondazionepirelli.org\/it\/wp-json\/wp\/v2\/tags\/?post=49256"}],"curies":[{"name":"wp","href":"https:\/\/api.w.org\/{rel}","templated":true}]}}