{"id":49257,"date":"2013-07-29T00:00:00","date_gmt":"2013-07-29T00:00:00","guid":{"rendered":"http:\/\/www.fondazionepirelli.org\/fondazione-pirelli\/contro-gli-ignoranti-istruiti\/"},"modified":"2019-05-27T16:13:47","modified_gmt":"2019-05-27T16:13:47","slug":"contro-gli-ignoranti-istruiti","status":"publish","type":"post","link":"https:\/\/www.fondazionepirelli.org\/it\/cultura-dimpresa\/contro-gli-ignoranti-istruiti\/","title":{"rendered":"Contro gli \u201cignoranti istruiti\u201d"},"content":{"rendered":"<p><strong>Il futuro passa anche per la rinascita<\/strong> e il consolidamento di un nuovo umanesimo, attento all\u2019uomo e al tutto, ai risvolti dell\u2019economia che non sono solo numeri ma anche persone e voglia di intraprendere. Occorre \u2013 si dice &#8211; rompere gli schemi, compiere un salto in avanti (ma non nel vuoto), esercitare la fantasia con i piedi ben piantati per terra. E\u2019 il nuovo approccio che sempre di pi\u00f9 si sta diffondendo in risposta alla crisi iniziata nel 2008, al buco dell\u2019alta finanza, all\u2019intendere la produzione e l\u2019impresa come altro rispetto alla manifattura e all\u2019iniziativa dei singoli. Tutto questo passa anche per uomini e donne capaci di guardare pi\u00f9 in l\u00e0 del loro dito e in grado di sostituire quegli specialisti che, in realt\u00e0, appaiono come degli \u201cignoranti istruiti\u201d.<\/p>\n<p>E\u2019 quanto ha fatto<strong> Giuliano da Empoli<\/strong> \u2013 scrittore e Presidente del Gabinetto Vieusseux di Firenze &#8211; \u00a0nel suo \u201c<strong>Contro gli specialisti. La rivincita dell\u2019umanesimo<\/strong>\u201d che rappresenta un\u2019avventura della mente in tutti i mondi della conoscenza umana: dall\u2019arte alla produzione materiale, dalla storia alla politica attuale, dalla filosofia all\u2019economia, passando per l\u2019informatica, per la finanza, per lo sport e per molto altro ancora. Il libro di da Empoli \u2013 meno di 150 pagine che si leggono d\u2019un fiato -, racconta come gli specialisti in tutte le discipline abbiano impoverito il futuro della societ\u00e0, della produzione e del lavoro e di come, invece, oggi vi sia una sorta di rivincita di chi \u2013 imprenditore, politico, economista, scienziato e filosofo -, riesce a ragionare e ad agire guardando non ai particolari ma all\u2019intero muoversi della realt\u00e0 nella quale vive e lavora. Nel volume, quindi, si parla di banane e ketchup (perch\u00e9 lo si scoprir\u00e0 leggendo), ma anche di <strong>Ortega y Gasset<\/strong>, <strong>Aristotele<\/strong>, <strong>Smith<\/strong>, <strong>Leonardo da Vinci<\/strong>, <strong>Taylor,<\/strong> <strong>Jobs<\/strong> e tanti altri sconosciuti specialisti e non specialisti, passando in rassegna tutta la classe vecchia e nuova di politici e di studiosi che hanno messo mano all\u2019economia, all\u2019impresa e \u00a0alle istituzioni dell\u2019oggi.<\/p>\n<p>\u201c<strong>Contro gli specialisti<\/strong>\u201d \u00e8 una lettura \u201c<strong>strana<\/strong>\u201d, diversa, anticonformista dei problemi che stringono la nostra societ\u00e0 e il nostro modo di produrre, ma \u00e8 anche e soprattutto, un grido positivo di fronte alle peripezie alle quali siamo chiamati tutti.<\/p><p><strong>Contro gli specialisti. La rivincita dell\u2019umanesimo.<\/strong><\/p>\n<p>Giuliano da Empoli.<\/p>\n<p>Marsilio, 2013.<\/p>\n","protected":false},"excerpt":{"rendered":"<p>Il futuro passa anche per la rinascita e il consolidamento di un nuovo umanesimo, attento all\u2019uomo e al tutto, ai risvolti dell\u2019economia che non sono solo numeri ma anche persone e voglia di intraprendere. Occorre \u2013 si dice &#8211; rompere gli schemi, compiere un salto in avanti (ma non nel vuoto), esercitare la fantasia con [&hellip;]<\/p>\n","protected":false},"author":1,"featured_media":49258,"comment_status":"open","ping_status":"open","sticky":false,"template":"","format":"standard","meta":{"footnotes":""},"categories":[52,58],"tags":[],"class_list":["post-49257","post","type-post","status-publish","format-standard","has-post-thumbnail","hentry","category-cultura-dimpresa","category-recensioni-libri"],"acf":[],"yoast_head":"<!-- This site is optimized with the Yoast SEO plugin v25.0 - https:\/\/yoast.com\/wordpress\/plugins\/seo\/ -->\n<title>Contro gli \u201cignoranti istruiti\u201d - Fondazione Pirelli<\/title>\n<meta name=\"robots\" content=\"index, follow, max-snippet:-1, max-image-preview:large, max-video-preview:-1\" \/>\n<link rel=\"canonical\" href=\"https:\/\/www.fondazionepirelli.org\/it\/cultura-dimpresa\/contro-gli-ignoranti-istruiti\/\" \/>\n<meta property=\"og:locale\" content=\"it_IT\" \/>\n<meta property=\"og:type\" content=\"article\" \/>\n<meta property=\"og:title\" content=\"Contro gli \u201cignoranti istruiti\u201d - Fondazione Pirelli\" \/>\n<meta property=\"og:description\" content=\"Il futuro passa anche per la rinascita e il consolidamento di un nuovo umanesimo, attento all\u2019uomo e al tutto, ai risvolti dell\u2019economia che non sono solo numeri ma anche persone e voglia di intraprendere. Occorre \u2013 si dice &#8211; rompere gli schemi, compiere un salto in avanti (ma non nel vuoto), esercitare la fantasia con [&hellip;]\" \/>\n<meta property=\"og:url\" content=\"https:\/\/www.fondazionepirelli.org\/it\/cultura-dimpresa\/contro-gli-ignoranti-istruiti\/\" \/>\n<meta property=\"og:site_name\" content=\"Fondazione Pirelli\" \/>\n<meta property=\"article:published_time\" content=\"2013-07-29T00:00:00+00:00\" \/>\n<meta property=\"article:modified_time\" content=\"2019-05-27T16:13:47+00:00\" \/>\n<meta property=\"og:image\" content=\"https:\/\/wpsite-assets.fondazionepirelli.org\/wp-content\/uploads\/2019\/05\/20102132\/13751690961600528537.jpg\" \/>\n\t<meta property=\"og:image:width\" content=\"225\" \/>\n\t<meta property=\"og:image:height\" content=\"379\" \/>\n\t<meta property=\"og:image:type\" content=\"image\/jpeg\" \/>\n<meta name=\"author\" content=\"fondadmin\" \/>\n<meta name=\"twitter:card\" content=\"summary_large_image\" \/>\n<meta name=\"twitter:label1\" content=\"Scritto da\" \/>\n\t<meta name=\"twitter:data1\" content=\"fondadmin\" \/>\n\t<meta name=\"twitter:label2\" content=\"Tempo di lettura stimato\" \/>\n\t<meta name=\"twitter:data2\" content=\"2 minuti\" \/>\n<script type=\"application\/ld+json\" class=\"yoast-schema-graph\">{\"@context\":\"https:\/\/schema.org\",\"@graph\":[{\"@type\":\"WebPage\",\"@id\":\"https:\/\/www.fondazionepirelli.org\/it\/cultura-dimpresa\/contro-gli-ignoranti-istruiti\/\",\"url\":\"https:\/\/www.fondazionepirelli.org\/it\/cultura-dimpresa\/contro-gli-ignoranti-istruiti\/\",\"name\":\"Contro gli \u201cignoranti istruiti\u201d - Fondazione Pirelli\",\"isPartOf\":{\"@id\":\"https:\/\/www.fondazionepirelli.org\/it\/#website\"},\"primaryImageOfPage\":{\"@id\":\"https:\/\/www.fondazionepirelli.org\/it\/cultura-dimpresa\/contro-gli-ignoranti-istruiti\/#primaryimage\"},\"image\":{\"@id\":\"https:\/\/www.fondazionepirelli.org\/it\/cultura-dimpresa\/contro-gli-ignoranti-istruiti\/#primaryimage\"},\"thumbnailUrl\":\"https:\/\/wpsite-assets.fondazionepirelli.org\/wp-content\/uploads\/2019\/05\/20102132\/13751690961600528537.jpg\",\"datePublished\":\"2013-07-29T00:00:00+00:00\",\"dateModified\":\"2019-05-27T16:13:47+00:00\",\"author\":{\"@id\":\"https:\/\/www.fondazionepirelli.org\/it\/#\/schema\/person\/f47d097000832c4a6e54538c791fdf25\"},\"breadcrumb\":{\"@id\":\"https:\/\/www.fondazionepirelli.org\/it\/cultura-dimpresa\/contro-gli-ignoranti-istruiti\/#breadcrumb\"},\"inLanguage\":\"it-IT\",\"potentialAction\":[{\"@type\":\"ReadAction\",\"target\":[\"https:\/\/www.fondazionepirelli.org\/it\/cultura-dimpresa\/contro-gli-ignoranti-istruiti\/\"]}]},{\"@type\":\"ImageObject\",\"inLanguage\":\"it-IT\",\"@id\":\"https:\/\/www.fondazionepirelli.org\/it\/cultura-dimpresa\/contro-gli-ignoranti-istruiti\/#primaryimage\",\"url\":\"https:\/\/wpsite-assets.fondazionepirelli.org\/wp-content\/uploads\/2019\/05\/20102132\/13751690961600528537.jpg\",\"contentUrl\":\"https:\/\/wpsite-assets.fondazionepirelli.org\/wp-content\/uploads\/2019\/05\/20102132\/13751690961600528537.jpg\",\"width\":225,\"height\":379},{\"@type\":\"BreadcrumbList\",\"@id\":\"https:\/\/www.fondazionepirelli.org\/it\/cultura-dimpresa\/contro-gli-ignoranti-istruiti\/#breadcrumb\",\"itemListElement\":[{\"@type\":\"ListItem\",\"position\":1,\"name\":\"Home\",\"item\":\"https:\/\/www.fondazionepirelli.org\/it\/\"},{\"@type\":\"ListItem\",\"position\":2,\"name\":\"Contro gli \u201cignoranti istruiti\u201d\"}]},{\"@type\":\"WebSite\",\"@id\":\"https:\/\/www.fondazionepirelli.org\/it\/#website\",\"url\":\"https:\/\/www.fondazionepirelli.org\/it\/\",\"name\":\"Fondazione Pirelli\",\"description\":\"\",\"potentialAction\":[{\"@type\":\"SearchAction\",\"target\":{\"@type\":\"EntryPoint\",\"urlTemplate\":\"https:\/\/www.fondazionepirelli.org\/it\/?s={search_term_string}\"},\"query-input\":{\"@type\":\"PropertyValueSpecification\",\"valueRequired\":true,\"valueName\":\"search_term_string\"}}],\"inLanguage\":\"it-IT\"},{\"@type\":\"Person\",\"@id\":\"https:\/\/www.fondazionepirelli.org\/it\/#\/schema\/person\/f47d097000832c4a6e54538c791fdf25\",\"name\":\"fondadmin\",\"image\":{\"@type\":\"ImageObject\",\"inLanguage\":\"it-IT\",\"@id\":\"https:\/\/www.fondazionepirelli.org\/it\/#\/schema\/person\/image\/\",\"url\":\"https:\/\/secure.gravatar.com\/avatar\/e69498a9175ca244966e51e53c88712c024fcebe41f9a05f75657f1bb25e489b?s=96&d=mm&r=g\",\"contentUrl\":\"https:\/\/secure.gravatar.com\/avatar\/e69498a9175ca244966e51e53c88712c024fcebe41f9a05f75657f1bb25e489b?s=96&d=mm&r=g\",\"caption\":\"fondadmin\"},\"url\":\"https:\/\/www.fondazionepirelli.org\/it\/author\/fondadmin\/\"}]}<\/script>\n<!-- \/ Yoast SEO plugin. -->","yoast_head_json":{"title":"Contro gli \u201cignoranti istruiti\u201d - Fondazione Pirelli","robots":{"index":"index","follow":"follow","max-snippet":"max-snippet:-1","max-image-preview":"max-image-preview:large","max-video-preview":"max-video-preview:-1"},"canonical":"https:\/\/www.fondazionepirelli.org\/it\/cultura-dimpresa\/contro-gli-ignoranti-istruiti\/","og_locale":"it_IT","og_type":"article","og_title":"Contro gli \u201cignoranti istruiti\u201d - Fondazione Pirelli","og_description":"Il futuro passa anche per la rinascita e il consolidamento di un nuovo umanesimo, attento all\u2019uomo e al tutto, ai risvolti dell\u2019economia che non sono solo numeri ma anche persone e voglia di intraprendere. Occorre \u2013 si dice &#8211; rompere gli schemi, compiere un salto in avanti (ma non nel vuoto), esercitare la fantasia con [&hellip;]","og_url":"https:\/\/www.fondazionepirelli.org\/it\/cultura-dimpresa\/contro-gli-ignoranti-istruiti\/","og_site_name":"Fondazione Pirelli","article_published_time":"2013-07-29T00:00:00+00:00","article_modified_time":"2019-05-27T16:13:47+00:00","og_image":[{"width":225,"height":379,"url":"https:\/\/wpsite-assets.fondazionepirelli.org\/wp-content\/uploads\/2019\/05\/20102132\/13751690961600528537.jpg","type":"image\/jpeg"}],"author":"fondadmin","twitter_card":"summary_large_image","twitter_misc":{"Scritto da":"fondadmin","Tempo di lettura stimato":"2 minuti"},"schema":{"@context":"https:\/\/schema.org","@graph":[{"@type":"WebPage","@id":"https:\/\/www.fondazionepirelli.org\/it\/cultura-dimpresa\/contro-gli-ignoranti-istruiti\/","url":"https:\/\/www.fondazionepirelli.org\/it\/cultura-dimpresa\/contro-gli-ignoranti-istruiti\/","name":"Contro gli \u201cignoranti istruiti\u201d - Fondazione Pirelli","isPartOf":{"@id":"https:\/\/www.fondazionepirelli.org\/it\/#website"},"primaryImageOfPage":{"@id":"https:\/\/www.fondazionepirelli.org\/it\/cultura-dimpresa\/contro-gli-ignoranti-istruiti\/#primaryimage"},"image":{"@id":"https:\/\/www.fondazionepirelli.org\/it\/cultura-dimpresa\/contro-gli-ignoranti-istruiti\/#primaryimage"},"thumbnailUrl":"https:\/\/wpsite-assets.fondazionepirelli.org\/wp-content\/uploads\/2019\/05\/20102132\/13751690961600528537.jpg","datePublished":"2013-07-29T00:00:00+00:00","dateModified":"2019-05-27T16:13:47+00:00","author":{"@id":"https:\/\/www.fondazionepirelli.org\/it\/#\/schema\/person\/f47d097000832c4a6e54538c791fdf25"},"breadcrumb":{"@id":"https:\/\/www.fondazionepirelli.org\/it\/cultura-dimpresa\/contro-gli-ignoranti-istruiti\/#breadcrumb"},"inLanguage":"it-IT","potentialAction":[{"@type":"ReadAction","target":["https:\/\/www.fondazionepirelli.org\/it\/cultura-dimpresa\/contro-gli-ignoranti-istruiti\/"]}]},{"@type":"ImageObject","inLanguage":"it-IT","@id":"https:\/\/www.fondazionepirelli.org\/it\/cultura-dimpresa\/contro-gli-ignoranti-istruiti\/#primaryimage","url":"https:\/\/wpsite-assets.fondazionepirelli.org\/wp-content\/uploads\/2019\/05\/20102132\/13751690961600528537.jpg","contentUrl":"https:\/\/wpsite-assets.fondazionepirelli.org\/wp-content\/uploads\/2019\/05\/20102132\/13751690961600528537.jpg","width":225,"height":379},{"@type":"BreadcrumbList","@id":"https:\/\/www.fondazionepirelli.org\/it\/cultura-dimpresa\/contro-gli-ignoranti-istruiti\/#breadcrumb","itemListElement":[{"@type":"ListItem","position":1,"name":"Home","item":"https:\/\/www.fondazionepirelli.org\/it\/"},{"@type":"ListItem","position":2,"name":"Contro gli \u201cignoranti istruiti\u201d"}]},{"@type":"WebSite","@id":"https:\/\/www.fondazionepirelli.org\/it\/#website","url":"https:\/\/www.fondazionepirelli.org\/it\/","name":"Fondazione Pirelli","description":"","potentialAction":[{"@type":"SearchAction","target":{"@type":"EntryPoint","urlTemplate":"https:\/\/www.fondazionepirelli.org\/it\/?s={search_term_string}"},"query-input":{"@type":"PropertyValueSpecification","valueRequired":true,"valueName":"search_term_string"}}],"inLanguage":"it-IT"},{"@type":"Person","@id":"https:\/\/www.fondazionepirelli.org\/it\/#\/schema\/person\/f47d097000832c4a6e54538c791fdf25","name":"fondadmin","image":{"@type":"ImageObject","inLanguage":"it-IT","@id":"https:\/\/www.fondazionepirelli.org\/it\/#\/schema\/person\/image\/","url":"https:\/\/secure.gravatar.com\/avatar\/e69498a9175ca244966e51e53c88712c024fcebe41f9a05f75657f1bb25e489b?s=96&d=mm&r=g","contentUrl":"https:\/\/secure.gravatar.com\/avatar\/e69498a9175ca244966e51e53c88712c024fcebe41f9a05f75657f1bb25e489b?s=96&d=mm&r=g","caption":"fondadmin"},"url":"https:\/\/www.fondazionepirelli.org\/it\/author\/fondadmin\/"}]}},"_links":{"self":[{"href":"https:\/\/www.fondazionepirelli.org\/it\/wp-json\/wp\/v2\/posts\/49257\/"}],"collection":[{"href":"https:\/\/www.fondazionepirelli.org\/it\/wp-json\/wp\/v2\/posts\/"}],"about":[{"href":"https:\/\/www.fondazionepirelli.org\/it\/wp-json\/wp\/v2\/types\/post\/"}],"author":[{"embeddable":true,"href":"https:\/\/www.fondazionepirelli.org\/it\/wp-json\/wp\/v2\/users\/1\/"}],"replies":[{"embeddable":true,"href":"https:\/\/www.fondazionepirelli.org\/it\/wp-json\/wp\/v2\/comments\/?post=49257"}],"version-history":[{"count":1,"href":"https:\/\/www.fondazionepirelli.org\/it\/wp-json\/wp\/v2\/posts\/49257\/revisions\/"}],"predecessor-version":[{"id":56355,"href":"https:\/\/www.fondazionepirelli.org\/it\/wp-json\/wp\/v2\/posts\/49257\/revisions\/56355\/"}],"wp:featuredmedia":[{"embeddable":true,"href":"https:\/\/www.fondazionepirelli.org\/it\/wp-json\/wp\/v2\/media\/49258\/"}],"wp:attachment":[{"href":"https:\/\/www.fondazionepirelli.org\/it\/wp-json\/wp\/v2\/media\/?parent=49257"}],"wp:term":[{"taxonomy":"category","embeddable":true,"href":"https:\/\/www.fondazionepirelli.org\/it\/wp-json\/wp\/v2\/categories\/?post=49257"},{"taxonomy":"post_tag","embeddable":true,"href":"https:\/\/www.fondazionepirelli.org\/it\/wp-json\/wp\/v2\/tags\/?post=49257"}],"curies":[{"name":"wp","href":"https:\/\/api.w.org\/{rel}","templated":true}]}}