{"id":49263,"date":"2013-07-22T00:00:00","date_gmt":"2013-07-22T00:00:00","guid":{"rendered":"http:\/\/www.fondazionepirelli.org\/fondazione-pirelli\/quale-politica-industriale\/"},"modified":"2019-05-24T09:51:18","modified_gmt":"2019-05-24T09:51:18","slug":"quale-politica-industriale","status":"publish","type":"post","link":"https:\/\/www.fondazionepirelli.org\/it\/cultura-dimpresa\/quale-politica-industriale\/","title":{"rendered":"Quale politica industriale?"},"content":{"rendered":"<p><strong>L\u2019industria italiana perde competitivit\u00e0<\/strong>, in tutti i comparti i livelli produttivi sono inferiori a quelli precedenti la crisi e, con l\u2019eccezione dell\u2019alimentare e del farmaceutico, la perdita di produzione ha assunto dimensioni preoccupanti. Accanto agli effetti della congiuntura, c\u2019\u00e8 poi il declinare storico del tessile e delle calzature, ma anche quelli di settori chiave come l\u2019elettronica e gli autoveicoli. E\u2019 di fronte ad un quadro di questo genere \u2013 che mina alle fondamenta la stessa cultura del fare impresa in Italia -, \u00a0che da tempo \u00e8 scattata una sola domanda:\u00a0<strong>che fare<\/strong>?<\/p>\n<p>Fra le risposte, \u00e8 da tenere in particolare conto quanto arriva da un gruppo di <strong>otto ricercatori di Banca d\u2019Italia<\/strong> che in uno studio sull\u2019evoluzione del sistema industriale italiano appena pubblicato propongono tre linee d\u2019azione per tentare di risollevare le sorti del nostro sistema produttivo.<\/p>\n<p><strong>Antonio Accetturo<\/strong>, <strong>Antonio Bassanetti<\/strong>, <strong>Matteo Bugamelli<\/strong>, <strong>Ivan Faiella<\/strong>, <strong>Paolo Finaldi Russo<\/strong>, <strong>Daniele Franco<\/strong>, <strong>Silvia Giacomelli<\/strong> e <strong>Massimo Omiccioli<\/strong> \u2013 nel loro \u201c<strong>Il sistema industriale italiano tra globalizzazione e crisi<\/strong>\u201d \u2013 partono da una constatazione di fondo: nel 2012 l\u2019industria ha prodotto 257 miliardi di valore aggiunto, occupato 4,7 milioni di addetti, \u00e8 una fonte \u201cfondamentale di innovazione e competitivit\u00e0\u201d (con oltre il 70% della spesa per ricerca e sviluppo del settore privato) e ha \u201cun ruolo decisivo nell\u2019equilibrio dei conti con l\u2019estero\u201d. Quindi non si pu\u00f2 rimanere a guardare.<\/p>\n<p>Da qui le proposte. Prima di tutto fare selezione cio\u00e8 \u201cintervenire sui meccanismi di allocazione delle risorse dai settori e dalle imprese meno produttive a quelli pi\u00f9 produttivi, dalle lavorazioni in cui la pressione competitiva dei paesi emergenti non \u00e8 sostenibile ad altre pi\u00f9 avanzate e complesse\u201d. Un compito che passa dalla revisione del sistema di ammortizzatori sociali e delle \u00a0politiche attive per il lavoro, dalla revisione delle capacit\u00e0 del sistema finanziario, dal rifacimento della tassazione d\u2019impresa. In secondo luogo, \u201cvanno ridotti i costi sopportati dalle imprese italiane\u201d (energia, burocrazia, infrastrutture e servizi pubblici sono sul banco degli imputati). Terzo, \u201coccorre rendere le politiche industriali meno invasive e frammentarie\u201d, che significa, di fatto, mirare meglio gli interventi, puntando sulla crescita delle dimensioni, sulla R&amp;S ma anche su un riassetto dell\u2019attivit\u00e0 pubblica di sostegno all\u2019internazionalizzazione.<\/p>\n<p>Certo, si tratta di proposte condensate in 70 pagine di ragionamenti, numeri e grafici. Ma si tratta di idee chiare. Quello che ci vuole per iniziare a capire di pi\u00f9.<\/p><p><strong>Il sistema industriale italiano tra globalizzazione e crisi<\/strong><\/p>\n<p>Antonio Accetturo, Antonio Bassanetti, Matteo Bugamelli, Ivan Faiella, Paolo Finaldi Russo, Daniele Franco, Silvia Giacomelli, Massimo Omiccioli<\/p>\n<p>Banca d\u2019Italia, Questioni di Economia e Finanza (Occasional papers), 193, luglio, 2013<\/p>\n","protected":false},"excerpt":{"rendered":"<p>L\u2019industria italiana perde competitivit\u00e0, in tutti i comparti i livelli produttivi sono inferiori a quelli precedenti la crisi e, con l\u2019eccezione dell\u2019alimentare e del farmaceutico, la perdita di produzione ha assunto dimensioni preoccupanti. Accanto agli effetti della congiuntura, c\u2019\u00e8 poi il declinare storico del tessile e delle calzature, ma anche quelli di settori chiave come [&hellip;]<\/p>\n","protected":false},"author":1,"featured_media":49264,"comment_status":"open","ping_status":"open","sticky":false,"template":"","format":"standard","meta":{"footnotes":""},"categories":[54,52],"tags":[],"class_list":["post-49263","post","type-post","status-publish","format-standard","has-post-thumbnail","hentry","category-approfondimenti","category-cultura-dimpresa"],"acf":[],"yoast_head":"<!-- This site is optimized with the Yoast SEO plugin v25.0 - https:\/\/yoast.com\/wordpress\/plugins\/seo\/ -->\n<title>Quale politica industriale? - Fondazione Pirelli<\/title>\n<meta name=\"robots\" content=\"index, follow, max-snippet:-1, max-image-preview:large, max-video-preview:-1\" \/>\n<link rel=\"canonical\" href=\"https:\/\/www.fondazionepirelli.org\/it\/cultura-dimpresa\/quale-politica-industriale\/\" \/>\n<meta property=\"og:locale\" content=\"it_IT\" \/>\n<meta property=\"og:type\" content=\"article\" \/>\n<meta property=\"og:title\" content=\"Quale politica industriale? - Fondazione Pirelli\" \/>\n<meta property=\"og:description\" content=\"L\u2019industria italiana perde competitivit\u00e0, in tutti i comparti i livelli produttivi sono inferiori a quelli precedenti la crisi e, con l\u2019eccezione dell\u2019alimentare e del farmaceutico, la perdita di produzione ha assunto dimensioni preoccupanti. Accanto agli effetti della congiuntura, c\u2019\u00e8 poi il declinare storico del tessile e delle calzature, ma anche quelli di settori chiave come [&hellip;]\" \/>\n<meta property=\"og:url\" content=\"https:\/\/127.0.0.1\/it\/cultura-dimpresa\/quale-politica-industriale\/\" \/>\n<meta property=\"og:site_name\" content=\"Fondazione Pirelli\" \/>\n<meta property=\"article:published_time\" content=\"2013-07-22T00:00:00+00:00\" \/>\n<meta property=\"article:modified_time\" content=\"2019-05-24T09:51:18+00:00\" \/>\n<meta property=\"og:image\" content=\"https:\/\/wpsite-assets.fondazionepirelli.org\/wp-content\/uploads\/2019\/05\/20102131\/13745636941828819740.jpg\" \/>\n\t<meta property=\"og:image:width\" content=\"250\" \/>\n\t<meta property=\"og:image:height\" content=\"352\" \/>\n\t<meta property=\"og:image:type\" content=\"image\/jpeg\" \/>\n<meta name=\"author\" content=\"fondadmin\" \/>\n<meta name=\"twitter:card\" content=\"summary_large_image\" \/>\n<meta name=\"twitter:label1\" content=\"Scritto da\" \/>\n\t<meta name=\"twitter:data1\" content=\"fondadmin\" \/>\n\t<meta name=\"twitter:label2\" content=\"Tempo di lettura stimato\" \/>\n\t<meta name=\"twitter:data2\" content=\"2 minuti\" \/>\n<script type=\"application\/ld+json\" class=\"yoast-schema-graph\">{\"@context\":\"https:\/\/schema.org\",\"@graph\":[{\"@type\":\"WebPage\",\"@id\":\"https:\/\/127.0.0.1\/it\/cultura-dimpresa\/quale-politica-industriale\/\",\"url\":\"https:\/\/127.0.0.1\/it\/cultura-dimpresa\/quale-politica-industriale\/\",\"name\":\"Quale politica industriale? - Fondazione Pirelli\",\"isPartOf\":{\"@id\":\"https:\/\/www.fondazionepirelli.org\/it\/#website\"},\"primaryImageOfPage\":{\"@id\":\"https:\/\/127.0.0.1\/it\/cultura-dimpresa\/quale-politica-industriale\/#primaryimage\"},\"image\":{\"@id\":\"https:\/\/127.0.0.1\/it\/cultura-dimpresa\/quale-politica-industriale\/#primaryimage\"},\"thumbnailUrl\":\"https:\/\/wpsite-assets.fondazionepirelli.org\/wp-content\/uploads\/2019\/05\/20102131\/13745636941828819740.jpg\",\"datePublished\":\"2013-07-22T00:00:00+00:00\",\"dateModified\":\"2019-05-24T09:51:18+00:00\",\"author\":{\"@id\":\"https:\/\/www.fondazionepirelli.org\/it\/#\/schema\/person\/f47d097000832c4a6e54538c791fdf25\"},\"breadcrumb\":{\"@id\":\"https:\/\/127.0.0.1\/it\/cultura-dimpresa\/quale-politica-industriale\/#breadcrumb\"},\"inLanguage\":\"it-IT\",\"potentialAction\":[{\"@type\":\"ReadAction\",\"target\":[\"https:\/\/127.0.0.1\/it\/cultura-dimpresa\/quale-politica-industriale\/\"]}]},{\"@type\":\"ImageObject\",\"inLanguage\":\"it-IT\",\"@id\":\"https:\/\/127.0.0.1\/it\/cultura-dimpresa\/quale-politica-industriale\/#primaryimage\",\"url\":\"https:\/\/wpsite-assets.fondazionepirelli.org\/wp-content\/uploads\/2019\/05\/20102131\/13745636941828819740.jpg\",\"contentUrl\":\"https:\/\/wpsite-assets.fondazionepirelli.org\/wp-content\/uploads\/2019\/05\/20102131\/13745636941828819740.jpg\",\"width\":250,\"height\":352},{\"@type\":\"BreadcrumbList\",\"@id\":\"https:\/\/127.0.0.1\/it\/cultura-dimpresa\/quale-politica-industriale\/#breadcrumb\",\"itemListElement\":[{\"@type\":\"ListItem\",\"position\":1,\"name\":\"Home\",\"item\":\"https:\/\/www.fondazionepirelli.org\/it\/\"},{\"@type\":\"ListItem\",\"position\":2,\"name\":\"Quale politica industriale?\"}]},{\"@type\":\"WebSite\",\"@id\":\"https:\/\/www.fondazionepirelli.org\/it\/#website\",\"url\":\"https:\/\/www.fondazionepirelli.org\/it\/\",\"name\":\"Fondazione Pirelli\",\"description\":\"\",\"potentialAction\":[{\"@type\":\"SearchAction\",\"target\":{\"@type\":\"EntryPoint\",\"urlTemplate\":\"https:\/\/www.fondazionepirelli.org\/it\/?s={search_term_string}\"},\"query-input\":{\"@type\":\"PropertyValueSpecification\",\"valueRequired\":true,\"valueName\":\"search_term_string\"}}],\"inLanguage\":\"it-IT\"},{\"@type\":\"Person\",\"@id\":\"https:\/\/www.fondazionepirelli.org\/it\/#\/schema\/person\/f47d097000832c4a6e54538c791fdf25\",\"name\":\"fondadmin\",\"image\":{\"@type\":\"ImageObject\",\"inLanguage\":\"it-IT\",\"@id\":\"https:\/\/www.fondazionepirelli.org\/it\/#\/schema\/person\/image\/\",\"url\":\"https:\/\/secure.gravatar.com\/avatar\/e69498a9175ca244966e51e53c88712c024fcebe41f9a05f75657f1bb25e489b?s=96&d=mm&r=g\",\"contentUrl\":\"https:\/\/secure.gravatar.com\/avatar\/e69498a9175ca244966e51e53c88712c024fcebe41f9a05f75657f1bb25e489b?s=96&d=mm&r=g\",\"caption\":\"fondadmin\"},\"url\":\"https:\/\/www.fondazionepirelli.org\/it\/author\/fondadmin\/\"}]}<\/script>\n<!-- \/ Yoast SEO plugin. -->","yoast_head_json":{"title":"Quale politica industriale? - Fondazione Pirelli","robots":{"index":"index","follow":"follow","max-snippet":"max-snippet:-1","max-image-preview":"max-image-preview:large","max-video-preview":"max-video-preview:-1"},"canonical":"https:\/\/www.fondazionepirelli.org\/it\/cultura-dimpresa\/quale-politica-industriale\/","og_locale":"it_IT","og_type":"article","og_title":"Quale politica industriale? - Fondazione Pirelli","og_description":"L\u2019industria italiana perde competitivit\u00e0, in tutti i comparti i livelli produttivi sono inferiori a quelli precedenti la crisi e, con l\u2019eccezione dell\u2019alimentare e del farmaceutico, la perdita di produzione ha assunto dimensioni preoccupanti. Accanto agli effetti della congiuntura, c\u2019\u00e8 poi il declinare storico del tessile e delle calzature, ma anche quelli di settori chiave come [&hellip;]","og_url":"https:\/\/127.0.0.1\/it\/cultura-dimpresa\/quale-politica-industriale\/","og_site_name":"Fondazione Pirelli","article_published_time":"2013-07-22T00:00:00+00:00","article_modified_time":"2019-05-24T09:51:18+00:00","og_image":[{"width":250,"height":352,"url":"https:\/\/wpsite-assets.fondazionepirelli.org\/wp-content\/uploads\/2019\/05\/20102131\/13745636941828819740.jpg","type":"image\/jpeg"}],"author":"fondadmin","twitter_card":"summary_large_image","twitter_misc":{"Scritto da":"fondadmin","Tempo di lettura stimato":"2 minuti"},"schema":{"@context":"https:\/\/schema.org","@graph":[{"@type":"WebPage","@id":"https:\/\/127.0.0.1\/it\/cultura-dimpresa\/quale-politica-industriale\/","url":"https:\/\/127.0.0.1\/it\/cultura-dimpresa\/quale-politica-industriale\/","name":"Quale politica industriale? - Fondazione Pirelli","isPartOf":{"@id":"https:\/\/www.fondazionepirelli.org\/it\/#website"},"primaryImageOfPage":{"@id":"https:\/\/127.0.0.1\/it\/cultura-dimpresa\/quale-politica-industriale\/#primaryimage"},"image":{"@id":"https:\/\/127.0.0.1\/it\/cultura-dimpresa\/quale-politica-industriale\/#primaryimage"},"thumbnailUrl":"https:\/\/wpsite-assets.fondazionepirelli.org\/wp-content\/uploads\/2019\/05\/20102131\/13745636941828819740.jpg","datePublished":"2013-07-22T00:00:00+00:00","dateModified":"2019-05-24T09:51:18+00:00","author":{"@id":"https:\/\/www.fondazionepirelli.org\/it\/#\/schema\/person\/f47d097000832c4a6e54538c791fdf25"},"breadcrumb":{"@id":"https:\/\/127.0.0.1\/it\/cultura-dimpresa\/quale-politica-industriale\/#breadcrumb"},"inLanguage":"it-IT","potentialAction":[{"@type":"ReadAction","target":["https:\/\/127.0.0.1\/it\/cultura-dimpresa\/quale-politica-industriale\/"]}]},{"@type":"ImageObject","inLanguage":"it-IT","@id":"https:\/\/127.0.0.1\/it\/cultura-dimpresa\/quale-politica-industriale\/#primaryimage","url":"https:\/\/wpsite-assets.fondazionepirelli.org\/wp-content\/uploads\/2019\/05\/20102131\/13745636941828819740.jpg","contentUrl":"https:\/\/wpsite-assets.fondazionepirelli.org\/wp-content\/uploads\/2019\/05\/20102131\/13745636941828819740.jpg","width":250,"height":352},{"@type":"BreadcrumbList","@id":"https:\/\/127.0.0.1\/it\/cultura-dimpresa\/quale-politica-industriale\/#breadcrumb","itemListElement":[{"@type":"ListItem","position":1,"name":"Home","item":"https:\/\/www.fondazionepirelli.org\/it\/"},{"@type":"ListItem","position":2,"name":"Quale politica industriale?"}]},{"@type":"WebSite","@id":"https:\/\/www.fondazionepirelli.org\/it\/#website","url":"https:\/\/www.fondazionepirelli.org\/it\/","name":"Fondazione Pirelli","description":"","potentialAction":[{"@type":"SearchAction","target":{"@type":"EntryPoint","urlTemplate":"https:\/\/www.fondazionepirelli.org\/it\/?s={search_term_string}"},"query-input":{"@type":"PropertyValueSpecification","valueRequired":true,"valueName":"search_term_string"}}],"inLanguage":"it-IT"},{"@type":"Person","@id":"https:\/\/www.fondazionepirelli.org\/it\/#\/schema\/person\/f47d097000832c4a6e54538c791fdf25","name":"fondadmin","image":{"@type":"ImageObject","inLanguage":"it-IT","@id":"https:\/\/www.fondazionepirelli.org\/it\/#\/schema\/person\/image\/","url":"https:\/\/secure.gravatar.com\/avatar\/e69498a9175ca244966e51e53c88712c024fcebe41f9a05f75657f1bb25e489b?s=96&d=mm&r=g","contentUrl":"https:\/\/secure.gravatar.com\/avatar\/e69498a9175ca244966e51e53c88712c024fcebe41f9a05f75657f1bb25e489b?s=96&d=mm&r=g","caption":"fondadmin"},"url":"https:\/\/www.fondazionepirelli.org\/it\/author\/fondadmin\/"}]}},"_links":{"self":[{"href":"https:\/\/www.fondazionepirelli.org\/it\/wp-json\/wp\/v2\/posts\/49263\/"}],"collection":[{"href":"https:\/\/www.fondazionepirelli.org\/it\/wp-json\/wp\/v2\/posts\/"}],"about":[{"href":"https:\/\/www.fondazionepirelli.org\/it\/wp-json\/wp\/v2\/types\/post\/"}],"author":[{"embeddable":true,"href":"https:\/\/www.fondazionepirelli.org\/it\/wp-json\/wp\/v2\/users\/1\/"}],"replies":[{"embeddable":true,"href":"https:\/\/www.fondazionepirelli.org\/it\/wp-json\/wp\/v2\/comments\/?post=49263"}],"version-history":[{"count":1,"href":"https:\/\/www.fondazionepirelli.org\/it\/wp-json\/wp\/v2\/posts\/49263\/revisions\/"}],"predecessor-version":[{"id":55945,"href":"https:\/\/www.fondazionepirelli.org\/it\/wp-json\/wp\/v2\/posts\/49263\/revisions\/55945\/"}],"wp:featuredmedia":[{"embeddable":true,"href":"https:\/\/www.fondazionepirelli.org\/it\/wp-json\/wp\/v2\/media\/49264\/"}],"wp:attachment":[{"href":"https:\/\/www.fondazionepirelli.org\/it\/wp-json\/wp\/v2\/media\/?parent=49263"}],"wp:term":[{"taxonomy":"category","embeddable":true,"href":"https:\/\/www.fondazionepirelli.org\/it\/wp-json\/wp\/v2\/categories\/?post=49263"},{"taxonomy":"post_tag","embeddable":true,"href":"https:\/\/www.fondazionepirelli.org\/it\/wp-json\/wp\/v2\/tags\/?post=49263"}],"curies":[{"name":"wp","href":"https:\/\/api.w.org\/{rel}","templated":true}]}}