{"id":49273,"date":"2013-07-15T00:00:00","date_gmt":"2013-07-15T00:00:00","guid":{"rendered":"http:\/\/www.fondazionepirelli.org\/fondazione-pirelli\/guardare-al-futuro-in-11-modi-diversi\/"},"modified":"2019-05-27T16:10:24","modified_gmt":"2019-05-27T16:10:24","slug":"guardare-al-futuro-in-11-modi-diversi","status":"publish","type":"post","link":"https:\/\/www.fondazionepirelli.org\/it\/cultura-dimpresa\/guardare-al-futuro-in-11-modi-diversi\/","title":{"rendered":"Guardare al futuro in 11 modi diversi"},"content":{"rendered":"<p><strong>Che fare per andare avanti<\/strong>? La domanda \u00e8 una di quelle che aziende e imprenditori, cittadini e Istituzioni si pongono sempre pi\u00f9 spesso. La risposta \u00e8 complessa, non univoca, necessariamente composta da pi\u00f9 parti, coinvolge aspetti tecnici ma anche cultura del fare impresa cos\u00ec come del vivere sociale.<\/p>\n<p>Servono, quindi, strumenti per ragionare in maniera differente da prima. Come \u201c<strong>11 idee per l\u2019Italia<\/strong>\u201d appena pubblicato da\u00a0<strong>Marsilio<\/strong>\u00a0con la prefazione di\u00a0<strong>Aldo Bonomi<\/strong>\u00a0che scrive: \u201cPer me quello che il lettore ha in mano \u00e8, in primo luogo, un repertorio di tracce di futuro\u201d. Anche per le imprese, cos\u00ec come per l\u2019economia in senso pi\u00f9 lato. E partendo da una constatazione: qui non si tratta di affrontare una crisi e basta, ma una cesura storica. E non occorre pensare alla crescita, ma allo sviluppo (cosa ben pi\u00f9 complessa e affascinante).<\/p>\n<p>A cimentarsi con le idee che potrebbero essere valide per un compito di questo genere, sono autori sui generis (nel senso che tutti di mestiere fanno anche altro oltre che scrivere), che avanzano <strong>11 proposte<\/strong> su altrettanti temi dell\u2019economia e della societ\u00e0, anche inusuali. Si tratta, per esempio, dell\u2019idea di riciclare i capannoni e i siti industriali dismessi per eventi culturali (<strong>Mario Brunello<\/strong>), di applicare alle carceri la sperimentazione di nuovi modelli abitativi dando anche una formazione in pi\u00f9 ai detenuti (<strong>Aldo Cibic<\/strong>), di passare dai contratti di lavoro collettivi al \u201ccontratto personale\u201d fra imprenditore e lavoratore (<strong>Gigi Copiello<\/strong> e <strong>Luca Vignaga)<\/strong>, di assumere i grandi eventi come motore di sviluppo dell\u2019economia nazionale e locale (<strong>Roberto Daneo)<\/strong>, di razionalizzazione l\u2019intervento delle Amministrazioni Locali, con gli esempi di chi lo ha gi\u00e0 fatto (<strong>Silvia Fattore)<\/strong>, di metter mano razionalizzandolo al sistema-moda in Italia dandogli \u00a0connotati pi\u00f9 economici ed efficienti (<strong>Maria Luisa Frisa<\/strong>), ugualmente di lavorare per una maggiore efficienza economica del sistema museale nazionale sfruttando meglio le sue ricadute economiche (<strong>Guido Guerzoni<\/strong>). Ma il libro contiene anche proposte su come \u201c<strong>salvare<\/strong>\u201d le banche italiane collegandole all\u2019edilizia attraverso il social housing (<strong>Massimo Malvestio<\/strong>), su come \u201ccomunicare\u201d meglio l\u2019Italia abbandonando gli stereotipi e guardando di pi\u00f9 alla produzione reale del Paese (<strong>Davide Rampello<\/strong>), su come riutilizzare gli sprechi alimentari dando vita ad un nuovo comparto produttivo (<strong>Andrea Segr\u00e8<\/strong>)e, infine, su come sia possibile tornare nel paese a fare ricerca scientifica (<strong>Ester Zito)<\/strong>.<\/p>\n<p>Ci\u00f2 che ne emerge \u00e8 una sintesi \u2013 il volume non arriva a 140 pagine -, succosa e stimolante, di quanto potrebbe essere intrapreso per ridare luce alle prospettive nazionali, partendo dall\u2019economia insieme alla cultura, dall\u2019imprenditorialit\u00e0 applicata in maniera magari diversa alla produzione e al territorio.<\/p>\n<p>In tutto ci\u00f2, \u00e8 importante un altro passaggio della prefazione di Bonomi che parla della necessit\u00e0 di porre attenzione alla figura degli imprenditori, alle loro crisi e alle loro domande di cambiamento per cambiare essi stessi arrivando ad essere nuovi \u00a0imprenditori \u00a0adatti \u201cad assumere \u00a0l\u2019onere della transizione\u201d.<\/p><p><strong>11 idee per l\u2019Italia<\/strong><\/p>\n<p>AA.VV., prefazione di Aldo Bonomi<\/p>\n<p>Marsilio, giugno 2013.<\/p>\n","protected":false},"excerpt":{"rendered":"<p>Che fare per andare avanti? La domanda \u00e8 una di quelle che aziende e imprenditori, cittadini e Istituzioni si pongono sempre pi\u00f9 spesso. La risposta \u00e8 complessa, non univoca, necessariamente composta da pi\u00f9 parti, coinvolge aspetti tecnici ma anche cultura del fare impresa cos\u00ec come del vivere sociale. Servono, quindi, strumenti per ragionare in maniera [&hellip;]<\/p>\n","protected":false},"author":1,"featured_media":49274,"comment_status":"open","ping_status":"open","sticky":false,"template":"","format":"standard","meta":{"footnotes":""},"categories":[52,58],"tags":[],"class_list":["post-49273","post","type-post","status-publish","format-standard","has-post-thumbnail","hentry","category-cultura-dimpresa","category-recensioni-libri"],"acf":[],"yoast_head":"<!-- This site is optimized with the Yoast SEO plugin v25.0 - https:\/\/yoast.com\/wordpress\/plugins\/seo\/ -->\n<title>Guardare al futuro in 11 modi diversi - Fondazione Pirelli<\/title>\n<meta name=\"robots\" content=\"index, follow, max-snippet:-1, max-image-preview:large, max-video-preview:-1\" \/>\n<link rel=\"canonical\" href=\"https:\/\/www.fondazionepirelli.org\/it\/cultura-dimpresa\/guardare-al-futuro-in-11-modi-diversi\/\" \/>\n<meta property=\"og:locale\" content=\"it_IT\" \/>\n<meta property=\"og:type\" content=\"article\" \/>\n<meta property=\"og:title\" content=\"Guardare al futuro in 11 modi diversi - Fondazione Pirelli\" \/>\n<meta property=\"og:description\" content=\"Che fare per andare avanti? La domanda \u00e8 una di quelle che aziende e imprenditori, cittadini e Istituzioni si pongono sempre pi\u00f9 spesso. La risposta \u00e8 complessa, non univoca, necessariamente composta da pi\u00f9 parti, coinvolge aspetti tecnici ma anche cultura del fare impresa cos\u00ec come del vivere sociale. Servono, quindi, strumenti per ragionare in maniera [&hellip;]\" \/>\n<meta property=\"og:url\" content=\"https:\/\/127.0.0.1\/it\/cultura-dimpresa\/guardare-al-futuro-in-11-modi-diversi\/\" \/>\n<meta property=\"og:site_name\" content=\"Fondazione Pirelli\" \/>\n<meta property=\"article:published_time\" content=\"2013-07-15T00:00:00+00:00\" \/>\n<meta property=\"article:modified_time\" content=\"2019-05-27T16:10:24+00:00\" \/>\n<meta property=\"og:image\" content=\"https:\/\/wpsite-assets.fondazionepirelli.org\/wp-content\/uploads\/2019\/05\/20102129\/13739606472133170935.jpg\" \/>\n\t<meta property=\"og:image:width\" content=\"239\" \/>\n\t<meta property=\"og:image:height\" content=\"379\" \/>\n\t<meta property=\"og:image:type\" content=\"image\/jpeg\" \/>\n<meta name=\"author\" content=\"fondadmin\" \/>\n<meta name=\"twitter:card\" content=\"summary_large_image\" \/>\n<meta name=\"twitter:label1\" content=\"Scritto da\" \/>\n\t<meta name=\"twitter:data1\" content=\"fondadmin\" \/>\n\t<meta name=\"twitter:label2\" content=\"Tempo di lettura stimato\" \/>\n\t<meta name=\"twitter:data2\" content=\"2 minuti\" \/>\n<script type=\"application\/ld+json\" class=\"yoast-schema-graph\">{\"@context\":\"https:\/\/schema.org\",\"@graph\":[{\"@type\":\"WebPage\",\"@id\":\"https:\/\/127.0.0.1\/it\/cultura-dimpresa\/guardare-al-futuro-in-11-modi-diversi\/\",\"url\":\"https:\/\/127.0.0.1\/it\/cultura-dimpresa\/guardare-al-futuro-in-11-modi-diversi\/\",\"name\":\"Guardare al futuro in 11 modi diversi - Fondazione Pirelli\",\"isPartOf\":{\"@id\":\"https:\/\/www.fondazionepirelli.org\/it\/#website\"},\"primaryImageOfPage\":{\"@id\":\"https:\/\/127.0.0.1\/it\/cultura-dimpresa\/guardare-al-futuro-in-11-modi-diversi\/#primaryimage\"},\"image\":{\"@id\":\"https:\/\/127.0.0.1\/it\/cultura-dimpresa\/guardare-al-futuro-in-11-modi-diversi\/#primaryimage\"},\"thumbnailUrl\":\"https:\/\/wpsite-assets.fondazionepirelli.org\/wp-content\/uploads\/2019\/05\/20102129\/13739606472133170935.jpg\",\"datePublished\":\"2013-07-15T00:00:00+00:00\",\"dateModified\":\"2019-05-27T16:10:24+00:00\",\"author\":{\"@id\":\"https:\/\/www.fondazionepirelli.org\/it\/#\/schema\/person\/f47d097000832c4a6e54538c791fdf25\"},\"breadcrumb\":{\"@id\":\"https:\/\/127.0.0.1\/it\/cultura-dimpresa\/guardare-al-futuro-in-11-modi-diversi\/#breadcrumb\"},\"inLanguage\":\"it-IT\",\"potentialAction\":[{\"@type\":\"ReadAction\",\"target\":[\"https:\/\/127.0.0.1\/it\/cultura-dimpresa\/guardare-al-futuro-in-11-modi-diversi\/\"]}]},{\"@type\":\"ImageObject\",\"inLanguage\":\"it-IT\",\"@id\":\"https:\/\/127.0.0.1\/it\/cultura-dimpresa\/guardare-al-futuro-in-11-modi-diversi\/#primaryimage\",\"url\":\"https:\/\/wpsite-assets.fondazionepirelli.org\/wp-content\/uploads\/2019\/05\/20102129\/13739606472133170935.jpg\",\"contentUrl\":\"https:\/\/wpsite-assets.fondazionepirelli.org\/wp-content\/uploads\/2019\/05\/20102129\/13739606472133170935.jpg\",\"width\":239,\"height\":379},{\"@type\":\"BreadcrumbList\",\"@id\":\"https:\/\/127.0.0.1\/it\/cultura-dimpresa\/guardare-al-futuro-in-11-modi-diversi\/#breadcrumb\",\"itemListElement\":[{\"@type\":\"ListItem\",\"position\":1,\"name\":\"Home\",\"item\":\"https:\/\/www.fondazionepirelli.org\/it\/\"},{\"@type\":\"ListItem\",\"position\":2,\"name\":\"Guardare al futuro in 11 modi diversi\"}]},{\"@type\":\"WebSite\",\"@id\":\"https:\/\/www.fondazionepirelli.org\/it\/#website\",\"url\":\"https:\/\/www.fondazionepirelli.org\/it\/\",\"name\":\"Fondazione Pirelli\",\"description\":\"\",\"potentialAction\":[{\"@type\":\"SearchAction\",\"target\":{\"@type\":\"EntryPoint\",\"urlTemplate\":\"https:\/\/www.fondazionepirelli.org\/it\/?s={search_term_string}\"},\"query-input\":{\"@type\":\"PropertyValueSpecification\",\"valueRequired\":true,\"valueName\":\"search_term_string\"}}],\"inLanguage\":\"it-IT\"},{\"@type\":\"Person\",\"@id\":\"https:\/\/www.fondazionepirelli.org\/it\/#\/schema\/person\/f47d097000832c4a6e54538c791fdf25\",\"name\":\"fondadmin\",\"image\":{\"@type\":\"ImageObject\",\"inLanguage\":\"it-IT\",\"@id\":\"https:\/\/www.fondazionepirelli.org\/it\/#\/schema\/person\/image\/\",\"url\":\"https:\/\/secure.gravatar.com\/avatar\/e69498a9175ca244966e51e53c88712c024fcebe41f9a05f75657f1bb25e489b?s=96&d=mm&r=g\",\"contentUrl\":\"https:\/\/secure.gravatar.com\/avatar\/e69498a9175ca244966e51e53c88712c024fcebe41f9a05f75657f1bb25e489b?s=96&d=mm&r=g\",\"caption\":\"fondadmin\"},\"url\":\"https:\/\/www.fondazionepirelli.org\/it\/author\/fondadmin\/\"}]}<\/script>\n<!-- \/ Yoast SEO plugin. -->","yoast_head_json":{"title":"Guardare al futuro in 11 modi diversi - Fondazione Pirelli","robots":{"index":"index","follow":"follow","max-snippet":"max-snippet:-1","max-image-preview":"max-image-preview:large","max-video-preview":"max-video-preview:-1"},"canonical":"https:\/\/www.fondazionepirelli.org\/it\/cultura-dimpresa\/guardare-al-futuro-in-11-modi-diversi\/","og_locale":"it_IT","og_type":"article","og_title":"Guardare al futuro in 11 modi diversi - Fondazione Pirelli","og_description":"Che fare per andare avanti? La domanda \u00e8 una di quelle che aziende e imprenditori, cittadini e Istituzioni si pongono sempre pi\u00f9 spesso. La risposta \u00e8 complessa, non univoca, necessariamente composta da pi\u00f9 parti, coinvolge aspetti tecnici ma anche cultura del fare impresa cos\u00ec come del vivere sociale. Servono, quindi, strumenti per ragionare in maniera [&hellip;]","og_url":"https:\/\/127.0.0.1\/it\/cultura-dimpresa\/guardare-al-futuro-in-11-modi-diversi\/","og_site_name":"Fondazione Pirelli","article_published_time":"2013-07-15T00:00:00+00:00","article_modified_time":"2019-05-27T16:10:24+00:00","og_image":[{"width":239,"height":379,"url":"https:\/\/wpsite-assets.fondazionepirelli.org\/wp-content\/uploads\/2019\/05\/20102129\/13739606472133170935.jpg","type":"image\/jpeg"}],"author":"fondadmin","twitter_card":"summary_large_image","twitter_misc":{"Scritto da":"fondadmin","Tempo di lettura stimato":"2 minuti"},"schema":{"@context":"https:\/\/schema.org","@graph":[{"@type":"WebPage","@id":"https:\/\/127.0.0.1\/it\/cultura-dimpresa\/guardare-al-futuro-in-11-modi-diversi\/","url":"https:\/\/127.0.0.1\/it\/cultura-dimpresa\/guardare-al-futuro-in-11-modi-diversi\/","name":"Guardare al futuro in 11 modi diversi - Fondazione Pirelli","isPartOf":{"@id":"https:\/\/www.fondazionepirelli.org\/it\/#website"},"primaryImageOfPage":{"@id":"https:\/\/127.0.0.1\/it\/cultura-dimpresa\/guardare-al-futuro-in-11-modi-diversi\/#primaryimage"},"image":{"@id":"https:\/\/127.0.0.1\/it\/cultura-dimpresa\/guardare-al-futuro-in-11-modi-diversi\/#primaryimage"},"thumbnailUrl":"https:\/\/wpsite-assets.fondazionepirelli.org\/wp-content\/uploads\/2019\/05\/20102129\/13739606472133170935.jpg","datePublished":"2013-07-15T00:00:00+00:00","dateModified":"2019-05-27T16:10:24+00:00","author":{"@id":"https:\/\/www.fondazionepirelli.org\/it\/#\/schema\/person\/f47d097000832c4a6e54538c791fdf25"},"breadcrumb":{"@id":"https:\/\/127.0.0.1\/it\/cultura-dimpresa\/guardare-al-futuro-in-11-modi-diversi\/#breadcrumb"},"inLanguage":"it-IT","potentialAction":[{"@type":"ReadAction","target":["https:\/\/127.0.0.1\/it\/cultura-dimpresa\/guardare-al-futuro-in-11-modi-diversi\/"]}]},{"@type":"ImageObject","inLanguage":"it-IT","@id":"https:\/\/127.0.0.1\/it\/cultura-dimpresa\/guardare-al-futuro-in-11-modi-diversi\/#primaryimage","url":"https:\/\/wpsite-assets.fondazionepirelli.org\/wp-content\/uploads\/2019\/05\/20102129\/13739606472133170935.jpg","contentUrl":"https:\/\/wpsite-assets.fondazionepirelli.org\/wp-content\/uploads\/2019\/05\/20102129\/13739606472133170935.jpg","width":239,"height":379},{"@type":"BreadcrumbList","@id":"https:\/\/127.0.0.1\/it\/cultura-dimpresa\/guardare-al-futuro-in-11-modi-diversi\/#breadcrumb","itemListElement":[{"@type":"ListItem","position":1,"name":"Home","item":"https:\/\/www.fondazionepirelli.org\/it\/"},{"@type":"ListItem","position":2,"name":"Guardare al futuro in 11 modi diversi"}]},{"@type":"WebSite","@id":"https:\/\/www.fondazionepirelli.org\/it\/#website","url":"https:\/\/www.fondazionepirelli.org\/it\/","name":"Fondazione Pirelli","description":"","potentialAction":[{"@type":"SearchAction","target":{"@type":"EntryPoint","urlTemplate":"https:\/\/www.fondazionepirelli.org\/it\/?s={search_term_string}"},"query-input":{"@type":"PropertyValueSpecification","valueRequired":true,"valueName":"search_term_string"}}],"inLanguage":"it-IT"},{"@type":"Person","@id":"https:\/\/www.fondazionepirelli.org\/it\/#\/schema\/person\/f47d097000832c4a6e54538c791fdf25","name":"fondadmin","image":{"@type":"ImageObject","inLanguage":"it-IT","@id":"https:\/\/www.fondazionepirelli.org\/it\/#\/schema\/person\/image\/","url":"https:\/\/secure.gravatar.com\/avatar\/e69498a9175ca244966e51e53c88712c024fcebe41f9a05f75657f1bb25e489b?s=96&d=mm&r=g","contentUrl":"https:\/\/secure.gravatar.com\/avatar\/e69498a9175ca244966e51e53c88712c024fcebe41f9a05f75657f1bb25e489b?s=96&d=mm&r=g","caption":"fondadmin"},"url":"https:\/\/www.fondazionepirelli.org\/it\/author\/fondadmin\/"}]}},"_links":{"self":[{"href":"https:\/\/www.fondazionepirelli.org\/it\/wp-json\/wp\/v2\/posts\/49273\/"}],"collection":[{"href":"https:\/\/www.fondazionepirelli.org\/it\/wp-json\/wp\/v2\/posts\/"}],"about":[{"href":"https:\/\/www.fondazionepirelli.org\/it\/wp-json\/wp\/v2\/types\/post\/"}],"author":[{"embeddable":true,"href":"https:\/\/www.fondazionepirelli.org\/it\/wp-json\/wp\/v2\/users\/1\/"}],"replies":[{"embeddable":true,"href":"https:\/\/www.fondazionepirelli.org\/it\/wp-json\/wp\/v2\/comments\/?post=49273"}],"version-history":[{"count":1,"href":"https:\/\/www.fondazionepirelli.org\/it\/wp-json\/wp\/v2\/posts\/49273\/revisions\/"}],"predecessor-version":[{"id":56351,"href":"https:\/\/www.fondazionepirelli.org\/it\/wp-json\/wp\/v2\/posts\/49273\/revisions\/56351\/"}],"wp:featuredmedia":[{"embeddable":true,"href":"https:\/\/www.fondazionepirelli.org\/it\/wp-json\/wp\/v2\/media\/49274\/"}],"wp:attachment":[{"href":"https:\/\/www.fondazionepirelli.org\/it\/wp-json\/wp\/v2\/media\/?parent=49273"}],"wp:term":[{"taxonomy":"category","embeddable":true,"href":"https:\/\/www.fondazionepirelli.org\/it\/wp-json\/wp\/v2\/categories\/?post=49273"},{"taxonomy":"post_tag","embeddable":true,"href":"https:\/\/www.fondazionepirelli.org\/it\/wp-json\/wp\/v2\/tags\/?post=49273"}],"curies":[{"name":"wp","href":"https:\/\/api.w.org\/{rel}","templated":true}]}}