{"id":49299,"date":"2013-06-18T00:00:00","date_gmt":"2013-06-18T00:00:00","guid":{"rendered":"http:\/\/www.fondazionepirelli.org\/fondazione-pirelli\/dalle-tech-stories-alla-rinascita-larchivio-storico-pirelli-in-mostra\/"},"modified":"2021-10-15T14:50:09","modified_gmt":"2021-10-15T13:50:09","slug":"dalle-tech-stories-alla-rinascita-larchivio-storico-pirelli-in-mostra","status":"publish","type":"post","link":"https:\/\/www.fondazionepirelli.org\/it\/iniziative\/dalle-tech-stories-alla-rinascita-larchivio-storico-pirelli-in-mostra\/","title":{"rendered":"Dalle \u201cTech Stories\u201d alla \u201cRinascita\u201d: l\u2019Archivio Storico Pirelli in mostra"},"content":{"rendered":"<p id=\"\">Un giugno ricco di \u201cstorie\u201d e di mostre a cui la <span class=\"Apple-style-span\" style=\"font-weight: bold;\">Fondazione Pirelli<\/span> partecipa con l\u2019esposizione di alcuni documenti provenienti dall\u2019<span class=\"Apple-style-span\" style=\"font-weight: bold;\">Archivio Storico<\/span>.<\/p>\n<p id=\"\">E\u2019 stata inaugurata a Milano il 13 giugno la mostra \u201c<span class=\"Apple-style-span\" style=\"font-weight: bold;\">TECH STORIES. Politecnico di Milano 1863-2013<\/span>\u201d. Storie di architettura, design e ingegneria, per celebrare i <span class=\"Apple-style-span\" style=\"font-weight: bold;\">150 anni del Politecnico di Milano<\/span>, simbolo per eccellenza, in Italia e nel mondo, di innovazione, tecnologia e sapere. La mostra racconta i protagonisti e i momenti pi\u00f9 significativi della storia del Politecnico che ha formato alcuni dei pi\u00f9 importanti architetti, ingegneri e imprenditori italiani tra cui lo stesso <span class=\"Apple-style-span\" style=\"font-weight: bold;\">Giovanni Battista Pirelli<\/span> che, dopo la laurea nel <span class=\"Apple-style-span\" style=\"font-weight: bold;\">1869<\/span>, intraprender\u00e0 la strada della produzione e lavorazione della gomma. \u201c<span class=\"Apple-style-span\" style=\"font-weight: bold;\">L\u2019impresa della gomma<\/span>\u201d \u00e8 appunto il titolo per la parte dedicata a Pirelli con l\u2019esposizione di alcuni documenti storici che ripercorrono le principali tappe della storia della famosa azienda di pneumatici milanese. Accanto alla fotografia dei laureati del 1869 e alle <span class=\"Apple-style-span\" style=\"font-weight: bold;\">lettere manoscritte del professor Colombo a Giovanni Battista Pirelli<\/span>, l\u2019immagine del primo stabilimento milanese in via Ponte Seveso, i cataloghi d\u2019epoca e alcune delle pi\u00f9 famose pubblicit\u00e0 Pirelli firmate Bob Noorda, Alessandro Mendini, Armando Testa, provenienti dal nostro Archivio Storico. La mostra \u00e8 aperta dal <span class=\"Apple-style-span\" style=\"font-weight: bold;\">13 giugno al 10 dicembre 2013<\/span> presso il <strong>Museo della Scienza e della Tecnologia di Milano<\/strong>.<\/p>\n<p id=\"\">La mostra \u201c<span class=\"Apple-style-span\" style=\"font-weight: bold;\">Rinascita. Storie dell\u2019Italia che ce l\u2019ha fatta<\/span>\u201d, presso il <strong>Palazzo Mazzetti di Asti<\/strong>, racconta un\u2019altra storia: quella \u00a0che ripercorre vent\u2019anni di produzione artistica e industriale italiana e che ha consacrato il nostro Paese a patria del design, della moda e della creativit\u00e0. E\u2019 la storia dell\u2019affermarsi di prodotti originali italiani che diventano veri e propri status globali come il pneumatico <span class=\"Apple-style-span\" style=\"font-weight: bold;\">Cinturato Pirelli<\/span> e che raccontano la trasformazione della quotidianit\u00e0 e della produttivit\u00e0 italiana. Storie appunto di un\u2019Italia che ce l\u2019ha fatta.<\/p>\n<p id=\"\">Dal nostro archivio provengono alcune pubblicit\u00e0 aziendali, le fotografie del <span class=\"Apple-style-span\" style=\"font-weight: bold;\">&#8220;Centro Pirelli&#8221;\u00a0<\/span>in costruzione e alcuni numeri della storica<strong> rivista \u201c<span class=\"Apple-style-span\">Pirelli<\/span><span class=\"Apple-style-span\">\u201d<\/span><\/strong> pubblicata dal 1948 al 1972.<\/p>\n<p id=\"\">La mostra sar\u00e0 aperta dal <span class=\"Apple-style-span\" style=\"font-weight: bold;\">21 giugno al 2 novembre 2013\u00a0<\/span>presso il Palazzo Mazzetti di Asti.<\/p>\n","protected":false},"excerpt":{"rendered":"<p>Un giugno ricco di \u201cstorie\u201d e di mostre a cui la Fondazione Pirelli partecipa con l\u2019esposizione di alcuni documenti provenienti dall\u2019Archivio Storico. E\u2019 stata inaugurata a Milano il 13 giugno la mostra \u201cTECH STORIES. Politecnico di Milano 1863-2013\u201d. Storie di architettura, design e ingegneria, per celebrare i 150 anni del Politecnico di Milano, simbolo per [&hellip;]<\/p>\n","protected":false},"author":1,"featured_media":49300,"comment_status":"open","ping_status":"open","sticky":false,"template":"","format":"standard","meta":{"footnotes":""},"categories":[60,79],"tags":[109,89],"class_list":["post-49299","post","type-post","status-publish","format-standard","has-post-thumbnail","hentry","category-iniziative","category-le-collaborazioni","tag-comunicare-limpresa","tag-grafica-arte-e-design"],"acf":[],"yoast_head":"<!-- This site is optimized with the Yoast SEO plugin v25.0 - https:\/\/yoast.com\/wordpress\/plugins\/seo\/ -->\n<title>L&#039;Archivio Storico Pirelli in mostra | Fondazione Pirelli<\/title>\n<meta name=\"description\" content=\"I documenti di Fondazione Pirelli per le mostre \u201cTECH STORIES. Politecnico di Milano 1863-2013&quot; e &quot;Rinascita. Storie dell\u2019Italia che ce l\u2019ha fatta&quot;. Scopri di pi\u00f9.\" \/>\n<meta name=\"robots\" content=\"index, follow, max-snippet:-1, max-image-preview:large, max-video-preview:-1\" \/>\n<link rel=\"canonical\" href=\"https:\/\/www.fondazionepirelli.org\/it\/iniziative\/dalle-tech-stories-alla-rinascita-larchivio-storico-pirelli-in-mostra\/\" \/>\n<meta property=\"og:locale\" content=\"it_IT\" \/>\n<meta property=\"og:type\" content=\"article\" \/>\n<meta property=\"og:title\" content=\"L&#039;Archivio Storico Pirelli in mostra | Fondazione Pirelli\" \/>\n<meta property=\"og:description\" content=\"I documenti di Fondazione Pirelli per le mostre \u201cTECH STORIES. Politecnico di Milano 1863-2013&quot; e &quot;Rinascita. Storie dell\u2019Italia che ce l\u2019ha fatta&quot;. Scopri di pi\u00f9.\" \/>\n<meta property=\"og:url\" content=\"https:\/\/www.fondazionepirelli.org\/it\/iniziative\/dalle-tech-stories-alla-rinascita-larchivio-storico-pirelli-in-mostra\/\" \/>\n<meta property=\"og:site_name\" content=\"Fondazione Pirelli\" \/>\n<meta property=\"article:published_time\" content=\"2013-06-18T00:00:00+00:00\" \/>\n<meta property=\"article:modified_time\" content=\"2021-10-15T13:50:09+00:00\" \/>\n<meta property=\"og:image\" content=\"https:\/\/wpsite-assets.fondazionepirelli.org\/wp-content\/uploads\/2019\/05\/20102124\/tech-stories_06-e1579534327542.jpg\" \/>\n\t<meta property=\"og:image:width\" content=\"550\" \/>\n\t<meta property=\"og:image:height\" content=\"369\" \/>\n\t<meta property=\"og:image:type\" content=\"image\/jpeg\" \/>\n<meta name=\"author\" content=\"fondadmin\" \/>\n<meta name=\"twitter:card\" content=\"summary_large_image\" \/>\n<meta name=\"twitter:label1\" content=\"Scritto da\" \/>\n\t<meta name=\"twitter:data1\" content=\"fondadmin\" \/>\n\t<meta name=\"twitter:label2\" content=\"Tempo di lettura stimato\" \/>\n\t<meta name=\"twitter:data2\" content=\"2 minuti\" \/>\n<script type=\"application\/ld+json\" class=\"yoast-schema-graph\">{\"@context\":\"https:\/\/schema.org\",\"@graph\":[{\"@type\":\"WebPage\",\"@id\":\"https:\/\/www.fondazionepirelli.org\/it\/iniziative\/dalle-tech-stories-alla-rinascita-larchivio-storico-pirelli-in-mostra\/\",\"url\":\"https:\/\/www.fondazionepirelli.org\/it\/iniziative\/dalle-tech-stories-alla-rinascita-larchivio-storico-pirelli-in-mostra\/\",\"name\":\"L'Archivio Storico Pirelli in mostra | Fondazione Pirelli\",\"isPartOf\":{\"@id\":\"https:\/\/www.fondazionepirelli.org\/it\/#website\"},\"primaryImageOfPage\":{\"@id\":\"https:\/\/www.fondazionepirelli.org\/it\/iniziative\/dalle-tech-stories-alla-rinascita-larchivio-storico-pirelli-in-mostra\/#primaryimage\"},\"image\":{\"@id\":\"https:\/\/www.fondazionepirelli.org\/it\/iniziative\/dalle-tech-stories-alla-rinascita-larchivio-storico-pirelli-in-mostra\/#primaryimage\"},\"thumbnailUrl\":\"https:\/\/wpsite-assets.fondazionepirelli.org\/wp-content\/uploads\/2019\/05\/20102124\/tech-stories_06-e1579534327542.jpg\",\"datePublished\":\"2013-06-18T00:00:00+00:00\",\"dateModified\":\"2021-10-15T13:50:09+00:00\",\"author\":{\"@id\":\"https:\/\/www.fondazionepirelli.org\/it\/#\/schema\/person\/f47d097000832c4a6e54538c791fdf25\"},\"description\":\"I documenti di Fondazione Pirelli per le mostre \u201cTECH STORIES. Politecnico di Milano 1863-2013\\\" e \\\"Rinascita. Storie dell\u2019Italia che ce l\u2019ha fatta\\\". Scopri di pi\u00f9.\",\"breadcrumb\":{\"@id\":\"https:\/\/www.fondazionepirelli.org\/it\/iniziative\/dalle-tech-stories-alla-rinascita-larchivio-storico-pirelli-in-mostra\/#breadcrumb\"},\"inLanguage\":\"it-IT\",\"potentialAction\":[{\"@type\":\"ReadAction\",\"target\":[\"https:\/\/www.fondazionepirelli.org\/it\/iniziative\/dalle-tech-stories-alla-rinascita-larchivio-storico-pirelli-in-mostra\/\"]}]},{\"@type\":\"ImageObject\",\"inLanguage\":\"it-IT\",\"@id\":\"https:\/\/www.fondazionepirelli.org\/it\/iniziative\/dalle-tech-stories-alla-rinascita-larchivio-storico-pirelli-in-mostra\/#primaryimage\",\"url\":\"https:\/\/wpsite-assets.fondazionepirelli.org\/wp-content\/uploads\/2019\/05\/20102124\/tech-stories_06-e1579534327542.jpg\",\"contentUrl\":\"https:\/\/wpsite-assets.fondazionepirelli.org\/wp-content\/uploads\/2019\/05\/20102124\/tech-stories_06-e1579534327542.jpg\",\"width\":550,\"height\":369,\"caption\":\"|||||||\"},{\"@type\":\"BreadcrumbList\",\"@id\":\"https:\/\/www.fondazionepirelli.org\/it\/iniziative\/dalle-tech-stories-alla-rinascita-larchivio-storico-pirelli-in-mostra\/#breadcrumb\",\"itemListElement\":[{\"@type\":\"ListItem\",\"position\":1,\"name\":\"Home\",\"item\":\"https:\/\/www.fondazionepirelli.org\/it\/\"},{\"@type\":\"ListItem\",\"position\":2,\"name\":\"Dalle \u201cTech Stories\u201d alla \u201cRinascita\u201d: l\u2019Archivio Storico Pirelli in mostra\"}]},{\"@type\":\"WebSite\",\"@id\":\"https:\/\/www.fondazionepirelli.org\/it\/#website\",\"url\":\"https:\/\/www.fondazionepirelli.org\/it\/\",\"name\":\"Fondazione Pirelli\",\"description\":\"\",\"potentialAction\":[{\"@type\":\"SearchAction\",\"target\":{\"@type\":\"EntryPoint\",\"urlTemplate\":\"https:\/\/www.fondazionepirelli.org\/it\/?s={search_term_string}\"},\"query-input\":{\"@type\":\"PropertyValueSpecification\",\"valueRequired\":true,\"valueName\":\"search_term_string\"}}],\"inLanguage\":\"it-IT\"},{\"@type\":\"Person\",\"@id\":\"https:\/\/www.fondazionepirelli.org\/it\/#\/schema\/person\/f47d097000832c4a6e54538c791fdf25\",\"name\":\"fondadmin\",\"image\":{\"@type\":\"ImageObject\",\"inLanguage\":\"it-IT\",\"@id\":\"https:\/\/www.fondazionepirelli.org\/it\/#\/schema\/person\/image\/\",\"url\":\"https:\/\/secure.gravatar.com\/avatar\/e69498a9175ca244966e51e53c88712c024fcebe41f9a05f75657f1bb25e489b?s=96&d=mm&r=g\",\"contentUrl\":\"https:\/\/secure.gravatar.com\/avatar\/e69498a9175ca244966e51e53c88712c024fcebe41f9a05f75657f1bb25e489b?s=96&d=mm&r=g\",\"caption\":\"fondadmin\"},\"url\":\"https:\/\/www.fondazionepirelli.org\/it\/author\/fondadmin\/\"}]}<\/script>\n<!-- \/ Yoast SEO plugin. -->","yoast_head_json":{"title":"L'Archivio Storico Pirelli in mostra | Fondazione Pirelli","description":"I documenti di Fondazione Pirelli per le mostre \u201cTECH STORIES. Politecnico di Milano 1863-2013\" e \"Rinascita. Storie dell\u2019Italia che ce l\u2019ha fatta\". Scopri di pi\u00f9.","robots":{"index":"index","follow":"follow","max-snippet":"max-snippet:-1","max-image-preview":"max-image-preview:large","max-video-preview":"max-video-preview:-1"},"canonical":"https:\/\/www.fondazionepirelli.org\/it\/iniziative\/dalle-tech-stories-alla-rinascita-larchivio-storico-pirelli-in-mostra\/","og_locale":"it_IT","og_type":"article","og_title":"L'Archivio Storico Pirelli in mostra | Fondazione Pirelli","og_description":"I documenti di Fondazione Pirelli per le mostre \u201cTECH STORIES. Politecnico di Milano 1863-2013\" e \"Rinascita. Storie dell\u2019Italia che ce l\u2019ha fatta\". Scopri di pi\u00f9.","og_url":"https:\/\/www.fondazionepirelli.org\/it\/iniziative\/dalle-tech-stories-alla-rinascita-larchivio-storico-pirelli-in-mostra\/","og_site_name":"Fondazione Pirelli","article_published_time":"2013-06-18T00:00:00+00:00","article_modified_time":"2021-10-15T13:50:09+00:00","og_image":[{"width":550,"height":369,"url":"https:\/\/wpsite-assets.fondazionepirelli.org\/wp-content\/uploads\/2019\/05\/20102124\/tech-stories_06-e1579534327542.jpg","type":"image\/jpeg"}],"author":"fondadmin","twitter_card":"summary_large_image","twitter_misc":{"Scritto da":"fondadmin","Tempo di lettura stimato":"2 minuti"},"schema":{"@context":"https:\/\/schema.org","@graph":[{"@type":"WebPage","@id":"https:\/\/www.fondazionepirelli.org\/it\/iniziative\/dalle-tech-stories-alla-rinascita-larchivio-storico-pirelli-in-mostra\/","url":"https:\/\/www.fondazionepirelli.org\/it\/iniziative\/dalle-tech-stories-alla-rinascita-larchivio-storico-pirelli-in-mostra\/","name":"L'Archivio Storico Pirelli in mostra | Fondazione Pirelli","isPartOf":{"@id":"https:\/\/www.fondazionepirelli.org\/it\/#website"},"primaryImageOfPage":{"@id":"https:\/\/www.fondazionepirelli.org\/it\/iniziative\/dalle-tech-stories-alla-rinascita-larchivio-storico-pirelli-in-mostra\/#primaryimage"},"image":{"@id":"https:\/\/www.fondazionepirelli.org\/it\/iniziative\/dalle-tech-stories-alla-rinascita-larchivio-storico-pirelli-in-mostra\/#primaryimage"},"thumbnailUrl":"https:\/\/wpsite-assets.fondazionepirelli.org\/wp-content\/uploads\/2019\/05\/20102124\/tech-stories_06-e1579534327542.jpg","datePublished":"2013-06-18T00:00:00+00:00","dateModified":"2021-10-15T13:50:09+00:00","author":{"@id":"https:\/\/www.fondazionepirelli.org\/it\/#\/schema\/person\/f47d097000832c4a6e54538c791fdf25"},"description":"I documenti di Fondazione Pirelli per le mostre \u201cTECH STORIES. Politecnico di Milano 1863-2013\" e \"Rinascita. Storie dell\u2019Italia che ce l\u2019ha fatta\". Scopri di pi\u00f9.","breadcrumb":{"@id":"https:\/\/www.fondazionepirelli.org\/it\/iniziative\/dalle-tech-stories-alla-rinascita-larchivio-storico-pirelli-in-mostra\/#breadcrumb"},"inLanguage":"it-IT","potentialAction":[{"@type":"ReadAction","target":["https:\/\/www.fondazionepirelli.org\/it\/iniziative\/dalle-tech-stories-alla-rinascita-larchivio-storico-pirelli-in-mostra\/"]}]},{"@type":"ImageObject","inLanguage":"it-IT","@id":"https:\/\/www.fondazionepirelli.org\/it\/iniziative\/dalle-tech-stories-alla-rinascita-larchivio-storico-pirelli-in-mostra\/#primaryimage","url":"https:\/\/wpsite-assets.fondazionepirelli.org\/wp-content\/uploads\/2019\/05\/20102124\/tech-stories_06-e1579534327542.jpg","contentUrl":"https:\/\/wpsite-assets.fondazionepirelli.org\/wp-content\/uploads\/2019\/05\/20102124\/tech-stories_06-e1579534327542.jpg","width":550,"height":369,"caption":"|||||||"},{"@type":"BreadcrumbList","@id":"https:\/\/www.fondazionepirelli.org\/it\/iniziative\/dalle-tech-stories-alla-rinascita-larchivio-storico-pirelli-in-mostra\/#breadcrumb","itemListElement":[{"@type":"ListItem","position":1,"name":"Home","item":"https:\/\/www.fondazionepirelli.org\/it\/"},{"@type":"ListItem","position":2,"name":"Dalle \u201cTech Stories\u201d alla \u201cRinascita\u201d: l\u2019Archivio Storico Pirelli in mostra"}]},{"@type":"WebSite","@id":"https:\/\/www.fondazionepirelli.org\/it\/#website","url":"https:\/\/www.fondazionepirelli.org\/it\/","name":"Fondazione Pirelli","description":"","potentialAction":[{"@type":"SearchAction","target":{"@type":"EntryPoint","urlTemplate":"https:\/\/www.fondazionepirelli.org\/it\/?s={search_term_string}"},"query-input":{"@type":"PropertyValueSpecification","valueRequired":true,"valueName":"search_term_string"}}],"inLanguage":"it-IT"},{"@type":"Person","@id":"https:\/\/www.fondazionepirelli.org\/it\/#\/schema\/person\/f47d097000832c4a6e54538c791fdf25","name":"fondadmin","image":{"@type":"ImageObject","inLanguage":"it-IT","@id":"https:\/\/www.fondazionepirelli.org\/it\/#\/schema\/person\/image\/","url":"https:\/\/secure.gravatar.com\/avatar\/e69498a9175ca244966e51e53c88712c024fcebe41f9a05f75657f1bb25e489b?s=96&d=mm&r=g","contentUrl":"https:\/\/secure.gravatar.com\/avatar\/e69498a9175ca244966e51e53c88712c024fcebe41f9a05f75657f1bb25e489b?s=96&d=mm&r=g","caption":"fondadmin"},"url":"https:\/\/www.fondazionepirelli.org\/it\/author\/fondadmin\/"}]}},"_links":{"self":[{"href":"https:\/\/www.fondazionepirelli.org\/it\/wp-json\/wp\/v2\/posts\/49299\/"}],"collection":[{"href":"https:\/\/www.fondazionepirelli.org\/it\/wp-json\/wp\/v2\/posts\/"}],"about":[{"href":"https:\/\/www.fondazionepirelli.org\/it\/wp-json\/wp\/v2\/types\/post\/"}],"author":[{"embeddable":true,"href":"https:\/\/www.fondazionepirelli.org\/it\/wp-json\/wp\/v2\/users\/1\/"}],"replies":[{"embeddable":true,"href":"https:\/\/www.fondazionepirelli.org\/it\/wp-json\/wp\/v2\/comments\/?post=49299"}],"version-history":[{"count":4,"href":"https:\/\/www.fondazionepirelli.org\/it\/wp-json\/wp\/v2\/posts\/49299\/revisions\/"}],"predecessor-version":[{"id":74089,"href":"https:\/\/www.fondazionepirelli.org\/it\/wp-json\/wp\/v2\/posts\/49299\/revisions\/74089\/"}],"wp:featuredmedia":[{"embeddable":true,"href":"https:\/\/www.fondazionepirelli.org\/it\/wp-json\/wp\/v2\/media\/49300\/"}],"wp:attachment":[{"href":"https:\/\/www.fondazionepirelli.org\/it\/wp-json\/wp\/v2\/media\/?parent=49299"}],"wp:term":[{"taxonomy":"category","embeddable":true,"href":"https:\/\/www.fondazionepirelli.org\/it\/wp-json\/wp\/v2\/categories\/?post=49299"},{"taxonomy":"post_tag","embeddable":true,"href":"https:\/\/www.fondazionepirelli.org\/it\/wp-json\/wp\/v2\/tags\/?post=49299"}],"curies":[{"name":"wp","href":"https:\/\/api.w.org\/{rel}","templated":true}]}}