{"id":49309,"date":"2013-06-10T00:00:00","date_gmt":"2013-06-10T00:00:00","guid":{"rendered":"http:\/\/www.fondazionepirelli.org\/fondazione-pirelli\/competizione-ecco-perche-litalia-perde-ancora-colpi\/"},"modified":"2019-05-20T15:45:02","modified_gmt":"2019-05-20T15:45:02","slug":"competizione-ecco-perche-litalia-perde-ancora-colpi","status":"publish","type":"post","link":"https:\/\/www.fondazionepirelli.org\/it\/cultura-dimpresa\/competizione-ecco-perche-litalia-perde-ancora-colpi\/","title":{"rendered":"Competizione, ecco perch\u00e9 l\u2019Italia perde ancora colpi"},"content":{"rendered":"<p><strong>L\u2019Italia perde ancora colpi, in competitivit\u00e0<\/strong>: \u00a0fa fatica sui mercati internazionali, attrae sempre meno investimenti esteri, vive ancora in recessione per tutto il corso del 2013 e ha prospettive di bassa crescita nel 2014. L\u2019Italia, insomma, arranca. Vede chiudere le sue imprese. E bruciare il capitale pi\u00f9 prezioso, l\u2019industria manifatturiera, che in questi anni ha perso il 15% di capacit\u00e0, ipotecando seriamente lo sviluppo futuro. In altri termini: esiste ancora, nonostante tutto, una robusta cultura d\u2019impresa che impedisce il tracollo dell\u2019Italia, ma non esiste ancora una seria politica dello sviluppo, non si fa buona politica industriale, non si spende adeguatamente in ricerca, innovazione, formazione, tanto da reggere il passo con gli altri paesi che ci sono concorrenti. Insomma, \u201c<a title=\"Quest'Italia si maltratta troppo\" href=\"\/\/www.corriere.it\/economia\/13_giugno_07\/tronchetti-pirelli-camfin_c943c508-cf2b-11e2-b6a8-ee7758ca2279.shtml\" target=\"_blank\" rel=\"noopener noreferrer\"><strong>quest\u2019Italia si maltratta troppo<\/strong><\/a>\u201d, per dirla con le parole di <strong>Marco Tronchetti Provera<\/strong>, presidente Pirelli, in una intervista al <strong>Corriere della Sera<\/strong> (7 giugno).<\/p><p>I dati dell\u2019<strong>IMD World Competitivness Centre di Losanna<\/strong> rivelano che nella classifica annuale della competiivit\u00e0 internazionale (al primo posto ci sono gli Usa, al secondo la Svizzera, al terzo Hong Kong, al quarto la Svezia, al nono la Germania, al diciottesimo la Gran Bretagna, al ventottesimo la Francia) l\u2019Italia \u00e8 al <strong>quarantaquattresimo<\/strong>, scivolando di quattro posizioni rispetto al 2012, quando era gi\u00e0 arretrata. Peggio di noi, Spagna, Portogallo e Grecia. Non \u00e8 una consolazione. Ci sono fattori congiunturali, la recessione. E fattori strutturali, che pesano in negativo: la burocrazia, il fisco, la mancanza di trasparenza, l\u2019incertezza politica, la conseguente scarsit\u00e0 degli investimenti esteri.<\/p><p>Ecco, appunto, un altro elemento di crisi: l<strong>a carenza di investimenti internazionali<\/strong>. Secondo ua recente ricerca di Ernst &amp; Young (Il Sole24Ore, 6 giugno), \u201c<strong>L\u2019Italia respinge gli investitori<\/strong>\u201d e perde quota rispetto agli altri paesi Ue. Meno progetti, meno risorse, meno occupazione, meno innovazione, dunque meno sviluppo.<\/p><p>Chi legge attentamente i giornali, naturalmente, trova anche delle buone notizie. \u00a0Che il gruppo francese <strong>Alstom<\/strong>, per esempio, <strong>investa 34 milioni<\/strong> di euro per costruire a <strong>Sesto San Giovanni<\/strong> un centro di rierca d\u2019eccellenza per la trasmissione di energia. O che la multinazionale americana Valspar compri l\u2019emiliana Inver (vernici) per farne l\u2019headquarter dello sviluppo europeo. \u00a0Che il gruppo Usa <strong>Mohawak<\/strong>, dopo aver comprato le Ceramiche Marazzi, famose nel mondo, metta a vertice dell\u2019impresa proprio un manager italiano, <strong>Mauro Vandini<\/strong>, per fare decollare, con investimenti in nuove tecnologie, un\u2019originale alleanza tra competenze multinazionali e sapienza manifatturiera del distretto di Sassuolo, con l\u2019occhio rivolto ai mercati esteri. Oppure, ancora, che il colosso assicurativo Berkshire Hataway, di cui \u00e8 grande azionista Warren Buffett, sia in gara per comprare le assicurazioni Milano. O, infine, che sia arrivata al 34% la quota del capitale Pirelli nel portafoglio di investitori internazionali. Tutti segni di fiducia, ognuno a suo modo, nelle capacit\u00e0 delle multinazionali italiane, nella vivacit\u00e0 di crescita delle piccole e medie industrie, nella solidit\u00e0 del capitale umano (gli ingegneri del Politecnici di Milano e Torino, per esempio) per le attivit\u00e0 di ricerca industriale d\u2019avanguardia. Buoni investimenti sull\u2019Italia, insomma. Ma tutto questo non basta per essere davvero ottimisti.<\/p><p>Esiste, insomma, un\u2019<strong>Italia attiva e produttiva<\/strong> che \u201c<strong>deve credere nella crescita<\/strong>\u201d, per usare le parole del presidente di Confindustria Giorgio Squinzi, convinto sostenitore dell\u2019importanza dell\u2019industria manifatturiera come cardine dello sviluppo e della necessit\u00e0 di porre a tutta la Ue l\u2019esigenza di \u201creindustrializzare l\u2019Europa\u201d. Ma non ci sono ancora politiche e scelte di governo coerentemente all\u2019altezza della sfida.<\/p><p>Sono parecchie, infatti, in questo quadro, le imprese che stanno facendo la loro parte. Ma <strong>servono lungimiranti misure di sostegno<\/strong>. Non aiuti o incentivi. Semmai, scelte politiche di fondo che creino un ambiente favorevole alle imprese, agli investimenti interni ed esteri, alla nascita di nuove iniziative imprenditoriali, alle \u201cstart up\u201d pi\u00f9 innovative. Investimenti pubblici in innovazione e ricerca, formazione e trasferimento tecnologico. E abbattimento dei vincoli burocratici e fiscali per gli investimenti stessi. Politiche nazionali. Ed europee. Un vero e proprio \u201cindustrial compact\u201d che faccia da leva di crescita, dopo la ricerca dell\u2019equilibrio dei conti pubblici con il \u201c<strong>fiscal compact<\/strong>\u201d. L\u2019Italia industriale sta dimostrando di sapere far fronte alla crisi, pur pagando costi molto pesanti. Governo e politica hanno il dovere di sostenerne resistenza e ripresa.<\/p>\n","protected":false},"excerpt":{"rendered":"<p>L\u2019Italia perde ancora colpi, in competitivit\u00e0: \u00a0fa fatica sui mercati internazionali, attrae sempre meno investimenti esteri, vive ancora in recessione per tutto il corso del 2013 e ha prospettive di bassa crescita nel 2014. L\u2019Italia, insomma, arranca. Vede chiudere le sue imprese. E bruciare il capitale pi\u00f9 prezioso, l\u2019industria manifatturiera, che in questi anni ha [&hellip;]<\/p>\n","protected":false},"author":1,"featured_media":49310,"comment_status":"open","ping_status":"open","sticky":false,"template":"","format":"standard","meta":{"footnotes":""},"categories":[53,52],"tags":[],"class_list":["post-49309","post","type-post","status-publish","format-standard","has-post-thumbnail","hentry","category-blog","category-cultura-dimpresa"],"acf":[],"yoast_head":"<!-- This site is optimized with the Yoast SEO plugin v25.0 - https:\/\/yoast.com\/wordpress\/plugins\/seo\/ -->\n<title>Competizione, ecco perch\u00e9 l\u2019Italia perde ancora colpi - Fondazione Pirelli<\/title>\n<meta name=\"robots\" content=\"index, follow, max-snippet:-1, max-image-preview:large, max-video-preview:-1\" \/>\n<link rel=\"canonical\" href=\"https:\/\/www.fondazionepirelli.org\/it\/cultura-dimpresa\/competizione-ecco-perche-litalia-perde-ancora-colpi\/\" \/>\n<meta property=\"og:locale\" content=\"it_IT\" \/>\n<meta property=\"og:type\" content=\"article\" \/>\n<meta property=\"og:title\" content=\"Competizione, ecco perch\u00e9 l\u2019Italia perde ancora colpi - Fondazione Pirelli\" \/>\n<meta property=\"og:description\" content=\"L\u2019Italia perde ancora colpi, in competitivit\u00e0: \u00a0fa fatica sui mercati internazionali, attrae sempre meno investimenti esteri, vive ancora in recessione per tutto il corso del 2013 e ha prospettive di bassa crescita nel 2014. L\u2019Italia, insomma, arranca. Vede chiudere le sue imprese. E bruciare il capitale pi\u00f9 prezioso, l\u2019industria manifatturiera, che in questi anni ha [&hellip;]\" \/>\n<meta property=\"og:url\" content=\"https:\/\/127.0.0.1\/it\/cultura-dimpresa\/competizione-ecco-perche-litalia-perde-ancora-colpi\/\" \/>\n<meta property=\"og:site_name\" content=\"Fondazione Pirelli\" \/>\n<meta property=\"article:published_time\" content=\"2013-06-10T00:00:00+00:00\" \/>\n<meta property=\"article:modified_time\" content=\"2019-05-20T15:45:02+00:00\" \/>\n<meta property=\"og:image\" content=\"https:\/\/wpsite-assets.fondazionepirelli.org\/wp-content\/uploads\/2019\/05\/20102122\/1370934663428749361.jpg\" \/>\n\t<meta property=\"og:image:width\" content=\"249\" \/>\n\t<meta property=\"og:image:height\" content=\"375\" \/>\n\t<meta property=\"og:image:type\" content=\"image\/jpeg\" \/>\n<meta name=\"author\" content=\"fondadmin\" \/>\n<meta name=\"twitter:card\" content=\"summary_large_image\" \/>\n<meta name=\"twitter:label1\" content=\"Scritto da\" \/>\n\t<meta name=\"twitter:data1\" content=\"fondadmin\" \/>\n\t<meta name=\"twitter:label2\" content=\"Tempo di lettura stimato\" \/>\n\t<meta name=\"twitter:data2\" content=\"3 minuti\" \/>\n<script type=\"application\/ld+json\" class=\"yoast-schema-graph\">{\"@context\":\"https:\/\/schema.org\",\"@graph\":[{\"@type\":\"WebPage\",\"@id\":\"https:\/\/127.0.0.1\/it\/cultura-dimpresa\/competizione-ecco-perche-litalia-perde-ancora-colpi\/\",\"url\":\"https:\/\/127.0.0.1\/it\/cultura-dimpresa\/competizione-ecco-perche-litalia-perde-ancora-colpi\/\",\"name\":\"Competizione, ecco perch\u00e9 l\u2019Italia perde ancora colpi - Fondazione Pirelli\",\"isPartOf\":{\"@id\":\"https:\/\/www.fondazionepirelli.org\/it\/#website\"},\"primaryImageOfPage\":{\"@id\":\"https:\/\/127.0.0.1\/it\/cultura-dimpresa\/competizione-ecco-perche-litalia-perde-ancora-colpi\/#primaryimage\"},\"image\":{\"@id\":\"https:\/\/127.0.0.1\/it\/cultura-dimpresa\/competizione-ecco-perche-litalia-perde-ancora-colpi\/#primaryimage\"},\"thumbnailUrl\":\"https:\/\/wpsite-assets.fondazionepirelli.org\/wp-content\/uploads\/2019\/05\/20102122\/1370934663428749361.jpg\",\"datePublished\":\"2013-06-10T00:00:00+00:00\",\"dateModified\":\"2019-05-20T15:45:02+00:00\",\"author\":{\"@id\":\"https:\/\/www.fondazionepirelli.org\/it\/#\/schema\/person\/f47d097000832c4a6e54538c791fdf25\"},\"breadcrumb\":{\"@id\":\"https:\/\/127.0.0.1\/it\/cultura-dimpresa\/competizione-ecco-perche-litalia-perde-ancora-colpi\/#breadcrumb\"},\"inLanguage\":\"it-IT\",\"potentialAction\":[{\"@type\":\"ReadAction\",\"target\":[\"https:\/\/127.0.0.1\/it\/cultura-dimpresa\/competizione-ecco-perche-litalia-perde-ancora-colpi\/\"]}]},{\"@type\":\"ImageObject\",\"inLanguage\":\"it-IT\",\"@id\":\"https:\/\/127.0.0.1\/it\/cultura-dimpresa\/competizione-ecco-perche-litalia-perde-ancora-colpi\/#primaryimage\",\"url\":\"https:\/\/wpsite-assets.fondazionepirelli.org\/wp-content\/uploads\/2019\/05\/20102122\/1370934663428749361.jpg\",\"contentUrl\":\"https:\/\/wpsite-assets.fondazionepirelli.org\/wp-content\/uploads\/2019\/05\/20102122\/1370934663428749361.jpg\",\"width\":249,\"height\":375},{\"@type\":\"BreadcrumbList\",\"@id\":\"https:\/\/127.0.0.1\/it\/cultura-dimpresa\/competizione-ecco-perche-litalia-perde-ancora-colpi\/#breadcrumb\",\"itemListElement\":[{\"@type\":\"ListItem\",\"position\":1,\"name\":\"Home\",\"item\":\"https:\/\/www.fondazionepirelli.org\/it\/\"},{\"@type\":\"ListItem\",\"position\":2,\"name\":\"Competizione, ecco perch\u00e9 l\u2019Italia perde ancora colpi\"}]},{\"@type\":\"WebSite\",\"@id\":\"https:\/\/www.fondazionepirelli.org\/it\/#website\",\"url\":\"https:\/\/www.fondazionepirelli.org\/it\/\",\"name\":\"Fondazione Pirelli\",\"description\":\"\",\"potentialAction\":[{\"@type\":\"SearchAction\",\"target\":{\"@type\":\"EntryPoint\",\"urlTemplate\":\"https:\/\/www.fondazionepirelli.org\/it\/?s={search_term_string}\"},\"query-input\":{\"@type\":\"PropertyValueSpecification\",\"valueRequired\":true,\"valueName\":\"search_term_string\"}}],\"inLanguage\":\"it-IT\"},{\"@type\":\"Person\",\"@id\":\"https:\/\/www.fondazionepirelli.org\/it\/#\/schema\/person\/f47d097000832c4a6e54538c791fdf25\",\"name\":\"fondadmin\",\"image\":{\"@type\":\"ImageObject\",\"inLanguage\":\"it-IT\",\"@id\":\"https:\/\/www.fondazionepirelli.org\/it\/#\/schema\/person\/image\/\",\"url\":\"https:\/\/secure.gravatar.com\/avatar\/e69498a9175ca244966e51e53c88712c024fcebe41f9a05f75657f1bb25e489b?s=96&d=mm&r=g\",\"contentUrl\":\"https:\/\/secure.gravatar.com\/avatar\/e69498a9175ca244966e51e53c88712c024fcebe41f9a05f75657f1bb25e489b?s=96&d=mm&r=g\",\"caption\":\"fondadmin\"},\"url\":\"https:\/\/www.fondazionepirelli.org\/it\/author\/fondadmin\/\"}]}<\/script>\n<!-- \/ Yoast SEO plugin. -->","yoast_head_json":{"title":"Competizione, ecco perch\u00e9 l\u2019Italia perde ancora colpi - Fondazione Pirelli","robots":{"index":"index","follow":"follow","max-snippet":"max-snippet:-1","max-image-preview":"max-image-preview:large","max-video-preview":"max-video-preview:-1"},"canonical":"https:\/\/www.fondazionepirelli.org\/it\/cultura-dimpresa\/competizione-ecco-perche-litalia-perde-ancora-colpi\/","og_locale":"it_IT","og_type":"article","og_title":"Competizione, ecco perch\u00e9 l\u2019Italia perde ancora colpi - Fondazione Pirelli","og_description":"L\u2019Italia perde ancora colpi, in competitivit\u00e0: \u00a0fa fatica sui mercati internazionali, attrae sempre meno investimenti esteri, vive ancora in recessione per tutto il corso del 2013 e ha prospettive di bassa crescita nel 2014. L\u2019Italia, insomma, arranca. Vede chiudere le sue imprese. E bruciare il capitale pi\u00f9 prezioso, l\u2019industria manifatturiera, che in questi anni ha [&hellip;]","og_url":"https:\/\/127.0.0.1\/it\/cultura-dimpresa\/competizione-ecco-perche-litalia-perde-ancora-colpi\/","og_site_name":"Fondazione Pirelli","article_published_time":"2013-06-10T00:00:00+00:00","article_modified_time":"2019-05-20T15:45:02+00:00","og_image":[{"width":249,"height":375,"url":"https:\/\/wpsite-assets.fondazionepirelli.org\/wp-content\/uploads\/2019\/05\/20102122\/1370934663428749361.jpg","type":"image\/jpeg"}],"author":"fondadmin","twitter_card":"summary_large_image","twitter_misc":{"Scritto da":"fondadmin","Tempo di lettura stimato":"3 minuti"},"schema":{"@context":"https:\/\/schema.org","@graph":[{"@type":"WebPage","@id":"https:\/\/127.0.0.1\/it\/cultura-dimpresa\/competizione-ecco-perche-litalia-perde-ancora-colpi\/","url":"https:\/\/127.0.0.1\/it\/cultura-dimpresa\/competizione-ecco-perche-litalia-perde-ancora-colpi\/","name":"Competizione, ecco perch\u00e9 l\u2019Italia perde ancora colpi - Fondazione Pirelli","isPartOf":{"@id":"https:\/\/www.fondazionepirelli.org\/it\/#website"},"primaryImageOfPage":{"@id":"https:\/\/127.0.0.1\/it\/cultura-dimpresa\/competizione-ecco-perche-litalia-perde-ancora-colpi\/#primaryimage"},"image":{"@id":"https:\/\/127.0.0.1\/it\/cultura-dimpresa\/competizione-ecco-perche-litalia-perde-ancora-colpi\/#primaryimage"},"thumbnailUrl":"https:\/\/wpsite-assets.fondazionepirelli.org\/wp-content\/uploads\/2019\/05\/20102122\/1370934663428749361.jpg","datePublished":"2013-06-10T00:00:00+00:00","dateModified":"2019-05-20T15:45:02+00:00","author":{"@id":"https:\/\/www.fondazionepirelli.org\/it\/#\/schema\/person\/f47d097000832c4a6e54538c791fdf25"},"breadcrumb":{"@id":"https:\/\/127.0.0.1\/it\/cultura-dimpresa\/competizione-ecco-perche-litalia-perde-ancora-colpi\/#breadcrumb"},"inLanguage":"it-IT","potentialAction":[{"@type":"ReadAction","target":["https:\/\/127.0.0.1\/it\/cultura-dimpresa\/competizione-ecco-perche-litalia-perde-ancora-colpi\/"]}]},{"@type":"ImageObject","inLanguage":"it-IT","@id":"https:\/\/127.0.0.1\/it\/cultura-dimpresa\/competizione-ecco-perche-litalia-perde-ancora-colpi\/#primaryimage","url":"https:\/\/wpsite-assets.fondazionepirelli.org\/wp-content\/uploads\/2019\/05\/20102122\/1370934663428749361.jpg","contentUrl":"https:\/\/wpsite-assets.fondazionepirelli.org\/wp-content\/uploads\/2019\/05\/20102122\/1370934663428749361.jpg","width":249,"height":375},{"@type":"BreadcrumbList","@id":"https:\/\/127.0.0.1\/it\/cultura-dimpresa\/competizione-ecco-perche-litalia-perde-ancora-colpi\/#breadcrumb","itemListElement":[{"@type":"ListItem","position":1,"name":"Home","item":"https:\/\/www.fondazionepirelli.org\/it\/"},{"@type":"ListItem","position":2,"name":"Competizione, ecco perch\u00e9 l\u2019Italia perde ancora colpi"}]},{"@type":"WebSite","@id":"https:\/\/www.fondazionepirelli.org\/it\/#website","url":"https:\/\/www.fondazionepirelli.org\/it\/","name":"Fondazione Pirelli","description":"","potentialAction":[{"@type":"SearchAction","target":{"@type":"EntryPoint","urlTemplate":"https:\/\/www.fondazionepirelli.org\/it\/?s={search_term_string}"},"query-input":{"@type":"PropertyValueSpecification","valueRequired":true,"valueName":"search_term_string"}}],"inLanguage":"it-IT"},{"@type":"Person","@id":"https:\/\/www.fondazionepirelli.org\/it\/#\/schema\/person\/f47d097000832c4a6e54538c791fdf25","name":"fondadmin","image":{"@type":"ImageObject","inLanguage":"it-IT","@id":"https:\/\/www.fondazionepirelli.org\/it\/#\/schema\/person\/image\/","url":"https:\/\/secure.gravatar.com\/avatar\/e69498a9175ca244966e51e53c88712c024fcebe41f9a05f75657f1bb25e489b?s=96&d=mm&r=g","contentUrl":"https:\/\/secure.gravatar.com\/avatar\/e69498a9175ca244966e51e53c88712c024fcebe41f9a05f75657f1bb25e489b?s=96&d=mm&r=g","caption":"fondadmin"},"url":"https:\/\/www.fondazionepirelli.org\/it\/author\/fondadmin\/"}]}},"_links":{"self":[{"href":"https:\/\/www.fondazionepirelli.org\/it\/wp-json\/wp\/v2\/posts\/49309\/"}],"collection":[{"href":"https:\/\/www.fondazionepirelli.org\/it\/wp-json\/wp\/v2\/posts\/"}],"about":[{"href":"https:\/\/www.fondazionepirelli.org\/it\/wp-json\/wp\/v2\/types\/post\/"}],"author":[{"embeddable":true,"href":"https:\/\/www.fondazionepirelli.org\/it\/wp-json\/wp\/v2\/users\/1\/"}],"replies":[{"embeddable":true,"href":"https:\/\/www.fondazionepirelli.org\/it\/wp-json\/wp\/v2\/comments\/?post=49309"}],"version-history":[{"count":1,"href":"https:\/\/www.fondazionepirelli.org\/it\/wp-json\/wp\/v2\/posts\/49309\/revisions\/"}],"predecessor-version":[{"id":55581,"href":"https:\/\/www.fondazionepirelli.org\/it\/wp-json\/wp\/v2\/posts\/49309\/revisions\/55581\/"}],"wp:featuredmedia":[{"embeddable":true,"href":"https:\/\/www.fondazionepirelli.org\/it\/wp-json\/wp\/v2\/media\/49310\/"}],"wp:attachment":[{"href":"https:\/\/www.fondazionepirelli.org\/it\/wp-json\/wp\/v2\/media\/?parent=49309"}],"wp:term":[{"taxonomy":"category","embeddable":true,"href":"https:\/\/www.fondazionepirelli.org\/it\/wp-json\/wp\/v2\/categories\/?post=49309"},{"taxonomy":"post_tag","embeddable":true,"href":"https:\/\/www.fondazionepirelli.org\/it\/wp-json\/wp\/v2\/tags\/?post=49309"}],"curies":[{"name":"wp","href":"https:\/\/api.w.org\/{rel}","templated":true}]}}