{"id":49313,"date":"2013-06-10T00:00:00","date_gmt":"2013-06-10T00:00:00","guid":{"rendered":"http:\/\/www.fondazionepirelli.org\/fondazione-pirelli\/racconti-di-fabbrica\/"},"modified":"2019-05-27T15:58:36","modified_gmt":"2019-05-27T15:58:36","slug":"racconti-di-fabbrica","status":"publish","type":"post","link":"https:\/\/www.fondazionepirelli.org\/it\/cultura-dimpresa\/racconti-di-fabbrica\/","title":{"rendered":"Racconti di fabbrica"},"content":{"rendered":"<p><strong>La fabbrica \u00e8 vita<\/strong>, vita vissuta. Di operai e di imprenditori, di lotte e di conquiste, conflitti e collaborazioni. La fabbrica, la manifattura, non produce solo oggetti, ma sensazioni, rumori, odori, visioni, esperienze, ricordi, uomini e donne, ingegno, emozioni. Anche oggi, come in passato, seppur in maniera diversa. Ammodernata e rivista, pi\u00f9 attenta all\u2019ambiente e al sociale, pi\u00f9 \u201cconfortevole\u201d di un tempo, la fabbrica esiste. Tanto da fare dell\u2019Italia, ancora, il secondo paese manifatturiero dopo la Germania. E da dare alla nostra manifattura il compito di fare da asse portante di una nuova stagione di sviluppo economico.<\/p>\n<p>Comprendere come e perch\u00e9 oggi le fabbriche siano ancora luoghi determinanti e reali e in che modo siano giunti fino a noi, \u00e8 quindi importante. Soprattutto se gli elementi per capire arrivano non tanto dalla freddezza dei numeri e dei diagrammi, ma dal calore delle parole e dei racconti.<\/p>\n<p>Per questo \u201c<strong>Fabbrica di carta. I libri che raccontano l\u2019Italia industriale<\/strong>\u201d \u00a0\u00e8 un volume da leggere pi\u00f9 volte. Una sorta di <strong>summa<\/strong> di quanto la letteratura italiana, in poco meno di un secolo, \u00e8 riuscita a produrre proprio sul tema dell\u2019industria e di quanto si svolge dentro e attorno ad essa. Niente di scientifico e di esatto. Ma proprio per questo tutto molto concreto e reale.<\/p>\n<p><strong>Giorgio Bigatti<\/strong> (che insegna Storia economica alla Bocconi) e <strong>Giuseppe Lupo<\/strong> (docente di Letteratura italiana alla Cattolica), in poco pi\u00f9 di 300 pagine (edite da Laterza sotto gli auspici di Assolombarda, con prefazione di <strong>Alberto Meomartini<\/strong> e introduzione di <strong>Antonio Calabr\u00f2<\/strong>), hanno raccolto il meglio dei \u201cracconti di fabbrica\u201d di scrittori come <strong>Volponi<\/strong>, <strong>Sereni<\/strong>, <strong>Levi<\/strong>, <strong>Calvino<\/strong>, <strong>Ottieri<\/strong>, <strong>Giudici<\/strong>, <strong>Fortini<\/strong>, <strong>Vittorini<\/strong>, <strong>Arpino,<\/strong> <strong>Gadda<\/strong>, <strong>Pratolini<\/strong> e molti altri ancora. Tre le grandi parti del libro: \u201c<strong>Panorami dell\u2019Italia industriale<\/strong>\u201d, \u201cPersonaggi in cerca di lettori\u201d e una \u201cAppendice\u201d di \u201cScritture del presente\u201d. Dentro, estratti, pillole, lampi di fabbriche italiane a cavallo fra vecchio e nuovo secolo.<\/p>\n<p>Ne \u00e8 nato un libro da gustare con calma e sul quale tornare. E, perch\u00e9 no?, da fare circolare in scuole e universit\u00e0, per approfondire un aspetto chiave della nostra \u201c<strong>identit\u00e0 italiana<\/strong>\u201d. Una sorta di vademecum di quella cultura d\u2019impresa che \u00e8 una delle testimonianze pi\u00f9 attuali \u00a0e \u00a0importanti del nostro Paese.<\/p><p><strong>Fabbrica di carta. I libri che raccontano l\u2019Italia industriale.<\/strong><\/p>\n<p>A cura di G. Bigatti e G. Lupo<\/p>\n<p>Laterza, 2013<\/p>\n","protected":false},"excerpt":{"rendered":"<p>La fabbrica \u00e8 vita, vita vissuta. Di operai e di imprenditori, di lotte e di conquiste, conflitti e collaborazioni. La fabbrica, la manifattura, non produce solo oggetti, ma sensazioni, rumori, odori, visioni, esperienze, ricordi, uomini e donne, ingegno, emozioni. Anche oggi, come in passato, seppur in maniera diversa. Ammodernata e rivista, pi\u00f9 attenta all\u2019ambiente e [&hellip;]<\/p>\n","protected":false},"author":1,"featured_media":49314,"comment_status":"open","ping_status":"open","sticky":false,"template":"","format":"standard","meta":{"footnotes":""},"categories":[52,58],"tags":[],"class_list":["post-49313","post","type-post","status-publish","format-standard","has-post-thumbnail","hentry","category-cultura-dimpresa","category-recensioni-libri"],"acf":[],"yoast_head":"<!-- This site is optimized with the Yoast SEO plugin v25.0 - https:\/\/yoast.com\/wordpress\/plugins\/seo\/ -->\n<title>Racconti di fabbrica - Fondazione Pirelli<\/title>\n<meta name=\"robots\" content=\"index, follow, max-snippet:-1, max-image-preview:large, max-video-preview:-1\" \/>\n<link rel=\"canonical\" href=\"https:\/\/www.fondazionepirelli.org\/it\/cultura-dimpresa\/racconti-di-fabbrica\/\" \/>\n<meta property=\"og:locale\" content=\"it_IT\" \/>\n<meta property=\"og:type\" content=\"article\" \/>\n<meta property=\"og:title\" content=\"Racconti di fabbrica - Fondazione Pirelli\" \/>\n<meta property=\"og:description\" content=\"La fabbrica \u00e8 vita, vita vissuta. Di operai e di imprenditori, di lotte e di conquiste, conflitti e collaborazioni. La fabbrica, la manifattura, non produce solo oggetti, ma sensazioni, rumori, odori, visioni, esperienze, ricordi, uomini e donne, ingegno, emozioni. Anche oggi, come in passato, seppur in maniera diversa. Ammodernata e rivista, pi\u00f9 attenta all\u2019ambiente e [&hellip;]\" \/>\n<meta property=\"og:url\" content=\"https:\/\/www.fondazionepirelli.org\/it\/cultura-dimpresa\/racconti-di-fabbrica\/\" \/>\n<meta property=\"og:site_name\" content=\"Fondazione Pirelli\" \/>\n<meta property=\"article:published_time\" content=\"2013-06-10T00:00:00+00:00\" \/>\n<meta property=\"article:modified_time\" content=\"2019-05-27T15:58:36+00:00\" \/>\n<meta property=\"og:image\" content=\"https:\/\/wpsite-assets.fondazionepirelli.org\/wp-content\/uploads\/2019\/05\/20102122\/1370936332286575673.jpg\" \/>\n\t<meta property=\"og:image:width\" content=\"247\" \/>\n\t<meta property=\"og:image:height\" content=\"379\" \/>\n\t<meta property=\"og:image:type\" content=\"image\/jpeg\" \/>\n<meta name=\"author\" content=\"fondadmin\" \/>\n<meta name=\"twitter:card\" content=\"summary_large_image\" \/>\n<meta name=\"twitter:label1\" content=\"Scritto da\" \/>\n\t<meta name=\"twitter:data1\" content=\"fondadmin\" \/>\n\t<meta name=\"twitter:label2\" content=\"Tempo di lettura stimato\" \/>\n\t<meta name=\"twitter:data2\" content=\"2 minuti\" \/>\n<script type=\"application\/ld+json\" class=\"yoast-schema-graph\">{\"@context\":\"https:\/\/schema.org\",\"@graph\":[{\"@type\":\"WebPage\",\"@id\":\"https:\/\/www.fondazionepirelli.org\/it\/cultura-dimpresa\/racconti-di-fabbrica\/\",\"url\":\"https:\/\/www.fondazionepirelli.org\/it\/cultura-dimpresa\/racconti-di-fabbrica\/\",\"name\":\"Racconti di fabbrica - Fondazione Pirelli\",\"isPartOf\":{\"@id\":\"https:\/\/www.fondazionepirelli.org\/it\/#website\"},\"primaryImageOfPage\":{\"@id\":\"https:\/\/www.fondazionepirelli.org\/it\/cultura-dimpresa\/racconti-di-fabbrica\/#primaryimage\"},\"image\":{\"@id\":\"https:\/\/www.fondazionepirelli.org\/it\/cultura-dimpresa\/racconti-di-fabbrica\/#primaryimage\"},\"thumbnailUrl\":\"https:\/\/wpsite-assets.fondazionepirelli.org\/wp-content\/uploads\/2019\/05\/20102122\/1370936332286575673.jpg\",\"datePublished\":\"2013-06-10T00:00:00+00:00\",\"dateModified\":\"2019-05-27T15:58:36+00:00\",\"author\":{\"@id\":\"https:\/\/www.fondazionepirelli.org\/it\/#\/schema\/person\/f47d097000832c4a6e54538c791fdf25\"},\"breadcrumb\":{\"@id\":\"https:\/\/www.fondazionepirelli.org\/it\/cultura-dimpresa\/racconti-di-fabbrica\/#breadcrumb\"},\"inLanguage\":\"it-IT\",\"potentialAction\":[{\"@type\":\"ReadAction\",\"target\":[\"https:\/\/www.fondazionepirelli.org\/it\/cultura-dimpresa\/racconti-di-fabbrica\/\"]}]},{\"@type\":\"ImageObject\",\"inLanguage\":\"it-IT\",\"@id\":\"https:\/\/www.fondazionepirelli.org\/it\/cultura-dimpresa\/racconti-di-fabbrica\/#primaryimage\",\"url\":\"https:\/\/wpsite-assets.fondazionepirelli.org\/wp-content\/uploads\/2019\/05\/20102122\/1370936332286575673.jpg\",\"contentUrl\":\"https:\/\/wpsite-assets.fondazionepirelli.org\/wp-content\/uploads\/2019\/05\/20102122\/1370936332286575673.jpg\",\"width\":247,\"height\":379},{\"@type\":\"BreadcrumbList\",\"@id\":\"https:\/\/www.fondazionepirelli.org\/it\/cultura-dimpresa\/racconti-di-fabbrica\/#breadcrumb\",\"itemListElement\":[{\"@type\":\"ListItem\",\"position\":1,\"name\":\"Home\",\"item\":\"https:\/\/www.fondazionepirelli.org\/it\/\"},{\"@type\":\"ListItem\",\"position\":2,\"name\":\"Racconti di fabbrica\"}]},{\"@type\":\"WebSite\",\"@id\":\"https:\/\/www.fondazionepirelli.org\/it\/#website\",\"url\":\"https:\/\/www.fondazionepirelli.org\/it\/\",\"name\":\"Fondazione Pirelli\",\"description\":\"\",\"potentialAction\":[{\"@type\":\"SearchAction\",\"target\":{\"@type\":\"EntryPoint\",\"urlTemplate\":\"https:\/\/www.fondazionepirelli.org\/it\/?s={search_term_string}\"},\"query-input\":{\"@type\":\"PropertyValueSpecification\",\"valueRequired\":true,\"valueName\":\"search_term_string\"}}],\"inLanguage\":\"it-IT\"},{\"@type\":\"Person\",\"@id\":\"https:\/\/www.fondazionepirelli.org\/it\/#\/schema\/person\/f47d097000832c4a6e54538c791fdf25\",\"name\":\"fondadmin\",\"image\":{\"@type\":\"ImageObject\",\"inLanguage\":\"it-IT\",\"@id\":\"https:\/\/www.fondazionepirelli.org\/it\/#\/schema\/person\/image\/\",\"url\":\"https:\/\/secure.gravatar.com\/avatar\/e69498a9175ca244966e51e53c88712c024fcebe41f9a05f75657f1bb25e489b?s=96&d=mm&r=g\",\"contentUrl\":\"https:\/\/secure.gravatar.com\/avatar\/e69498a9175ca244966e51e53c88712c024fcebe41f9a05f75657f1bb25e489b?s=96&d=mm&r=g\",\"caption\":\"fondadmin\"},\"url\":\"https:\/\/www.fondazionepirelli.org\/it\/author\/fondadmin\/\"}]}<\/script>\n<!-- \/ Yoast SEO plugin. -->","yoast_head_json":{"title":"Racconti di fabbrica - Fondazione Pirelli","robots":{"index":"index","follow":"follow","max-snippet":"max-snippet:-1","max-image-preview":"max-image-preview:large","max-video-preview":"max-video-preview:-1"},"canonical":"https:\/\/www.fondazionepirelli.org\/it\/cultura-dimpresa\/racconti-di-fabbrica\/","og_locale":"it_IT","og_type":"article","og_title":"Racconti di fabbrica - Fondazione Pirelli","og_description":"La fabbrica \u00e8 vita, vita vissuta. Di operai e di imprenditori, di lotte e di conquiste, conflitti e collaborazioni. La fabbrica, la manifattura, non produce solo oggetti, ma sensazioni, rumori, odori, visioni, esperienze, ricordi, uomini e donne, ingegno, emozioni. Anche oggi, come in passato, seppur in maniera diversa. Ammodernata e rivista, pi\u00f9 attenta all\u2019ambiente e [&hellip;]","og_url":"https:\/\/www.fondazionepirelli.org\/it\/cultura-dimpresa\/racconti-di-fabbrica\/","og_site_name":"Fondazione Pirelli","article_published_time":"2013-06-10T00:00:00+00:00","article_modified_time":"2019-05-27T15:58:36+00:00","og_image":[{"width":247,"height":379,"url":"https:\/\/wpsite-assets.fondazionepirelli.org\/wp-content\/uploads\/2019\/05\/20102122\/1370936332286575673.jpg","type":"image\/jpeg"}],"author":"fondadmin","twitter_card":"summary_large_image","twitter_misc":{"Scritto da":"fondadmin","Tempo di lettura stimato":"2 minuti"},"schema":{"@context":"https:\/\/schema.org","@graph":[{"@type":"WebPage","@id":"https:\/\/www.fondazionepirelli.org\/it\/cultura-dimpresa\/racconti-di-fabbrica\/","url":"https:\/\/www.fondazionepirelli.org\/it\/cultura-dimpresa\/racconti-di-fabbrica\/","name":"Racconti di fabbrica - Fondazione Pirelli","isPartOf":{"@id":"https:\/\/www.fondazionepirelli.org\/it\/#website"},"primaryImageOfPage":{"@id":"https:\/\/www.fondazionepirelli.org\/it\/cultura-dimpresa\/racconti-di-fabbrica\/#primaryimage"},"image":{"@id":"https:\/\/www.fondazionepirelli.org\/it\/cultura-dimpresa\/racconti-di-fabbrica\/#primaryimage"},"thumbnailUrl":"https:\/\/wpsite-assets.fondazionepirelli.org\/wp-content\/uploads\/2019\/05\/20102122\/1370936332286575673.jpg","datePublished":"2013-06-10T00:00:00+00:00","dateModified":"2019-05-27T15:58:36+00:00","author":{"@id":"https:\/\/www.fondazionepirelli.org\/it\/#\/schema\/person\/f47d097000832c4a6e54538c791fdf25"},"breadcrumb":{"@id":"https:\/\/www.fondazionepirelli.org\/it\/cultura-dimpresa\/racconti-di-fabbrica\/#breadcrumb"},"inLanguage":"it-IT","potentialAction":[{"@type":"ReadAction","target":["https:\/\/www.fondazionepirelli.org\/it\/cultura-dimpresa\/racconti-di-fabbrica\/"]}]},{"@type":"ImageObject","inLanguage":"it-IT","@id":"https:\/\/www.fondazionepirelli.org\/it\/cultura-dimpresa\/racconti-di-fabbrica\/#primaryimage","url":"https:\/\/wpsite-assets.fondazionepirelli.org\/wp-content\/uploads\/2019\/05\/20102122\/1370936332286575673.jpg","contentUrl":"https:\/\/wpsite-assets.fondazionepirelli.org\/wp-content\/uploads\/2019\/05\/20102122\/1370936332286575673.jpg","width":247,"height":379},{"@type":"BreadcrumbList","@id":"https:\/\/www.fondazionepirelli.org\/it\/cultura-dimpresa\/racconti-di-fabbrica\/#breadcrumb","itemListElement":[{"@type":"ListItem","position":1,"name":"Home","item":"https:\/\/www.fondazionepirelli.org\/it\/"},{"@type":"ListItem","position":2,"name":"Racconti di fabbrica"}]},{"@type":"WebSite","@id":"https:\/\/www.fondazionepirelli.org\/it\/#website","url":"https:\/\/www.fondazionepirelli.org\/it\/","name":"Fondazione Pirelli","description":"","potentialAction":[{"@type":"SearchAction","target":{"@type":"EntryPoint","urlTemplate":"https:\/\/www.fondazionepirelli.org\/it\/?s={search_term_string}"},"query-input":{"@type":"PropertyValueSpecification","valueRequired":true,"valueName":"search_term_string"}}],"inLanguage":"it-IT"},{"@type":"Person","@id":"https:\/\/www.fondazionepirelli.org\/it\/#\/schema\/person\/f47d097000832c4a6e54538c791fdf25","name":"fondadmin","image":{"@type":"ImageObject","inLanguage":"it-IT","@id":"https:\/\/www.fondazionepirelli.org\/it\/#\/schema\/person\/image\/","url":"https:\/\/secure.gravatar.com\/avatar\/e69498a9175ca244966e51e53c88712c024fcebe41f9a05f75657f1bb25e489b?s=96&d=mm&r=g","contentUrl":"https:\/\/secure.gravatar.com\/avatar\/e69498a9175ca244966e51e53c88712c024fcebe41f9a05f75657f1bb25e489b?s=96&d=mm&r=g","caption":"fondadmin"},"url":"https:\/\/www.fondazionepirelli.org\/it\/author\/fondadmin\/"}]}},"_links":{"self":[{"href":"https:\/\/www.fondazionepirelli.org\/it\/wp-json\/wp\/v2\/posts\/49313\/"}],"collection":[{"href":"https:\/\/www.fondazionepirelli.org\/it\/wp-json\/wp\/v2\/posts\/"}],"about":[{"href":"https:\/\/www.fondazionepirelli.org\/it\/wp-json\/wp\/v2\/types\/post\/"}],"author":[{"embeddable":true,"href":"https:\/\/www.fondazionepirelli.org\/it\/wp-json\/wp\/v2\/users\/1\/"}],"replies":[{"embeddable":true,"href":"https:\/\/www.fondazionepirelli.org\/it\/wp-json\/wp\/v2\/comments\/?post=49313"}],"version-history":[{"count":1,"href":"https:\/\/www.fondazionepirelli.org\/it\/wp-json\/wp\/v2\/posts\/49313\/revisions\/"}],"predecessor-version":[{"id":56339,"href":"https:\/\/www.fondazionepirelli.org\/it\/wp-json\/wp\/v2\/posts\/49313\/revisions\/56339\/"}],"wp:featuredmedia":[{"embeddable":true,"href":"https:\/\/www.fondazionepirelli.org\/it\/wp-json\/wp\/v2\/media\/49314\/"}],"wp:attachment":[{"href":"https:\/\/www.fondazionepirelli.org\/it\/wp-json\/wp\/v2\/media\/?parent=49313"}],"wp:term":[{"taxonomy":"category","embeddable":true,"href":"https:\/\/www.fondazionepirelli.org\/it\/wp-json\/wp\/v2\/categories\/?post=49313"},{"taxonomy":"post_tag","embeddable":true,"href":"https:\/\/www.fondazionepirelli.org\/it\/wp-json\/wp\/v2\/tags\/?post=49313"}],"curies":[{"name":"wp","href":"https:\/\/api.w.org\/{rel}","templated":true}]}}