{"id":49319,"date":"2013-06-03T00:00:00","date_gmt":"2013-06-03T00:00:00","guid":{"rendered":"http:\/\/www.fondazionepirelli.org\/fondazione-pirelli\/ogni-impresa-e-un-mondo-nel-mondo\/"},"modified":"2019-05-24T09:37:09","modified_gmt":"2019-05-24T09:37:09","slug":"ogni-impresa-e-un-mondo-nel-mondo","status":"publish","type":"post","link":"https:\/\/www.fondazionepirelli.org\/it\/cultura-dimpresa\/ogni-impresa-e-un-mondo-nel-mondo\/","title":{"rendered":"Ogni impresa \u00e8 un mondo nel mondo"},"content":{"rendered":"<p>Globalizzate ma spesso ancora influenzate dalla cultura del territorio in cui sono nate. Le imprese che tentano e riescono a percorrere i mercati internazionali, sono spesso ancora in questa situazione. Pensano globale, ma si guardano ancora indietro. Agiscono internazionalmente, ma sono ancora caratterizzate dalla cultura che le ha generate. Capire di pi\u00f9 cosa nasce dall\u2019unione \u00a0fra motivazioni globali ed emozioni locali \u00e8 importante per comprendere meglio come si fa impresa oggi.<\/p>\n<p>Si tratta di una ricerca che deve essere condotta a pi\u00f9 mani, tante quante sono le culture che hanno dato vita a modi diversi di intendere il fare impresa.<\/p>\n<p>Per questo \u00e8 interessante \u201c<strong>The Effect of Cultural Infrastructure in Business Management: Comparison of Turkish and Japanese Business Cultures<\/strong>\u201d di <strong>K\u00fcr\u015fat \u00d6zda\u015fli<\/strong> (professore di economia alla \u00a0Mehmet Akif University di Burdur in Turchia) e di <strong>O\u011fuzhan Aytar<\/strong> (corrispondente della Karamano\u011flu Mehmetbey University di Karaman sempre in Turchia).<\/p>\n<p>Lo studio parte da una affermazione: l\u2019<strong>influenza della globalizzazione<\/strong> &#8211; cio\u00e8 di un insieme standardizzato di regole che influenzano la produzione e i comportamenti di consumo -, \u00e8 stata ormai accettata. Ma pur prendendo in considerazione i principi del globale, le singole comunit\u00e0 d\u2019impresa riflettono anche \u201c<strong>le caratteristiche della cultura sociale che \u00e8 in grado di integrare la tecnica<\/strong>\u201d.<\/p>\n<p>Per capire meglio, i due autori hanno esaminato e confrontato il modo di fare impresa in <strong>Giappone<\/strong> e in <strong>Turchia<\/strong>. Sono state quindi approfonditi la storia e i valori culturali caratteristici dei due sistemi produttivi, le differenze e le similitudini nella gestione d\u2019impresa e si \u00e8 cercato di stabilire i punti chiave alla base del successo delle imprese giapponesi e le caratteristiche della \u201ccultura d\u2019affari\u201d degli imprenditori turchi. Ne \u00e8 nata la conferma, provata dall\u2019indagine, dell\u2019unicit\u00e0 delle imprese giapponesi e della funzione di \u201cponte\u201d fra mondi diversi dell\u2019imprenditorialit\u00e0 turca. Ma \u00d6zda\u015fli e Aytar arrivano anche ad una precisazione stimolante: \u201cOgni azienda ha una sua cultura caratteristica che tocca credenze, pensieri, comportamenti e visioni del mondo. Questa cultura si nutre dell valore e delle caratteristiche della comunit\u00e0\u201d.<\/p><p><strong>The Effect of Cultural Infrastructure in Business Management: Comparison of Turkish and Japanese Business Cultures<\/strong><\/p>\n<p><em>K\u00fcr\u015fat \u00d6zda\u015fli<\/em> &#8211; <em>O\u011fuzhan Aytar<\/em><\/p>\n<p>Interdisciplinary Journal of Contemporary Research in Business, Aprile 2013, vol. 4 n. 12<\/p>\n","protected":false},"excerpt":{"rendered":"<p>Globalizzate ma spesso ancora influenzate dalla cultura del territorio in cui sono nate. Le imprese che tentano e riescono a percorrere i mercati internazionali, sono spesso ancora in questa situazione. Pensano globale, ma si guardano ancora indietro. Agiscono internazionalmente, ma sono ancora caratterizzate dalla cultura che le ha generate. Capire di pi\u00f9 cosa nasce dall\u2019unione [&hellip;]<\/p>\n","protected":false},"author":1,"featured_media":0,"comment_status":"open","ping_status":"open","sticky":false,"template":"","format":"standard","meta":{"footnotes":""},"categories":[54,52],"tags":[],"class_list":["post-49319","post","type-post","status-publish","format-standard","hentry","category-approfondimenti","category-cultura-dimpresa"],"acf":[],"yoast_head":"<!-- This site is optimized with the Yoast SEO plugin v25.0 - https:\/\/yoast.com\/wordpress\/plugins\/seo\/ -->\n<title>Ogni impresa \u00e8 un mondo nel mondo - Fondazione Pirelli<\/title>\n<meta name=\"robots\" content=\"index, follow, max-snippet:-1, max-image-preview:large, max-video-preview:-1\" \/>\n<link rel=\"canonical\" href=\"https:\/\/www.fondazionepirelli.org\/it\/cultura-dimpresa\/ogni-impresa-e-un-mondo-nel-mondo\/\" \/>\n<meta property=\"og:locale\" content=\"it_IT\" \/>\n<meta property=\"og:type\" content=\"article\" \/>\n<meta property=\"og:title\" content=\"Ogni impresa \u00e8 un mondo nel mondo - Fondazione Pirelli\" \/>\n<meta property=\"og:description\" content=\"Globalizzate ma spesso ancora influenzate dalla cultura del territorio in cui sono nate. Le imprese che tentano e riescono a percorrere i mercati internazionali, sono spesso ancora in questa situazione. Pensano globale, ma si guardano ancora indietro. Agiscono internazionalmente, ma sono ancora caratterizzate dalla cultura che le ha generate. Capire di pi\u00f9 cosa nasce dall\u2019unione [&hellip;]\" \/>\n<meta property=\"og:url\" content=\"https:\/\/www.fondazionepirelli.org\/it\/cultura-dimpresa\/ogni-impresa-e-un-mondo-nel-mondo\/\" \/>\n<meta property=\"og:site_name\" content=\"Fondazione Pirelli\" \/>\n<meta property=\"article:published_time\" content=\"2013-06-03T00:00:00+00:00\" \/>\n<meta property=\"article:modified_time\" content=\"2019-05-24T09:37:09+00:00\" \/>\n<meta name=\"author\" content=\"fondadmin\" \/>\n<meta name=\"twitter:card\" content=\"summary_large_image\" \/>\n<meta name=\"twitter:label1\" content=\"Scritto da\" \/>\n\t<meta name=\"twitter:data1\" content=\"fondadmin\" \/>\n\t<meta name=\"twitter:label2\" content=\"Tempo di lettura stimato\" \/>\n\t<meta name=\"twitter:data2\" content=\"2 minuti\" \/>\n<script type=\"application\/ld+json\" class=\"yoast-schema-graph\">{\"@context\":\"https:\/\/schema.org\",\"@graph\":[{\"@type\":\"WebPage\",\"@id\":\"https:\/\/www.fondazionepirelli.org\/it\/cultura-dimpresa\/ogni-impresa-e-un-mondo-nel-mondo\/\",\"url\":\"https:\/\/www.fondazionepirelli.org\/it\/cultura-dimpresa\/ogni-impresa-e-un-mondo-nel-mondo\/\",\"name\":\"Ogni impresa \u00e8 un mondo nel mondo - Fondazione Pirelli\",\"isPartOf\":{\"@id\":\"https:\/\/www.fondazionepirelli.org\/it\/#website\"},\"datePublished\":\"2013-06-03T00:00:00+00:00\",\"dateModified\":\"2019-05-24T09:37:09+00:00\",\"author\":{\"@id\":\"https:\/\/www.fondazionepirelli.org\/it\/#\/schema\/person\/f47d097000832c4a6e54538c791fdf25\"},\"breadcrumb\":{\"@id\":\"https:\/\/www.fondazionepirelli.org\/it\/cultura-dimpresa\/ogni-impresa-e-un-mondo-nel-mondo\/#breadcrumb\"},\"inLanguage\":\"it-IT\",\"potentialAction\":[{\"@type\":\"ReadAction\",\"target\":[\"https:\/\/www.fondazionepirelli.org\/it\/cultura-dimpresa\/ogni-impresa-e-un-mondo-nel-mondo\/\"]}]},{\"@type\":\"BreadcrumbList\",\"@id\":\"https:\/\/www.fondazionepirelli.org\/it\/cultura-dimpresa\/ogni-impresa-e-un-mondo-nel-mondo\/#breadcrumb\",\"itemListElement\":[{\"@type\":\"ListItem\",\"position\":1,\"name\":\"Home\",\"item\":\"https:\/\/www.fondazionepirelli.org\/it\/\"},{\"@type\":\"ListItem\",\"position\":2,\"name\":\"Ogni impresa \u00e8 un mondo nel mondo\"}]},{\"@type\":\"WebSite\",\"@id\":\"https:\/\/www.fondazionepirelli.org\/it\/#website\",\"url\":\"https:\/\/www.fondazionepirelli.org\/it\/\",\"name\":\"Fondazione Pirelli\",\"description\":\"\",\"potentialAction\":[{\"@type\":\"SearchAction\",\"target\":{\"@type\":\"EntryPoint\",\"urlTemplate\":\"https:\/\/www.fondazionepirelli.org\/it\/?s={search_term_string}\"},\"query-input\":{\"@type\":\"PropertyValueSpecification\",\"valueRequired\":true,\"valueName\":\"search_term_string\"}}],\"inLanguage\":\"it-IT\"},{\"@type\":\"Person\",\"@id\":\"https:\/\/www.fondazionepirelli.org\/it\/#\/schema\/person\/f47d097000832c4a6e54538c791fdf25\",\"name\":\"fondadmin\",\"image\":{\"@type\":\"ImageObject\",\"inLanguage\":\"it-IT\",\"@id\":\"https:\/\/www.fondazionepirelli.org\/it\/#\/schema\/person\/image\/\",\"url\":\"https:\/\/secure.gravatar.com\/avatar\/e69498a9175ca244966e51e53c88712c024fcebe41f9a05f75657f1bb25e489b?s=96&d=mm&r=g\",\"contentUrl\":\"https:\/\/secure.gravatar.com\/avatar\/e69498a9175ca244966e51e53c88712c024fcebe41f9a05f75657f1bb25e489b?s=96&d=mm&r=g\",\"caption\":\"fondadmin\"},\"url\":\"https:\/\/www.fondazionepirelli.org\/it\/author\/fondadmin\/\"}]}<\/script>\n<!-- \/ Yoast SEO plugin. -->","yoast_head_json":{"title":"Ogni impresa \u00e8 un mondo nel mondo - Fondazione Pirelli","robots":{"index":"index","follow":"follow","max-snippet":"max-snippet:-1","max-image-preview":"max-image-preview:large","max-video-preview":"max-video-preview:-1"},"canonical":"https:\/\/www.fondazionepirelli.org\/it\/cultura-dimpresa\/ogni-impresa-e-un-mondo-nel-mondo\/","og_locale":"it_IT","og_type":"article","og_title":"Ogni impresa \u00e8 un mondo nel mondo - Fondazione Pirelli","og_description":"Globalizzate ma spesso ancora influenzate dalla cultura del territorio in cui sono nate. Le imprese che tentano e riescono a percorrere i mercati internazionali, sono spesso ancora in questa situazione. Pensano globale, ma si guardano ancora indietro. Agiscono internazionalmente, ma sono ancora caratterizzate dalla cultura che le ha generate. Capire di pi\u00f9 cosa nasce dall\u2019unione [&hellip;]","og_url":"https:\/\/www.fondazionepirelli.org\/it\/cultura-dimpresa\/ogni-impresa-e-un-mondo-nel-mondo\/","og_site_name":"Fondazione Pirelli","article_published_time":"2013-06-03T00:00:00+00:00","article_modified_time":"2019-05-24T09:37:09+00:00","author":"fondadmin","twitter_card":"summary_large_image","twitter_misc":{"Scritto da":"fondadmin","Tempo di lettura stimato":"2 minuti"},"schema":{"@context":"https:\/\/schema.org","@graph":[{"@type":"WebPage","@id":"https:\/\/www.fondazionepirelli.org\/it\/cultura-dimpresa\/ogni-impresa-e-un-mondo-nel-mondo\/","url":"https:\/\/www.fondazionepirelli.org\/it\/cultura-dimpresa\/ogni-impresa-e-un-mondo-nel-mondo\/","name":"Ogni impresa \u00e8 un mondo nel mondo - Fondazione Pirelli","isPartOf":{"@id":"https:\/\/www.fondazionepirelli.org\/it\/#website"},"datePublished":"2013-06-03T00:00:00+00:00","dateModified":"2019-05-24T09:37:09+00:00","author":{"@id":"https:\/\/www.fondazionepirelli.org\/it\/#\/schema\/person\/f47d097000832c4a6e54538c791fdf25"},"breadcrumb":{"@id":"https:\/\/www.fondazionepirelli.org\/it\/cultura-dimpresa\/ogni-impresa-e-un-mondo-nel-mondo\/#breadcrumb"},"inLanguage":"it-IT","potentialAction":[{"@type":"ReadAction","target":["https:\/\/www.fondazionepirelli.org\/it\/cultura-dimpresa\/ogni-impresa-e-un-mondo-nel-mondo\/"]}]},{"@type":"BreadcrumbList","@id":"https:\/\/www.fondazionepirelli.org\/it\/cultura-dimpresa\/ogni-impresa-e-un-mondo-nel-mondo\/#breadcrumb","itemListElement":[{"@type":"ListItem","position":1,"name":"Home","item":"https:\/\/www.fondazionepirelli.org\/it\/"},{"@type":"ListItem","position":2,"name":"Ogni impresa \u00e8 un mondo nel mondo"}]},{"@type":"WebSite","@id":"https:\/\/www.fondazionepirelli.org\/it\/#website","url":"https:\/\/www.fondazionepirelli.org\/it\/","name":"Fondazione Pirelli","description":"","potentialAction":[{"@type":"SearchAction","target":{"@type":"EntryPoint","urlTemplate":"https:\/\/www.fondazionepirelli.org\/it\/?s={search_term_string}"},"query-input":{"@type":"PropertyValueSpecification","valueRequired":true,"valueName":"search_term_string"}}],"inLanguage":"it-IT"},{"@type":"Person","@id":"https:\/\/www.fondazionepirelli.org\/it\/#\/schema\/person\/f47d097000832c4a6e54538c791fdf25","name":"fondadmin","image":{"@type":"ImageObject","inLanguage":"it-IT","@id":"https:\/\/www.fondazionepirelli.org\/it\/#\/schema\/person\/image\/","url":"https:\/\/secure.gravatar.com\/avatar\/e69498a9175ca244966e51e53c88712c024fcebe41f9a05f75657f1bb25e489b?s=96&d=mm&r=g","contentUrl":"https:\/\/secure.gravatar.com\/avatar\/e69498a9175ca244966e51e53c88712c024fcebe41f9a05f75657f1bb25e489b?s=96&d=mm&r=g","caption":"fondadmin"},"url":"https:\/\/www.fondazionepirelli.org\/it\/author\/fondadmin\/"}]}},"_links":{"self":[{"href":"https:\/\/www.fondazionepirelli.org\/it\/wp-json\/wp\/v2\/posts\/49319\/"}],"collection":[{"href":"https:\/\/www.fondazionepirelli.org\/it\/wp-json\/wp\/v2\/posts\/"}],"about":[{"href":"https:\/\/www.fondazionepirelli.org\/it\/wp-json\/wp\/v2\/types\/post\/"}],"author":[{"embeddable":true,"href":"https:\/\/www.fondazionepirelli.org\/it\/wp-json\/wp\/v2\/users\/1\/"}],"replies":[{"embeddable":true,"href":"https:\/\/www.fondazionepirelli.org\/it\/wp-json\/wp\/v2\/comments\/?post=49319"}],"version-history":[{"count":1,"href":"https:\/\/www.fondazionepirelli.org\/it\/wp-json\/wp\/v2\/posts\/49319\/revisions\/"}],"predecessor-version":[{"id":55930,"href":"https:\/\/www.fondazionepirelli.org\/it\/wp-json\/wp\/v2\/posts\/49319\/revisions\/55930\/"}],"wp:attachment":[{"href":"https:\/\/www.fondazionepirelli.org\/it\/wp-json\/wp\/v2\/media\/?parent=49319"}],"wp:term":[{"taxonomy":"category","embeddable":true,"href":"https:\/\/www.fondazionepirelli.org\/it\/wp-json\/wp\/v2\/categories\/?post=49319"},{"taxonomy":"post_tag","embeddable":true,"href":"https:\/\/www.fondazionepirelli.org\/it\/wp-json\/wp\/v2\/tags\/?post=49319"}],"curies":[{"name":"wp","href":"https:\/\/api.w.org\/{rel}","templated":true}]}}