{"id":49332,"date":"2013-05-27T00:00:00","date_gmt":"2013-05-27T00:00:00","guid":{"rendered":"http:\/\/www.fondazionepirelli.org\/fondazione-pirelli\/storie-di-vita-storie-dimpresa\/"},"modified":"2019-05-27T15:52:40","modified_gmt":"2019-05-27T15:52:40","slug":"storie-di-vita-storie-dimpresa","status":"publish","type":"post","link":"https:\/\/www.fondazionepirelli.org\/it\/cultura-dimpresa\/storie-di-vita-storie-dimpresa\/","title":{"rendered":"Storie di vita, storie d\u2019impresa"},"content":{"rendered":"<p><strong>Ogni impresa \u00e8 una storia che va raccontata<\/strong>, un insieme di vite vissute che devono essere conosciute. In ogni caso. E soprattutto quando si tratta di imprese innovative, che hanno scommesso su loro stesse, che hanno costruito i loro bilanci sul futuro, la loro cultura sulle persone e sulla tecnologia. L\u2019Italia \u00e8 zeppa di realt\u00e0 di questo genere. Basta andarle a scoprire come hanno fatto <strong>12 scrittori<\/strong> con <strong>12 imprese del torinese<\/strong>: una delle aree a pi\u00f9 alta intensit\u00e0 industriale del Paese e anche una di quelle su cui la crisi a battuto pi\u00f9 duramente. L\u2019esplorazione \u00e8 stata sostenuta dalla <strong>Camera di commercio di Torino<\/strong>, dalla <strong>Fondazione Human+<\/strong>, dal <strong>Politecnico<\/strong> e dall\u2019<strong>API<\/strong> l\u2019associazione che raccoglie le piccole imprese. Il risultato \u00e8 stato un libro, poco meno di 200 pagine di vita d\u2019impresa.<\/p>\n<p>\u201c<strong>Imprese d\u2019autore<\/strong>\u201d \u2013 questo il titolo del volume edito da <strong>La Stampa<\/strong> \u2013 raccoglie appunto dodici racconti d\u2019impresa, storie di scrittori che scoprono storie di imprenditori, di ci\u00f2 che hanno fatto in anni di lavoro. Non da soli, ma con altri \u2013 operai, tecnici, mogli, figli e figlie, amici \u2013 che hanno condiviso un\u2019idea innovativa (tecnicamente e aridamente un progetto), e per la realizzazione di questa si sono spesi fino in fondo, fino a realizzarla. Costruendo una cultura d\u2019impresa declinata come in una rappresentazione teatrale in, appunto, 12 atti \u2013 simili a migliaia di altri che caratterizzano \u00a0l\u2019Italia produttiva \u2013 intervallati da altrettanti approfondimenti tecnici.<\/p>\n<p>In fila, le penne di <strong>Stefania Bertola<\/strong>, <strong>Younis Tawfik<\/strong>, <strong>Enrico Pandiani<\/strong>, <strong>Carlo Grande<\/strong>, <strong>Giuseppe Culicchia<\/strong>, <strong>Alessandro Barbero<\/strong>, <strong>Margherita Oggero<\/strong>, <strong>Enrico Remmert<\/strong>, <strong>Luca Ragagnin<\/strong>, <strong>Anna Berra<\/strong>, <strong>Alessandro Perissinotto<\/strong> e <strong>Bruno Gambarotta<\/strong> che raccontano le peripezie di medie e piccole imprese come <strong>Amet<\/strong>, <strong>Blue Engineering<\/strong>, <strong>Corona<\/strong>,<strong> Criotec Impianti<\/strong>, <strong>Delgrosso<\/strong>, <strong>Ergotech<\/strong>, <strong>Inkmaker<\/strong>, <strong>Lma<\/strong>, <strong>Plm Systems<\/strong>, <strong>Poker<\/strong>, <strong>Sea Marconi<\/strong>, <strong>Sinterloy<\/strong>. Tutte aziende pressoch\u00e9 sconosciute al grande pubblico, ma che hanno dentro qualcosa di innovativo, di vincente. Esempi raccontati con emozione e coinvolgimento, che indicano quella via italiana al benessere che non \u00e8 ancora stata abbandonata.<\/p><p><strong>Imprese d\u2019autore<\/strong><\/p>\n<p><em>AA.VV<\/em>.<\/p>\n<p>La Stampa, 2013.<\/p>\n","protected":false},"excerpt":{"rendered":"<p>Ogni impresa \u00e8 una storia che va raccontata, un insieme di vite vissute che devono essere conosciute. In ogni caso. E soprattutto quando si tratta di imprese innovative, che hanno scommesso su loro stesse, che hanno costruito i loro bilanci sul futuro, la loro cultura sulle persone e sulla tecnologia. L\u2019Italia \u00e8 zeppa di realt\u00e0 [&hellip;]<\/p>\n","protected":false},"author":1,"featured_media":49333,"comment_status":"open","ping_status":"open","sticky":false,"template":"","format":"standard","meta":{"footnotes":""},"categories":[52,58],"tags":[],"class_list":["post-49332","post","type-post","status-publish","format-standard","has-post-thumbnail","hentry","category-cultura-dimpresa","category-recensioni-libri"],"acf":[],"yoast_head":"<!-- This site is optimized with the Yoast SEO plugin v25.0 - https:\/\/yoast.com\/wordpress\/plugins\/seo\/ -->\n<title>Storie di vita, storie d\u2019impresa - Fondazione Pirelli<\/title>\n<meta name=\"robots\" content=\"index, follow, max-snippet:-1, max-image-preview:large, max-video-preview:-1\" \/>\n<link rel=\"canonical\" href=\"https:\/\/www.fondazionepirelli.org\/it\/cultura-dimpresa\/storie-di-vita-storie-dimpresa\/\" \/>\n<meta property=\"og:locale\" content=\"it_IT\" \/>\n<meta property=\"og:type\" content=\"article\" \/>\n<meta property=\"og:title\" content=\"Storie di vita, storie d\u2019impresa - Fondazione Pirelli\" \/>\n<meta property=\"og:description\" content=\"Ogni impresa \u00e8 una storia che va raccontata, un insieme di vite vissute che devono essere conosciute. In ogni caso. E soprattutto quando si tratta di imprese innovative, che hanno scommesso su loro stesse, che hanno costruito i loro bilanci sul futuro, la loro cultura sulle persone e sulla tecnologia. L\u2019Italia \u00e8 zeppa di realt\u00e0 [&hellip;]\" \/>\n<meta property=\"og:url\" content=\"https:\/\/127.0.0.1\/it\/cultura-dimpresa\/storie-di-vita-storie-dimpresa\/\" \/>\n<meta property=\"og:site_name\" content=\"Fondazione Pirelli\" \/>\n<meta property=\"article:published_time\" content=\"2013-05-27T00:00:00+00:00\" \/>\n<meta property=\"article:modified_time\" content=\"2019-05-27T15:52:40+00:00\" \/>\n<meta property=\"og:image\" content=\"https:\/\/wpsite-assets.fondazionepirelli.org\/wp-content\/uploads\/2019\/05\/20102118\/13697321681156825547.jpg\" \/>\n\t<meta property=\"og:image:width\" content=\"250\" \/>\n\t<meta property=\"og:image:height\" content=\"343\" \/>\n\t<meta property=\"og:image:type\" content=\"image\/jpeg\" \/>\n<meta name=\"author\" content=\"fondadmin\" \/>\n<meta name=\"twitter:card\" content=\"summary_large_image\" \/>\n<meta name=\"twitter:label1\" content=\"Scritto da\" \/>\n\t<meta name=\"twitter:data1\" content=\"fondadmin\" \/>\n\t<meta name=\"twitter:label2\" content=\"Tempo di lettura stimato\" \/>\n\t<meta name=\"twitter:data2\" content=\"2 minuti\" \/>\n<script type=\"application\/ld+json\" class=\"yoast-schema-graph\">{\"@context\":\"https:\/\/schema.org\",\"@graph\":[{\"@type\":\"WebPage\",\"@id\":\"https:\/\/127.0.0.1\/it\/cultura-dimpresa\/storie-di-vita-storie-dimpresa\/\",\"url\":\"https:\/\/127.0.0.1\/it\/cultura-dimpresa\/storie-di-vita-storie-dimpresa\/\",\"name\":\"Storie di vita, storie d\u2019impresa - Fondazione Pirelli\",\"isPartOf\":{\"@id\":\"https:\/\/www.fondazionepirelli.org\/it\/#website\"},\"primaryImageOfPage\":{\"@id\":\"https:\/\/127.0.0.1\/it\/cultura-dimpresa\/storie-di-vita-storie-dimpresa\/#primaryimage\"},\"image\":{\"@id\":\"https:\/\/127.0.0.1\/it\/cultura-dimpresa\/storie-di-vita-storie-dimpresa\/#primaryimage\"},\"thumbnailUrl\":\"https:\/\/wpsite-assets.fondazionepirelli.org\/wp-content\/uploads\/2019\/05\/20102118\/13697321681156825547.jpg\",\"datePublished\":\"2013-05-27T00:00:00+00:00\",\"dateModified\":\"2019-05-27T15:52:40+00:00\",\"author\":{\"@id\":\"https:\/\/www.fondazionepirelli.org\/it\/#\/schema\/person\/f47d097000832c4a6e54538c791fdf25\"},\"breadcrumb\":{\"@id\":\"https:\/\/127.0.0.1\/it\/cultura-dimpresa\/storie-di-vita-storie-dimpresa\/#breadcrumb\"},\"inLanguage\":\"it-IT\",\"potentialAction\":[{\"@type\":\"ReadAction\",\"target\":[\"https:\/\/127.0.0.1\/it\/cultura-dimpresa\/storie-di-vita-storie-dimpresa\/\"]}]},{\"@type\":\"ImageObject\",\"inLanguage\":\"it-IT\",\"@id\":\"https:\/\/127.0.0.1\/it\/cultura-dimpresa\/storie-di-vita-storie-dimpresa\/#primaryimage\",\"url\":\"https:\/\/wpsite-assets.fondazionepirelli.org\/wp-content\/uploads\/2019\/05\/20102118\/13697321681156825547.jpg\",\"contentUrl\":\"https:\/\/wpsite-assets.fondazionepirelli.org\/wp-content\/uploads\/2019\/05\/20102118\/13697321681156825547.jpg\",\"width\":250,\"height\":343},{\"@type\":\"BreadcrumbList\",\"@id\":\"https:\/\/127.0.0.1\/it\/cultura-dimpresa\/storie-di-vita-storie-dimpresa\/#breadcrumb\",\"itemListElement\":[{\"@type\":\"ListItem\",\"position\":1,\"name\":\"Home\",\"item\":\"https:\/\/www.fondazionepirelli.org\/it\/\"},{\"@type\":\"ListItem\",\"position\":2,\"name\":\"Storie di vita, storie d\u2019impresa\"}]},{\"@type\":\"WebSite\",\"@id\":\"https:\/\/www.fondazionepirelli.org\/it\/#website\",\"url\":\"https:\/\/www.fondazionepirelli.org\/it\/\",\"name\":\"Fondazione Pirelli\",\"description\":\"\",\"potentialAction\":[{\"@type\":\"SearchAction\",\"target\":{\"@type\":\"EntryPoint\",\"urlTemplate\":\"https:\/\/www.fondazionepirelli.org\/it\/?s={search_term_string}\"},\"query-input\":{\"@type\":\"PropertyValueSpecification\",\"valueRequired\":true,\"valueName\":\"search_term_string\"}}],\"inLanguage\":\"it-IT\"},{\"@type\":\"Person\",\"@id\":\"https:\/\/www.fondazionepirelli.org\/it\/#\/schema\/person\/f47d097000832c4a6e54538c791fdf25\",\"name\":\"fondadmin\",\"image\":{\"@type\":\"ImageObject\",\"inLanguage\":\"it-IT\",\"@id\":\"https:\/\/www.fondazionepirelli.org\/it\/#\/schema\/person\/image\/\",\"url\":\"https:\/\/secure.gravatar.com\/avatar\/e69498a9175ca244966e51e53c88712c024fcebe41f9a05f75657f1bb25e489b?s=96&d=mm&r=g\",\"contentUrl\":\"https:\/\/secure.gravatar.com\/avatar\/e69498a9175ca244966e51e53c88712c024fcebe41f9a05f75657f1bb25e489b?s=96&d=mm&r=g\",\"caption\":\"fondadmin\"},\"url\":\"https:\/\/www.fondazionepirelli.org\/it\/author\/fondadmin\/\"}]}<\/script>\n<!-- \/ Yoast SEO plugin. -->","yoast_head_json":{"title":"Storie di vita, storie d\u2019impresa - Fondazione Pirelli","robots":{"index":"index","follow":"follow","max-snippet":"max-snippet:-1","max-image-preview":"max-image-preview:large","max-video-preview":"max-video-preview:-1"},"canonical":"https:\/\/www.fondazionepirelli.org\/it\/cultura-dimpresa\/storie-di-vita-storie-dimpresa\/","og_locale":"it_IT","og_type":"article","og_title":"Storie di vita, storie d\u2019impresa - Fondazione Pirelli","og_description":"Ogni impresa \u00e8 una storia che va raccontata, un insieme di vite vissute che devono essere conosciute. In ogni caso. E soprattutto quando si tratta di imprese innovative, che hanno scommesso su loro stesse, che hanno costruito i loro bilanci sul futuro, la loro cultura sulle persone e sulla tecnologia. L\u2019Italia \u00e8 zeppa di realt\u00e0 [&hellip;]","og_url":"https:\/\/127.0.0.1\/it\/cultura-dimpresa\/storie-di-vita-storie-dimpresa\/","og_site_name":"Fondazione Pirelli","article_published_time":"2013-05-27T00:00:00+00:00","article_modified_time":"2019-05-27T15:52:40+00:00","og_image":[{"width":250,"height":343,"url":"https:\/\/wpsite-assets.fondazionepirelli.org\/wp-content\/uploads\/2019\/05\/20102118\/13697321681156825547.jpg","type":"image\/jpeg"}],"author":"fondadmin","twitter_card":"summary_large_image","twitter_misc":{"Scritto da":"fondadmin","Tempo di lettura stimato":"2 minuti"},"schema":{"@context":"https:\/\/schema.org","@graph":[{"@type":"WebPage","@id":"https:\/\/127.0.0.1\/it\/cultura-dimpresa\/storie-di-vita-storie-dimpresa\/","url":"https:\/\/127.0.0.1\/it\/cultura-dimpresa\/storie-di-vita-storie-dimpresa\/","name":"Storie di vita, storie d\u2019impresa - Fondazione Pirelli","isPartOf":{"@id":"https:\/\/www.fondazionepirelli.org\/it\/#website"},"primaryImageOfPage":{"@id":"https:\/\/127.0.0.1\/it\/cultura-dimpresa\/storie-di-vita-storie-dimpresa\/#primaryimage"},"image":{"@id":"https:\/\/127.0.0.1\/it\/cultura-dimpresa\/storie-di-vita-storie-dimpresa\/#primaryimage"},"thumbnailUrl":"https:\/\/wpsite-assets.fondazionepirelli.org\/wp-content\/uploads\/2019\/05\/20102118\/13697321681156825547.jpg","datePublished":"2013-05-27T00:00:00+00:00","dateModified":"2019-05-27T15:52:40+00:00","author":{"@id":"https:\/\/www.fondazionepirelli.org\/it\/#\/schema\/person\/f47d097000832c4a6e54538c791fdf25"},"breadcrumb":{"@id":"https:\/\/127.0.0.1\/it\/cultura-dimpresa\/storie-di-vita-storie-dimpresa\/#breadcrumb"},"inLanguage":"it-IT","potentialAction":[{"@type":"ReadAction","target":["https:\/\/127.0.0.1\/it\/cultura-dimpresa\/storie-di-vita-storie-dimpresa\/"]}]},{"@type":"ImageObject","inLanguage":"it-IT","@id":"https:\/\/127.0.0.1\/it\/cultura-dimpresa\/storie-di-vita-storie-dimpresa\/#primaryimage","url":"https:\/\/wpsite-assets.fondazionepirelli.org\/wp-content\/uploads\/2019\/05\/20102118\/13697321681156825547.jpg","contentUrl":"https:\/\/wpsite-assets.fondazionepirelli.org\/wp-content\/uploads\/2019\/05\/20102118\/13697321681156825547.jpg","width":250,"height":343},{"@type":"BreadcrumbList","@id":"https:\/\/127.0.0.1\/it\/cultura-dimpresa\/storie-di-vita-storie-dimpresa\/#breadcrumb","itemListElement":[{"@type":"ListItem","position":1,"name":"Home","item":"https:\/\/www.fondazionepirelli.org\/it\/"},{"@type":"ListItem","position":2,"name":"Storie di vita, storie d\u2019impresa"}]},{"@type":"WebSite","@id":"https:\/\/www.fondazionepirelli.org\/it\/#website","url":"https:\/\/www.fondazionepirelli.org\/it\/","name":"Fondazione Pirelli","description":"","potentialAction":[{"@type":"SearchAction","target":{"@type":"EntryPoint","urlTemplate":"https:\/\/www.fondazionepirelli.org\/it\/?s={search_term_string}"},"query-input":{"@type":"PropertyValueSpecification","valueRequired":true,"valueName":"search_term_string"}}],"inLanguage":"it-IT"},{"@type":"Person","@id":"https:\/\/www.fondazionepirelli.org\/it\/#\/schema\/person\/f47d097000832c4a6e54538c791fdf25","name":"fondadmin","image":{"@type":"ImageObject","inLanguage":"it-IT","@id":"https:\/\/www.fondazionepirelli.org\/it\/#\/schema\/person\/image\/","url":"https:\/\/secure.gravatar.com\/avatar\/e69498a9175ca244966e51e53c88712c024fcebe41f9a05f75657f1bb25e489b?s=96&d=mm&r=g","contentUrl":"https:\/\/secure.gravatar.com\/avatar\/e69498a9175ca244966e51e53c88712c024fcebe41f9a05f75657f1bb25e489b?s=96&d=mm&r=g","caption":"fondadmin"},"url":"https:\/\/www.fondazionepirelli.org\/it\/author\/fondadmin\/"}]}},"_links":{"self":[{"href":"https:\/\/www.fondazionepirelli.org\/it\/wp-json\/wp\/v2\/posts\/49332\/"}],"collection":[{"href":"https:\/\/www.fondazionepirelli.org\/it\/wp-json\/wp\/v2\/posts\/"}],"about":[{"href":"https:\/\/www.fondazionepirelli.org\/it\/wp-json\/wp\/v2\/types\/post\/"}],"author":[{"embeddable":true,"href":"https:\/\/www.fondazionepirelli.org\/it\/wp-json\/wp\/v2\/users\/1\/"}],"replies":[{"embeddable":true,"href":"https:\/\/www.fondazionepirelli.org\/it\/wp-json\/wp\/v2\/comments\/?post=49332"}],"version-history":[{"count":1,"href":"https:\/\/www.fondazionepirelli.org\/it\/wp-json\/wp\/v2\/posts\/49332\/revisions\/"}],"predecessor-version":[{"id":56334,"href":"https:\/\/www.fondazionepirelli.org\/it\/wp-json\/wp\/v2\/posts\/49332\/revisions\/56334\/"}],"wp:featuredmedia":[{"embeddable":true,"href":"https:\/\/www.fondazionepirelli.org\/it\/wp-json\/wp\/v2\/media\/49333\/"}],"wp:attachment":[{"href":"https:\/\/www.fondazionepirelli.org\/it\/wp-json\/wp\/v2\/media\/?parent=49332"}],"wp:term":[{"taxonomy":"category","embeddable":true,"href":"https:\/\/www.fondazionepirelli.org\/it\/wp-json\/wp\/v2\/categories\/?post=49332"},{"taxonomy":"post_tag","embeddable":true,"href":"https:\/\/www.fondazionepirelli.org\/it\/wp-json\/wp\/v2\/tags\/?post=49332"}],"curies":[{"name":"wp","href":"https:\/\/api.w.org\/{rel}","templated":true}]}}