{"id":49341,"date":"2013-05-20T00:00:00","date_gmt":"2013-05-20T00:00:00","guid":{"rendered":"http:\/\/www.fondazionepirelli.org\/fondazione-pirelli\/cooperare-per-crescere\/"},"modified":"2019-05-24T09:32:32","modified_gmt":"2019-05-24T09:32:32","slug":"cooperare-per-crescere","status":"publish","type":"post","link":"https:\/\/www.fondazionepirelli.org\/it\/cultura-dimpresa\/cooperare-per-crescere\/","title":{"rendered":"Cooperare per crescere"},"content":{"rendered":"<p>Far ripartire le aziende, soffiare sulla crescita e sullo sviluppo, guardare con occhi diversi alla gestione aziendale, al profitto, al lavoro. Tutti traguardi che molti tentano di raggiungere e che sono allacciati a filo doppio all\u2019etica delle imprese e della produzione, alla responsabilit\u00e0 sociale degli imprenditori e, in definitiva, ad un approccio ai temi della produzione e della societ\u00e0 che guardi meno al materiale e pi\u00f9 all\u2019uomo.<\/p>\n<p>Si tratta del nocciolo di questioni che<strong> Laura Salvan<\/strong> (tesista di Ca\u2019 Foscari), ha affrontato in \u201c<em>Cultural responsibility. Small steps to restore anthropology in economic behaviour. Interviews and best practices<\/em>\u201d, un lavoro che, come spiega la stessa Salvan, \u201criflette sul concetto di \u00a0Responsabilit\u00e0 Culturale (RC), che coniuga i due termini di responsabilit\u00e0 e cultura. \u00a0Responsabilit\u00e0 \u00e8 il dovere etico di garantire tanto alle generazioni presenti quanto a quelle future la possibilit\u00e0 di soddisfare i propri bisogni, le proprie aspirazioni, e di vivere le vite che hanno ragione di apprezzare. Cultura in senso antropologico considera gli individui come sistemi di credenze, simboli, spiritualit\u00e0, immaginazione e razionalit\u00e0 che permette loro di rappresentare il mondo che li circonda all\u2019interno dei diversi contesti di socializzazione in cui sono inseriti\u201d.<\/p>\n<p>Quello della Salvan, per\u00f2, non un lavoro meramente accademico, ma un\u2019esplorazione fatta di teoria e pratica che cerca di mettere insieme la Responsabilit\u00e0 Culturale, appunto, e \u00a0la consuetudine \u2013 dove gi\u00e0 esiste \u2013 della Responsabilit\u00e0 Sociale d\u2019Impresa (RSI).<\/p>\n<p>\u201cSi potrebbe affermare che la RC \u2013 dice Salvan &#8211; \u00e8 \u00a0un\u2019implicazione della RSI nel momento in cui si pone lo sviluppo culturale degli individui quale fine primario di ogni comportamento economico\u201d. Una condizione che pu\u00f2 essere considerata avveniristica \u00a0se si guarda a molte aree produttive italiane e non, e se ci si ferma alla attuale difficile congiuntura, ma che assume connotati diversi se ci si sforza di andare oltre il contingente.<\/p>\n<p>Salvan si basa quindi su una serie di principi ed esempi concreti tratti da una serie di interviste e dall\u2019analisi di alcuni casi aziendali e sociali come quelli di Libera e di Banca Popolare Etica spa, oltre che di varie Fondazioni.<\/p>\n<p>La conclusione \u00e8 una proposta. \u201cFondare il comportamento economico moderno sull\u2019antropologia, attraverso forme di cooperazione sociale, potrebbe essere una delle possibili vie di uscita dalla crisi che stiamo vivendo\u201d.<\/p><p><strong>Cultural Responsibility. Small steps to restore anthropology in economic behaviour. Interviews and best practices<\/strong><\/p>\n<p><em>Laura Salvan<\/em><\/p>\n<p>Ca\u2019 Foscari &#8211; Corso di Laurea magistrale in Economia e Gestione delle Arti e delle attivit\u00e0 culturali (EGArt), 2011\/2012.<\/p>\n","protected":false},"excerpt":{"rendered":"<p>Far ripartire le aziende, soffiare sulla crescita e sullo sviluppo, guardare con occhi diversi alla gestione aziendale, al profitto, al lavoro. Tutti traguardi che molti tentano di raggiungere e che sono allacciati a filo doppio all\u2019etica delle imprese e della produzione, alla responsabilit\u00e0 sociale degli imprenditori e, in definitiva, ad un approccio ai temi della [&hellip;]<\/p>\n","protected":false},"author":1,"featured_media":49342,"comment_status":"open","ping_status":"open","sticky":false,"template":"","format":"standard","meta":{"footnotes":""},"categories":[54,52],"tags":[],"class_list":["post-49341","post","type-post","status-publish","format-standard","has-post-thumbnail","hentry","category-approfondimenti","category-cultura-dimpresa"],"acf":[],"yoast_head":"<!-- This site is optimized with the Yoast SEO plugin v25.0 - https:\/\/yoast.com\/wordpress\/plugins\/seo\/ -->\n<title>Cooperare per crescere - Fondazione Pirelli<\/title>\n<meta name=\"robots\" content=\"index, follow, max-snippet:-1, max-image-preview:large, max-video-preview:-1\" \/>\n<link rel=\"canonical\" href=\"https:\/\/www.fondazionepirelli.org\/it\/cultura-dimpresa\/cooperare-per-crescere\/\" \/>\n<meta property=\"og:locale\" content=\"it_IT\" \/>\n<meta property=\"og:type\" content=\"article\" \/>\n<meta property=\"og:title\" content=\"Cooperare per crescere - Fondazione Pirelli\" \/>\n<meta property=\"og:description\" content=\"Far ripartire le aziende, soffiare sulla crescita e sullo sviluppo, guardare con occhi diversi alla gestione aziendale, al profitto, al lavoro. Tutti traguardi che molti tentano di raggiungere e che sono allacciati a filo doppio all\u2019etica delle imprese e della produzione, alla responsabilit\u00e0 sociale degli imprenditori e, in definitiva, ad un approccio ai temi della [&hellip;]\" \/>\n<meta property=\"og:url\" content=\"https:\/\/127.0.0.1\/it\/cultura-dimpresa\/cooperare-per-crescere\/\" \/>\n<meta property=\"og:site_name\" content=\"Fondazione Pirelli\" \/>\n<meta property=\"article:published_time\" content=\"2013-05-20T00:00:00+00:00\" \/>\n<meta property=\"article:modified_time\" content=\"2019-05-24T09:32:32+00:00\" \/>\n<meta property=\"og:image\" content=\"https:\/\/wpsite-assets.fondazionepirelli.org\/wp-content\/uploads\/2019\/05\/20102115\/1369120571922804753.jpg\" \/>\n\t<meta property=\"og:image:width\" content=\"249\" \/>\n\t<meta property=\"og:image:height\" content=\"367\" \/>\n\t<meta property=\"og:image:type\" content=\"image\/jpeg\" \/>\n<meta name=\"author\" content=\"fondadmin\" \/>\n<meta name=\"twitter:card\" content=\"summary_large_image\" \/>\n<meta name=\"twitter:label1\" content=\"Scritto da\" \/>\n\t<meta name=\"twitter:data1\" content=\"fondadmin\" \/>\n\t<meta name=\"twitter:label2\" content=\"Tempo di lettura stimato\" \/>\n\t<meta name=\"twitter:data2\" content=\"2 minuti\" \/>\n<script type=\"application\/ld+json\" class=\"yoast-schema-graph\">{\"@context\":\"https:\/\/schema.org\",\"@graph\":[{\"@type\":\"WebPage\",\"@id\":\"https:\/\/127.0.0.1\/it\/cultura-dimpresa\/cooperare-per-crescere\/\",\"url\":\"https:\/\/127.0.0.1\/it\/cultura-dimpresa\/cooperare-per-crescere\/\",\"name\":\"Cooperare per crescere - Fondazione Pirelli\",\"isPartOf\":{\"@id\":\"https:\/\/www.fondazionepirelli.org\/it\/#website\"},\"primaryImageOfPage\":{\"@id\":\"https:\/\/127.0.0.1\/it\/cultura-dimpresa\/cooperare-per-crescere\/#primaryimage\"},\"image\":{\"@id\":\"https:\/\/127.0.0.1\/it\/cultura-dimpresa\/cooperare-per-crescere\/#primaryimage\"},\"thumbnailUrl\":\"https:\/\/wpsite-assets.fondazionepirelli.org\/wp-content\/uploads\/2019\/05\/20102115\/1369120571922804753.jpg\",\"datePublished\":\"2013-05-20T00:00:00+00:00\",\"dateModified\":\"2019-05-24T09:32:32+00:00\",\"author\":{\"@id\":\"https:\/\/www.fondazionepirelli.org\/it\/#\/schema\/person\/f47d097000832c4a6e54538c791fdf25\"},\"breadcrumb\":{\"@id\":\"https:\/\/127.0.0.1\/it\/cultura-dimpresa\/cooperare-per-crescere\/#breadcrumb\"},\"inLanguage\":\"it-IT\",\"potentialAction\":[{\"@type\":\"ReadAction\",\"target\":[\"https:\/\/127.0.0.1\/it\/cultura-dimpresa\/cooperare-per-crescere\/\"]}]},{\"@type\":\"ImageObject\",\"inLanguage\":\"it-IT\",\"@id\":\"https:\/\/127.0.0.1\/it\/cultura-dimpresa\/cooperare-per-crescere\/#primaryimage\",\"url\":\"https:\/\/wpsite-assets.fondazionepirelli.org\/wp-content\/uploads\/2019\/05\/20102115\/1369120571922804753.jpg\",\"contentUrl\":\"https:\/\/wpsite-assets.fondazionepirelli.org\/wp-content\/uploads\/2019\/05\/20102115\/1369120571922804753.jpg\",\"width\":249,\"height\":367},{\"@type\":\"BreadcrumbList\",\"@id\":\"https:\/\/127.0.0.1\/it\/cultura-dimpresa\/cooperare-per-crescere\/#breadcrumb\",\"itemListElement\":[{\"@type\":\"ListItem\",\"position\":1,\"name\":\"Home\",\"item\":\"https:\/\/www.fondazionepirelli.org\/it\/\"},{\"@type\":\"ListItem\",\"position\":2,\"name\":\"Cooperare per crescere\"}]},{\"@type\":\"WebSite\",\"@id\":\"https:\/\/www.fondazionepirelli.org\/it\/#website\",\"url\":\"https:\/\/www.fondazionepirelli.org\/it\/\",\"name\":\"Fondazione Pirelli\",\"description\":\"\",\"potentialAction\":[{\"@type\":\"SearchAction\",\"target\":{\"@type\":\"EntryPoint\",\"urlTemplate\":\"https:\/\/www.fondazionepirelli.org\/it\/?s={search_term_string}\"},\"query-input\":{\"@type\":\"PropertyValueSpecification\",\"valueRequired\":true,\"valueName\":\"search_term_string\"}}],\"inLanguage\":\"it-IT\"},{\"@type\":\"Person\",\"@id\":\"https:\/\/www.fondazionepirelli.org\/it\/#\/schema\/person\/f47d097000832c4a6e54538c791fdf25\",\"name\":\"fondadmin\",\"image\":{\"@type\":\"ImageObject\",\"inLanguage\":\"it-IT\",\"@id\":\"https:\/\/www.fondazionepirelli.org\/it\/#\/schema\/person\/image\/\",\"url\":\"https:\/\/secure.gravatar.com\/avatar\/e69498a9175ca244966e51e53c88712c024fcebe41f9a05f75657f1bb25e489b?s=96&d=mm&r=g\",\"contentUrl\":\"https:\/\/secure.gravatar.com\/avatar\/e69498a9175ca244966e51e53c88712c024fcebe41f9a05f75657f1bb25e489b?s=96&d=mm&r=g\",\"caption\":\"fondadmin\"},\"url\":\"https:\/\/www.fondazionepirelli.org\/it\/author\/fondadmin\/\"}]}<\/script>\n<!-- \/ Yoast SEO plugin. -->","yoast_head_json":{"title":"Cooperare per crescere - Fondazione Pirelli","robots":{"index":"index","follow":"follow","max-snippet":"max-snippet:-1","max-image-preview":"max-image-preview:large","max-video-preview":"max-video-preview:-1"},"canonical":"https:\/\/www.fondazionepirelli.org\/it\/cultura-dimpresa\/cooperare-per-crescere\/","og_locale":"it_IT","og_type":"article","og_title":"Cooperare per crescere - Fondazione Pirelli","og_description":"Far ripartire le aziende, soffiare sulla crescita e sullo sviluppo, guardare con occhi diversi alla gestione aziendale, al profitto, al lavoro. Tutti traguardi che molti tentano di raggiungere e che sono allacciati a filo doppio all\u2019etica delle imprese e della produzione, alla responsabilit\u00e0 sociale degli imprenditori e, in definitiva, ad un approccio ai temi della [&hellip;]","og_url":"https:\/\/127.0.0.1\/it\/cultura-dimpresa\/cooperare-per-crescere\/","og_site_name":"Fondazione Pirelli","article_published_time":"2013-05-20T00:00:00+00:00","article_modified_time":"2019-05-24T09:32:32+00:00","og_image":[{"width":249,"height":367,"url":"https:\/\/wpsite-assets.fondazionepirelli.org\/wp-content\/uploads\/2019\/05\/20102115\/1369120571922804753.jpg","type":"image\/jpeg"}],"author":"fondadmin","twitter_card":"summary_large_image","twitter_misc":{"Scritto da":"fondadmin","Tempo di lettura stimato":"2 minuti"},"schema":{"@context":"https:\/\/schema.org","@graph":[{"@type":"WebPage","@id":"https:\/\/127.0.0.1\/it\/cultura-dimpresa\/cooperare-per-crescere\/","url":"https:\/\/127.0.0.1\/it\/cultura-dimpresa\/cooperare-per-crescere\/","name":"Cooperare per crescere - Fondazione Pirelli","isPartOf":{"@id":"https:\/\/www.fondazionepirelli.org\/it\/#website"},"primaryImageOfPage":{"@id":"https:\/\/127.0.0.1\/it\/cultura-dimpresa\/cooperare-per-crescere\/#primaryimage"},"image":{"@id":"https:\/\/127.0.0.1\/it\/cultura-dimpresa\/cooperare-per-crescere\/#primaryimage"},"thumbnailUrl":"https:\/\/wpsite-assets.fondazionepirelli.org\/wp-content\/uploads\/2019\/05\/20102115\/1369120571922804753.jpg","datePublished":"2013-05-20T00:00:00+00:00","dateModified":"2019-05-24T09:32:32+00:00","author":{"@id":"https:\/\/www.fondazionepirelli.org\/it\/#\/schema\/person\/f47d097000832c4a6e54538c791fdf25"},"breadcrumb":{"@id":"https:\/\/127.0.0.1\/it\/cultura-dimpresa\/cooperare-per-crescere\/#breadcrumb"},"inLanguage":"it-IT","potentialAction":[{"@type":"ReadAction","target":["https:\/\/127.0.0.1\/it\/cultura-dimpresa\/cooperare-per-crescere\/"]}]},{"@type":"ImageObject","inLanguage":"it-IT","@id":"https:\/\/127.0.0.1\/it\/cultura-dimpresa\/cooperare-per-crescere\/#primaryimage","url":"https:\/\/wpsite-assets.fondazionepirelli.org\/wp-content\/uploads\/2019\/05\/20102115\/1369120571922804753.jpg","contentUrl":"https:\/\/wpsite-assets.fondazionepirelli.org\/wp-content\/uploads\/2019\/05\/20102115\/1369120571922804753.jpg","width":249,"height":367},{"@type":"BreadcrumbList","@id":"https:\/\/127.0.0.1\/it\/cultura-dimpresa\/cooperare-per-crescere\/#breadcrumb","itemListElement":[{"@type":"ListItem","position":1,"name":"Home","item":"https:\/\/www.fondazionepirelli.org\/it\/"},{"@type":"ListItem","position":2,"name":"Cooperare per crescere"}]},{"@type":"WebSite","@id":"https:\/\/www.fondazionepirelli.org\/it\/#website","url":"https:\/\/www.fondazionepirelli.org\/it\/","name":"Fondazione Pirelli","description":"","potentialAction":[{"@type":"SearchAction","target":{"@type":"EntryPoint","urlTemplate":"https:\/\/www.fondazionepirelli.org\/it\/?s={search_term_string}"},"query-input":{"@type":"PropertyValueSpecification","valueRequired":true,"valueName":"search_term_string"}}],"inLanguage":"it-IT"},{"@type":"Person","@id":"https:\/\/www.fondazionepirelli.org\/it\/#\/schema\/person\/f47d097000832c4a6e54538c791fdf25","name":"fondadmin","image":{"@type":"ImageObject","inLanguage":"it-IT","@id":"https:\/\/www.fondazionepirelli.org\/it\/#\/schema\/person\/image\/","url":"https:\/\/secure.gravatar.com\/avatar\/e69498a9175ca244966e51e53c88712c024fcebe41f9a05f75657f1bb25e489b?s=96&d=mm&r=g","contentUrl":"https:\/\/secure.gravatar.com\/avatar\/e69498a9175ca244966e51e53c88712c024fcebe41f9a05f75657f1bb25e489b?s=96&d=mm&r=g","caption":"fondadmin"},"url":"https:\/\/www.fondazionepirelli.org\/it\/author\/fondadmin\/"}]}},"_links":{"self":[{"href":"https:\/\/www.fondazionepirelli.org\/it\/wp-json\/wp\/v2\/posts\/49341\/"}],"collection":[{"href":"https:\/\/www.fondazionepirelli.org\/it\/wp-json\/wp\/v2\/posts\/"}],"about":[{"href":"https:\/\/www.fondazionepirelli.org\/it\/wp-json\/wp\/v2\/types\/post\/"}],"author":[{"embeddable":true,"href":"https:\/\/www.fondazionepirelli.org\/it\/wp-json\/wp\/v2\/users\/1\/"}],"replies":[{"embeddable":true,"href":"https:\/\/www.fondazionepirelli.org\/it\/wp-json\/wp\/v2\/comments\/?post=49341"}],"version-history":[{"count":1,"href":"https:\/\/www.fondazionepirelli.org\/it\/wp-json\/wp\/v2\/posts\/49341\/revisions\/"}],"predecessor-version":[{"id":55925,"href":"https:\/\/www.fondazionepirelli.org\/it\/wp-json\/wp\/v2\/posts\/49341\/revisions\/55925\/"}],"wp:featuredmedia":[{"embeddable":true,"href":"https:\/\/www.fondazionepirelli.org\/it\/wp-json\/wp\/v2\/media\/49342\/"}],"wp:attachment":[{"href":"https:\/\/www.fondazionepirelli.org\/it\/wp-json\/wp\/v2\/media\/?parent=49341"}],"wp:term":[{"taxonomy":"category","embeddable":true,"href":"https:\/\/www.fondazionepirelli.org\/it\/wp-json\/wp\/v2\/categories\/?post=49341"},{"taxonomy":"post_tag","embeddable":true,"href":"https:\/\/www.fondazionepirelli.org\/it\/wp-json\/wp\/v2\/tags\/?post=49341"}],"curies":[{"name":"wp","href":"https:\/\/api.w.org\/{rel}","templated":true}]}}