{"id":49369,"date":"2013-05-06T00:00:00","date_gmt":"2013-05-06T00:00:00","guid":{"rendered":"http:\/\/www.fondazionepirelli.org\/fondazione-pirelli\/limpresa-aumentata-e-i-suoi-rischi\/"},"modified":"2019-05-27T15:43:58","modified_gmt":"2019-05-27T15:43:58","slug":"limpresa-aumentata-e-i-suoi-rischi","status":"publish","type":"post","link":"https:\/\/www.fondazionepirelli.org\/it\/cultura-dimpresa\/limpresa-aumentata-e-i-suoi-rischi\/","title":{"rendered":"L\u2019impresa aumentata e i suoi rischi"},"content":{"rendered":"<p><strong>Velocit\u00e0<\/strong>, <strong>globalizzazione<\/strong>, <strong>accelerazione<\/strong>. Passa anche da questi vocaboli la vita dell\u2019impresa moderna. Una vita frenetica, che rischia di schiacciare pi\u00f9 di un\u2019azienda (come effettivamente \u00e8), e che mette a dura prova i metodi di gestione, le pianificazioni, la stessa identit\u00e0 delle aziende e la cultura del produrre sulla quale sono nate e cresciute. Nascono addirittura nuove espressioni come quella che fa riferimento alla \u201c<em>impresa aumentata<\/em>\u201d, cio\u00e8 a quelle entit\u00e0 che fanno del web, della rete, i loro veri mercati di caccia, quei territori che un tempo avevano una delimitazione fisica e che oggi sono di fatto senza confini.<\/p>\n<p>Accanto alla produzione reale, alla cosiddetta manifattura, sempre pi\u00f9 spazio acquistano poi altri aspetti d\u2019impresa che hanno a che fare con la comunicazione, con la reti d\u2019informazione, con la responsabilit\u00e0 che ne deriva.<\/p>\n<p>Indagare sulla realt\u00e0 di queste imprese, capirne i metodi di azione, significa approfondire non solo il presente dell\u2019economia ma anche i possibili sviluppi. E\u2019 ci\u00f2 che fa <strong>Gian Paolo Bonani<\/strong> (del Dipartimento di comunicazione e ricerca sociale della Sapienza di Roma), nel suo \u201c<em>L&#8217;impresa aumentata. Caos e responsabilit\u00e0 della comunicazione d&#8217;impresa nell&#8217;et\u00e0 social<\/em>\u201d: un volume pensato per gli universitari ma utile per chi, anche nelle aziende, voglia capire di pi\u00f9 della situazione in cui \u00e8 immerso.<\/p>\n<p>L&#8217;attivit\u00e0 economica delle aziende e di tutte le organizzazioni \u2013 \u00e8 la tesi di Bonani -, si estende, si accelera, si intensifica e rende gli obiettivi produttivi e sociali pi\u00f9 articolati, complessi e carichi di responsabilit\u00e0. E non solo, perch\u00e9 per l\u2019autore l&#8217;impresa che si avvale della rete per arricchire il proprio territorio di azione e di influenza, commerciale e culturale, si trova dentro un ambiente economico e di fronte a una popolazione di consumatori completamente trasformati negli ultimi 20 anni.<\/p>\n<p>Bonani analizza, studia, spiega, esemplifica percorrendo quindi un tema complicato e denso. Guarda anche agli errori e alle distorsioni che la situazione porta con se\u2019. Arrivando a confezionare una \u201cguida\u201d per muoversi meglio in una giungla che si fa sempre pi\u00f9 fitta.<\/p><p><strong>L&#8217;impresa aumentata. Caos e responsabilit\u00e0 della comunicazione d&#8217;impresa nell&#8217;et\u00e0 social<\/strong><\/p>\n<p><em>G. Paolo Bonani<\/em><\/p>\n<p>Franco Angeli, 2013<\/p>\n","protected":false},"excerpt":{"rendered":"<p>Velocit\u00e0, globalizzazione, accelerazione. Passa anche da questi vocaboli la vita dell\u2019impresa moderna. Una vita frenetica, che rischia di schiacciare pi\u00f9 di un\u2019azienda (come effettivamente \u00e8), e che mette a dura prova i metodi di gestione, le pianificazioni, la stessa identit\u00e0 delle aziende e la cultura del produrre sulla quale sono nate e cresciute. Nascono addirittura [&hellip;]<\/p>\n","protected":false},"author":1,"featured_media":49370,"comment_status":"open","ping_status":"open","sticky":false,"template":"","format":"standard","meta":{"footnotes":""},"categories":[52,58],"tags":[],"class_list":["post-49369","post","type-post","status-publish","format-standard","has-post-thumbnail","hentry","category-cultura-dimpresa","category-recensioni-libri"],"acf":[],"yoast_head":"<!-- This site is optimized with the Yoast SEO plugin v25.0 - https:\/\/yoast.com\/wordpress\/plugins\/seo\/ -->\n<title>L\u2019impresa aumentata e i suoi rischi - Fondazione Pirelli<\/title>\n<meta name=\"robots\" content=\"index, follow, max-snippet:-1, max-image-preview:large, max-video-preview:-1\" \/>\n<link rel=\"canonical\" href=\"https:\/\/www.fondazionepirelli.org\/it\/cultura-dimpresa\/limpresa-aumentata-e-i-suoi-rischi\/\" \/>\n<meta property=\"og:locale\" content=\"it_IT\" \/>\n<meta property=\"og:type\" content=\"article\" \/>\n<meta property=\"og:title\" content=\"L\u2019impresa aumentata e i suoi rischi - Fondazione Pirelli\" \/>\n<meta property=\"og:description\" content=\"Velocit\u00e0, globalizzazione, accelerazione. Passa anche da questi vocaboli la vita dell\u2019impresa moderna. Una vita frenetica, che rischia di schiacciare pi\u00f9 di un\u2019azienda (come effettivamente \u00e8), e che mette a dura prova i metodi di gestione, le pianificazioni, la stessa identit\u00e0 delle aziende e la cultura del produrre sulla quale sono nate e cresciute. Nascono addirittura [&hellip;]\" \/>\n<meta property=\"og:url\" content=\"https:\/\/www.fondazionepirelli.org\/it\/cultura-dimpresa\/limpresa-aumentata-e-i-suoi-rischi\/\" \/>\n<meta property=\"og:site_name\" content=\"Fondazione Pirelli\" \/>\n<meta property=\"article:published_time\" content=\"2013-05-06T00:00:00+00:00\" \/>\n<meta property=\"article:modified_time\" content=\"2019-05-27T15:43:58+00:00\" \/>\n<meta property=\"og:image\" content=\"https:\/\/wpsite-assets.fondazionepirelli.org\/wp-content\/uploads\/2019\/05\/20102109\/13679252752079246857.jpg\" \/>\n\t<meta property=\"og:image:width\" content=\"200\" \/>\n\t<meta property=\"og:image:height\" content=\"299\" \/>\n\t<meta property=\"og:image:type\" content=\"image\/jpeg\" \/>\n<meta name=\"author\" content=\"fondadmin\" \/>\n<meta name=\"twitter:card\" content=\"summary_large_image\" \/>\n<meta name=\"twitter:label1\" content=\"Scritto da\" \/>\n\t<meta name=\"twitter:data1\" content=\"fondadmin\" \/>\n\t<meta name=\"twitter:label2\" content=\"Tempo di lettura stimato\" \/>\n\t<meta name=\"twitter:data2\" content=\"2 minuti\" \/>\n<script type=\"application\/ld+json\" class=\"yoast-schema-graph\">{\"@context\":\"https:\/\/schema.org\",\"@graph\":[{\"@type\":\"WebPage\",\"@id\":\"https:\/\/www.fondazionepirelli.org\/it\/cultura-dimpresa\/limpresa-aumentata-e-i-suoi-rischi\/\",\"url\":\"https:\/\/www.fondazionepirelli.org\/it\/cultura-dimpresa\/limpresa-aumentata-e-i-suoi-rischi\/\",\"name\":\"L\u2019impresa aumentata e i suoi rischi - Fondazione Pirelli\",\"isPartOf\":{\"@id\":\"https:\/\/www.fondazionepirelli.org\/it\/#website\"},\"primaryImageOfPage\":{\"@id\":\"https:\/\/www.fondazionepirelli.org\/it\/cultura-dimpresa\/limpresa-aumentata-e-i-suoi-rischi\/#primaryimage\"},\"image\":{\"@id\":\"https:\/\/www.fondazionepirelli.org\/it\/cultura-dimpresa\/limpresa-aumentata-e-i-suoi-rischi\/#primaryimage\"},\"thumbnailUrl\":\"https:\/\/wpsite-assets.fondazionepirelli.org\/wp-content\/uploads\/2019\/05\/20102109\/13679252752079246857.jpg\",\"datePublished\":\"2013-05-06T00:00:00+00:00\",\"dateModified\":\"2019-05-27T15:43:58+00:00\",\"author\":{\"@id\":\"https:\/\/www.fondazionepirelli.org\/it\/#\/schema\/person\/f47d097000832c4a6e54538c791fdf25\"},\"breadcrumb\":{\"@id\":\"https:\/\/www.fondazionepirelli.org\/it\/cultura-dimpresa\/limpresa-aumentata-e-i-suoi-rischi\/#breadcrumb\"},\"inLanguage\":\"it-IT\",\"potentialAction\":[{\"@type\":\"ReadAction\",\"target\":[\"https:\/\/www.fondazionepirelli.org\/it\/cultura-dimpresa\/limpresa-aumentata-e-i-suoi-rischi\/\"]}]},{\"@type\":\"ImageObject\",\"inLanguage\":\"it-IT\",\"@id\":\"https:\/\/www.fondazionepirelli.org\/it\/cultura-dimpresa\/limpresa-aumentata-e-i-suoi-rischi\/#primaryimage\",\"url\":\"https:\/\/wpsite-assets.fondazionepirelli.org\/wp-content\/uploads\/2019\/05\/20102109\/13679252752079246857.jpg\",\"contentUrl\":\"https:\/\/wpsite-assets.fondazionepirelli.org\/wp-content\/uploads\/2019\/05\/20102109\/13679252752079246857.jpg\",\"width\":200,\"height\":299},{\"@type\":\"BreadcrumbList\",\"@id\":\"https:\/\/www.fondazionepirelli.org\/it\/cultura-dimpresa\/limpresa-aumentata-e-i-suoi-rischi\/#breadcrumb\",\"itemListElement\":[{\"@type\":\"ListItem\",\"position\":1,\"name\":\"Home\",\"item\":\"https:\/\/www.fondazionepirelli.org\/it\/\"},{\"@type\":\"ListItem\",\"position\":2,\"name\":\"L\u2019impresa aumentata e i suoi rischi\"}]},{\"@type\":\"WebSite\",\"@id\":\"https:\/\/www.fondazionepirelli.org\/it\/#website\",\"url\":\"https:\/\/www.fondazionepirelli.org\/it\/\",\"name\":\"Fondazione Pirelli\",\"description\":\"\",\"potentialAction\":[{\"@type\":\"SearchAction\",\"target\":{\"@type\":\"EntryPoint\",\"urlTemplate\":\"https:\/\/www.fondazionepirelli.org\/it\/?s={search_term_string}\"},\"query-input\":{\"@type\":\"PropertyValueSpecification\",\"valueRequired\":true,\"valueName\":\"search_term_string\"}}],\"inLanguage\":\"it-IT\"},{\"@type\":\"Person\",\"@id\":\"https:\/\/www.fondazionepirelli.org\/it\/#\/schema\/person\/f47d097000832c4a6e54538c791fdf25\",\"name\":\"fondadmin\",\"image\":{\"@type\":\"ImageObject\",\"inLanguage\":\"it-IT\",\"@id\":\"https:\/\/www.fondazionepirelli.org\/it\/#\/schema\/person\/image\/\",\"url\":\"https:\/\/secure.gravatar.com\/avatar\/e69498a9175ca244966e51e53c88712c024fcebe41f9a05f75657f1bb25e489b?s=96&d=mm&r=g\",\"contentUrl\":\"https:\/\/secure.gravatar.com\/avatar\/e69498a9175ca244966e51e53c88712c024fcebe41f9a05f75657f1bb25e489b?s=96&d=mm&r=g\",\"caption\":\"fondadmin\"},\"url\":\"https:\/\/www.fondazionepirelli.org\/it\/author\/fondadmin\/\"}]}<\/script>\n<!-- \/ Yoast SEO plugin. -->","yoast_head_json":{"title":"L\u2019impresa aumentata e i suoi rischi - Fondazione Pirelli","robots":{"index":"index","follow":"follow","max-snippet":"max-snippet:-1","max-image-preview":"max-image-preview:large","max-video-preview":"max-video-preview:-1"},"canonical":"https:\/\/www.fondazionepirelli.org\/it\/cultura-dimpresa\/limpresa-aumentata-e-i-suoi-rischi\/","og_locale":"it_IT","og_type":"article","og_title":"L\u2019impresa aumentata e i suoi rischi - Fondazione Pirelli","og_description":"Velocit\u00e0, globalizzazione, accelerazione. Passa anche da questi vocaboli la vita dell\u2019impresa moderna. Una vita frenetica, che rischia di schiacciare pi\u00f9 di un\u2019azienda (come effettivamente \u00e8), e che mette a dura prova i metodi di gestione, le pianificazioni, la stessa identit\u00e0 delle aziende e la cultura del produrre sulla quale sono nate e cresciute. Nascono addirittura [&hellip;]","og_url":"https:\/\/www.fondazionepirelli.org\/it\/cultura-dimpresa\/limpresa-aumentata-e-i-suoi-rischi\/","og_site_name":"Fondazione Pirelli","article_published_time":"2013-05-06T00:00:00+00:00","article_modified_time":"2019-05-27T15:43:58+00:00","og_image":[{"width":200,"height":299,"url":"https:\/\/wpsite-assets.fondazionepirelli.org\/wp-content\/uploads\/2019\/05\/20102109\/13679252752079246857.jpg","type":"image\/jpeg"}],"author":"fondadmin","twitter_card":"summary_large_image","twitter_misc":{"Scritto da":"fondadmin","Tempo di lettura stimato":"2 minuti"},"schema":{"@context":"https:\/\/schema.org","@graph":[{"@type":"WebPage","@id":"https:\/\/www.fondazionepirelli.org\/it\/cultura-dimpresa\/limpresa-aumentata-e-i-suoi-rischi\/","url":"https:\/\/www.fondazionepirelli.org\/it\/cultura-dimpresa\/limpresa-aumentata-e-i-suoi-rischi\/","name":"L\u2019impresa aumentata e i suoi rischi - Fondazione Pirelli","isPartOf":{"@id":"https:\/\/www.fondazionepirelli.org\/it\/#website"},"primaryImageOfPage":{"@id":"https:\/\/www.fondazionepirelli.org\/it\/cultura-dimpresa\/limpresa-aumentata-e-i-suoi-rischi\/#primaryimage"},"image":{"@id":"https:\/\/www.fondazionepirelli.org\/it\/cultura-dimpresa\/limpresa-aumentata-e-i-suoi-rischi\/#primaryimage"},"thumbnailUrl":"https:\/\/wpsite-assets.fondazionepirelli.org\/wp-content\/uploads\/2019\/05\/20102109\/13679252752079246857.jpg","datePublished":"2013-05-06T00:00:00+00:00","dateModified":"2019-05-27T15:43:58+00:00","author":{"@id":"https:\/\/www.fondazionepirelli.org\/it\/#\/schema\/person\/f47d097000832c4a6e54538c791fdf25"},"breadcrumb":{"@id":"https:\/\/www.fondazionepirelli.org\/it\/cultura-dimpresa\/limpresa-aumentata-e-i-suoi-rischi\/#breadcrumb"},"inLanguage":"it-IT","potentialAction":[{"@type":"ReadAction","target":["https:\/\/www.fondazionepirelli.org\/it\/cultura-dimpresa\/limpresa-aumentata-e-i-suoi-rischi\/"]}]},{"@type":"ImageObject","inLanguage":"it-IT","@id":"https:\/\/www.fondazionepirelli.org\/it\/cultura-dimpresa\/limpresa-aumentata-e-i-suoi-rischi\/#primaryimage","url":"https:\/\/wpsite-assets.fondazionepirelli.org\/wp-content\/uploads\/2019\/05\/20102109\/13679252752079246857.jpg","contentUrl":"https:\/\/wpsite-assets.fondazionepirelli.org\/wp-content\/uploads\/2019\/05\/20102109\/13679252752079246857.jpg","width":200,"height":299},{"@type":"BreadcrumbList","@id":"https:\/\/www.fondazionepirelli.org\/it\/cultura-dimpresa\/limpresa-aumentata-e-i-suoi-rischi\/#breadcrumb","itemListElement":[{"@type":"ListItem","position":1,"name":"Home","item":"https:\/\/www.fondazionepirelli.org\/it\/"},{"@type":"ListItem","position":2,"name":"L\u2019impresa aumentata e i suoi rischi"}]},{"@type":"WebSite","@id":"https:\/\/www.fondazionepirelli.org\/it\/#website","url":"https:\/\/www.fondazionepirelli.org\/it\/","name":"Fondazione Pirelli","description":"","potentialAction":[{"@type":"SearchAction","target":{"@type":"EntryPoint","urlTemplate":"https:\/\/www.fondazionepirelli.org\/it\/?s={search_term_string}"},"query-input":{"@type":"PropertyValueSpecification","valueRequired":true,"valueName":"search_term_string"}}],"inLanguage":"it-IT"},{"@type":"Person","@id":"https:\/\/www.fondazionepirelli.org\/it\/#\/schema\/person\/f47d097000832c4a6e54538c791fdf25","name":"fondadmin","image":{"@type":"ImageObject","inLanguage":"it-IT","@id":"https:\/\/www.fondazionepirelli.org\/it\/#\/schema\/person\/image\/","url":"https:\/\/secure.gravatar.com\/avatar\/e69498a9175ca244966e51e53c88712c024fcebe41f9a05f75657f1bb25e489b?s=96&d=mm&r=g","contentUrl":"https:\/\/secure.gravatar.com\/avatar\/e69498a9175ca244966e51e53c88712c024fcebe41f9a05f75657f1bb25e489b?s=96&d=mm&r=g","caption":"fondadmin"},"url":"https:\/\/www.fondazionepirelli.org\/it\/author\/fondadmin\/"}]}},"_links":{"self":[{"href":"https:\/\/www.fondazionepirelli.org\/it\/wp-json\/wp\/v2\/posts\/49369\/"}],"collection":[{"href":"https:\/\/www.fondazionepirelli.org\/it\/wp-json\/wp\/v2\/posts\/"}],"about":[{"href":"https:\/\/www.fondazionepirelli.org\/it\/wp-json\/wp\/v2\/types\/post\/"}],"author":[{"embeddable":true,"href":"https:\/\/www.fondazionepirelli.org\/it\/wp-json\/wp\/v2\/users\/1\/"}],"replies":[{"embeddable":true,"href":"https:\/\/www.fondazionepirelli.org\/it\/wp-json\/wp\/v2\/comments\/?post=49369"}],"version-history":[{"count":1,"href":"https:\/\/www.fondazionepirelli.org\/it\/wp-json\/wp\/v2\/posts\/49369\/revisions\/"}],"predecessor-version":[{"id":56326,"href":"https:\/\/www.fondazionepirelli.org\/it\/wp-json\/wp\/v2\/posts\/49369\/revisions\/56326\/"}],"wp:featuredmedia":[{"embeddable":true,"href":"https:\/\/www.fondazionepirelli.org\/it\/wp-json\/wp\/v2\/media\/49370\/"}],"wp:attachment":[{"href":"https:\/\/www.fondazionepirelli.org\/it\/wp-json\/wp\/v2\/media\/?parent=49369"}],"wp:term":[{"taxonomy":"category","embeddable":true,"href":"https:\/\/www.fondazionepirelli.org\/it\/wp-json\/wp\/v2\/categories\/?post=49369"},{"taxonomy":"post_tag","embeddable":true,"href":"https:\/\/www.fondazionepirelli.org\/it\/wp-json\/wp\/v2\/tags\/?post=49369"}],"curies":[{"name":"wp","href":"https:\/\/api.w.org\/{rel}","templated":true}]}}