{"id":49372,"date":"2013-05-02T00:00:00","date_gmt":"2013-05-02T00:00:00","guid":{"rendered":"http:\/\/www.fondazionepirelli.org\/fondazione-pirelli\/la-fabbrica-sospesa-a-colloquio-con-silvio-soldini\/"},"modified":"2021-12-17T16:23:50","modified_gmt":"2021-12-17T15:23:50","slug":"la-fabbrica-sospesa-a-colloquio-con-silvio-soldini","status":"publish","type":"post","link":"https:\/\/www.fondazionepirelli.org\/it\/iniziative\/la-fabbrica-sospesa-a-colloquio-con-silvio-soldini\/","title":{"rendered":"\u201cLa Fabbrica Sospesa\u201d: a colloquio con Silvio Soldini"},"content":{"rendered":"<p><span id=\"\" lang=\"IT\">Tra le iniziative di <\/span><span id=\"\" lang=\"IT\">\u201cScoprire Bicocca 1450-2013\u201d, gioved\u00ec 9 maggio verr\u00e0 proiettato il documentario \u201cLa Fabbrica Sospesa\u201d, commissionato da <span class=\"Apple-style-span\" style=\"font-weight: bold;\">Pirelli <\/span>a Silvio Soldini nel 1987. Vi proponiamo uno stralcio dell\u2019intervista di <span class=\"Apple-style-span\" style=\"font-weight: bold;\">Andrea Kerbaker<\/span> al regista, pubblicata sulla rivista \u201cFatti e Notizie\u201d.<\/span><\/p>\n<p class=\"MsoNormal\"><span class=\"Apple-style-span\" style=\"font-weight: bold;\">A colloquio con Silvio Soldini<\/span><\/p>\n<p class=\"MsoNormal\"><span style=\"font-weight: bold;\">IN UN FILM LA STORIA DELLA BICOCCA<\/span><\/p>\n<p id=\"\" class=\"MsoNormal\">Studi di cinema a New York, in un primo cortometraggio in bianco e nero, <i>Drimage<\/i>, apprezzato dai critici e vincitore di un premio milanese nel 1982, poi due lungometraggi, <i>Paesaggio con figure<\/i> (1983) e <i>Giulia in Ottobre <\/i>(1985) [&#8230;]. A lui la Pirelli ha commissionato un film sulla Bicocca, prima che le ristrutturazioni, cui porter\u00e0 il progetto Bicocca, facciano scomparire per sempre molti edifici dell\u2019area. Le riprese sono cominciate a giugno; abbiamo approfittato di una pausa del lavoro per rivolgere a Soldini qualche domanda.<\/p>\n<p id=\"\" class=\"MsoNormal\"><span style=\"font-weight: bold;\">Il documentario industriale per te rappresenta un campo ancora inesplorato. Raccontaci come ti si \u00e8 presentata questa opportunit\u00e0.<\/span><\/p>\n<p id=\"\" class=\"MsoNormal\"><span lang=\"IT\">Tutto \u00e8 nato quando Gavino Manca, amministratore delegato delle Industrie Pirelli, ha visto il mio documentario <i>Voci celate<\/i>, apprezzandone l\u2019approccio umano, il peso emotivo, il modo in cui avevo cercato di fare emergere le personalit\u00e0 dei singoli personaggi, facendoli divenire i veri protagonisti del film. A quel punto mi \u00e8 stato chiesto se mi interessante ricordare la Bicocca come un posto in cui si sono intrecciate esistenze umane di lavoro, un posto con un vissuto e una storia. Era un taglio che condividevo pienamente, e perci\u00f2 ho accettato volentieri.<\/span><\/p>\n<p id=\"\" class=\"MsoNormal\"><span style=\"font-weight: bold;\">Mi pare che da questa collaborazione nasca quindi qualche cosa di nuovo nell\u2019ambito del documentario industriale.<\/span><\/p>\n<p id=\"\" class=\"MsoNormal\"><span lang=\"IT\">Si, l\u2019intenzione \u00e8 questa. La mia impressione \u00e8 che il documentario industriale, cos\u00ec come \u00e8 concepito oggi, sia una forma di espressione largamente insoddisfacente. La maggior parte di quelli che ho visto sono uguali e monotoni: riprese pi\u00f9 o meno belle, musichetta piacevole di sottofondo, un montaggio raffazzonato, testi agiografici in cui si esaltano le magnifiche sorti e progressive del committente. Chiaro che un lavoro fatto cos\u00ec, in questo caso, non interessava Pirelli, e tanto meno me [&#8230;].<\/span><\/p>\n<p id=\"\" class=\"MsoNormal\"><span style=\"font-weight: bold;\">Questi intenti come si tradurranno praticamente in sede di esecuzione del film?<\/span><\/p>\n<p id=\"\" class=\"MsoNormal\"><span lang=\"IT\">Visto che il filo conduttore del discorso non sar\u00e0 costituito dagli edifici in quanto tali ma dalle presenze umane che sono esistite tra questi muri, ho cominciato con delle interviste: ho incontrato una trentina di persone che hanno lavorato o ancora lavorano in Bicocca e sceglier\u00f2 sette\/otto tra le testimonianze pi\u00f9 significative. Le riprese dei luoghi (che sono durate tre settimane) saranno inoltre supportate dal suono in presa diretta, come sempre dei nei miei lavori [&#8230;].<\/span><\/p>\n<p class=\"MsoNormal\"><span style=\"font-weight: bold;\">Proiezione; gioved\u00ec 9 maggio presso <a title=\"HangarBicocca\" href=\"\/\/www.hangarbicocca.org\/\" target=\"_blank\" rel=\"noopener noreferrer\">HangarBicocca<\/a><\/span><\/p>\n<p id=\"\" class=\"MsoNormal\"><span lang=\"IT\"><span class=\"Apple-style-span\" style=\"font-weight: bold;\">Entrata libera fino ad esaurimento posti<\/span><\/span><\/p>\n","protected":false},"excerpt":{"rendered":"<p>Tra le iniziative di \u201cScoprire Bicocca 1450-2013\u201d, gioved\u00ec 9 maggio verr\u00e0 proiettato il documentario \u201cLa Fabbrica Sospesa\u201d, commissionato da Pirelli a Silvio Soldini nel 1987. Vi proponiamo uno stralcio dell\u2019intervista di Andrea Kerbaker al regista, pubblicata sulla rivista \u201cFatti e Notizie\u201d. A colloquio con Silvio Soldini IN UN FILM LA STORIA DELLA BICOCCA Studi di [&hellip;]<\/p>\n","protected":false},"author":1,"featured_media":49373,"comment_status":"open","ping_status":"open","sticky":false,"template":"","format":"standard","meta":{"footnotes":""},"categories":[78,60],"tags":[90],"class_list":["post-49372","post","type-post","status-publish","format-standard","has-post-thumbnail","hentry","category-gli-eventi-e-i-percorsi-guidati","category-iniziative","tag-le-architetture-dellindustria"],"acf":[],"yoast_head":"<!-- This site is optimized with the Yoast SEO plugin v25.0 - https:\/\/yoast.com\/wordpress\/plugins\/seo\/ -->\n<title>\u201cLa Fabbrica Sospesa\u201d di Silvio Soldini | Fondazione Pirelli<\/title>\n<meta name=\"description\" content=\"\u201cLa fabbrica sospesa\u201d: il documentario sul Progetto Biccocca commissionato da\u00a0Pirelli\u00a0a Silvio Soldini nel 1987. Visita il nostro sito e scopri di pi\u00f9.\" \/>\n<meta name=\"robots\" content=\"index, follow, max-snippet:-1, max-image-preview:large, max-video-preview:-1\" \/>\n<link rel=\"canonical\" href=\"https:\/\/www.fondazionepirelli.org\/it\/iniziative\/la-fabbrica-sospesa-a-colloquio-con-silvio-soldini\/\" \/>\n<meta property=\"og:locale\" content=\"it_IT\" \/>\n<meta property=\"og:type\" content=\"article\" \/>\n<meta property=\"og:title\" content=\"\u201cLa Fabbrica Sospesa\u201d di Silvio Soldini | Fondazione Pirelli\" \/>\n<meta property=\"og:description\" content=\"\u201cLa fabbrica sospesa\u201d: il documentario sul Progetto Biccocca commissionato da\u00a0Pirelli\u00a0a Silvio Soldini nel 1987. Visita il nostro sito e scopri di pi\u00f9.\" \/>\n<meta property=\"og:url\" content=\"https:\/\/www.fondazionepirelli.org\/it\/iniziative\/la-fabbrica-sospesa-a-colloquio-con-silvio-soldini\/\" \/>\n<meta property=\"og:site_name\" content=\"Fondazione Pirelli\" \/>\n<meta property=\"article:published_time\" content=\"2013-05-02T00:00:00+00:00\" \/>\n<meta property=\"article:modified_time\" content=\"2021-12-17T15:23:50+00:00\" \/>\n<meta property=\"og:image\" content=\"https:\/\/wpsite-assets.fondazionepirelli.org\/wp-content\/uploads\/2019\/05\/20102109\/soldini-2.jpg\" \/>\n\t<meta property=\"og:image:width\" content=\"600\" \/>\n\t<meta property=\"og:image:height\" content=\"506\" \/>\n\t<meta property=\"og:image:type\" content=\"image\/jpeg\" \/>\n<meta name=\"author\" content=\"fondadmin\" \/>\n<meta name=\"twitter:card\" content=\"summary_large_image\" \/>\n<meta name=\"twitter:label1\" content=\"Scritto da\" \/>\n\t<meta name=\"twitter:data1\" content=\"fondadmin\" \/>\n\t<meta name=\"twitter:label2\" content=\"Tempo di lettura stimato\" \/>\n\t<meta name=\"twitter:data2\" content=\"2 minuti\" \/>\n<script type=\"application\/ld+json\" class=\"yoast-schema-graph\">{\"@context\":\"https:\/\/schema.org\",\"@graph\":[{\"@type\":\"WebPage\",\"@id\":\"https:\/\/www.fondazionepirelli.org\/it\/iniziative\/la-fabbrica-sospesa-a-colloquio-con-silvio-soldini\/\",\"url\":\"https:\/\/www.fondazionepirelli.org\/it\/iniziative\/la-fabbrica-sospesa-a-colloquio-con-silvio-soldini\/\",\"name\":\"\u201cLa Fabbrica Sospesa\u201d di Silvio Soldini | Fondazione Pirelli\",\"isPartOf\":{\"@id\":\"https:\/\/www.fondazionepirelli.org\/it\/#website\"},\"primaryImageOfPage\":{\"@id\":\"https:\/\/www.fondazionepirelli.org\/it\/iniziative\/la-fabbrica-sospesa-a-colloquio-con-silvio-soldini\/#primaryimage\"},\"image\":{\"@id\":\"https:\/\/www.fondazionepirelli.org\/it\/iniziative\/la-fabbrica-sospesa-a-colloquio-con-silvio-soldini\/#primaryimage\"},\"thumbnailUrl\":\"https:\/\/wpsite-assets.fondazionepirelli.org\/wp-content\/uploads\/2019\/05\/20102109\/soldini-2.jpg\",\"datePublished\":\"2013-05-02T00:00:00+00:00\",\"dateModified\":\"2021-12-17T15:23:50+00:00\",\"author\":{\"@id\":\"https:\/\/www.fondazionepirelli.org\/it\/#\/schema\/person\/f47d097000832c4a6e54538c791fdf25\"},\"description\":\"\u201cLa fabbrica sospesa\u201d: il documentario sul Progetto Biccocca commissionato da\u00a0Pirelli\u00a0a Silvio Soldini nel 1987. Visita il nostro sito e scopri di pi\u00f9.\",\"breadcrumb\":{\"@id\":\"https:\/\/www.fondazionepirelli.org\/it\/iniziative\/la-fabbrica-sospesa-a-colloquio-con-silvio-soldini\/#breadcrumb\"},\"inLanguage\":\"it-IT\",\"potentialAction\":[{\"@type\":\"ReadAction\",\"target\":[\"https:\/\/www.fondazionepirelli.org\/it\/iniziative\/la-fabbrica-sospesa-a-colloquio-con-silvio-soldini\/\"]}]},{\"@type\":\"ImageObject\",\"inLanguage\":\"it-IT\",\"@id\":\"https:\/\/www.fondazionepirelli.org\/it\/iniziative\/la-fabbrica-sospesa-a-colloquio-con-silvio-soldini\/#primaryimage\",\"url\":\"https:\/\/wpsite-assets.fondazionepirelli.org\/wp-content\/uploads\/2019\/05\/20102109\/soldini-2.jpg\",\"contentUrl\":\"https:\/\/wpsite-assets.fondazionepirelli.org\/wp-content\/uploads\/2019\/05\/20102109\/soldini-2.jpg\",\"width\":600,\"height\":506,\"caption\":\"||||\"},{\"@type\":\"BreadcrumbList\",\"@id\":\"https:\/\/www.fondazionepirelli.org\/it\/iniziative\/la-fabbrica-sospesa-a-colloquio-con-silvio-soldini\/#breadcrumb\",\"itemListElement\":[{\"@type\":\"ListItem\",\"position\":1,\"name\":\"Home\",\"item\":\"https:\/\/www.fondazionepirelli.org\/it\/\"},{\"@type\":\"ListItem\",\"position\":2,\"name\":\"\u201cLa Fabbrica Sospesa\u201d: a colloquio con Silvio Soldini\"}]},{\"@type\":\"WebSite\",\"@id\":\"https:\/\/www.fondazionepirelli.org\/it\/#website\",\"url\":\"https:\/\/www.fondazionepirelli.org\/it\/\",\"name\":\"Fondazione Pirelli\",\"description\":\"\",\"potentialAction\":[{\"@type\":\"SearchAction\",\"target\":{\"@type\":\"EntryPoint\",\"urlTemplate\":\"https:\/\/www.fondazionepirelli.org\/it\/?s={search_term_string}\"},\"query-input\":{\"@type\":\"PropertyValueSpecification\",\"valueRequired\":true,\"valueName\":\"search_term_string\"}}],\"inLanguage\":\"it-IT\"},{\"@type\":\"Person\",\"@id\":\"https:\/\/www.fondazionepirelli.org\/it\/#\/schema\/person\/f47d097000832c4a6e54538c791fdf25\",\"name\":\"fondadmin\",\"image\":{\"@type\":\"ImageObject\",\"inLanguage\":\"it-IT\",\"@id\":\"https:\/\/www.fondazionepirelli.org\/it\/#\/schema\/person\/image\/\",\"url\":\"https:\/\/secure.gravatar.com\/avatar\/e69498a9175ca244966e51e53c88712c024fcebe41f9a05f75657f1bb25e489b?s=96&d=mm&r=g\",\"contentUrl\":\"https:\/\/secure.gravatar.com\/avatar\/e69498a9175ca244966e51e53c88712c024fcebe41f9a05f75657f1bb25e489b?s=96&d=mm&r=g\",\"caption\":\"fondadmin\"},\"url\":\"https:\/\/www.fondazionepirelli.org\/it\/author\/fondadmin\/\"}]}<\/script>\n<!-- \/ Yoast SEO plugin. -->","yoast_head_json":{"title":"\u201cLa Fabbrica Sospesa\u201d di Silvio Soldini | Fondazione Pirelli","description":"\u201cLa fabbrica sospesa\u201d: il documentario sul Progetto Biccocca commissionato da\u00a0Pirelli\u00a0a Silvio Soldini nel 1987. Visita il nostro sito e scopri di pi\u00f9.","robots":{"index":"index","follow":"follow","max-snippet":"max-snippet:-1","max-image-preview":"max-image-preview:large","max-video-preview":"max-video-preview:-1"},"canonical":"https:\/\/www.fondazionepirelli.org\/it\/iniziative\/la-fabbrica-sospesa-a-colloquio-con-silvio-soldini\/","og_locale":"it_IT","og_type":"article","og_title":"\u201cLa Fabbrica Sospesa\u201d di Silvio Soldini | Fondazione Pirelli","og_description":"\u201cLa fabbrica sospesa\u201d: il documentario sul Progetto Biccocca commissionato da\u00a0Pirelli\u00a0a Silvio Soldini nel 1987. Visita il nostro sito e scopri di pi\u00f9.","og_url":"https:\/\/www.fondazionepirelli.org\/it\/iniziative\/la-fabbrica-sospesa-a-colloquio-con-silvio-soldini\/","og_site_name":"Fondazione Pirelli","article_published_time":"2013-05-02T00:00:00+00:00","article_modified_time":"2021-12-17T15:23:50+00:00","og_image":[{"width":600,"height":506,"url":"https:\/\/wpsite-assets.fondazionepirelli.org\/wp-content\/uploads\/2019\/05\/20102109\/soldini-2.jpg","type":"image\/jpeg"}],"author":"fondadmin","twitter_card":"summary_large_image","twitter_misc":{"Scritto da":"fondadmin","Tempo di lettura stimato":"2 minuti"},"schema":{"@context":"https:\/\/schema.org","@graph":[{"@type":"WebPage","@id":"https:\/\/www.fondazionepirelli.org\/it\/iniziative\/la-fabbrica-sospesa-a-colloquio-con-silvio-soldini\/","url":"https:\/\/www.fondazionepirelli.org\/it\/iniziative\/la-fabbrica-sospesa-a-colloquio-con-silvio-soldini\/","name":"\u201cLa Fabbrica Sospesa\u201d di Silvio Soldini | Fondazione Pirelli","isPartOf":{"@id":"https:\/\/www.fondazionepirelli.org\/it\/#website"},"primaryImageOfPage":{"@id":"https:\/\/www.fondazionepirelli.org\/it\/iniziative\/la-fabbrica-sospesa-a-colloquio-con-silvio-soldini\/#primaryimage"},"image":{"@id":"https:\/\/www.fondazionepirelli.org\/it\/iniziative\/la-fabbrica-sospesa-a-colloquio-con-silvio-soldini\/#primaryimage"},"thumbnailUrl":"https:\/\/wpsite-assets.fondazionepirelli.org\/wp-content\/uploads\/2019\/05\/20102109\/soldini-2.jpg","datePublished":"2013-05-02T00:00:00+00:00","dateModified":"2021-12-17T15:23:50+00:00","author":{"@id":"https:\/\/www.fondazionepirelli.org\/it\/#\/schema\/person\/f47d097000832c4a6e54538c791fdf25"},"description":"\u201cLa fabbrica sospesa\u201d: il documentario sul Progetto Biccocca commissionato da\u00a0Pirelli\u00a0a Silvio Soldini nel 1987. Visita il nostro sito e scopri di pi\u00f9.","breadcrumb":{"@id":"https:\/\/www.fondazionepirelli.org\/it\/iniziative\/la-fabbrica-sospesa-a-colloquio-con-silvio-soldini\/#breadcrumb"},"inLanguage":"it-IT","potentialAction":[{"@type":"ReadAction","target":["https:\/\/www.fondazionepirelli.org\/it\/iniziative\/la-fabbrica-sospesa-a-colloquio-con-silvio-soldini\/"]}]},{"@type":"ImageObject","inLanguage":"it-IT","@id":"https:\/\/www.fondazionepirelli.org\/it\/iniziative\/la-fabbrica-sospesa-a-colloquio-con-silvio-soldini\/#primaryimage","url":"https:\/\/wpsite-assets.fondazionepirelli.org\/wp-content\/uploads\/2019\/05\/20102109\/soldini-2.jpg","contentUrl":"https:\/\/wpsite-assets.fondazionepirelli.org\/wp-content\/uploads\/2019\/05\/20102109\/soldini-2.jpg","width":600,"height":506,"caption":"||||"},{"@type":"BreadcrumbList","@id":"https:\/\/www.fondazionepirelli.org\/it\/iniziative\/la-fabbrica-sospesa-a-colloquio-con-silvio-soldini\/#breadcrumb","itemListElement":[{"@type":"ListItem","position":1,"name":"Home","item":"https:\/\/www.fondazionepirelli.org\/it\/"},{"@type":"ListItem","position":2,"name":"\u201cLa Fabbrica Sospesa\u201d: a colloquio con Silvio Soldini"}]},{"@type":"WebSite","@id":"https:\/\/www.fondazionepirelli.org\/it\/#website","url":"https:\/\/www.fondazionepirelli.org\/it\/","name":"Fondazione Pirelli","description":"","potentialAction":[{"@type":"SearchAction","target":{"@type":"EntryPoint","urlTemplate":"https:\/\/www.fondazionepirelli.org\/it\/?s={search_term_string}"},"query-input":{"@type":"PropertyValueSpecification","valueRequired":true,"valueName":"search_term_string"}}],"inLanguage":"it-IT"},{"@type":"Person","@id":"https:\/\/www.fondazionepirelli.org\/it\/#\/schema\/person\/f47d097000832c4a6e54538c791fdf25","name":"fondadmin","image":{"@type":"ImageObject","inLanguage":"it-IT","@id":"https:\/\/www.fondazionepirelli.org\/it\/#\/schema\/person\/image\/","url":"https:\/\/secure.gravatar.com\/avatar\/e69498a9175ca244966e51e53c88712c024fcebe41f9a05f75657f1bb25e489b?s=96&d=mm&r=g","contentUrl":"https:\/\/secure.gravatar.com\/avatar\/e69498a9175ca244966e51e53c88712c024fcebe41f9a05f75657f1bb25e489b?s=96&d=mm&r=g","caption":"fondadmin"},"url":"https:\/\/www.fondazionepirelli.org\/it\/author\/fondadmin\/"}]}},"_links":{"self":[{"href":"https:\/\/www.fondazionepirelli.org\/it\/wp-json\/wp\/v2\/posts\/49372\/"}],"collection":[{"href":"https:\/\/www.fondazionepirelli.org\/it\/wp-json\/wp\/v2\/posts\/"}],"about":[{"href":"https:\/\/www.fondazionepirelli.org\/it\/wp-json\/wp\/v2\/types\/post\/"}],"author":[{"embeddable":true,"href":"https:\/\/www.fondazionepirelli.org\/it\/wp-json\/wp\/v2\/users\/1\/"}],"replies":[{"embeddable":true,"href":"https:\/\/www.fondazionepirelli.org\/it\/wp-json\/wp\/v2\/comments\/?post=49372"}],"version-history":[{"count":3,"href":"https:\/\/www.fondazionepirelli.org\/it\/wp-json\/wp\/v2\/posts\/49372\/revisions\/"}],"predecessor-version":[{"id":69417,"href":"https:\/\/www.fondazionepirelli.org\/it\/wp-json\/wp\/v2\/posts\/49372\/revisions\/69417\/"}],"wp:featuredmedia":[{"embeddable":true,"href":"https:\/\/www.fondazionepirelli.org\/it\/wp-json\/wp\/v2\/media\/49373\/"}],"wp:attachment":[{"href":"https:\/\/www.fondazionepirelli.org\/it\/wp-json\/wp\/v2\/media\/?parent=49372"}],"wp:term":[{"taxonomy":"category","embeddable":true,"href":"https:\/\/www.fondazionepirelli.org\/it\/wp-json\/wp\/v2\/categories\/?post=49372"},{"taxonomy":"post_tag","embeddable":true,"href":"https:\/\/www.fondazionepirelli.org\/it\/wp-json\/wp\/v2\/tags\/?post=49372"}],"curies":[{"name":"wp","href":"https:\/\/api.w.org\/{rel}","templated":true}]}}