{"id":49391,"date":"2013-04-22T00:00:00","date_gmt":"2013-04-22T00:00:00","guid":{"rendered":"http:\/\/www.fondazionepirelli.org\/fondazione-pirelli\/quando-limpresa-e-sociale\/"},"modified":"2019-05-27T15:36:40","modified_gmt":"2019-05-27T15:36:40","slug":"quando-limpresa-e-sociale","status":"publish","type":"post","link":"https:\/\/www.fondazionepirelli.org\/it\/cultura-dimpresa\/quando-limpresa-e-sociale\/","title":{"rendered":"Quando l\u2019impresa \u00e8 \u201csociale\u201d"},"content":{"rendered":"<p>Uno sguardo, un sorriso, un\u2019idea, un progetto. La cultura di un\u2019impresa si capisce anche da questi elementi apparentemente slegati dal mercato, dal prodotto, dal bilancio, dai numeri. Se cultura \u00e8, per esempio, ci\u00f2 che l\u2019azienda ha in s\u00e9 come principi d\u2019azione, modo di essere e di approcciarsi al mercato e ai dipendenti, la descrizione di questa passa anche per strade che possono essere inusuali e inaspettate.<\/p>\n<p>E\u2019 accaduto cos\u00ec che l\u2019idea d\u2019impresa che permea un\u2019organizzazione produttiva, si sia costruita in passato anche attraverso gli asili per i figli dei dipendenti, le colonie marine e montane, le casse mutua, i pacchi dono, l\u2019immagine stessa della fabbrica. Oggi c\u2019\u00e8 la globalizzazione a dettare legge, ma per le aziende che fanno della loro cultura uno dei perni della crescita, \u00e8 di fatto la stessa cosa, solo in termini pi\u00f9 vasti.<\/p>\n<p>E\u2019 importante, oltre che interessante, capire allora cosa pu\u00f2 accadere in questi casi. Ed \u00e8 per questo che \u00e8 bello leggere e guardare \u201c<em>Imprese Sociali Ferrero<\/em>\u201d, un volume di poco pi\u00f9 di 300 pagine, dense si foto e di storie che raccontano come la<strong> Ferrero<\/strong> \u2013 partita da Alba in Piemonte nel <strong>1946<\/strong> \u2013 sia riuscita a coniugare affari e responsabilit\u00e0 sociale attraverso la creazione di realt\u00e0 produttive in India, Camerun e Sudafrica.<\/p>\n<p>La raccolta di immagini e racconti \u2013 curata da <strong>Caterina Ginzburg<\/strong> -, \u00e8 organizzata per persone (uomini e donne che a vario titolo lavorano negli stabilimenti Ferrero), luoghi (India, Camerun e Sudafrica appunto), e prodotti (cacao, latte e canna da zucchero). Un alternarsi di scatti e di storie di lavoro, di vite vissute, di gioie e di lutti, di scoperte e conquiste: un insieme che compone il quadro unico della cultura d\u2019impresa sociale che la Ferrero ha costruito nel tempo.<\/p>\n<p>Il libro compone cos\u00ec una trilogia di sensazioni, un viaggio inaspettato in luoghi, ambienti e abitazioni che non nasconde nulla, ma che delinea \u2013 appunto \u2013 l\u2019idea di un\u2019impresa che basa la sua cultura sul profitto e sulla qualit\u00e0, ma anche sul territorio e sulle persone. Un\u2019entit\u00e0 sola, fatta da pi\u00f9 luoghi permeati dalla stessa idea di produzione.<\/p><p><strong>Imprese Sociali Ferrero<\/strong><\/p>\n<p>a cura di Caterina Ginzburg<\/p>\n<p>Skira, 2012<\/p>\n","protected":false},"excerpt":{"rendered":"<p>Uno sguardo, un sorriso, un\u2019idea, un progetto. La cultura di un\u2019impresa si capisce anche da questi elementi apparentemente slegati dal mercato, dal prodotto, dal bilancio, dai numeri. Se cultura \u00e8, per esempio, ci\u00f2 che l\u2019azienda ha in s\u00e9 come principi d\u2019azione, modo di essere e di approcciarsi al mercato e ai dipendenti, la descrizione di [&hellip;]<\/p>\n","protected":false},"author":1,"featured_media":0,"comment_status":"open","ping_status":"open","sticky":false,"template":"","format":"standard","meta":{"footnotes":""},"categories":[52,58],"tags":[],"class_list":["post-49391","post","type-post","status-publish","format-standard","hentry","category-cultura-dimpresa","category-recensioni-libri"],"acf":[],"yoast_head":"<!-- This site is optimized with the Yoast SEO plugin v25.0 - https:\/\/yoast.com\/wordpress\/plugins\/seo\/ -->\n<title>Quando l\u2019impresa \u00e8 \u201csociale\u201d - Fondazione Pirelli<\/title>\n<meta name=\"robots\" content=\"index, follow, max-snippet:-1, max-image-preview:large, max-video-preview:-1\" \/>\n<link rel=\"canonical\" href=\"https:\/\/www.fondazionepirelli.org\/it\/cultura-dimpresa\/quando-limpresa-e-sociale\/\" \/>\n<meta property=\"og:locale\" content=\"it_IT\" \/>\n<meta property=\"og:type\" content=\"article\" \/>\n<meta property=\"og:title\" content=\"Quando l\u2019impresa \u00e8 \u201csociale\u201d - Fondazione Pirelli\" \/>\n<meta property=\"og:description\" content=\"Uno sguardo, un sorriso, un\u2019idea, un progetto. La cultura di un\u2019impresa si capisce anche da questi elementi apparentemente slegati dal mercato, dal prodotto, dal bilancio, dai numeri. Se cultura \u00e8, per esempio, ci\u00f2 che l\u2019azienda ha in s\u00e9 come principi d\u2019azione, modo di essere e di approcciarsi al mercato e ai dipendenti, la descrizione di [&hellip;]\" \/>\n<meta property=\"og:url\" content=\"https:\/\/127.0.0.1\/it\/cultura-dimpresa\/quando-limpresa-e-sociale\/\" \/>\n<meta property=\"og:site_name\" content=\"Fondazione Pirelli\" \/>\n<meta property=\"article:published_time\" content=\"2013-04-22T00:00:00+00:00\" \/>\n<meta property=\"article:modified_time\" content=\"2019-05-27T15:36:40+00:00\" \/>\n<meta name=\"author\" content=\"fondadmin\" \/>\n<meta name=\"twitter:card\" content=\"summary_large_image\" \/>\n<meta name=\"twitter:label1\" content=\"Scritto da\" \/>\n\t<meta name=\"twitter:data1\" content=\"fondadmin\" \/>\n\t<meta name=\"twitter:label2\" content=\"Tempo di lettura stimato\" \/>\n\t<meta name=\"twitter:data2\" content=\"2 minuti\" \/>\n<script type=\"application\/ld+json\" class=\"yoast-schema-graph\">{\"@context\":\"https:\/\/schema.org\",\"@graph\":[{\"@type\":\"WebPage\",\"@id\":\"https:\/\/127.0.0.1\/it\/cultura-dimpresa\/quando-limpresa-e-sociale\/\",\"url\":\"https:\/\/127.0.0.1\/it\/cultura-dimpresa\/quando-limpresa-e-sociale\/\",\"name\":\"Quando l\u2019impresa \u00e8 \u201csociale\u201d - Fondazione Pirelli\",\"isPartOf\":{\"@id\":\"https:\/\/www.fondazionepirelli.org\/it\/#website\"},\"datePublished\":\"2013-04-22T00:00:00+00:00\",\"dateModified\":\"2019-05-27T15:36:40+00:00\",\"author\":{\"@id\":\"https:\/\/www.fondazionepirelli.org\/it\/#\/schema\/person\/f47d097000832c4a6e54538c791fdf25\"},\"breadcrumb\":{\"@id\":\"https:\/\/127.0.0.1\/it\/cultura-dimpresa\/quando-limpresa-e-sociale\/#breadcrumb\"},\"inLanguage\":\"it-IT\",\"potentialAction\":[{\"@type\":\"ReadAction\",\"target\":[\"https:\/\/127.0.0.1\/it\/cultura-dimpresa\/quando-limpresa-e-sociale\/\"]}]},{\"@type\":\"BreadcrumbList\",\"@id\":\"https:\/\/127.0.0.1\/it\/cultura-dimpresa\/quando-limpresa-e-sociale\/#breadcrumb\",\"itemListElement\":[{\"@type\":\"ListItem\",\"position\":1,\"name\":\"Home\",\"item\":\"https:\/\/www.fondazionepirelli.org\/it\/\"},{\"@type\":\"ListItem\",\"position\":2,\"name\":\"Quando l\u2019impresa \u00e8 \u201csociale\u201d\"}]},{\"@type\":\"WebSite\",\"@id\":\"https:\/\/www.fondazionepirelli.org\/it\/#website\",\"url\":\"https:\/\/www.fondazionepirelli.org\/it\/\",\"name\":\"Fondazione Pirelli\",\"description\":\"\",\"potentialAction\":[{\"@type\":\"SearchAction\",\"target\":{\"@type\":\"EntryPoint\",\"urlTemplate\":\"https:\/\/www.fondazionepirelli.org\/it\/?s={search_term_string}\"},\"query-input\":{\"@type\":\"PropertyValueSpecification\",\"valueRequired\":true,\"valueName\":\"search_term_string\"}}],\"inLanguage\":\"it-IT\"},{\"@type\":\"Person\",\"@id\":\"https:\/\/www.fondazionepirelli.org\/it\/#\/schema\/person\/f47d097000832c4a6e54538c791fdf25\",\"name\":\"fondadmin\",\"image\":{\"@type\":\"ImageObject\",\"inLanguage\":\"it-IT\",\"@id\":\"https:\/\/www.fondazionepirelli.org\/it\/#\/schema\/person\/image\/\",\"url\":\"https:\/\/secure.gravatar.com\/avatar\/e69498a9175ca244966e51e53c88712c024fcebe41f9a05f75657f1bb25e489b?s=96&d=mm&r=g\",\"contentUrl\":\"https:\/\/secure.gravatar.com\/avatar\/e69498a9175ca244966e51e53c88712c024fcebe41f9a05f75657f1bb25e489b?s=96&d=mm&r=g\",\"caption\":\"fondadmin\"},\"url\":\"https:\/\/www.fondazionepirelli.org\/it\/author\/fondadmin\/\"}]}<\/script>\n<!-- \/ Yoast SEO plugin. -->","yoast_head_json":{"title":"Quando l\u2019impresa \u00e8 \u201csociale\u201d - Fondazione Pirelli","robots":{"index":"index","follow":"follow","max-snippet":"max-snippet:-1","max-image-preview":"max-image-preview:large","max-video-preview":"max-video-preview:-1"},"canonical":"https:\/\/www.fondazionepirelli.org\/it\/cultura-dimpresa\/quando-limpresa-e-sociale\/","og_locale":"it_IT","og_type":"article","og_title":"Quando l\u2019impresa \u00e8 \u201csociale\u201d - Fondazione Pirelli","og_description":"Uno sguardo, un sorriso, un\u2019idea, un progetto. La cultura di un\u2019impresa si capisce anche da questi elementi apparentemente slegati dal mercato, dal prodotto, dal bilancio, dai numeri. Se cultura \u00e8, per esempio, ci\u00f2 che l\u2019azienda ha in s\u00e9 come principi d\u2019azione, modo di essere e di approcciarsi al mercato e ai dipendenti, la descrizione di [&hellip;]","og_url":"https:\/\/127.0.0.1\/it\/cultura-dimpresa\/quando-limpresa-e-sociale\/","og_site_name":"Fondazione Pirelli","article_published_time":"2013-04-22T00:00:00+00:00","article_modified_time":"2019-05-27T15:36:40+00:00","author":"fondadmin","twitter_card":"summary_large_image","twitter_misc":{"Scritto da":"fondadmin","Tempo di lettura stimato":"2 minuti"},"schema":{"@context":"https:\/\/schema.org","@graph":[{"@type":"WebPage","@id":"https:\/\/127.0.0.1\/it\/cultura-dimpresa\/quando-limpresa-e-sociale\/","url":"https:\/\/127.0.0.1\/it\/cultura-dimpresa\/quando-limpresa-e-sociale\/","name":"Quando l\u2019impresa \u00e8 \u201csociale\u201d - Fondazione Pirelli","isPartOf":{"@id":"https:\/\/www.fondazionepirelli.org\/it\/#website"},"datePublished":"2013-04-22T00:00:00+00:00","dateModified":"2019-05-27T15:36:40+00:00","author":{"@id":"https:\/\/www.fondazionepirelli.org\/it\/#\/schema\/person\/f47d097000832c4a6e54538c791fdf25"},"breadcrumb":{"@id":"https:\/\/127.0.0.1\/it\/cultura-dimpresa\/quando-limpresa-e-sociale\/#breadcrumb"},"inLanguage":"it-IT","potentialAction":[{"@type":"ReadAction","target":["https:\/\/127.0.0.1\/it\/cultura-dimpresa\/quando-limpresa-e-sociale\/"]}]},{"@type":"BreadcrumbList","@id":"https:\/\/127.0.0.1\/it\/cultura-dimpresa\/quando-limpresa-e-sociale\/#breadcrumb","itemListElement":[{"@type":"ListItem","position":1,"name":"Home","item":"https:\/\/www.fondazionepirelli.org\/it\/"},{"@type":"ListItem","position":2,"name":"Quando l\u2019impresa \u00e8 \u201csociale\u201d"}]},{"@type":"WebSite","@id":"https:\/\/www.fondazionepirelli.org\/it\/#website","url":"https:\/\/www.fondazionepirelli.org\/it\/","name":"Fondazione Pirelli","description":"","potentialAction":[{"@type":"SearchAction","target":{"@type":"EntryPoint","urlTemplate":"https:\/\/www.fondazionepirelli.org\/it\/?s={search_term_string}"},"query-input":{"@type":"PropertyValueSpecification","valueRequired":true,"valueName":"search_term_string"}}],"inLanguage":"it-IT"},{"@type":"Person","@id":"https:\/\/www.fondazionepirelli.org\/it\/#\/schema\/person\/f47d097000832c4a6e54538c791fdf25","name":"fondadmin","image":{"@type":"ImageObject","inLanguage":"it-IT","@id":"https:\/\/www.fondazionepirelli.org\/it\/#\/schema\/person\/image\/","url":"https:\/\/secure.gravatar.com\/avatar\/e69498a9175ca244966e51e53c88712c024fcebe41f9a05f75657f1bb25e489b?s=96&d=mm&r=g","contentUrl":"https:\/\/secure.gravatar.com\/avatar\/e69498a9175ca244966e51e53c88712c024fcebe41f9a05f75657f1bb25e489b?s=96&d=mm&r=g","caption":"fondadmin"},"url":"https:\/\/www.fondazionepirelli.org\/it\/author\/fondadmin\/"}]}},"_links":{"self":[{"href":"https:\/\/www.fondazionepirelli.org\/it\/wp-json\/wp\/v2\/posts\/49391\/"}],"collection":[{"href":"https:\/\/www.fondazionepirelli.org\/it\/wp-json\/wp\/v2\/posts\/"}],"about":[{"href":"https:\/\/www.fondazionepirelli.org\/it\/wp-json\/wp\/v2\/types\/post\/"}],"author":[{"embeddable":true,"href":"https:\/\/www.fondazionepirelli.org\/it\/wp-json\/wp\/v2\/users\/1\/"}],"replies":[{"embeddable":true,"href":"https:\/\/www.fondazionepirelli.org\/it\/wp-json\/wp\/v2\/comments\/?post=49391"}],"version-history":[{"count":1,"href":"https:\/\/www.fondazionepirelli.org\/it\/wp-json\/wp\/v2\/posts\/49391\/revisions\/"}],"predecessor-version":[{"id":56320,"href":"https:\/\/www.fondazionepirelli.org\/it\/wp-json\/wp\/v2\/posts\/49391\/revisions\/56320\/"}],"wp:attachment":[{"href":"https:\/\/www.fondazionepirelli.org\/it\/wp-json\/wp\/v2\/media\/?parent=49391"}],"wp:term":[{"taxonomy":"category","embeddable":true,"href":"https:\/\/www.fondazionepirelli.org\/it\/wp-json\/wp\/v2\/categories\/?post=49391"},{"taxonomy":"post_tag","embeddable":true,"href":"https:\/\/www.fondazionepirelli.org\/it\/wp-json\/wp\/v2\/tags\/?post=49391"}],"curies":[{"name":"wp","href":"https:\/\/api.w.org\/{rel}","templated":true}]}}