{"id":49416,"date":"2013-04-01T00:00:00","date_gmt":"2013-04-01T00:00:00","guid":{"rendered":"http:\/\/www.fondazionepirelli.org\/fondazione-pirelli\/cultura-dimpresa-e-cultura-della-qualita-per-tutti\/"},"modified":"2019-05-24T09:08:14","modified_gmt":"2019-05-24T09:08:14","slug":"cultura-dimpresa-e-cultura-della-qualita-per-tutti","status":"publish","type":"post","link":"https:\/\/www.fondazionepirelli.org\/it\/cultura-dimpresa\/cultura-dimpresa-e-cultura-della-qualita-per-tutti\/","title":{"rendered":"Cultura d\u2019impresa \u00e8 cultura della qualit\u00e0, per tutti"},"content":{"rendered":"<p>Esistono e crescono, resistono e si fanno strada. In tempi di crisi e di difficolt\u00e0 che appaiono insuperabili, l\u2019esercito di imprese italiane manifatturiere che esportano nel comparto del cosiddetto \u201cbello e ben fatto\u201d (imprese-BBF), delinea un modo vincente di pensare la produzione. Un\u2019indicazione chiara di quella cultura d\u2019impresa che diventa cultura della qualit\u00e0 e che si rivolge al mondo: la strategia \u00a0che appare essere sempre di pi\u00f9 l\u2019unica strada, almeno per ora, in grado di ridare orizzonti positivi alla nostra industria.<\/p>\n<p>E\u2019 importante quindi capire dove siano, quali siano e come si comportano le imprese di questo genere. Senza nascondere le difficolt\u00e0, ma rilevando anche le peculiarit\u00e0 tipiche di queste strutture produttive. A partire ovviamente dai settori tipici del BBF italiano: l\u2019abbigliamento, l\u2019alimentare, l\u2019arredamento e le calzature. E\u2019 fresca di stampa, a questo proposito, la Nota del Centro Studi Confindustria \u201c<strong>Le imprese produttrici di export italiano di qualit\u00e0: identikit e performance<\/strong>\u201d: poche pagine che scattano una fotografia chiara della situazione, nel delineano i tratti e le prospettive.<\/p>\n<p>Per mezzo di pochi numeri, il CSC riesce a dare un quadro esaustivo del tutto: utile per capire come si sta muovendo una parte importante dell\u2019industria nazionale.<\/p>\n<p>Le imprese-BBF, un quinto del totale, hanno per esempio alcune caratteristiche: sono pi\u00f9 piccole della media ma hanno una vocazione internazionale pi\u00f9 forte, sono riuscite a diversificare maggiormente del resto del sistema ma il loro recupero \u00e8 stato pi\u00f9 lento di quello delle aziende non-BBF. Importante, poi, un\u2019altra caratteristica che emerge dallo studio: la gran parte delle imprese-BBF sono di piccole e piccolissime dimensioni. Oltre la met\u00e0 del totale sta sotto i 49 dipendenti e una buona parte di queste sotto i nove.<\/p>\n<p>Microimprese, quindi, forti della loro capacit\u00e0 produttiva ma anche della cultura che si portano dentro; quella cultura della qualit\u00e0 e del saper fare che, in alcune descrizioni della crisi, sembrerebbe scomparsa o almeno appannata e che, invece, rimane forte anche se andrebbe certamente coltivata e fatta crescere ancora di pi\u00f9.<\/p><p><strong>Le imprese produttrici di export italiano di qualit\u00e0: identikit e performance<\/strong><\/p>\n<p><em>Centro Studi Confindustria<\/em><\/p>\n<p>Nota n. 2013-3, Marzo 2013<\/p>\n","protected":false},"excerpt":{"rendered":"<p>Esistono e crescono, resistono e si fanno strada. In tempi di crisi e di difficolt\u00e0 che appaiono insuperabili, l\u2019esercito di imprese italiane manifatturiere che esportano nel comparto del cosiddetto \u201cbello e ben fatto\u201d (imprese-BBF), delinea un modo vincente di pensare la produzione. Un\u2019indicazione chiara di quella cultura d\u2019impresa che diventa cultura della qualit\u00e0 e che [&hellip;]<\/p>\n","protected":false},"author":1,"featured_media":49417,"comment_status":"open","ping_status":"open","sticky":false,"template":"","format":"standard","meta":{"footnotes":""},"categories":[54,52],"tags":[],"class_list":["post-49416","post","type-post","status-publish","format-standard","has-post-thumbnail","hentry","category-approfondimenti","category-cultura-dimpresa"],"acf":[],"yoast_head":"<!-- This site is optimized with the Yoast SEO plugin v25.0 - https:\/\/yoast.com\/wordpress\/plugins\/seo\/ -->\n<title>Cultura d\u2019impresa \u00e8 cultura della qualit\u00e0, per tutti - Fondazione Pirelli<\/title>\n<meta name=\"robots\" content=\"index, follow, max-snippet:-1, max-image-preview:large, max-video-preview:-1\" \/>\n<link rel=\"canonical\" href=\"https:\/\/www.fondazionepirelli.org\/it\/cultura-dimpresa\/cultura-dimpresa-e-cultura-della-qualita-per-tutti\/\" \/>\n<meta property=\"og:locale\" content=\"it_IT\" \/>\n<meta property=\"og:type\" content=\"article\" \/>\n<meta property=\"og:title\" content=\"Cultura d\u2019impresa \u00e8 cultura della qualit\u00e0, per tutti - Fondazione Pirelli\" \/>\n<meta property=\"og:description\" content=\"Esistono e crescono, resistono e si fanno strada. In tempi di crisi e di difficolt\u00e0 che appaiono insuperabili, l\u2019esercito di imprese italiane manifatturiere che esportano nel comparto del cosiddetto \u201cbello e ben fatto\u201d (imprese-BBF), delinea un modo vincente di pensare la produzione. Un\u2019indicazione chiara di quella cultura d\u2019impresa che diventa cultura della qualit\u00e0 e che [&hellip;]\" \/>\n<meta property=\"og:url\" content=\"https:\/\/127.0.0.1\/it\/cultura-dimpresa\/cultura-dimpresa-e-cultura-della-qualita-per-tutti\/\" \/>\n<meta property=\"og:site_name\" content=\"Fondazione Pirelli\" \/>\n<meta property=\"article:published_time\" content=\"2013-04-01T00:00:00+00:00\" \/>\n<meta property=\"article:modified_time\" content=\"2019-05-24T09:08:14+00:00\" \/>\n<meta property=\"og:image\" content=\"https:\/\/wpsite-assets.fondazionepirelli.org\/wp-content\/uploads\/2019\/05\/20102059\/13648887431025315635.jpg\" \/>\n\t<meta property=\"og:image:width\" content=\"250\" \/>\n\t<meta property=\"og:image:height\" content=\"374\" \/>\n\t<meta property=\"og:image:type\" content=\"image\/jpeg\" \/>\n<meta name=\"author\" content=\"fondadmin\" \/>\n<meta name=\"twitter:card\" content=\"summary_large_image\" \/>\n<meta name=\"twitter:label1\" content=\"Scritto da\" \/>\n\t<meta name=\"twitter:data1\" content=\"fondadmin\" \/>\n\t<meta name=\"twitter:label2\" content=\"Tempo di lettura stimato\" \/>\n\t<meta name=\"twitter:data2\" content=\"2 minuti\" \/>\n<script type=\"application\/ld+json\" class=\"yoast-schema-graph\">{\"@context\":\"https:\/\/schema.org\",\"@graph\":[{\"@type\":\"WebPage\",\"@id\":\"https:\/\/127.0.0.1\/it\/cultura-dimpresa\/cultura-dimpresa-e-cultura-della-qualita-per-tutti\/\",\"url\":\"https:\/\/127.0.0.1\/it\/cultura-dimpresa\/cultura-dimpresa-e-cultura-della-qualita-per-tutti\/\",\"name\":\"Cultura d\u2019impresa \u00e8 cultura della qualit\u00e0, per tutti - Fondazione Pirelli\",\"isPartOf\":{\"@id\":\"https:\/\/www.fondazionepirelli.org\/it\/#website\"},\"primaryImageOfPage\":{\"@id\":\"https:\/\/127.0.0.1\/it\/cultura-dimpresa\/cultura-dimpresa-e-cultura-della-qualita-per-tutti\/#primaryimage\"},\"image\":{\"@id\":\"https:\/\/127.0.0.1\/it\/cultura-dimpresa\/cultura-dimpresa-e-cultura-della-qualita-per-tutti\/#primaryimage\"},\"thumbnailUrl\":\"https:\/\/wpsite-assets.fondazionepirelli.org\/wp-content\/uploads\/2019\/05\/20102059\/13648887431025315635.jpg\",\"datePublished\":\"2013-04-01T00:00:00+00:00\",\"dateModified\":\"2019-05-24T09:08:14+00:00\",\"author\":{\"@id\":\"https:\/\/www.fondazionepirelli.org\/it\/#\/schema\/person\/f47d097000832c4a6e54538c791fdf25\"},\"breadcrumb\":{\"@id\":\"https:\/\/127.0.0.1\/it\/cultura-dimpresa\/cultura-dimpresa-e-cultura-della-qualita-per-tutti\/#breadcrumb\"},\"inLanguage\":\"it-IT\",\"potentialAction\":[{\"@type\":\"ReadAction\",\"target\":[\"https:\/\/127.0.0.1\/it\/cultura-dimpresa\/cultura-dimpresa-e-cultura-della-qualita-per-tutti\/\"]}]},{\"@type\":\"ImageObject\",\"inLanguage\":\"it-IT\",\"@id\":\"https:\/\/127.0.0.1\/it\/cultura-dimpresa\/cultura-dimpresa-e-cultura-della-qualita-per-tutti\/#primaryimage\",\"url\":\"https:\/\/wpsite-assets.fondazionepirelli.org\/wp-content\/uploads\/2019\/05\/20102059\/13648887431025315635.jpg\",\"contentUrl\":\"https:\/\/wpsite-assets.fondazionepirelli.org\/wp-content\/uploads\/2019\/05\/20102059\/13648887431025315635.jpg\",\"width\":250,\"height\":374},{\"@type\":\"BreadcrumbList\",\"@id\":\"https:\/\/127.0.0.1\/it\/cultura-dimpresa\/cultura-dimpresa-e-cultura-della-qualita-per-tutti\/#breadcrumb\",\"itemListElement\":[{\"@type\":\"ListItem\",\"position\":1,\"name\":\"Home\",\"item\":\"https:\/\/www.fondazionepirelli.org\/it\/\"},{\"@type\":\"ListItem\",\"position\":2,\"name\":\"Cultura d\u2019impresa \u00e8 cultura della qualit\u00e0, per tutti\"}]},{\"@type\":\"WebSite\",\"@id\":\"https:\/\/www.fondazionepirelli.org\/it\/#website\",\"url\":\"https:\/\/www.fondazionepirelli.org\/it\/\",\"name\":\"Fondazione Pirelli\",\"description\":\"\",\"potentialAction\":[{\"@type\":\"SearchAction\",\"target\":{\"@type\":\"EntryPoint\",\"urlTemplate\":\"https:\/\/www.fondazionepirelli.org\/it\/?s={search_term_string}\"},\"query-input\":{\"@type\":\"PropertyValueSpecification\",\"valueRequired\":true,\"valueName\":\"search_term_string\"}}],\"inLanguage\":\"it-IT\"},{\"@type\":\"Person\",\"@id\":\"https:\/\/www.fondazionepirelli.org\/it\/#\/schema\/person\/f47d097000832c4a6e54538c791fdf25\",\"name\":\"fondadmin\",\"image\":{\"@type\":\"ImageObject\",\"inLanguage\":\"it-IT\",\"@id\":\"https:\/\/www.fondazionepirelli.org\/it\/#\/schema\/person\/image\/\",\"url\":\"https:\/\/secure.gravatar.com\/avatar\/e69498a9175ca244966e51e53c88712c024fcebe41f9a05f75657f1bb25e489b?s=96&d=mm&r=g\",\"contentUrl\":\"https:\/\/secure.gravatar.com\/avatar\/e69498a9175ca244966e51e53c88712c024fcebe41f9a05f75657f1bb25e489b?s=96&d=mm&r=g\",\"caption\":\"fondadmin\"},\"url\":\"https:\/\/www.fondazionepirelli.org\/it\/author\/fondadmin\/\"}]}<\/script>\n<!-- \/ Yoast SEO plugin. -->","yoast_head_json":{"title":"Cultura d\u2019impresa \u00e8 cultura della qualit\u00e0, per tutti - Fondazione Pirelli","robots":{"index":"index","follow":"follow","max-snippet":"max-snippet:-1","max-image-preview":"max-image-preview:large","max-video-preview":"max-video-preview:-1"},"canonical":"https:\/\/www.fondazionepirelli.org\/it\/cultura-dimpresa\/cultura-dimpresa-e-cultura-della-qualita-per-tutti\/","og_locale":"it_IT","og_type":"article","og_title":"Cultura d\u2019impresa \u00e8 cultura della qualit\u00e0, per tutti - Fondazione Pirelli","og_description":"Esistono e crescono, resistono e si fanno strada. In tempi di crisi e di difficolt\u00e0 che appaiono insuperabili, l\u2019esercito di imprese italiane manifatturiere che esportano nel comparto del cosiddetto \u201cbello e ben fatto\u201d (imprese-BBF), delinea un modo vincente di pensare la produzione. Un\u2019indicazione chiara di quella cultura d\u2019impresa che diventa cultura della qualit\u00e0 e che [&hellip;]","og_url":"https:\/\/127.0.0.1\/it\/cultura-dimpresa\/cultura-dimpresa-e-cultura-della-qualita-per-tutti\/","og_site_name":"Fondazione Pirelli","article_published_time":"2013-04-01T00:00:00+00:00","article_modified_time":"2019-05-24T09:08:14+00:00","og_image":[{"width":250,"height":374,"url":"https:\/\/wpsite-assets.fondazionepirelli.org\/wp-content\/uploads\/2019\/05\/20102059\/13648887431025315635.jpg","type":"image\/jpeg"}],"author":"fondadmin","twitter_card":"summary_large_image","twitter_misc":{"Scritto da":"fondadmin","Tempo di lettura stimato":"2 minuti"},"schema":{"@context":"https:\/\/schema.org","@graph":[{"@type":"WebPage","@id":"https:\/\/127.0.0.1\/it\/cultura-dimpresa\/cultura-dimpresa-e-cultura-della-qualita-per-tutti\/","url":"https:\/\/127.0.0.1\/it\/cultura-dimpresa\/cultura-dimpresa-e-cultura-della-qualita-per-tutti\/","name":"Cultura d\u2019impresa \u00e8 cultura della qualit\u00e0, per tutti - Fondazione Pirelli","isPartOf":{"@id":"https:\/\/www.fondazionepirelli.org\/it\/#website"},"primaryImageOfPage":{"@id":"https:\/\/127.0.0.1\/it\/cultura-dimpresa\/cultura-dimpresa-e-cultura-della-qualita-per-tutti\/#primaryimage"},"image":{"@id":"https:\/\/127.0.0.1\/it\/cultura-dimpresa\/cultura-dimpresa-e-cultura-della-qualita-per-tutti\/#primaryimage"},"thumbnailUrl":"https:\/\/wpsite-assets.fondazionepirelli.org\/wp-content\/uploads\/2019\/05\/20102059\/13648887431025315635.jpg","datePublished":"2013-04-01T00:00:00+00:00","dateModified":"2019-05-24T09:08:14+00:00","author":{"@id":"https:\/\/www.fondazionepirelli.org\/it\/#\/schema\/person\/f47d097000832c4a6e54538c791fdf25"},"breadcrumb":{"@id":"https:\/\/127.0.0.1\/it\/cultura-dimpresa\/cultura-dimpresa-e-cultura-della-qualita-per-tutti\/#breadcrumb"},"inLanguage":"it-IT","potentialAction":[{"@type":"ReadAction","target":["https:\/\/127.0.0.1\/it\/cultura-dimpresa\/cultura-dimpresa-e-cultura-della-qualita-per-tutti\/"]}]},{"@type":"ImageObject","inLanguage":"it-IT","@id":"https:\/\/127.0.0.1\/it\/cultura-dimpresa\/cultura-dimpresa-e-cultura-della-qualita-per-tutti\/#primaryimage","url":"https:\/\/wpsite-assets.fondazionepirelli.org\/wp-content\/uploads\/2019\/05\/20102059\/13648887431025315635.jpg","contentUrl":"https:\/\/wpsite-assets.fondazionepirelli.org\/wp-content\/uploads\/2019\/05\/20102059\/13648887431025315635.jpg","width":250,"height":374},{"@type":"BreadcrumbList","@id":"https:\/\/127.0.0.1\/it\/cultura-dimpresa\/cultura-dimpresa-e-cultura-della-qualita-per-tutti\/#breadcrumb","itemListElement":[{"@type":"ListItem","position":1,"name":"Home","item":"https:\/\/www.fondazionepirelli.org\/it\/"},{"@type":"ListItem","position":2,"name":"Cultura d\u2019impresa \u00e8 cultura della qualit\u00e0, per tutti"}]},{"@type":"WebSite","@id":"https:\/\/www.fondazionepirelli.org\/it\/#website","url":"https:\/\/www.fondazionepirelli.org\/it\/","name":"Fondazione Pirelli","description":"","potentialAction":[{"@type":"SearchAction","target":{"@type":"EntryPoint","urlTemplate":"https:\/\/www.fondazionepirelli.org\/it\/?s={search_term_string}"},"query-input":{"@type":"PropertyValueSpecification","valueRequired":true,"valueName":"search_term_string"}}],"inLanguage":"it-IT"},{"@type":"Person","@id":"https:\/\/www.fondazionepirelli.org\/it\/#\/schema\/person\/f47d097000832c4a6e54538c791fdf25","name":"fondadmin","image":{"@type":"ImageObject","inLanguage":"it-IT","@id":"https:\/\/www.fondazionepirelli.org\/it\/#\/schema\/person\/image\/","url":"https:\/\/secure.gravatar.com\/avatar\/e69498a9175ca244966e51e53c88712c024fcebe41f9a05f75657f1bb25e489b?s=96&d=mm&r=g","contentUrl":"https:\/\/secure.gravatar.com\/avatar\/e69498a9175ca244966e51e53c88712c024fcebe41f9a05f75657f1bb25e489b?s=96&d=mm&r=g","caption":"fondadmin"},"url":"https:\/\/www.fondazionepirelli.org\/it\/author\/fondadmin\/"}]}},"_links":{"self":[{"href":"https:\/\/www.fondazionepirelli.org\/it\/wp-json\/wp\/v2\/posts\/49416\/"}],"collection":[{"href":"https:\/\/www.fondazionepirelli.org\/it\/wp-json\/wp\/v2\/posts\/"}],"about":[{"href":"https:\/\/www.fondazionepirelli.org\/it\/wp-json\/wp\/v2\/types\/post\/"}],"author":[{"embeddable":true,"href":"https:\/\/www.fondazionepirelli.org\/it\/wp-json\/wp\/v2\/users\/1\/"}],"replies":[{"embeddable":true,"href":"https:\/\/www.fondazionepirelli.org\/it\/wp-json\/wp\/v2\/comments\/?post=49416"}],"version-history":[{"count":1,"href":"https:\/\/www.fondazionepirelli.org\/it\/wp-json\/wp\/v2\/posts\/49416\/revisions\/"}],"predecessor-version":[{"id":55911,"href":"https:\/\/www.fondazionepirelli.org\/it\/wp-json\/wp\/v2\/posts\/49416\/revisions\/55911\/"}],"wp:featuredmedia":[{"embeddable":true,"href":"https:\/\/www.fondazionepirelli.org\/it\/wp-json\/wp\/v2\/media\/49417\/"}],"wp:attachment":[{"href":"https:\/\/www.fondazionepirelli.org\/it\/wp-json\/wp\/v2\/media\/?parent=49416"}],"wp:term":[{"taxonomy":"category","embeddable":true,"href":"https:\/\/www.fondazionepirelli.org\/it\/wp-json\/wp\/v2\/categories\/?post=49416"},{"taxonomy":"post_tag","embeddable":true,"href":"https:\/\/www.fondazionepirelli.org\/it\/wp-json\/wp\/v2\/tags\/?post=49416"}],"curies":[{"name":"wp","href":"https:\/\/api.w.org\/{rel}","templated":true}]}}