{"id":49431,"date":"2013-03-25T00:00:00","date_gmt":"2013-03-25T00:00:00","guid":{"rendered":"http:\/\/www.fondazionepirelli.org\/fondazione-pirelli\/la-cultura-della-piccola-impresa\/"},"modified":"2019-05-27T15:29:18","modified_gmt":"2019-05-27T15:29:18","slug":"la-cultura-della-piccola-impresa","status":"publish","type":"post","link":"https:\/\/www.fondazionepirelli.org\/it\/cultura-dimpresa\/la-cultura-della-piccola-impresa\/","title":{"rendered":"La cultura della piccola impresa"},"content":{"rendered":"<p>Viva la piccola impresa, quella che resiste nonostante tutto, quella che \u201cfa l\u2019Italia\u201d, quella che ogni giorno alza la saracinesca e lavora fino \u00a0sera. E\u2019 questo il ritratto pi\u00f9 consueto delle piccole aziende. Ma come sono per davvero queste realt\u00e0?<\/p>\n<p>L\u2019istantanea pi\u00f9 recente sul mondo delle piccole imprese italiane \u00e8 stata scattata da <strong>Giulio Sapelli<\/strong> \u2013 storico dell\u2019economia ed economista, docente universitario ma con un solido passato in molte aziende -, \u00a0che ha scritto \u201c<strong>Elogio della piccola impresa<\/strong>\u201d: un llibro stringato ed essenziale (poco pi\u00f9 di 100 pagine), che mette insieme teoria e storie d\u2019azienda costruendo un ritratto \u00a0amaramente realistico delle imprese piccole \u00a0industriali e artigiane in Italia. Imprese spesso destinate a morire schiacciate da un\u2019economia che non fa per loro, ma che comunque riescono a rigenerarsi mettendo in gioco risorse inaspettate e una straordinaria cultura d\u2019impresa.<\/p>\n<p>Sapelli, dopo una quadro teorico \u2013 intercalato da testimonianze di imprenditori di svariati settori -, passa ad esaminare alcuni aspetti determinanti come il <strong>ruolo della famiglia dell\u2019imprenditore<\/strong>, i <strong>rapporti con il credito<\/strong>, quelli con lo Stato (con l\u2019incombere dei ritardi dei pagamenti), la presenza dei giovani (il tema del passaggio generazionale \u00e8 determinate per queste realt\u00e0), percorrendo tutte le aree dello Stivale in cui le piccole industrie hanno fatto la storia. E\u2019 lo stesso Sapelli a delineare i tratti della piccola impresa industriale e artigiana oggi: \u201cEssa si fonda sulla persona e quindi sulla fiducia, sull\u2019inesauribile flessibilit\u00e0 di cui persone e famiglie sono capaci pur tra mille errori. E questo perch\u00e9 esiste volta a volta una sorta di omeostasi con il mercato e la politica insieme che il nostro costrutto sociale forma e riforma tra economia e mondi vitali. Per questo non cresce. Perch\u00e9 essa si costituisce prima e fuori dal mercato. Nel mercato agisce, certo, ma da esso si difende se si attenta alla sua costitutivit\u00e0 personale e familiare: vuole conservare se stessa. Certo pu\u00f2 crescere, ma allora piccolissima impresa artigiana o piccola impresa non \u00e8 pi\u00f9\u201d.<\/p>\n<p>Teoria, quindi, unita a pratica tradotta in numerose testimonianze di imprenditori che raccontano le loro esperienze. Il risultato \u00e8 una corsa a perdifiato nella storia recente dell\u2019industria italiana, nella societ\u00e0 dentro e attorno ad essa con uno sguardo volto ai rischi del presente e alle sfide del futuro.<\/p><p><strong>Elogio della piccola impresa<\/strong><\/p>\n<p><em>Giulio Sapelli,<\/em><\/p>\n<p>Il Mulino, 2013<\/p>\n","protected":false},"excerpt":{"rendered":"<p>Viva la piccola impresa, quella che resiste nonostante tutto, quella che \u201cfa l\u2019Italia\u201d, quella che ogni giorno alza la saracinesca e lavora fino \u00a0sera. E\u2019 questo il ritratto pi\u00f9 consueto delle piccole aziende. Ma come sono per davvero queste realt\u00e0? L\u2019istantanea pi\u00f9 recente sul mondo delle piccole imprese italiane \u00e8 stata scattata da Giulio Sapelli [&hellip;]<\/p>\n","protected":false},"author":1,"featured_media":49432,"comment_status":"open","ping_status":"open","sticky":false,"template":"","format":"standard","meta":{"footnotes":""},"categories":[52,58],"tags":[],"class_list":["post-49431","post","type-post","status-publish","format-standard","has-post-thumbnail","hentry","category-cultura-dimpresa","category-recensioni-libri"],"acf":[],"yoast_head":"<!-- This site is optimized with the Yoast SEO plugin v25.0 - https:\/\/yoast.com\/wordpress\/plugins\/seo\/ -->\n<title>La cultura della piccola impresa - Fondazione Pirelli<\/title>\n<meta name=\"robots\" content=\"index, follow, max-snippet:-1, max-image-preview:large, max-video-preview:-1\" \/>\n<link rel=\"canonical\" href=\"https:\/\/www.fondazionepirelli.org\/it\/cultura-dimpresa\/la-cultura-della-piccola-impresa\/\" \/>\n<meta property=\"og:locale\" content=\"it_IT\" \/>\n<meta property=\"og:type\" content=\"article\" \/>\n<meta property=\"og:title\" content=\"La cultura della piccola impresa - Fondazione Pirelli\" \/>\n<meta property=\"og:description\" content=\"Viva la piccola impresa, quella che resiste nonostante tutto, quella che \u201cfa l\u2019Italia\u201d, quella che ogni giorno alza la saracinesca e lavora fino \u00a0sera. E\u2019 questo il ritratto pi\u00f9 consueto delle piccole aziende. Ma come sono per davvero queste realt\u00e0? L\u2019istantanea pi\u00f9 recente sul mondo delle piccole imprese italiane \u00e8 stata scattata da Giulio Sapelli [&hellip;]\" \/>\n<meta property=\"og:url\" content=\"https:\/\/127.0.0.1\/it\/cultura-dimpresa\/la-cultura-della-piccola-impresa\/\" \/>\n<meta property=\"og:site_name\" content=\"Fondazione Pirelli\" \/>\n<meta property=\"article:published_time\" content=\"2013-03-25T00:00:00+00:00\" \/>\n<meta property=\"article:modified_time\" content=\"2019-05-27T15:29:18+00:00\" \/>\n<meta property=\"og:image\" content=\"https:\/\/wpsite-assets.fondazionepirelli.org\/wp-content\/uploads\/2019\/05\/20102056\/1364286332688280090.jpg\" \/>\n\t<meta property=\"og:image:width\" content=\"240\" \/>\n\t<meta property=\"og:image:height\" content=\"379\" \/>\n\t<meta property=\"og:image:type\" content=\"image\/jpeg\" \/>\n<meta name=\"author\" content=\"fondadmin\" \/>\n<meta name=\"twitter:card\" content=\"summary_large_image\" \/>\n<meta name=\"twitter:label1\" content=\"Scritto da\" \/>\n\t<meta name=\"twitter:data1\" content=\"fondadmin\" \/>\n\t<meta name=\"twitter:label2\" content=\"Tempo di lettura stimato\" \/>\n\t<meta name=\"twitter:data2\" content=\"2 minuti\" \/>\n<script type=\"application\/ld+json\" class=\"yoast-schema-graph\">{\"@context\":\"https:\/\/schema.org\",\"@graph\":[{\"@type\":\"WebPage\",\"@id\":\"https:\/\/127.0.0.1\/it\/cultura-dimpresa\/la-cultura-della-piccola-impresa\/\",\"url\":\"https:\/\/127.0.0.1\/it\/cultura-dimpresa\/la-cultura-della-piccola-impresa\/\",\"name\":\"La cultura della piccola impresa - Fondazione Pirelli\",\"isPartOf\":{\"@id\":\"https:\/\/www.fondazionepirelli.org\/it\/#website\"},\"primaryImageOfPage\":{\"@id\":\"https:\/\/127.0.0.1\/it\/cultura-dimpresa\/la-cultura-della-piccola-impresa\/#primaryimage\"},\"image\":{\"@id\":\"https:\/\/127.0.0.1\/it\/cultura-dimpresa\/la-cultura-della-piccola-impresa\/#primaryimage\"},\"thumbnailUrl\":\"https:\/\/wpsite-assets.fondazionepirelli.org\/wp-content\/uploads\/2019\/05\/20102056\/1364286332688280090.jpg\",\"datePublished\":\"2013-03-25T00:00:00+00:00\",\"dateModified\":\"2019-05-27T15:29:18+00:00\",\"author\":{\"@id\":\"https:\/\/www.fondazionepirelli.org\/it\/#\/schema\/person\/f47d097000832c4a6e54538c791fdf25\"},\"breadcrumb\":{\"@id\":\"https:\/\/127.0.0.1\/it\/cultura-dimpresa\/la-cultura-della-piccola-impresa\/#breadcrumb\"},\"inLanguage\":\"it-IT\",\"potentialAction\":[{\"@type\":\"ReadAction\",\"target\":[\"https:\/\/127.0.0.1\/it\/cultura-dimpresa\/la-cultura-della-piccola-impresa\/\"]}]},{\"@type\":\"ImageObject\",\"inLanguage\":\"it-IT\",\"@id\":\"https:\/\/127.0.0.1\/it\/cultura-dimpresa\/la-cultura-della-piccola-impresa\/#primaryimage\",\"url\":\"https:\/\/wpsite-assets.fondazionepirelli.org\/wp-content\/uploads\/2019\/05\/20102056\/1364286332688280090.jpg\",\"contentUrl\":\"https:\/\/wpsite-assets.fondazionepirelli.org\/wp-content\/uploads\/2019\/05\/20102056\/1364286332688280090.jpg\",\"width\":240,\"height\":379},{\"@type\":\"BreadcrumbList\",\"@id\":\"https:\/\/127.0.0.1\/it\/cultura-dimpresa\/la-cultura-della-piccola-impresa\/#breadcrumb\",\"itemListElement\":[{\"@type\":\"ListItem\",\"position\":1,\"name\":\"Home\",\"item\":\"https:\/\/www.fondazionepirelli.org\/it\/\"},{\"@type\":\"ListItem\",\"position\":2,\"name\":\"La cultura della piccola impresa\"}]},{\"@type\":\"WebSite\",\"@id\":\"https:\/\/www.fondazionepirelli.org\/it\/#website\",\"url\":\"https:\/\/www.fondazionepirelli.org\/it\/\",\"name\":\"Fondazione Pirelli\",\"description\":\"\",\"potentialAction\":[{\"@type\":\"SearchAction\",\"target\":{\"@type\":\"EntryPoint\",\"urlTemplate\":\"https:\/\/www.fondazionepirelli.org\/it\/?s={search_term_string}\"},\"query-input\":{\"@type\":\"PropertyValueSpecification\",\"valueRequired\":true,\"valueName\":\"search_term_string\"}}],\"inLanguage\":\"it-IT\"},{\"@type\":\"Person\",\"@id\":\"https:\/\/www.fondazionepirelli.org\/it\/#\/schema\/person\/f47d097000832c4a6e54538c791fdf25\",\"name\":\"fondadmin\",\"image\":{\"@type\":\"ImageObject\",\"inLanguage\":\"it-IT\",\"@id\":\"https:\/\/www.fondazionepirelli.org\/it\/#\/schema\/person\/image\/\",\"url\":\"https:\/\/secure.gravatar.com\/avatar\/e69498a9175ca244966e51e53c88712c024fcebe41f9a05f75657f1bb25e489b?s=96&d=mm&r=g\",\"contentUrl\":\"https:\/\/secure.gravatar.com\/avatar\/e69498a9175ca244966e51e53c88712c024fcebe41f9a05f75657f1bb25e489b?s=96&d=mm&r=g\",\"caption\":\"fondadmin\"},\"url\":\"https:\/\/www.fondazionepirelli.org\/it\/author\/fondadmin\/\"}]}<\/script>\n<!-- \/ Yoast SEO plugin. -->","yoast_head_json":{"title":"La cultura della piccola impresa - Fondazione Pirelli","robots":{"index":"index","follow":"follow","max-snippet":"max-snippet:-1","max-image-preview":"max-image-preview:large","max-video-preview":"max-video-preview:-1"},"canonical":"https:\/\/www.fondazionepirelli.org\/it\/cultura-dimpresa\/la-cultura-della-piccola-impresa\/","og_locale":"it_IT","og_type":"article","og_title":"La cultura della piccola impresa - Fondazione Pirelli","og_description":"Viva la piccola impresa, quella che resiste nonostante tutto, quella che \u201cfa l\u2019Italia\u201d, quella che ogni giorno alza la saracinesca e lavora fino \u00a0sera. E\u2019 questo il ritratto pi\u00f9 consueto delle piccole aziende. Ma come sono per davvero queste realt\u00e0? L\u2019istantanea pi\u00f9 recente sul mondo delle piccole imprese italiane \u00e8 stata scattata da Giulio Sapelli [&hellip;]","og_url":"https:\/\/127.0.0.1\/it\/cultura-dimpresa\/la-cultura-della-piccola-impresa\/","og_site_name":"Fondazione Pirelli","article_published_time":"2013-03-25T00:00:00+00:00","article_modified_time":"2019-05-27T15:29:18+00:00","og_image":[{"width":240,"height":379,"url":"https:\/\/wpsite-assets.fondazionepirelli.org\/wp-content\/uploads\/2019\/05\/20102056\/1364286332688280090.jpg","type":"image\/jpeg"}],"author":"fondadmin","twitter_card":"summary_large_image","twitter_misc":{"Scritto da":"fondadmin","Tempo di lettura stimato":"2 minuti"},"schema":{"@context":"https:\/\/schema.org","@graph":[{"@type":"WebPage","@id":"https:\/\/127.0.0.1\/it\/cultura-dimpresa\/la-cultura-della-piccola-impresa\/","url":"https:\/\/127.0.0.1\/it\/cultura-dimpresa\/la-cultura-della-piccola-impresa\/","name":"La cultura della piccola impresa - Fondazione Pirelli","isPartOf":{"@id":"https:\/\/www.fondazionepirelli.org\/it\/#website"},"primaryImageOfPage":{"@id":"https:\/\/127.0.0.1\/it\/cultura-dimpresa\/la-cultura-della-piccola-impresa\/#primaryimage"},"image":{"@id":"https:\/\/127.0.0.1\/it\/cultura-dimpresa\/la-cultura-della-piccola-impresa\/#primaryimage"},"thumbnailUrl":"https:\/\/wpsite-assets.fondazionepirelli.org\/wp-content\/uploads\/2019\/05\/20102056\/1364286332688280090.jpg","datePublished":"2013-03-25T00:00:00+00:00","dateModified":"2019-05-27T15:29:18+00:00","author":{"@id":"https:\/\/www.fondazionepirelli.org\/it\/#\/schema\/person\/f47d097000832c4a6e54538c791fdf25"},"breadcrumb":{"@id":"https:\/\/127.0.0.1\/it\/cultura-dimpresa\/la-cultura-della-piccola-impresa\/#breadcrumb"},"inLanguage":"it-IT","potentialAction":[{"@type":"ReadAction","target":["https:\/\/127.0.0.1\/it\/cultura-dimpresa\/la-cultura-della-piccola-impresa\/"]}]},{"@type":"ImageObject","inLanguage":"it-IT","@id":"https:\/\/127.0.0.1\/it\/cultura-dimpresa\/la-cultura-della-piccola-impresa\/#primaryimage","url":"https:\/\/wpsite-assets.fondazionepirelli.org\/wp-content\/uploads\/2019\/05\/20102056\/1364286332688280090.jpg","contentUrl":"https:\/\/wpsite-assets.fondazionepirelli.org\/wp-content\/uploads\/2019\/05\/20102056\/1364286332688280090.jpg","width":240,"height":379},{"@type":"BreadcrumbList","@id":"https:\/\/127.0.0.1\/it\/cultura-dimpresa\/la-cultura-della-piccola-impresa\/#breadcrumb","itemListElement":[{"@type":"ListItem","position":1,"name":"Home","item":"https:\/\/www.fondazionepirelli.org\/it\/"},{"@type":"ListItem","position":2,"name":"La cultura della piccola impresa"}]},{"@type":"WebSite","@id":"https:\/\/www.fondazionepirelli.org\/it\/#website","url":"https:\/\/www.fondazionepirelli.org\/it\/","name":"Fondazione Pirelli","description":"","potentialAction":[{"@type":"SearchAction","target":{"@type":"EntryPoint","urlTemplate":"https:\/\/www.fondazionepirelli.org\/it\/?s={search_term_string}"},"query-input":{"@type":"PropertyValueSpecification","valueRequired":true,"valueName":"search_term_string"}}],"inLanguage":"it-IT"},{"@type":"Person","@id":"https:\/\/www.fondazionepirelli.org\/it\/#\/schema\/person\/f47d097000832c4a6e54538c791fdf25","name":"fondadmin","image":{"@type":"ImageObject","inLanguage":"it-IT","@id":"https:\/\/www.fondazionepirelli.org\/it\/#\/schema\/person\/image\/","url":"https:\/\/secure.gravatar.com\/avatar\/e69498a9175ca244966e51e53c88712c024fcebe41f9a05f75657f1bb25e489b?s=96&d=mm&r=g","contentUrl":"https:\/\/secure.gravatar.com\/avatar\/e69498a9175ca244966e51e53c88712c024fcebe41f9a05f75657f1bb25e489b?s=96&d=mm&r=g","caption":"fondadmin"},"url":"https:\/\/www.fondazionepirelli.org\/it\/author\/fondadmin\/"}]}},"_links":{"self":[{"href":"https:\/\/www.fondazionepirelli.org\/it\/wp-json\/wp\/v2\/posts\/49431\/"}],"collection":[{"href":"https:\/\/www.fondazionepirelli.org\/it\/wp-json\/wp\/v2\/posts\/"}],"about":[{"href":"https:\/\/www.fondazionepirelli.org\/it\/wp-json\/wp\/v2\/types\/post\/"}],"author":[{"embeddable":true,"href":"https:\/\/www.fondazionepirelli.org\/it\/wp-json\/wp\/v2\/users\/1\/"}],"replies":[{"embeddable":true,"href":"https:\/\/www.fondazionepirelli.org\/it\/wp-json\/wp\/v2\/comments\/?post=49431"}],"version-history":[{"count":1,"href":"https:\/\/www.fondazionepirelli.org\/it\/wp-json\/wp\/v2\/posts\/49431\/revisions\/"}],"predecessor-version":[{"id":56312,"href":"https:\/\/www.fondazionepirelli.org\/it\/wp-json\/wp\/v2\/posts\/49431\/revisions\/56312\/"}],"wp:featuredmedia":[{"embeddable":true,"href":"https:\/\/www.fondazionepirelli.org\/it\/wp-json\/wp\/v2\/media\/49432\/"}],"wp:attachment":[{"href":"https:\/\/www.fondazionepirelli.org\/it\/wp-json\/wp\/v2\/media\/?parent=49431"}],"wp:term":[{"taxonomy":"category","embeddable":true,"href":"https:\/\/www.fondazionepirelli.org\/it\/wp-json\/wp\/v2\/categories\/?post=49431"},{"taxonomy":"post_tag","embeddable":true,"href":"https:\/\/www.fondazionepirelli.org\/it\/wp-json\/wp\/v2\/tags\/?post=49431"}],"curies":[{"name":"wp","href":"https:\/\/api.w.org\/{rel}","templated":true}]}}