{"id":49453,"date":"2013-03-04T00:00:00","date_gmt":"2013-03-04T00:00:00","guid":{"rendered":"http:\/\/www.fondazionepirelli.org\/fondazione-pirelli\/se-limpresa-pensa-diversamente\/"},"modified":"2019-05-24T08:57:43","modified_gmt":"2019-05-24T08:57:43","slug":"se-limpresa-pensa-diversamente","status":"publish","type":"post","link":"https:\/\/www.fondazionepirelli.org\/it\/cultura-dimpresa\/se-limpresa-pensa-diversamente\/","title":{"rendered":"Se l\u2019impresa \u201cpensa diversamente\u201d"},"content":{"rendered":"<p>Leonardo da Vinci pensava in modo diverso dal resto dei suoi contemporanei. Anche Albert Einstein aveva un cervello \u201cnon comune\u201d. Tutto sommato anche Steve Jobs aveva un\u2019intelligenza fuori dalla media. Geni, oppure, pi\u00f9 semplicemente, uomini capaci di affrontare la realt\u00e0, analizzarla ed elaborarla in maniera diversa dal resto del sistema sociale in cui sono vissuti. Per questo, da Vinci, Einstein e Jobs, ognuno a modo suo, hanno avuto tutti successo.<\/p>\n<p>Accade una cosa simile per le imprese. Quelle che riescono a sfondare, a crescere, a superare le difficolt\u00e0 della congiuntura difficile, oppure pi\u00f9 semplicemente i problemi dati dalla concorrenza avversa, sono le strutture produttive in grado di staccarsi dal pensiero corrente del fare impresa. Non ci sono ricette preconfezionate per riuscire in un\u2019operazione di questo genere: alcune aziende riescono, altre, la maggioranza, no e vivacchiano. Pi\u00f9 facile, forse, nelle piccole realt\u00e0, molto pi\u00f9 difficile quando con la \u201cdiversit\u00e0 di pensiero\u201d si confrontano i grandi gruppi industriali.<\/p>\n<p>I meccanismi secondo i quali tutto questo accade sono affascinanti ma complicati, non ancora messi completamente a fuoco. Ci ha provato anche <strong>Rosabeth Moss Kanter<\/strong> \u00a0&#8211; definita una delle 50 donne pi\u00f9 potenti al mondo o, in alternativa, uno dei 50 cervelli finanziari pi\u00f9 influenti sul pianeta -, con il suo &#8220;<strong>How Great Companies Think Differently<\/strong>\u201d pubblicato da Harvard Business Review, andato in libreria negli Usa nel 2011 ma non ancora pubblicato in Italia, fa ma ancora attualissimo in quanto a fascino e a provocazioni che contiene.<\/p>\n<p>Moss Kanter dimostra che, invece di essere semplici macchine per fare soldi, le grandi aziende possono combinano logica finanziaria e sociale per costruire il loro successo duraturo. Alla base di tutto, stando alle argomentazioni dello studio, non ci sono solamente calcolo, ma anche emozioni, coinvolgimento, saper guardare oltre, spirito d\u2019avventura. Perch\u00e9, secondo l\u2019autrice, le imprese sono entit\u00e0 sociali che si confrontano con l\u2019incertezza e che riescono per\u00f2 a generare e trasmettere valori sociali attraverso chi vi lavora. Insomma, la vera impresa genera non solo profitti ma una propria cultura, un proprio modo di intendere la produzione e il proprio ruolo nella societ\u00e0 che diventano potenti motori di crescita e sviluppo. A patto che si riesca a far funzionare tutto in maniera adeguata.<\/p><p><strong>How Great Companies Think Differently<\/strong><\/p>\n<p>Rosabeth Moss Kanter<\/p>\n<p>Harvard Business Review, 2011<\/p>\n","protected":false},"excerpt":{"rendered":"<p>Leonardo da Vinci pensava in modo diverso dal resto dei suoi contemporanei. Anche Albert Einstein aveva un cervello \u201cnon comune\u201d. Tutto sommato anche Steve Jobs aveva un\u2019intelligenza fuori dalla media. Geni, oppure, pi\u00f9 semplicemente, uomini capaci di affrontare la realt\u00e0, analizzarla ed elaborarla in maniera diversa dal resto del sistema sociale in cui sono vissuti. [&hellip;]<\/p>\n","protected":false},"author":1,"featured_media":0,"comment_status":"open","ping_status":"open","sticky":false,"template":"","format":"standard","meta":{"footnotes":""},"categories":[54,52],"tags":[],"class_list":["post-49453","post","type-post","status-publish","format-standard","hentry","category-approfondimenti","category-cultura-dimpresa"],"acf":[],"yoast_head":"<!-- This site is optimized with the Yoast SEO plugin v25.0 - https:\/\/yoast.com\/wordpress\/plugins\/seo\/ -->\n<title>Se l\u2019impresa \u201cpensa diversamente\u201d - Fondazione Pirelli<\/title>\n<meta name=\"robots\" content=\"index, follow, max-snippet:-1, max-image-preview:large, max-video-preview:-1\" \/>\n<link rel=\"canonical\" href=\"https:\/\/www.fondazionepirelli.org\/it\/cultura-dimpresa\/se-limpresa-pensa-diversamente\/\" \/>\n<meta property=\"og:locale\" content=\"it_IT\" \/>\n<meta property=\"og:type\" content=\"article\" \/>\n<meta property=\"og:title\" content=\"Se l\u2019impresa \u201cpensa diversamente\u201d - Fondazione Pirelli\" \/>\n<meta property=\"og:description\" content=\"Leonardo da Vinci pensava in modo diverso dal resto dei suoi contemporanei. Anche Albert Einstein aveva un cervello \u201cnon comune\u201d. Tutto sommato anche Steve Jobs aveva un\u2019intelligenza fuori dalla media. Geni, oppure, pi\u00f9 semplicemente, uomini capaci di affrontare la realt\u00e0, analizzarla ed elaborarla in maniera diversa dal resto del sistema sociale in cui sono vissuti. [&hellip;]\" \/>\n<meta property=\"og:url\" content=\"https:\/\/127.0.0.1\/it\/cultura-dimpresa\/se-limpresa-pensa-diversamente\/\" \/>\n<meta property=\"og:site_name\" content=\"Fondazione Pirelli\" \/>\n<meta property=\"article:published_time\" content=\"2013-03-04T00:00:00+00:00\" \/>\n<meta property=\"article:modified_time\" content=\"2019-05-24T08:57:43+00:00\" \/>\n<meta name=\"author\" content=\"fondadmin\" \/>\n<meta name=\"twitter:card\" content=\"summary_large_image\" \/>\n<meta name=\"twitter:label1\" content=\"Scritto da\" \/>\n\t<meta name=\"twitter:data1\" content=\"fondadmin\" \/>\n\t<meta name=\"twitter:label2\" content=\"Tempo di lettura stimato\" \/>\n\t<meta name=\"twitter:data2\" content=\"2 minuti\" \/>\n<script type=\"application\/ld+json\" class=\"yoast-schema-graph\">{\"@context\":\"https:\/\/schema.org\",\"@graph\":[{\"@type\":\"WebPage\",\"@id\":\"https:\/\/127.0.0.1\/it\/cultura-dimpresa\/se-limpresa-pensa-diversamente\/\",\"url\":\"https:\/\/127.0.0.1\/it\/cultura-dimpresa\/se-limpresa-pensa-diversamente\/\",\"name\":\"Se l\u2019impresa \u201cpensa diversamente\u201d - Fondazione Pirelli\",\"isPartOf\":{\"@id\":\"https:\/\/www.fondazionepirelli.org\/it\/#website\"},\"datePublished\":\"2013-03-04T00:00:00+00:00\",\"dateModified\":\"2019-05-24T08:57:43+00:00\",\"author\":{\"@id\":\"https:\/\/www.fondazionepirelli.org\/it\/#\/schema\/person\/f47d097000832c4a6e54538c791fdf25\"},\"breadcrumb\":{\"@id\":\"https:\/\/127.0.0.1\/it\/cultura-dimpresa\/se-limpresa-pensa-diversamente\/#breadcrumb\"},\"inLanguage\":\"it-IT\",\"potentialAction\":[{\"@type\":\"ReadAction\",\"target\":[\"https:\/\/127.0.0.1\/it\/cultura-dimpresa\/se-limpresa-pensa-diversamente\/\"]}]},{\"@type\":\"BreadcrumbList\",\"@id\":\"https:\/\/127.0.0.1\/it\/cultura-dimpresa\/se-limpresa-pensa-diversamente\/#breadcrumb\",\"itemListElement\":[{\"@type\":\"ListItem\",\"position\":1,\"name\":\"Home\",\"item\":\"https:\/\/www.fondazionepirelli.org\/it\/\"},{\"@type\":\"ListItem\",\"position\":2,\"name\":\"Se l\u2019impresa \u201cpensa diversamente\u201d\"}]},{\"@type\":\"WebSite\",\"@id\":\"https:\/\/www.fondazionepirelli.org\/it\/#website\",\"url\":\"https:\/\/www.fondazionepirelli.org\/it\/\",\"name\":\"Fondazione Pirelli\",\"description\":\"\",\"potentialAction\":[{\"@type\":\"SearchAction\",\"target\":{\"@type\":\"EntryPoint\",\"urlTemplate\":\"https:\/\/www.fondazionepirelli.org\/it\/?s={search_term_string}\"},\"query-input\":{\"@type\":\"PropertyValueSpecification\",\"valueRequired\":true,\"valueName\":\"search_term_string\"}}],\"inLanguage\":\"it-IT\"},{\"@type\":\"Person\",\"@id\":\"https:\/\/www.fondazionepirelli.org\/it\/#\/schema\/person\/f47d097000832c4a6e54538c791fdf25\",\"name\":\"fondadmin\",\"image\":{\"@type\":\"ImageObject\",\"inLanguage\":\"it-IT\",\"@id\":\"https:\/\/www.fondazionepirelli.org\/it\/#\/schema\/person\/image\/\",\"url\":\"https:\/\/secure.gravatar.com\/avatar\/e69498a9175ca244966e51e53c88712c024fcebe41f9a05f75657f1bb25e489b?s=96&d=mm&r=g\",\"contentUrl\":\"https:\/\/secure.gravatar.com\/avatar\/e69498a9175ca244966e51e53c88712c024fcebe41f9a05f75657f1bb25e489b?s=96&d=mm&r=g\",\"caption\":\"fondadmin\"},\"url\":\"https:\/\/www.fondazionepirelli.org\/it\/author\/fondadmin\/\"}]}<\/script>\n<!-- \/ Yoast SEO plugin. -->","yoast_head_json":{"title":"Se l\u2019impresa \u201cpensa diversamente\u201d - Fondazione Pirelli","robots":{"index":"index","follow":"follow","max-snippet":"max-snippet:-1","max-image-preview":"max-image-preview:large","max-video-preview":"max-video-preview:-1"},"canonical":"https:\/\/www.fondazionepirelli.org\/it\/cultura-dimpresa\/se-limpresa-pensa-diversamente\/","og_locale":"it_IT","og_type":"article","og_title":"Se l\u2019impresa \u201cpensa diversamente\u201d - Fondazione Pirelli","og_description":"Leonardo da Vinci pensava in modo diverso dal resto dei suoi contemporanei. Anche Albert Einstein aveva un cervello \u201cnon comune\u201d. Tutto sommato anche Steve Jobs aveva un\u2019intelligenza fuori dalla media. Geni, oppure, pi\u00f9 semplicemente, uomini capaci di affrontare la realt\u00e0, analizzarla ed elaborarla in maniera diversa dal resto del sistema sociale in cui sono vissuti. [&hellip;]","og_url":"https:\/\/127.0.0.1\/it\/cultura-dimpresa\/se-limpresa-pensa-diversamente\/","og_site_name":"Fondazione Pirelli","article_published_time":"2013-03-04T00:00:00+00:00","article_modified_time":"2019-05-24T08:57:43+00:00","author":"fondadmin","twitter_card":"summary_large_image","twitter_misc":{"Scritto da":"fondadmin","Tempo di lettura stimato":"2 minuti"},"schema":{"@context":"https:\/\/schema.org","@graph":[{"@type":"WebPage","@id":"https:\/\/127.0.0.1\/it\/cultura-dimpresa\/se-limpresa-pensa-diversamente\/","url":"https:\/\/127.0.0.1\/it\/cultura-dimpresa\/se-limpresa-pensa-diversamente\/","name":"Se l\u2019impresa \u201cpensa diversamente\u201d - Fondazione Pirelli","isPartOf":{"@id":"https:\/\/www.fondazionepirelli.org\/it\/#website"},"datePublished":"2013-03-04T00:00:00+00:00","dateModified":"2019-05-24T08:57:43+00:00","author":{"@id":"https:\/\/www.fondazionepirelli.org\/it\/#\/schema\/person\/f47d097000832c4a6e54538c791fdf25"},"breadcrumb":{"@id":"https:\/\/127.0.0.1\/it\/cultura-dimpresa\/se-limpresa-pensa-diversamente\/#breadcrumb"},"inLanguage":"it-IT","potentialAction":[{"@type":"ReadAction","target":["https:\/\/127.0.0.1\/it\/cultura-dimpresa\/se-limpresa-pensa-diversamente\/"]}]},{"@type":"BreadcrumbList","@id":"https:\/\/127.0.0.1\/it\/cultura-dimpresa\/se-limpresa-pensa-diversamente\/#breadcrumb","itemListElement":[{"@type":"ListItem","position":1,"name":"Home","item":"https:\/\/www.fondazionepirelli.org\/it\/"},{"@type":"ListItem","position":2,"name":"Se l\u2019impresa \u201cpensa diversamente\u201d"}]},{"@type":"WebSite","@id":"https:\/\/www.fondazionepirelli.org\/it\/#website","url":"https:\/\/www.fondazionepirelli.org\/it\/","name":"Fondazione Pirelli","description":"","potentialAction":[{"@type":"SearchAction","target":{"@type":"EntryPoint","urlTemplate":"https:\/\/www.fondazionepirelli.org\/it\/?s={search_term_string}"},"query-input":{"@type":"PropertyValueSpecification","valueRequired":true,"valueName":"search_term_string"}}],"inLanguage":"it-IT"},{"@type":"Person","@id":"https:\/\/www.fondazionepirelli.org\/it\/#\/schema\/person\/f47d097000832c4a6e54538c791fdf25","name":"fondadmin","image":{"@type":"ImageObject","inLanguage":"it-IT","@id":"https:\/\/www.fondazionepirelli.org\/it\/#\/schema\/person\/image\/","url":"https:\/\/secure.gravatar.com\/avatar\/e69498a9175ca244966e51e53c88712c024fcebe41f9a05f75657f1bb25e489b?s=96&d=mm&r=g","contentUrl":"https:\/\/secure.gravatar.com\/avatar\/e69498a9175ca244966e51e53c88712c024fcebe41f9a05f75657f1bb25e489b?s=96&d=mm&r=g","caption":"fondadmin"},"url":"https:\/\/www.fondazionepirelli.org\/it\/author\/fondadmin\/"}]}},"_links":{"self":[{"href":"https:\/\/www.fondazionepirelli.org\/it\/wp-json\/wp\/v2\/posts\/49453\/"}],"collection":[{"href":"https:\/\/www.fondazionepirelli.org\/it\/wp-json\/wp\/v2\/posts\/"}],"about":[{"href":"https:\/\/www.fondazionepirelli.org\/it\/wp-json\/wp\/v2\/types\/post\/"}],"author":[{"embeddable":true,"href":"https:\/\/www.fondazionepirelli.org\/it\/wp-json\/wp\/v2\/users\/1\/"}],"replies":[{"embeddable":true,"href":"https:\/\/www.fondazionepirelli.org\/it\/wp-json\/wp\/v2\/comments\/?post=49453"}],"version-history":[{"count":1,"href":"https:\/\/www.fondazionepirelli.org\/it\/wp-json\/wp\/v2\/posts\/49453\/revisions\/"}],"predecessor-version":[{"id":55902,"href":"https:\/\/www.fondazionepirelli.org\/it\/wp-json\/wp\/v2\/posts\/49453\/revisions\/55902\/"}],"wp:attachment":[{"href":"https:\/\/www.fondazionepirelli.org\/it\/wp-json\/wp\/v2\/media\/?parent=49453"}],"wp:term":[{"taxonomy":"category","embeddable":true,"href":"https:\/\/www.fondazionepirelli.org\/it\/wp-json\/wp\/v2\/categories\/?post=49453"},{"taxonomy":"post_tag","embeddable":true,"href":"https:\/\/www.fondazionepirelli.org\/it\/wp-json\/wp\/v2\/tags\/?post=49453"}],"curies":[{"name":"wp","href":"https:\/\/api.w.org\/{rel}","templated":true}]}}