{"id":49486,"date":"2013-02-04T00:00:00","date_gmt":"2013-02-04T00:00:00","guid":{"rendered":"http:\/\/www.fondazionepirelli.org\/fondazione-pirelli\/buon-imprenditore-in-buona-societa\/"},"modified":"2019-05-24T08:35:49","modified_gmt":"2019-05-24T08:35:49","slug":"buon-imprenditore-in-buona-societa","status":"publish","type":"post","link":"https:\/\/www.fondazionepirelli.org\/it\/cultura-dimpresa\/buon-imprenditore-in-buona-societa\/","title":{"rendered":"Buon imprenditore in buona societ\u00e0"},"content":{"rendered":"<p>Chi \u00e8 l\u2019imprenditore? A questa domanda hanno cercato di rispondere in tanti e da pi\u00f9 parti. E\u2019 un interrogativo difficile, la cui riposta pu\u00f2 far precipitare in un abisso. Eppure c\u2019\u00e8 chi ha cercato di rispondere a questo interrogativo senza teorizzare nulla, ma raccontando una storia. E\u2019 il caso di <strong>Luigi Einaudi<\/strong> che pi\u00f9 di un \u00a0secolo fa scrisse \u201c<strong>Un principe mercante<\/strong>\u201d: storia di <strong>Enrico dell\u2019Acqua<\/strong>, di Busto Arsizio, che percorse il mondo \u201cfacendosi da se\u2019\u201d e creando il paradigma dell\u2019imprenditore italiano. Quel racconto ha fatto storia nella letteratura economica \u2013 forse anche perch\u00e9 scritto in maniera comprensibile \u2013 ed \u00e8 stato ripreso oggi da <strong>Paolo Silvestri<\/strong> in un articolo apparso su <em>Biblioteca della libert\u00e0<\/em>, Rivista quadrimestrale online del Centro Einaudi di Torino. Il risultato \u00e8 un altro racconto, una cavalcata lungo un secolo di economia e di insegnamento civile in cui si stagliano, oltre che ovviamente Einaudi, anche nomi come Piero Gobetti, Adam Smith, Norberto Bobbio e Josep Shumpeter e, pi\u00f9 recentemente Sergio Ricossa e Giuseppe Berta.<\/p>\n<p>Quelle di Silvestri sono 16 pagine dalle quali emergono i tratti fondamentali dell\u2019essere imprenditore ieri come oggi e cio\u00e8 di colui il cui comportamento non pu\u00f2 essere teorizzato pi\u00f9 di tanto ma va raccontato e osservato per essere compreso, anche se non si riuscir\u00e0 mai a capirlo fino in fondo. Ci\u00f2 nonostante Silvestri, riprendendo ovviamente Einaudi, azzarda a dire che \u201cl\u2019imprenditore \u00e8 colui che: 1) \u00absceglie le merci che dovranno essere prodotte\u00bb, 2) \u00abdelibera ci\u00f2 che si deve e che non si deve mettere sul mercato\u00bb, 3) fissa le \u00ablinee strategiche\u00bb e i \u00abfini\u00bb dell\u2019azienda e \u00abcalcola i mezzi\u00bb pi\u00f9 adeguati al loro raggiungimento, 4) soddisfa i \u00abbisogni dei consumatori\u00bb, anche quelli pi\u00f9 \u00abstrani\u00bb\u201d.<\/p>\n<p>Si tratta, forse, di una fotografia semplicistica dell\u2019essere imprenditore oggi, ma \u00e8 anche un ritratto \u201cdal vero\u201d che vale la pena di essere esaminato. Soprattutto per almeno due concetti che emergono dall\u2019articolo. La buona imprenditorialit\u00e0 va, prima di tutto, di pari passo con il buongoverno e la creazione di una societ\u00e0 aperta agli stimoli e al merito. La buona imprenditorialit\u00e0 e la buona cultura d\u2019impresa, poi, nascono da una tensione positiva tra prudenza e rischio, tra tradizione e innovazione.<\/p><p><strong>Il paradigma dell\u2019imprenditore in una societ\u00e0 liberale: tra prudenza e rischio-innovazione<\/strong><\/p>\n<p><em>Paolo Silvestri<\/em><\/p>\n<p>Biblioteca della libert\u00e0<\/p>\n<p>Rivista quadrimestrale online del Centro Einaudi, 2012<\/p>\n","protected":false},"excerpt":{"rendered":"<p>Chi \u00e8 l\u2019imprenditore? A questa domanda hanno cercato di rispondere in tanti e da pi\u00f9 parti. E\u2019 un interrogativo difficile, la cui riposta pu\u00f2 far precipitare in un abisso. Eppure c\u2019\u00e8 chi ha cercato di rispondere a questo interrogativo senza teorizzare nulla, ma raccontando una storia. E\u2019 il caso di Luigi Einaudi che pi\u00f9 di [&hellip;]<\/p>\n","protected":false},"author":1,"featured_media":0,"comment_status":"open","ping_status":"open","sticky":false,"template":"","format":"standard","meta":{"footnotes":""},"categories":[54,52],"tags":[],"class_list":["post-49486","post","type-post","status-publish","format-standard","hentry","category-approfondimenti","category-cultura-dimpresa"],"acf":[],"yoast_head":"<!-- This site is optimized with the Yoast SEO plugin v25.0 - https:\/\/yoast.com\/wordpress\/plugins\/seo\/ -->\n<title>Buon imprenditore in buona societ\u00e0 - Fondazione Pirelli<\/title>\n<meta name=\"robots\" content=\"index, follow, max-snippet:-1, max-image-preview:large, max-video-preview:-1\" \/>\n<link rel=\"canonical\" href=\"https:\/\/www.fondazionepirelli.org\/it\/cultura-dimpresa\/buon-imprenditore-in-buona-societa\/\" \/>\n<meta property=\"og:locale\" content=\"it_IT\" \/>\n<meta property=\"og:type\" content=\"article\" \/>\n<meta property=\"og:title\" content=\"Buon imprenditore in buona societ\u00e0 - Fondazione Pirelli\" \/>\n<meta property=\"og:description\" content=\"Chi \u00e8 l\u2019imprenditore? A questa domanda hanno cercato di rispondere in tanti e da pi\u00f9 parti. E\u2019 un interrogativo difficile, la cui riposta pu\u00f2 far precipitare in un abisso. Eppure c\u2019\u00e8 chi ha cercato di rispondere a questo interrogativo senza teorizzare nulla, ma raccontando una storia. E\u2019 il caso di Luigi Einaudi che pi\u00f9 di [&hellip;]\" \/>\n<meta property=\"og:url\" content=\"https:\/\/www.fondazionepirelli.org\/it\/cultura-dimpresa\/buon-imprenditore-in-buona-societa\/\" \/>\n<meta property=\"og:site_name\" content=\"Fondazione Pirelli\" \/>\n<meta property=\"article:published_time\" content=\"2013-02-04T00:00:00+00:00\" \/>\n<meta property=\"article:modified_time\" content=\"2019-05-24T08:35:49+00:00\" \/>\n<meta name=\"author\" content=\"fondadmin\" \/>\n<meta name=\"twitter:card\" content=\"summary_large_image\" \/>\n<meta name=\"twitter:label1\" content=\"Scritto da\" \/>\n\t<meta name=\"twitter:data1\" content=\"fondadmin\" \/>\n\t<meta name=\"twitter:label2\" content=\"Tempo di lettura stimato\" \/>\n\t<meta name=\"twitter:data2\" content=\"2 minuti\" \/>\n<script type=\"application\/ld+json\" class=\"yoast-schema-graph\">{\"@context\":\"https:\/\/schema.org\",\"@graph\":[{\"@type\":\"WebPage\",\"@id\":\"https:\/\/www.fondazionepirelli.org\/it\/cultura-dimpresa\/buon-imprenditore-in-buona-societa\/\",\"url\":\"https:\/\/www.fondazionepirelli.org\/it\/cultura-dimpresa\/buon-imprenditore-in-buona-societa\/\",\"name\":\"Buon imprenditore in buona societ\u00e0 - Fondazione Pirelli\",\"isPartOf\":{\"@id\":\"https:\/\/www.fondazionepirelli.org\/it\/#website\"},\"datePublished\":\"2013-02-04T00:00:00+00:00\",\"dateModified\":\"2019-05-24T08:35:49+00:00\",\"author\":{\"@id\":\"https:\/\/www.fondazionepirelli.org\/it\/#\/schema\/person\/f47d097000832c4a6e54538c791fdf25\"},\"breadcrumb\":{\"@id\":\"https:\/\/www.fondazionepirelli.org\/it\/cultura-dimpresa\/buon-imprenditore-in-buona-societa\/#breadcrumb\"},\"inLanguage\":\"it-IT\",\"potentialAction\":[{\"@type\":\"ReadAction\",\"target\":[\"https:\/\/www.fondazionepirelli.org\/it\/cultura-dimpresa\/buon-imprenditore-in-buona-societa\/\"]}]},{\"@type\":\"BreadcrumbList\",\"@id\":\"https:\/\/www.fondazionepirelli.org\/it\/cultura-dimpresa\/buon-imprenditore-in-buona-societa\/#breadcrumb\",\"itemListElement\":[{\"@type\":\"ListItem\",\"position\":1,\"name\":\"Home\",\"item\":\"https:\/\/www.fondazionepirelli.org\/it\/\"},{\"@type\":\"ListItem\",\"position\":2,\"name\":\"Buon imprenditore in buona societ\u00e0\"}]},{\"@type\":\"WebSite\",\"@id\":\"https:\/\/www.fondazionepirelli.org\/it\/#website\",\"url\":\"https:\/\/www.fondazionepirelli.org\/it\/\",\"name\":\"Fondazione Pirelli\",\"description\":\"\",\"potentialAction\":[{\"@type\":\"SearchAction\",\"target\":{\"@type\":\"EntryPoint\",\"urlTemplate\":\"https:\/\/www.fondazionepirelli.org\/it\/?s={search_term_string}\"},\"query-input\":{\"@type\":\"PropertyValueSpecification\",\"valueRequired\":true,\"valueName\":\"search_term_string\"}}],\"inLanguage\":\"it-IT\"},{\"@type\":\"Person\",\"@id\":\"https:\/\/www.fondazionepirelli.org\/it\/#\/schema\/person\/f47d097000832c4a6e54538c791fdf25\",\"name\":\"fondadmin\",\"image\":{\"@type\":\"ImageObject\",\"inLanguage\":\"it-IT\",\"@id\":\"https:\/\/www.fondazionepirelli.org\/it\/#\/schema\/person\/image\/\",\"url\":\"https:\/\/secure.gravatar.com\/avatar\/e69498a9175ca244966e51e53c88712c024fcebe41f9a05f75657f1bb25e489b?s=96&d=mm&r=g\",\"contentUrl\":\"https:\/\/secure.gravatar.com\/avatar\/e69498a9175ca244966e51e53c88712c024fcebe41f9a05f75657f1bb25e489b?s=96&d=mm&r=g\",\"caption\":\"fondadmin\"},\"url\":\"https:\/\/www.fondazionepirelli.org\/it\/author\/fondadmin\/\"}]}<\/script>\n<!-- \/ Yoast SEO plugin. -->","yoast_head_json":{"title":"Buon imprenditore in buona societ\u00e0 - Fondazione Pirelli","robots":{"index":"index","follow":"follow","max-snippet":"max-snippet:-1","max-image-preview":"max-image-preview:large","max-video-preview":"max-video-preview:-1"},"canonical":"https:\/\/www.fondazionepirelli.org\/it\/cultura-dimpresa\/buon-imprenditore-in-buona-societa\/","og_locale":"it_IT","og_type":"article","og_title":"Buon imprenditore in buona societ\u00e0 - Fondazione Pirelli","og_description":"Chi \u00e8 l\u2019imprenditore? A questa domanda hanno cercato di rispondere in tanti e da pi\u00f9 parti. E\u2019 un interrogativo difficile, la cui riposta pu\u00f2 far precipitare in un abisso. Eppure c\u2019\u00e8 chi ha cercato di rispondere a questo interrogativo senza teorizzare nulla, ma raccontando una storia. E\u2019 il caso di Luigi Einaudi che pi\u00f9 di [&hellip;]","og_url":"https:\/\/www.fondazionepirelli.org\/it\/cultura-dimpresa\/buon-imprenditore-in-buona-societa\/","og_site_name":"Fondazione Pirelli","article_published_time":"2013-02-04T00:00:00+00:00","article_modified_time":"2019-05-24T08:35:49+00:00","author":"fondadmin","twitter_card":"summary_large_image","twitter_misc":{"Scritto da":"fondadmin","Tempo di lettura stimato":"2 minuti"},"schema":{"@context":"https:\/\/schema.org","@graph":[{"@type":"WebPage","@id":"https:\/\/www.fondazionepirelli.org\/it\/cultura-dimpresa\/buon-imprenditore-in-buona-societa\/","url":"https:\/\/www.fondazionepirelli.org\/it\/cultura-dimpresa\/buon-imprenditore-in-buona-societa\/","name":"Buon imprenditore in buona societ\u00e0 - Fondazione Pirelli","isPartOf":{"@id":"https:\/\/www.fondazionepirelli.org\/it\/#website"},"datePublished":"2013-02-04T00:00:00+00:00","dateModified":"2019-05-24T08:35:49+00:00","author":{"@id":"https:\/\/www.fondazionepirelli.org\/it\/#\/schema\/person\/f47d097000832c4a6e54538c791fdf25"},"breadcrumb":{"@id":"https:\/\/www.fondazionepirelli.org\/it\/cultura-dimpresa\/buon-imprenditore-in-buona-societa\/#breadcrumb"},"inLanguage":"it-IT","potentialAction":[{"@type":"ReadAction","target":["https:\/\/www.fondazionepirelli.org\/it\/cultura-dimpresa\/buon-imprenditore-in-buona-societa\/"]}]},{"@type":"BreadcrumbList","@id":"https:\/\/www.fondazionepirelli.org\/it\/cultura-dimpresa\/buon-imprenditore-in-buona-societa\/#breadcrumb","itemListElement":[{"@type":"ListItem","position":1,"name":"Home","item":"https:\/\/www.fondazionepirelli.org\/it\/"},{"@type":"ListItem","position":2,"name":"Buon imprenditore in buona societ\u00e0"}]},{"@type":"WebSite","@id":"https:\/\/www.fondazionepirelli.org\/it\/#website","url":"https:\/\/www.fondazionepirelli.org\/it\/","name":"Fondazione Pirelli","description":"","potentialAction":[{"@type":"SearchAction","target":{"@type":"EntryPoint","urlTemplate":"https:\/\/www.fondazionepirelli.org\/it\/?s={search_term_string}"},"query-input":{"@type":"PropertyValueSpecification","valueRequired":true,"valueName":"search_term_string"}}],"inLanguage":"it-IT"},{"@type":"Person","@id":"https:\/\/www.fondazionepirelli.org\/it\/#\/schema\/person\/f47d097000832c4a6e54538c791fdf25","name":"fondadmin","image":{"@type":"ImageObject","inLanguage":"it-IT","@id":"https:\/\/www.fondazionepirelli.org\/it\/#\/schema\/person\/image\/","url":"https:\/\/secure.gravatar.com\/avatar\/e69498a9175ca244966e51e53c88712c024fcebe41f9a05f75657f1bb25e489b?s=96&d=mm&r=g","contentUrl":"https:\/\/secure.gravatar.com\/avatar\/e69498a9175ca244966e51e53c88712c024fcebe41f9a05f75657f1bb25e489b?s=96&d=mm&r=g","caption":"fondadmin"},"url":"https:\/\/www.fondazionepirelli.org\/it\/author\/fondadmin\/"}]}},"_links":{"self":[{"href":"https:\/\/www.fondazionepirelli.org\/it\/wp-json\/wp\/v2\/posts\/49486\/"}],"collection":[{"href":"https:\/\/www.fondazionepirelli.org\/it\/wp-json\/wp\/v2\/posts\/"}],"about":[{"href":"https:\/\/www.fondazionepirelli.org\/it\/wp-json\/wp\/v2\/types\/post\/"}],"author":[{"embeddable":true,"href":"https:\/\/www.fondazionepirelli.org\/it\/wp-json\/wp\/v2\/users\/1\/"}],"replies":[{"embeddable":true,"href":"https:\/\/www.fondazionepirelli.org\/it\/wp-json\/wp\/v2\/comments\/?post=49486"}],"version-history":[{"count":1,"href":"https:\/\/www.fondazionepirelli.org\/it\/wp-json\/wp\/v2\/posts\/49486\/revisions\/"}],"predecessor-version":[{"id":55891,"href":"https:\/\/www.fondazionepirelli.org\/it\/wp-json\/wp\/v2\/posts\/49486\/revisions\/55891\/"}],"wp:attachment":[{"href":"https:\/\/www.fondazionepirelli.org\/it\/wp-json\/wp\/v2\/media\/?parent=49486"}],"wp:term":[{"taxonomy":"category","embeddable":true,"href":"https:\/\/www.fondazionepirelli.org\/it\/wp-json\/wp\/v2\/categories\/?post=49486"},{"taxonomy":"post_tag","embeddable":true,"href":"https:\/\/www.fondazionepirelli.org\/it\/wp-json\/wp\/v2\/tags\/?post=49486"}],"curies":[{"name":"wp","href":"https:\/\/api.w.org\/{rel}","templated":true}]}}