{"id":49497,"date":"2013-01-28T00:00:00","date_gmt":"2013-01-28T00:00:00","guid":{"rendered":"http:\/\/www.fondazionepirelli.org\/fondazione-pirelli\/buona-comunita-e-buona-pratica\/"},"modified":"2019-05-24T08:27:45","modified_gmt":"2019-05-24T08:27:45","slug":"buona-comunita-e-buona-pratica","status":"publish","type":"post","link":"https:\/\/www.fondazionepirelli.org\/it\/cultura-dimpresa\/buona-comunita-e-buona-pratica\/","title":{"rendered":"\u201cBuona comunit\u00e0\u201d e \u201cbuona pratica\u201d"},"content":{"rendered":"<p>Si chiamano \u201c<strong>comunit\u00e0 di pratica\u201d<\/strong> e sono, di fatto, gruppi di persone accomunate da un interesse, una passione, dei problemi da risolvere e che, soprattutto, riescono ad interagire fra di loro in maniera positiva. Il concetto cerca di dare forma a molte realt\u00e0 presenti anche in Italia, anche fra le imprese, specialmente fra quelle collocate in territori caratterizzati da una forte presenza di piccole entit\u00e0, artigiane ma non solo. Possono rappresentare, queste comunit\u00e0, una delle leve su cui fare forza per rilanciare la produzione e l\u2019economia, superare la crisi. Perch\u00e9 producono non solo ricchezza in senso tradizionale, ma, soprattutto, conoscenza, saperi, evoluzione di quel saper fare che ha reso grande l\u2019industria nazionale.<\/p>\n<p>A studiare le \u201ccomunit\u00e0 di pratica\u201d \u00e8 anche <strong>Massimiliano Costa<\/strong> \u2013 professore di <strong>Economia della Formazione alla Ca\u2019 Foscari di Venezia<\/strong> -, che nel suo \u201c<strong>Le comunit\u00e0 di pratica per valorizzare la cultura d\u2019impresa e i saperi del territorio<\/strong>\u201d (apparso nei Quaderni di ricerca sull\u2019artigianato della CGIA di Mestre), ne indaga origine e significato e ne individua \u2013 con una analisi dettagliata anche se non sempre facile -, le caratteristiche strutturali. Tutto partendo da una serie di studi che si rifanno ad esperienze concrete, anche dell\u2019Italia industriale di oggi ma non solo, che fanno capo a settori d\u2019eccellenza dell\u2019artigianato e delle piccole impresa (l\u2019abbigliamento, le calzature, l\u2019elettronica).<\/p>\n<p>Ne emerge un ritratto con alcuni punti fermi. Ad iniziare dalla condivisione del linguaggio, per passare ad un\u2019identit\u00e0 condivisa, ad una capacit\u00e0 di negoziazione e di comprensione della pratica che contribuiscono, tutte insieme, alla nascita della comunit\u00e0 stessa. Costa, poi, guarda pi\u00f9 da vicino queste formazioni e, d\u2019accordo con altri studiosi, arriva a quelle che chiama \u201cdeterminanti\u201d delle \u201ccomunit\u00e0 di pratica\u201d: tre elementi obbligatori senza i quali la comunit\u00e0 davvero non nasce nemmeno. Si tratta della reciprocit\u00e0 delle relazioni, della presenza di un patrimonio di conoscenze condivise e di un obiettivo comune. A ben vedere, esattamente ci\u00f2 che si crea in tante imprese.<\/p>\n<p>Ma perch\u00e9 le \u201ccomunit\u00e0 di pratica\u201d \u00a0servono anche alle aziende e agli imprenditori? Per Costa, solo cos\u00ec questi ultimi possono diventare <em>\u201ccontemporaneamente erogatori e destinatari degli apprendimenti manageriali<\/em>\u201d. E c\u2019\u00e8 anche di pi\u00f9. Attraverso queste entit\u00e0 \u00e8 possibile, per esempio, ideare servizi di supporto alle piccole imprese, favorire la diffusione di reti, intensificare l\u2019ICT e anche l\u2019e-learning, favorire la creazione di reti di formazione \u00a0e di supporto per le giovani imprese. Attraverso di esse, si ricompone una cultura d\u2019impresa a pi\u00f9 facce e identit\u00e0, propria della pi\u00f9 bella Italia.<\/p><p><strong>Le comunit\u00e0 di pratica per valorizzare la cultura d\u2019impresa e i saperi del territorio<\/strong><\/p>\n<p>Massimiliano Costa<\/p>\n<p>Quaderni di ricerca sull\u2019artigianato, n. 47<\/p>\n<p>CGIA \u2013 Mestre<\/p>\n","protected":false},"excerpt":{"rendered":"<p>Si chiamano \u201ccomunit\u00e0 di pratica\u201d e sono, di fatto, gruppi di persone accomunate da un interesse, una passione, dei problemi da risolvere e che, soprattutto, riescono ad interagire fra di loro in maniera positiva. Il concetto cerca di dare forma a molte realt\u00e0 presenti anche in Italia, anche fra le imprese, specialmente fra quelle collocate [&hellip;]<\/p>\n","protected":false},"author":1,"featured_media":0,"comment_status":"open","ping_status":"open","sticky":false,"template":"","format":"standard","meta":{"footnotes":""},"categories":[54,52],"tags":[],"class_list":["post-49497","post","type-post","status-publish","format-standard","hentry","category-approfondimenti","category-cultura-dimpresa"],"acf":[],"yoast_head":"<!-- This site is optimized with the Yoast SEO plugin v25.0 - https:\/\/yoast.com\/wordpress\/plugins\/seo\/ -->\n<title>\u201cBuona comunit\u00e0\u201d e \u201cbuona pratica\u201d - Fondazione Pirelli<\/title>\n<meta name=\"robots\" content=\"index, follow, max-snippet:-1, max-image-preview:large, max-video-preview:-1\" \/>\n<link rel=\"canonical\" href=\"https:\/\/www.fondazionepirelli.org\/it\/cultura-dimpresa\/buona-comunita-e-buona-pratica\/\" \/>\n<meta property=\"og:locale\" content=\"it_IT\" \/>\n<meta property=\"og:type\" content=\"article\" \/>\n<meta property=\"og:title\" content=\"\u201cBuona comunit\u00e0\u201d e \u201cbuona pratica\u201d - Fondazione Pirelli\" \/>\n<meta property=\"og:description\" content=\"Si chiamano \u201ccomunit\u00e0 di pratica\u201d e sono, di fatto, gruppi di persone accomunate da un interesse, una passione, dei problemi da risolvere e che, soprattutto, riescono ad interagire fra di loro in maniera positiva. Il concetto cerca di dare forma a molte realt\u00e0 presenti anche in Italia, anche fra le imprese, specialmente fra quelle collocate [&hellip;]\" \/>\n<meta property=\"og:url\" content=\"https:\/\/127.0.0.1\/it\/cultura-dimpresa\/buona-comunita-e-buona-pratica\/\" \/>\n<meta property=\"og:site_name\" content=\"Fondazione Pirelli\" \/>\n<meta property=\"article:published_time\" content=\"2013-01-28T00:00:00+00:00\" \/>\n<meta property=\"article:modified_time\" content=\"2019-05-24T08:27:45+00:00\" \/>\n<meta name=\"author\" content=\"fondadmin\" \/>\n<meta name=\"twitter:card\" content=\"summary_large_image\" \/>\n<meta name=\"twitter:label1\" content=\"Scritto da\" \/>\n\t<meta name=\"twitter:data1\" content=\"fondadmin\" \/>\n\t<meta name=\"twitter:label2\" content=\"Tempo di lettura stimato\" \/>\n\t<meta name=\"twitter:data2\" content=\"2 minuti\" \/>\n<script type=\"application\/ld+json\" class=\"yoast-schema-graph\">{\"@context\":\"https:\/\/schema.org\",\"@graph\":[{\"@type\":\"WebPage\",\"@id\":\"https:\/\/127.0.0.1\/it\/cultura-dimpresa\/buona-comunita-e-buona-pratica\/\",\"url\":\"https:\/\/127.0.0.1\/it\/cultura-dimpresa\/buona-comunita-e-buona-pratica\/\",\"name\":\"\u201cBuona comunit\u00e0\u201d e \u201cbuona pratica\u201d - Fondazione Pirelli\",\"isPartOf\":{\"@id\":\"https:\/\/www.fondazionepirelli.org\/it\/#website\"},\"datePublished\":\"2013-01-28T00:00:00+00:00\",\"dateModified\":\"2019-05-24T08:27:45+00:00\",\"author\":{\"@id\":\"https:\/\/www.fondazionepirelli.org\/it\/#\/schema\/person\/f47d097000832c4a6e54538c791fdf25\"},\"breadcrumb\":{\"@id\":\"https:\/\/127.0.0.1\/it\/cultura-dimpresa\/buona-comunita-e-buona-pratica\/#breadcrumb\"},\"inLanguage\":\"it-IT\",\"potentialAction\":[{\"@type\":\"ReadAction\",\"target\":[\"https:\/\/127.0.0.1\/it\/cultura-dimpresa\/buona-comunita-e-buona-pratica\/\"]}]},{\"@type\":\"BreadcrumbList\",\"@id\":\"https:\/\/127.0.0.1\/it\/cultura-dimpresa\/buona-comunita-e-buona-pratica\/#breadcrumb\",\"itemListElement\":[{\"@type\":\"ListItem\",\"position\":1,\"name\":\"Home\",\"item\":\"https:\/\/www.fondazionepirelli.org\/it\/\"},{\"@type\":\"ListItem\",\"position\":2,\"name\":\"\u201cBuona comunit\u00e0\u201d e \u201cbuona pratica\u201d\"}]},{\"@type\":\"WebSite\",\"@id\":\"https:\/\/www.fondazionepirelli.org\/it\/#website\",\"url\":\"https:\/\/www.fondazionepirelli.org\/it\/\",\"name\":\"Fondazione Pirelli\",\"description\":\"\",\"potentialAction\":[{\"@type\":\"SearchAction\",\"target\":{\"@type\":\"EntryPoint\",\"urlTemplate\":\"https:\/\/www.fondazionepirelli.org\/it\/?s={search_term_string}\"},\"query-input\":{\"@type\":\"PropertyValueSpecification\",\"valueRequired\":true,\"valueName\":\"search_term_string\"}}],\"inLanguage\":\"it-IT\"},{\"@type\":\"Person\",\"@id\":\"https:\/\/www.fondazionepirelli.org\/it\/#\/schema\/person\/f47d097000832c4a6e54538c791fdf25\",\"name\":\"fondadmin\",\"image\":{\"@type\":\"ImageObject\",\"inLanguage\":\"it-IT\",\"@id\":\"https:\/\/www.fondazionepirelli.org\/it\/#\/schema\/person\/image\/\",\"url\":\"https:\/\/secure.gravatar.com\/avatar\/e69498a9175ca244966e51e53c88712c024fcebe41f9a05f75657f1bb25e489b?s=96&d=mm&r=g\",\"contentUrl\":\"https:\/\/secure.gravatar.com\/avatar\/e69498a9175ca244966e51e53c88712c024fcebe41f9a05f75657f1bb25e489b?s=96&d=mm&r=g\",\"caption\":\"fondadmin\"},\"url\":\"https:\/\/www.fondazionepirelli.org\/it\/author\/fondadmin\/\"}]}<\/script>\n<!-- \/ Yoast SEO plugin. -->","yoast_head_json":{"title":"\u201cBuona comunit\u00e0\u201d e \u201cbuona pratica\u201d - Fondazione Pirelli","robots":{"index":"index","follow":"follow","max-snippet":"max-snippet:-1","max-image-preview":"max-image-preview:large","max-video-preview":"max-video-preview:-1"},"canonical":"https:\/\/www.fondazionepirelli.org\/it\/cultura-dimpresa\/buona-comunita-e-buona-pratica\/","og_locale":"it_IT","og_type":"article","og_title":"\u201cBuona comunit\u00e0\u201d e \u201cbuona pratica\u201d - Fondazione Pirelli","og_description":"Si chiamano \u201ccomunit\u00e0 di pratica\u201d e sono, di fatto, gruppi di persone accomunate da un interesse, una passione, dei problemi da risolvere e che, soprattutto, riescono ad interagire fra di loro in maniera positiva. Il concetto cerca di dare forma a molte realt\u00e0 presenti anche in Italia, anche fra le imprese, specialmente fra quelle collocate [&hellip;]","og_url":"https:\/\/127.0.0.1\/it\/cultura-dimpresa\/buona-comunita-e-buona-pratica\/","og_site_name":"Fondazione Pirelli","article_published_time":"2013-01-28T00:00:00+00:00","article_modified_time":"2019-05-24T08:27:45+00:00","author":"fondadmin","twitter_card":"summary_large_image","twitter_misc":{"Scritto da":"fondadmin","Tempo di lettura stimato":"2 minuti"},"schema":{"@context":"https:\/\/schema.org","@graph":[{"@type":"WebPage","@id":"https:\/\/127.0.0.1\/it\/cultura-dimpresa\/buona-comunita-e-buona-pratica\/","url":"https:\/\/127.0.0.1\/it\/cultura-dimpresa\/buona-comunita-e-buona-pratica\/","name":"\u201cBuona comunit\u00e0\u201d e \u201cbuona pratica\u201d - Fondazione Pirelli","isPartOf":{"@id":"https:\/\/www.fondazionepirelli.org\/it\/#website"},"datePublished":"2013-01-28T00:00:00+00:00","dateModified":"2019-05-24T08:27:45+00:00","author":{"@id":"https:\/\/www.fondazionepirelli.org\/it\/#\/schema\/person\/f47d097000832c4a6e54538c791fdf25"},"breadcrumb":{"@id":"https:\/\/127.0.0.1\/it\/cultura-dimpresa\/buona-comunita-e-buona-pratica\/#breadcrumb"},"inLanguage":"it-IT","potentialAction":[{"@type":"ReadAction","target":["https:\/\/127.0.0.1\/it\/cultura-dimpresa\/buona-comunita-e-buona-pratica\/"]}]},{"@type":"BreadcrumbList","@id":"https:\/\/127.0.0.1\/it\/cultura-dimpresa\/buona-comunita-e-buona-pratica\/#breadcrumb","itemListElement":[{"@type":"ListItem","position":1,"name":"Home","item":"https:\/\/www.fondazionepirelli.org\/it\/"},{"@type":"ListItem","position":2,"name":"\u201cBuona comunit\u00e0\u201d e \u201cbuona pratica\u201d"}]},{"@type":"WebSite","@id":"https:\/\/www.fondazionepirelli.org\/it\/#website","url":"https:\/\/www.fondazionepirelli.org\/it\/","name":"Fondazione Pirelli","description":"","potentialAction":[{"@type":"SearchAction","target":{"@type":"EntryPoint","urlTemplate":"https:\/\/www.fondazionepirelli.org\/it\/?s={search_term_string}"},"query-input":{"@type":"PropertyValueSpecification","valueRequired":true,"valueName":"search_term_string"}}],"inLanguage":"it-IT"},{"@type":"Person","@id":"https:\/\/www.fondazionepirelli.org\/it\/#\/schema\/person\/f47d097000832c4a6e54538c791fdf25","name":"fondadmin","image":{"@type":"ImageObject","inLanguage":"it-IT","@id":"https:\/\/www.fondazionepirelli.org\/it\/#\/schema\/person\/image\/","url":"https:\/\/secure.gravatar.com\/avatar\/e69498a9175ca244966e51e53c88712c024fcebe41f9a05f75657f1bb25e489b?s=96&d=mm&r=g","contentUrl":"https:\/\/secure.gravatar.com\/avatar\/e69498a9175ca244966e51e53c88712c024fcebe41f9a05f75657f1bb25e489b?s=96&d=mm&r=g","caption":"fondadmin"},"url":"https:\/\/www.fondazionepirelli.org\/it\/author\/fondadmin\/"}]}},"_links":{"self":[{"href":"https:\/\/www.fondazionepirelli.org\/it\/wp-json\/wp\/v2\/posts\/49497\/"}],"collection":[{"href":"https:\/\/www.fondazionepirelli.org\/it\/wp-json\/wp\/v2\/posts\/"}],"about":[{"href":"https:\/\/www.fondazionepirelli.org\/it\/wp-json\/wp\/v2\/types\/post\/"}],"author":[{"embeddable":true,"href":"https:\/\/www.fondazionepirelli.org\/it\/wp-json\/wp\/v2\/users\/1\/"}],"replies":[{"embeddable":true,"href":"https:\/\/www.fondazionepirelli.org\/it\/wp-json\/wp\/v2\/comments\/?post=49497"}],"version-history":[{"count":1,"href":"https:\/\/www.fondazionepirelli.org\/it\/wp-json\/wp\/v2\/posts\/49497\/revisions\/"}],"predecessor-version":[{"id":55888,"href":"https:\/\/www.fondazionepirelli.org\/it\/wp-json\/wp\/v2\/posts\/49497\/revisions\/55888\/"}],"wp:attachment":[{"href":"https:\/\/www.fondazionepirelli.org\/it\/wp-json\/wp\/v2\/media\/?parent=49497"}],"wp:term":[{"taxonomy":"category","embeddable":true,"href":"https:\/\/www.fondazionepirelli.org\/it\/wp-json\/wp\/v2\/categories\/?post=49497"},{"taxonomy":"post_tag","embeddable":true,"href":"https:\/\/www.fondazionepirelli.org\/it\/wp-json\/wp\/v2\/tags\/?post=49497"}],"curies":[{"name":"wp","href":"https:\/\/api.w.org\/{rel}","templated":true}]}}