{"id":49515,"date":"2013-01-14T00:00:00","date_gmt":"2013-01-14T00:00:00","guid":{"rendered":"http:\/\/www.fondazionepirelli.org\/fondazione-pirelli\/coltivare-la-manifattura-e-coltivare-linnovazione\/"},"modified":"2019-05-24T08:18:17","modified_gmt":"2019-05-24T08:18:17","slug":"coltivare-la-manifattura-e-coltivare-linnovazione","status":"publish","type":"post","link":"https:\/\/www.fondazionepirelli.org\/it\/cultura-dimpresa\/coltivare-la-manifattura-e-coltivare-linnovazione\/","title":{"rendered":"Coltivare la manifattura \u00e8 coltivare l\u2019innovazione"},"content":{"rendered":"<p><strong>La manifattura \u00e8 ancora importante, sempre pi\u00f9 importante.<\/strong> Nell\u2019era dell\u2019informatica e dell\u2019immaterialit\u00e0, della finanza e degli spread, quello dell\u2019industria manifatturiera continua ad essere un comparto che c\u2019\u00e8 e ci deve essere. Il problema \u00e8 avere la capacit\u00e0 di mantenerlo e farlo crescere.<\/p>\n<p>E\u2019 quanto affermano <strong>Gary P. Pisano<\/strong> e <strong>Willy C. Shih<\/strong> (economisti ed entrambi docenti alla Harvard Business School), nel loro <strong>\u201cProducing Prosperity: why America Needs a Manufacturing renaissance\u201d.\u00a0<\/strong><\/p>\n<p>Pisano e Shih, per\u00f2, non fanno solamente un inno al saper fare industriale, alla concretezza della produzione reale contrapposta alla finanza; i due studiosi vanno pi\u00f9 in l\u00e0 spiegando che \u00a0le moderne industrie hanno ancora \u2013 come una volta \u2013 \u201cbeni in comune\u201d, sebbene questi siano immensamente pi\u00f9 complessi rispetto al passato. Si tratta, per esempio, di <strong>knowhow tecnologico<\/strong>, <strong>capacit\u00e0 gestionale<\/strong>, <strong>abilit\u00e0 specialistiche radicate nella forza lavoro<\/strong>, nei concorrenti, nei fornitori, nei clienti, \u00a0nelle societ\u00e0 cooperative, nella ricerca e sviluppo, nelle universit\u00e0. Tutto questo fluisce fra le imprese, le collega, crea una rete territoriale manifatturiera che diventa indispensabile per la crescita e per l\u2019innovazione. Una situazione che prende le mosse dal locale per diventare globale e per ridiventare ancora locale. Tutto in un circolo virtuoso che, secondo i due ricercatori, non pu\u00f2 e non deve essere mortificato ma, anzi, deve essere sostenuto e alimentato con capacit\u00e0 manageriali e lungimiranza politica.<\/p>\n<p>Per raccontare meglio tutto ci\u00f2, Pisano e Shih adottano, fra gli altri, un esempio: quando negli anni \u201980 la produzione dei semiconduttori si \u00e8 spostata in Asia, ha portato con s\u00e9 una moltitudine di capacit\u00e0, processi di produzione di materiale elettronico, capacit\u00e0 di assemblaggio e test sofisticati, che hanno creato \u201cbeni comuni industriali\u201d a loro volta necessari per produrre un\u2019intera gamma di prodotti elettronici avanzati e con alto valore aggiunto. Non si \u00e8 spostata una singola industria, ma una comunit\u00e0 di industrie che hanno cambiato la vita di interi territori. Esattamente come \u2013 \u00e8 un altro esempio dei due autori \u2013 \u00e8 accaduto \u00a0con i pascoli demaniali, un tempo diffusissimi, che hanno sostenuto e alimentato le economie rurali e contadine fino ad epoche relativamente recenti: una volta cancellati questi (equiparati ai \u201cbeni industriali comuni\u201d di oggi), \u00e8 stato spazzato via un intero assetto economico.<\/p>\n<p>Le conclusioni due economisti di Harvard sono quindi tre: quando un Paese perde la capacit\u00e0 \u00a0manifatturiera, esso perde anche l\u2019abilit\u00e0 di innovare, i \u201cbeni comuni industriali\u201d sono quindi una sorta di piattaforma per la crescita e, infine, l\u2019erosione di questi non \u00e8 per nulla naturale e scontata.<\/p><p><strong>Why America Needs a Manufacturing Renaissance<\/strong><\/p>\n<p>Gary P. Pisano \u2013 Willy C. Shih<\/p>\n<p>Harvard Business School \u2013 Working Knowledge<\/p>\n<p>Ottobre 2012<\/p>\n","protected":false},"excerpt":{"rendered":"<p>La manifattura \u00e8 ancora importante, sempre pi\u00f9 importante. Nell\u2019era dell\u2019informatica e dell\u2019immaterialit\u00e0, della finanza e degli spread, quello dell\u2019industria manifatturiera continua ad essere un comparto che c\u2019\u00e8 e ci deve essere. Il problema \u00e8 avere la capacit\u00e0 di mantenerlo e farlo crescere. E\u2019 quanto affermano Gary P. Pisano e Willy C. Shih (economisti ed entrambi [&hellip;]<\/p>\n","protected":false},"author":1,"featured_media":0,"comment_status":"open","ping_status":"open","sticky":false,"template":"","format":"standard","meta":{"footnotes":""},"categories":[54,52],"tags":[],"class_list":["post-49515","post","type-post","status-publish","format-standard","hentry","category-approfondimenti","category-cultura-dimpresa"],"acf":[],"yoast_head":"<!-- This site is optimized with the Yoast SEO plugin v25.0 - https:\/\/yoast.com\/wordpress\/plugins\/seo\/ -->\n<title>Coltivare la manifattura \u00e8 coltivare l\u2019innovazione - Fondazione Pirelli<\/title>\n<meta name=\"robots\" content=\"index, follow, max-snippet:-1, max-image-preview:large, max-video-preview:-1\" \/>\n<link rel=\"canonical\" href=\"https:\/\/www.fondazionepirelli.org\/it\/cultura-dimpresa\/coltivare-la-manifattura-e-coltivare-linnovazione\/\" \/>\n<meta property=\"og:locale\" content=\"it_IT\" \/>\n<meta property=\"og:type\" content=\"article\" \/>\n<meta property=\"og:title\" content=\"Coltivare la manifattura \u00e8 coltivare l\u2019innovazione - Fondazione Pirelli\" \/>\n<meta property=\"og:description\" content=\"La manifattura \u00e8 ancora importante, sempre pi\u00f9 importante. Nell\u2019era dell\u2019informatica e dell\u2019immaterialit\u00e0, della finanza e degli spread, quello dell\u2019industria manifatturiera continua ad essere un comparto che c\u2019\u00e8 e ci deve essere. Il problema \u00e8 avere la capacit\u00e0 di mantenerlo e farlo crescere. E\u2019 quanto affermano Gary P. Pisano e Willy C. Shih (economisti ed entrambi [&hellip;]\" \/>\n<meta property=\"og:url\" content=\"https:\/\/127.0.0.1\/it\/cultura-dimpresa\/coltivare-la-manifattura-e-coltivare-linnovazione\/\" \/>\n<meta property=\"og:site_name\" content=\"Fondazione Pirelli\" \/>\n<meta property=\"article:published_time\" content=\"2013-01-14T00:00:00+00:00\" \/>\n<meta property=\"article:modified_time\" content=\"2019-05-24T08:18:17+00:00\" \/>\n<meta name=\"author\" content=\"fondadmin\" \/>\n<meta name=\"twitter:card\" content=\"summary_large_image\" \/>\n<meta name=\"twitter:label1\" content=\"Scritto da\" \/>\n\t<meta name=\"twitter:data1\" content=\"fondadmin\" \/>\n\t<meta name=\"twitter:label2\" content=\"Tempo di lettura stimato\" \/>\n\t<meta name=\"twitter:data2\" content=\"2 minuti\" \/>\n<script type=\"application\/ld+json\" class=\"yoast-schema-graph\">{\"@context\":\"https:\/\/schema.org\",\"@graph\":[{\"@type\":\"WebPage\",\"@id\":\"https:\/\/127.0.0.1\/it\/cultura-dimpresa\/coltivare-la-manifattura-e-coltivare-linnovazione\/\",\"url\":\"https:\/\/127.0.0.1\/it\/cultura-dimpresa\/coltivare-la-manifattura-e-coltivare-linnovazione\/\",\"name\":\"Coltivare la manifattura \u00e8 coltivare l\u2019innovazione - Fondazione Pirelli\",\"isPartOf\":{\"@id\":\"https:\/\/www.fondazionepirelli.org\/it\/#website\"},\"datePublished\":\"2013-01-14T00:00:00+00:00\",\"dateModified\":\"2019-05-24T08:18:17+00:00\",\"author\":{\"@id\":\"https:\/\/www.fondazionepirelli.org\/it\/#\/schema\/person\/f47d097000832c4a6e54538c791fdf25\"},\"breadcrumb\":{\"@id\":\"https:\/\/127.0.0.1\/it\/cultura-dimpresa\/coltivare-la-manifattura-e-coltivare-linnovazione\/#breadcrumb\"},\"inLanguage\":\"it-IT\",\"potentialAction\":[{\"@type\":\"ReadAction\",\"target\":[\"https:\/\/127.0.0.1\/it\/cultura-dimpresa\/coltivare-la-manifattura-e-coltivare-linnovazione\/\"]}]},{\"@type\":\"BreadcrumbList\",\"@id\":\"https:\/\/127.0.0.1\/it\/cultura-dimpresa\/coltivare-la-manifattura-e-coltivare-linnovazione\/#breadcrumb\",\"itemListElement\":[{\"@type\":\"ListItem\",\"position\":1,\"name\":\"Home\",\"item\":\"https:\/\/www.fondazionepirelli.org\/it\/\"},{\"@type\":\"ListItem\",\"position\":2,\"name\":\"Coltivare la manifattura \u00e8 coltivare l\u2019innovazione\"}]},{\"@type\":\"WebSite\",\"@id\":\"https:\/\/www.fondazionepirelli.org\/it\/#website\",\"url\":\"https:\/\/www.fondazionepirelli.org\/it\/\",\"name\":\"Fondazione Pirelli\",\"description\":\"\",\"potentialAction\":[{\"@type\":\"SearchAction\",\"target\":{\"@type\":\"EntryPoint\",\"urlTemplate\":\"https:\/\/www.fondazionepirelli.org\/it\/?s={search_term_string}\"},\"query-input\":{\"@type\":\"PropertyValueSpecification\",\"valueRequired\":true,\"valueName\":\"search_term_string\"}}],\"inLanguage\":\"it-IT\"},{\"@type\":\"Person\",\"@id\":\"https:\/\/www.fondazionepirelli.org\/it\/#\/schema\/person\/f47d097000832c4a6e54538c791fdf25\",\"name\":\"fondadmin\",\"image\":{\"@type\":\"ImageObject\",\"inLanguage\":\"it-IT\",\"@id\":\"https:\/\/www.fondazionepirelli.org\/it\/#\/schema\/person\/image\/\",\"url\":\"https:\/\/secure.gravatar.com\/avatar\/e69498a9175ca244966e51e53c88712c024fcebe41f9a05f75657f1bb25e489b?s=96&d=mm&r=g\",\"contentUrl\":\"https:\/\/secure.gravatar.com\/avatar\/e69498a9175ca244966e51e53c88712c024fcebe41f9a05f75657f1bb25e489b?s=96&d=mm&r=g\",\"caption\":\"fondadmin\"},\"url\":\"https:\/\/www.fondazionepirelli.org\/it\/author\/fondadmin\/\"}]}<\/script>\n<!-- \/ Yoast SEO plugin. -->","yoast_head_json":{"title":"Coltivare la manifattura \u00e8 coltivare l\u2019innovazione - Fondazione Pirelli","robots":{"index":"index","follow":"follow","max-snippet":"max-snippet:-1","max-image-preview":"max-image-preview:large","max-video-preview":"max-video-preview:-1"},"canonical":"https:\/\/www.fondazionepirelli.org\/it\/cultura-dimpresa\/coltivare-la-manifattura-e-coltivare-linnovazione\/","og_locale":"it_IT","og_type":"article","og_title":"Coltivare la manifattura \u00e8 coltivare l\u2019innovazione - Fondazione Pirelli","og_description":"La manifattura \u00e8 ancora importante, sempre pi\u00f9 importante. Nell\u2019era dell\u2019informatica e dell\u2019immaterialit\u00e0, della finanza e degli spread, quello dell\u2019industria manifatturiera continua ad essere un comparto che c\u2019\u00e8 e ci deve essere. Il problema \u00e8 avere la capacit\u00e0 di mantenerlo e farlo crescere. E\u2019 quanto affermano Gary P. Pisano e Willy C. Shih (economisti ed entrambi [&hellip;]","og_url":"https:\/\/127.0.0.1\/it\/cultura-dimpresa\/coltivare-la-manifattura-e-coltivare-linnovazione\/","og_site_name":"Fondazione Pirelli","article_published_time":"2013-01-14T00:00:00+00:00","article_modified_time":"2019-05-24T08:18:17+00:00","author":"fondadmin","twitter_card":"summary_large_image","twitter_misc":{"Scritto da":"fondadmin","Tempo di lettura stimato":"2 minuti"},"schema":{"@context":"https:\/\/schema.org","@graph":[{"@type":"WebPage","@id":"https:\/\/127.0.0.1\/it\/cultura-dimpresa\/coltivare-la-manifattura-e-coltivare-linnovazione\/","url":"https:\/\/127.0.0.1\/it\/cultura-dimpresa\/coltivare-la-manifattura-e-coltivare-linnovazione\/","name":"Coltivare la manifattura \u00e8 coltivare l\u2019innovazione - Fondazione Pirelli","isPartOf":{"@id":"https:\/\/www.fondazionepirelli.org\/it\/#website"},"datePublished":"2013-01-14T00:00:00+00:00","dateModified":"2019-05-24T08:18:17+00:00","author":{"@id":"https:\/\/www.fondazionepirelli.org\/it\/#\/schema\/person\/f47d097000832c4a6e54538c791fdf25"},"breadcrumb":{"@id":"https:\/\/127.0.0.1\/it\/cultura-dimpresa\/coltivare-la-manifattura-e-coltivare-linnovazione\/#breadcrumb"},"inLanguage":"it-IT","potentialAction":[{"@type":"ReadAction","target":["https:\/\/127.0.0.1\/it\/cultura-dimpresa\/coltivare-la-manifattura-e-coltivare-linnovazione\/"]}]},{"@type":"BreadcrumbList","@id":"https:\/\/127.0.0.1\/it\/cultura-dimpresa\/coltivare-la-manifattura-e-coltivare-linnovazione\/#breadcrumb","itemListElement":[{"@type":"ListItem","position":1,"name":"Home","item":"https:\/\/www.fondazionepirelli.org\/it\/"},{"@type":"ListItem","position":2,"name":"Coltivare la manifattura \u00e8 coltivare l\u2019innovazione"}]},{"@type":"WebSite","@id":"https:\/\/www.fondazionepirelli.org\/it\/#website","url":"https:\/\/www.fondazionepirelli.org\/it\/","name":"Fondazione Pirelli","description":"","potentialAction":[{"@type":"SearchAction","target":{"@type":"EntryPoint","urlTemplate":"https:\/\/www.fondazionepirelli.org\/it\/?s={search_term_string}"},"query-input":{"@type":"PropertyValueSpecification","valueRequired":true,"valueName":"search_term_string"}}],"inLanguage":"it-IT"},{"@type":"Person","@id":"https:\/\/www.fondazionepirelli.org\/it\/#\/schema\/person\/f47d097000832c4a6e54538c791fdf25","name":"fondadmin","image":{"@type":"ImageObject","inLanguage":"it-IT","@id":"https:\/\/www.fondazionepirelli.org\/it\/#\/schema\/person\/image\/","url":"https:\/\/secure.gravatar.com\/avatar\/e69498a9175ca244966e51e53c88712c024fcebe41f9a05f75657f1bb25e489b?s=96&d=mm&r=g","contentUrl":"https:\/\/secure.gravatar.com\/avatar\/e69498a9175ca244966e51e53c88712c024fcebe41f9a05f75657f1bb25e489b?s=96&d=mm&r=g","caption":"fondadmin"},"url":"https:\/\/www.fondazionepirelli.org\/it\/author\/fondadmin\/"}]}},"_links":{"self":[{"href":"https:\/\/www.fondazionepirelli.org\/it\/wp-json\/wp\/v2\/posts\/49515\/"}],"collection":[{"href":"https:\/\/www.fondazionepirelli.org\/it\/wp-json\/wp\/v2\/posts\/"}],"about":[{"href":"https:\/\/www.fondazionepirelli.org\/it\/wp-json\/wp\/v2\/types\/post\/"}],"author":[{"embeddable":true,"href":"https:\/\/www.fondazionepirelli.org\/it\/wp-json\/wp\/v2\/users\/1\/"}],"replies":[{"embeddable":true,"href":"https:\/\/www.fondazionepirelli.org\/it\/wp-json\/wp\/v2\/comments\/?post=49515"}],"version-history":[{"count":1,"href":"https:\/\/www.fondazionepirelli.org\/it\/wp-json\/wp\/v2\/posts\/49515\/revisions\/"}],"predecessor-version":[{"id":55883,"href":"https:\/\/www.fondazionepirelli.org\/it\/wp-json\/wp\/v2\/posts\/49515\/revisions\/55883\/"}],"wp:attachment":[{"href":"https:\/\/www.fondazionepirelli.org\/it\/wp-json\/wp\/v2\/media\/?parent=49515"}],"wp:term":[{"taxonomy":"category","embeddable":true,"href":"https:\/\/www.fondazionepirelli.org\/it\/wp-json\/wp\/v2\/categories\/?post=49515"},{"taxonomy":"post_tag","embeddable":true,"href":"https:\/\/www.fondazionepirelli.org\/it\/wp-json\/wp\/v2\/tags\/?post=49515"}],"curies":[{"name":"wp","href":"https:\/\/api.w.org\/{rel}","templated":true}]}}