{"id":49516,"date":"2013-01-14T00:00:00","date_gmt":"2013-01-14T00:00:00","guid":{"rendered":"http:\/\/www.fondazionepirelli.org\/fondazione-pirelli\/leconomia-a-misura-di-persona-ma-come\/"},"modified":"2019-05-27T14:58:07","modified_gmt":"2019-05-27T14:58:07","slug":"leconomia-a-misura-di-persona-ma-come","status":"publish","type":"post","link":"https:\/\/www.fondazionepirelli.org\/it\/cultura-dimpresa\/leconomia-a-misura-di-persona-ma-come\/","title":{"rendered":"L\u2019economia a misura di persona. Ma come?"},"content":{"rendered":"<p>Un viaggio verso la cosiddetta <strong>economia della comunione<\/strong>, pi\u00f9 vicina alla persona, pi\u00f9 attenta all\u2019altro senza tralasciare il profitto. Un viaggio breve nel numero di pagine impiegate per percorrerlo (nemmeno cento), ma lungo tutta la storia dell\u2019economia, del fare impresa, del vivere in societ\u00e0 e costellato da alcuni dei nomi che, a vario titolo, hanno fatto e fanno parlare di s\u00e9 l\u2019Occidente: Platone, Aristotele, Keynes, Darwin, Benedetto XVI, Adam Smith. Quello che <strong>Stefano Zamagni<\/strong> (economista cattolico impegnato da anni nel ricondurre l\u2019economia e il management ad una visione pi\u00f9 vicina all\u2019uomo), compie in <strong>\u201cPer un\u2019economia a misura di persona\u201d<\/strong> \u00e8 un cammino non sempre facile ma affascinante verso un traguardo che risponde ad una domanda: \u201cE\u2019 possibile fare in modo che il mercato diventi civile e quindi un ambito civilizzante l\u2019intera societ\u00e0?\u201d. Che detto in altre parole significa: ha senso cercare di realizzare un\u2019economia che riesca ad \u201cattribuire valore a entrambe le dimensioni dell\u2019umano, sia quella \u00a0espressiva sia quella acquisitiva, e non solamente acquisitiva come oggi accade?\u201d. \u00a0Zamagni esplora un campo delicato e complicato dell\u2019economia, del fare impresa, del vivere sociale, un territorio che tenta di mettere insieme concetti come quelli di \u201ccomunione\u201d, \u201creciprocit\u00e0\u201d, \u201cfraternit\u00e0\u201d , \u201cuguaglianza\u201d e \u201clibert\u00e0\u201d con quelli di \u201cmercato\u201d e \u201cprofitto\u201d. E lo fa usando un vasto apparato di letteratura economica, filosofica e morale; e facendo esempi come quello di Chiara Lubich e il Movimento dei Focolarini, ma anche ricordando le storie epiche di Ulisse (che vince le sirene legandosi al palo della propria nave e quindi privandosi temporaneamente della libert\u00e0), e di Giasone (che invece riesce a vincerle senza privarsi della libert\u00e0 ma unendo razionalit\u00e0 a ragionevolezza).<\/p>\n<p>Tutto per dimostrare come \u00a0arrivare, come dice il titolo del volumetto, a quell\u2019economia a misura di persona (fatta di libert\u00e0, uguaglianza e fraternit\u00e0), che, secondo l\u2019autore, sarebbe l\u2019unica in grado di rilanciare la societ\u00e0 attuale alle prese con una crisi che non \u00e8 come quella del \u201929 ma pi\u00f9 complicata, profonda e strutturale.<\/p><p><strong>Per un\u2019economia a misura di persona<\/strong><\/p>\n<p>Stefano Zamagni<\/p>\n<p>Citt\u00e0 Nuova \u2013 Le Cattedre di Sophia, 2012<\/p>\n","protected":false},"excerpt":{"rendered":"<p>Un viaggio verso la cosiddetta economia della comunione, pi\u00f9 vicina alla persona, pi\u00f9 attenta all\u2019altro senza tralasciare il profitto. Un viaggio breve nel numero di pagine impiegate per percorrerlo (nemmeno cento), ma lungo tutta la storia dell\u2019economia, del fare impresa, del vivere in societ\u00e0 e costellato da alcuni dei nomi che, a vario titolo, hanno [&hellip;]<\/p>\n","protected":false},"author":1,"featured_media":49517,"comment_status":"open","ping_status":"open","sticky":false,"template":"","format":"standard","meta":{"footnotes":""},"categories":[52,58],"tags":[],"class_list":["post-49516","post","type-post","status-publish","format-standard","has-post-thumbnail","hentry","category-cultura-dimpresa","category-recensioni-libri"],"acf":[],"yoast_head":"<!-- This site is optimized with the Yoast SEO plugin v25.0 - https:\/\/yoast.com\/wordpress\/plugins\/seo\/ -->\n<title>L\u2019economia a misura di persona. Ma come? - Fondazione Pirelli<\/title>\n<meta name=\"robots\" content=\"index, follow, max-snippet:-1, max-image-preview:large, max-video-preview:-1\" \/>\n<link rel=\"canonical\" href=\"https:\/\/www.fondazionepirelli.org\/it\/cultura-dimpresa\/leconomia-a-misura-di-persona-ma-come\/\" \/>\n<meta property=\"og:locale\" content=\"it_IT\" \/>\n<meta property=\"og:type\" content=\"article\" \/>\n<meta property=\"og:title\" content=\"L\u2019economia a misura di persona. Ma come? - Fondazione Pirelli\" \/>\n<meta property=\"og:description\" content=\"Un viaggio verso la cosiddetta economia della comunione, pi\u00f9 vicina alla persona, pi\u00f9 attenta all\u2019altro senza tralasciare il profitto. Un viaggio breve nel numero di pagine impiegate per percorrerlo (nemmeno cento), ma lungo tutta la storia dell\u2019economia, del fare impresa, del vivere in societ\u00e0 e costellato da alcuni dei nomi che, a vario titolo, hanno [&hellip;]\" \/>\n<meta property=\"og:url\" content=\"https:\/\/127.0.0.1\/it\/cultura-dimpresa\/leconomia-a-misura-di-persona-ma-come\/\" \/>\n<meta property=\"og:site_name\" content=\"Fondazione Pirelli\" \/>\n<meta property=\"article:published_time\" content=\"2013-01-14T00:00:00+00:00\" \/>\n<meta property=\"article:modified_time\" content=\"2019-05-27T14:58:07+00:00\" \/>\n<meta property=\"og:image\" content=\"https:\/\/wpsite-assets.fondazionepirelli.org\/wp-content\/uploads\/2019\/05\/20102040\/13578935271646352074.jpg\" \/>\n\t<meta property=\"og:image:width\" content=\"200\" \/>\n\t<meta property=\"og:image:height\" content=\"322\" \/>\n\t<meta property=\"og:image:type\" content=\"image\/jpeg\" \/>\n<meta name=\"author\" content=\"fondadmin\" \/>\n<meta name=\"twitter:card\" content=\"summary_large_image\" \/>\n<meta name=\"twitter:label1\" content=\"Scritto da\" \/>\n\t<meta name=\"twitter:data1\" content=\"fondadmin\" \/>\n\t<meta name=\"twitter:label2\" content=\"Tempo di lettura stimato\" \/>\n\t<meta name=\"twitter:data2\" content=\"2 minuti\" \/>\n<script type=\"application\/ld+json\" class=\"yoast-schema-graph\">{\"@context\":\"https:\/\/schema.org\",\"@graph\":[{\"@type\":\"WebPage\",\"@id\":\"https:\/\/127.0.0.1\/it\/cultura-dimpresa\/leconomia-a-misura-di-persona-ma-come\/\",\"url\":\"https:\/\/127.0.0.1\/it\/cultura-dimpresa\/leconomia-a-misura-di-persona-ma-come\/\",\"name\":\"L\u2019economia a misura di persona. Ma come? - Fondazione Pirelli\",\"isPartOf\":{\"@id\":\"https:\/\/www.fondazionepirelli.org\/it\/#website\"},\"primaryImageOfPage\":{\"@id\":\"https:\/\/127.0.0.1\/it\/cultura-dimpresa\/leconomia-a-misura-di-persona-ma-come\/#primaryimage\"},\"image\":{\"@id\":\"https:\/\/127.0.0.1\/it\/cultura-dimpresa\/leconomia-a-misura-di-persona-ma-come\/#primaryimage\"},\"thumbnailUrl\":\"https:\/\/wpsite-assets.fondazionepirelli.org\/wp-content\/uploads\/2019\/05\/20102040\/13578935271646352074.jpg\",\"datePublished\":\"2013-01-14T00:00:00+00:00\",\"dateModified\":\"2019-05-27T14:58:07+00:00\",\"author\":{\"@id\":\"https:\/\/www.fondazionepirelli.org\/it\/#\/schema\/person\/f47d097000832c4a6e54538c791fdf25\"},\"breadcrumb\":{\"@id\":\"https:\/\/127.0.0.1\/it\/cultura-dimpresa\/leconomia-a-misura-di-persona-ma-come\/#breadcrumb\"},\"inLanguage\":\"it-IT\",\"potentialAction\":[{\"@type\":\"ReadAction\",\"target\":[\"https:\/\/127.0.0.1\/it\/cultura-dimpresa\/leconomia-a-misura-di-persona-ma-come\/\"]}]},{\"@type\":\"ImageObject\",\"inLanguage\":\"it-IT\",\"@id\":\"https:\/\/127.0.0.1\/it\/cultura-dimpresa\/leconomia-a-misura-di-persona-ma-come\/#primaryimage\",\"url\":\"https:\/\/wpsite-assets.fondazionepirelli.org\/wp-content\/uploads\/2019\/05\/20102040\/13578935271646352074.jpg\",\"contentUrl\":\"https:\/\/wpsite-assets.fondazionepirelli.org\/wp-content\/uploads\/2019\/05\/20102040\/13578935271646352074.jpg\",\"width\":200,\"height\":322},{\"@type\":\"BreadcrumbList\",\"@id\":\"https:\/\/127.0.0.1\/it\/cultura-dimpresa\/leconomia-a-misura-di-persona-ma-come\/#breadcrumb\",\"itemListElement\":[{\"@type\":\"ListItem\",\"position\":1,\"name\":\"Home\",\"item\":\"https:\/\/www.fondazionepirelli.org\/it\/\"},{\"@type\":\"ListItem\",\"position\":2,\"name\":\"L\u2019economia a misura di persona. Ma come?\"}]},{\"@type\":\"WebSite\",\"@id\":\"https:\/\/www.fondazionepirelli.org\/it\/#website\",\"url\":\"https:\/\/www.fondazionepirelli.org\/it\/\",\"name\":\"Fondazione Pirelli\",\"description\":\"\",\"potentialAction\":[{\"@type\":\"SearchAction\",\"target\":{\"@type\":\"EntryPoint\",\"urlTemplate\":\"https:\/\/www.fondazionepirelli.org\/it\/?s={search_term_string}\"},\"query-input\":{\"@type\":\"PropertyValueSpecification\",\"valueRequired\":true,\"valueName\":\"search_term_string\"}}],\"inLanguage\":\"it-IT\"},{\"@type\":\"Person\",\"@id\":\"https:\/\/www.fondazionepirelli.org\/it\/#\/schema\/person\/f47d097000832c4a6e54538c791fdf25\",\"name\":\"fondadmin\",\"image\":{\"@type\":\"ImageObject\",\"inLanguage\":\"it-IT\",\"@id\":\"https:\/\/www.fondazionepirelli.org\/it\/#\/schema\/person\/image\/\",\"url\":\"https:\/\/secure.gravatar.com\/avatar\/e69498a9175ca244966e51e53c88712c024fcebe41f9a05f75657f1bb25e489b?s=96&d=mm&r=g\",\"contentUrl\":\"https:\/\/secure.gravatar.com\/avatar\/e69498a9175ca244966e51e53c88712c024fcebe41f9a05f75657f1bb25e489b?s=96&d=mm&r=g\",\"caption\":\"fondadmin\"},\"url\":\"https:\/\/www.fondazionepirelli.org\/it\/author\/fondadmin\/\"}]}<\/script>\n<!-- \/ Yoast SEO plugin. -->","yoast_head_json":{"title":"L\u2019economia a misura di persona. Ma come? - Fondazione Pirelli","robots":{"index":"index","follow":"follow","max-snippet":"max-snippet:-1","max-image-preview":"max-image-preview:large","max-video-preview":"max-video-preview:-1"},"canonical":"https:\/\/www.fondazionepirelli.org\/it\/cultura-dimpresa\/leconomia-a-misura-di-persona-ma-come\/","og_locale":"it_IT","og_type":"article","og_title":"L\u2019economia a misura di persona. Ma come? - Fondazione Pirelli","og_description":"Un viaggio verso la cosiddetta economia della comunione, pi\u00f9 vicina alla persona, pi\u00f9 attenta all\u2019altro senza tralasciare il profitto. Un viaggio breve nel numero di pagine impiegate per percorrerlo (nemmeno cento), ma lungo tutta la storia dell\u2019economia, del fare impresa, del vivere in societ\u00e0 e costellato da alcuni dei nomi che, a vario titolo, hanno [&hellip;]","og_url":"https:\/\/127.0.0.1\/it\/cultura-dimpresa\/leconomia-a-misura-di-persona-ma-come\/","og_site_name":"Fondazione Pirelli","article_published_time":"2013-01-14T00:00:00+00:00","article_modified_time":"2019-05-27T14:58:07+00:00","og_image":[{"width":200,"height":322,"url":"https:\/\/wpsite-assets.fondazionepirelli.org\/wp-content\/uploads\/2019\/05\/20102040\/13578935271646352074.jpg","type":"image\/jpeg"}],"author":"fondadmin","twitter_card":"summary_large_image","twitter_misc":{"Scritto da":"fondadmin","Tempo di lettura stimato":"2 minuti"},"schema":{"@context":"https:\/\/schema.org","@graph":[{"@type":"WebPage","@id":"https:\/\/127.0.0.1\/it\/cultura-dimpresa\/leconomia-a-misura-di-persona-ma-come\/","url":"https:\/\/127.0.0.1\/it\/cultura-dimpresa\/leconomia-a-misura-di-persona-ma-come\/","name":"L\u2019economia a misura di persona. Ma come? - Fondazione Pirelli","isPartOf":{"@id":"https:\/\/www.fondazionepirelli.org\/it\/#website"},"primaryImageOfPage":{"@id":"https:\/\/127.0.0.1\/it\/cultura-dimpresa\/leconomia-a-misura-di-persona-ma-come\/#primaryimage"},"image":{"@id":"https:\/\/127.0.0.1\/it\/cultura-dimpresa\/leconomia-a-misura-di-persona-ma-come\/#primaryimage"},"thumbnailUrl":"https:\/\/wpsite-assets.fondazionepirelli.org\/wp-content\/uploads\/2019\/05\/20102040\/13578935271646352074.jpg","datePublished":"2013-01-14T00:00:00+00:00","dateModified":"2019-05-27T14:58:07+00:00","author":{"@id":"https:\/\/www.fondazionepirelli.org\/it\/#\/schema\/person\/f47d097000832c4a6e54538c791fdf25"},"breadcrumb":{"@id":"https:\/\/127.0.0.1\/it\/cultura-dimpresa\/leconomia-a-misura-di-persona-ma-come\/#breadcrumb"},"inLanguage":"it-IT","potentialAction":[{"@type":"ReadAction","target":["https:\/\/127.0.0.1\/it\/cultura-dimpresa\/leconomia-a-misura-di-persona-ma-come\/"]}]},{"@type":"ImageObject","inLanguage":"it-IT","@id":"https:\/\/127.0.0.1\/it\/cultura-dimpresa\/leconomia-a-misura-di-persona-ma-come\/#primaryimage","url":"https:\/\/wpsite-assets.fondazionepirelli.org\/wp-content\/uploads\/2019\/05\/20102040\/13578935271646352074.jpg","contentUrl":"https:\/\/wpsite-assets.fondazionepirelli.org\/wp-content\/uploads\/2019\/05\/20102040\/13578935271646352074.jpg","width":200,"height":322},{"@type":"BreadcrumbList","@id":"https:\/\/127.0.0.1\/it\/cultura-dimpresa\/leconomia-a-misura-di-persona-ma-come\/#breadcrumb","itemListElement":[{"@type":"ListItem","position":1,"name":"Home","item":"https:\/\/www.fondazionepirelli.org\/it\/"},{"@type":"ListItem","position":2,"name":"L\u2019economia a misura di persona. Ma come?"}]},{"@type":"WebSite","@id":"https:\/\/www.fondazionepirelli.org\/it\/#website","url":"https:\/\/www.fondazionepirelli.org\/it\/","name":"Fondazione Pirelli","description":"","potentialAction":[{"@type":"SearchAction","target":{"@type":"EntryPoint","urlTemplate":"https:\/\/www.fondazionepirelli.org\/it\/?s={search_term_string}"},"query-input":{"@type":"PropertyValueSpecification","valueRequired":true,"valueName":"search_term_string"}}],"inLanguage":"it-IT"},{"@type":"Person","@id":"https:\/\/www.fondazionepirelli.org\/it\/#\/schema\/person\/f47d097000832c4a6e54538c791fdf25","name":"fondadmin","image":{"@type":"ImageObject","inLanguage":"it-IT","@id":"https:\/\/www.fondazionepirelli.org\/it\/#\/schema\/person\/image\/","url":"https:\/\/secure.gravatar.com\/avatar\/e69498a9175ca244966e51e53c88712c024fcebe41f9a05f75657f1bb25e489b?s=96&d=mm&r=g","contentUrl":"https:\/\/secure.gravatar.com\/avatar\/e69498a9175ca244966e51e53c88712c024fcebe41f9a05f75657f1bb25e489b?s=96&d=mm&r=g","caption":"fondadmin"},"url":"https:\/\/www.fondazionepirelli.org\/it\/author\/fondadmin\/"}]}},"_links":{"self":[{"href":"https:\/\/www.fondazionepirelli.org\/it\/wp-json\/wp\/v2\/posts\/49516\/"}],"collection":[{"href":"https:\/\/www.fondazionepirelli.org\/it\/wp-json\/wp\/v2\/posts\/"}],"about":[{"href":"https:\/\/www.fondazionepirelli.org\/it\/wp-json\/wp\/v2\/types\/post\/"}],"author":[{"embeddable":true,"href":"https:\/\/www.fondazionepirelli.org\/it\/wp-json\/wp\/v2\/users\/1\/"}],"replies":[{"embeddable":true,"href":"https:\/\/www.fondazionepirelli.org\/it\/wp-json\/wp\/v2\/comments\/?post=49516"}],"version-history":[{"count":1,"href":"https:\/\/www.fondazionepirelli.org\/it\/wp-json\/wp\/v2\/posts\/49516\/revisions\/"}],"predecessor-version":[{"id":56270,"href":"https:\/\/www.fondazionepirelli.org\/it\/wp-json\/wp\/v2\/posts\/49516\/revisions\/56270\/"}],"wp:featuredmedia":[{"embeddable":true,"href":"https:\/\/www.fondazionepirelli.org\/it\/wp-json\/wp\/v2\/media\/49517\/"}],"wp:attachment":[{"href":"https:\/\/www.fondazionepirelli.org\/it\/wp-json\/wp\/v2\/media\/?parent=49516"}],"wp:term":[{"taxonomy":"category","embeddable":true,"href":"https:\/\/www.fondazionepirelli.org\/it\/wp-json\/wp\/v2\/categories\/?post=49516"},{"taxonomy":"post_tag","embeddable":true,"href":"https:\/\/www.fondazionepirelli.org\/it\/wp-json\/wp\/v2\/tags\/?post=49516"}],"curies":[{"name":"wp","href":"https:\/\/api.w.org\/{rel}","templated":true}]}}