{"id":49930,"date":"2014-12-22T00:00:00","date_gmt":"2014-12-22T00:00:00","guid":{"rendered":"http:\/\/www.fondazionepirelli.org\/fondazione-pirelli\/milano-e-la-sua-cultura-dimpresa-come-definirne-e-raccontarne-lidentita\/"},"modified":"2019-05-21T16:31:28","modified_gmt":"2019-05-21T16:31:28","slug":"milano-e-la-sua-cultura-dimpresa-come-definirne-e-raccontarne-lidentita","status":"publish","type":"post","link":"https:\/\/www.fondazionepirelli.org\/it\/cultura-dimpresa\/milano-e-la-sua-cultura-dimpresa-come-definirne-e-raccontarne-lidentita\/","title":{"rendered":"Milano e la sua cultura d\u2019impresa, come definirne e raccontarne l\u2019identit\u00e0?"},"content":{"rendered":"<p>Quale cultura d\u2019impresa serve, per <strong>Milano<\/strong>? E quali simboli valorizzare, per parlare della citt\u00e0? \u201cEssere stati \u00e8 una condizione per essere\u201d, ha insegnato Fernand Braudel, storico tra i maggiori del Novecento. <strong>Memoria<\/strong> e <strong>futuro<\/strong>, dunque, radici e innovazione. \u201cSolo chi ha un villaggio nella memoria pu\u00f2 avere un\u2019esperienza cosmopolita\u201d, ha scritto Ernesto De Martino, grande etnologo. Le radici, ancora. E lo sguardo aperto verso il mondo. Giocando a sfogliare pagine di buoni libri, ecco un paio di suggerimenti utili per chi, proprio in epoche di grandi trasformazioni, di globalizzazione, di radicali cambiamenti delle categorie di tempo e spazio, si pone la domanda dell\u2019identit\u00e0.<\/p>\n<p>Di cosa parliamo, dunque, quando parliamo di Milano? Alla Carver<strong>,<\/strong> la questione sta al centro del dibattito sollevato da un bel libro, \u201c<strong>Citytelling \u2013 Raccontare identit\u00e0 urbane. Il caso Milano<\/strong>\u201d. L\u2019ha scritto <strong>Stefano Rolando<\/strong>, milanese con lunga esperienza romana, uomo di sofisticata cultura dell\u2019amministrazione pubblica e della comunicazione istituzionale. L\u2019ha pubblicato Egea, la casa editrice dell\u2019universit\u00e0 Bocconi. E se ne \u00e8 discusso a lungo a met\u00e0 della scorsa settimana, alla Triennale. Aria molto milanese, dunque. E ambizioni generali, nella consapevolezza diffusa che parlare di Milano non significhi affatto coltivare l\u2019amarcord del borgo (della citt\u00e0 chiusa, cio\u00e8, nella cerchia delle \u201cmura spagnole\u201d) ma trovare chiavi di lettura e, naturalmente, d\u2019azione, con l\u2019occhio attento alla metropoli, al territorio ampio che tocca Torino e Genova, Brescia e Verona, e gi\u00f9 sino a Bologna e che soprattutto guarda a tutto il sistema Paese. \u201cFar volare Milano per far volare l\u2019Italia\u201d, sostiene appunto Assolombarda come slogan di sintesi dei suoi 50 progetti di sviluppo.<\/p>\n<p>Che cultura? Quella del \u201c<strong>fare, e fare bene<\/strong>\u201d, sapienza d\u2019una manifattura \u201cmedium tech\u201d forte d\u2019una innovazione adattativa che modifica e rende pi\u00f9 competitivi processi produttivi e prodotti. Quella della ricerca, con punte d\u2019eccellenza nelle \u201clife sciences\u201d. Quella della formazione, tipica d\u2019una citt\u00e0 universitaria con 180mila studenti, 13mila dei quali stranieri, attratti non solo dalla \u201cqualit\u00e0 della vita\u201d ma anche dall\u2019eccellenza dei processi culturali della metropoli pi\u00f9 internazionale d\u2019Italia. Milano, insomma, come <strong>citt\u00e0 d\u2019impresa<\/strong> che costruisce un ruolo e un\u2019identit\u00e0 come \u201c<strong>hub della conoscenza<\/strong>\u201d, il vero vantaggio competitivo. Tratti, questi, che non esauriscono, naturalmente, n\u00e9 l\u2019identit\u00e0 n\u00e9 la \u201cnarrazione\u201d di Milano. Ma ne sono comunque elementi di forte connotazione.<\/p>\n<p>E i simboli? \u00a0Il Duomo, innanzitutto, che segna la forza della centralit\u00e0 della piazza, spazio pubblico aperto, ricettivo, accogliente (come Milano \u00e8 sempre stata, nella sua storia), ma anche l\u2019ambizione dello sguardo verso l\u2019alto, un\u2019altra costante (\u201cla citt\u00e0 che sale\u201d cara ai futuristi, segno non provinciale d\u2019avanguardia, d\u2019innovazione di ricerca e linguaggi). Simbolo sacro, d\u2019una religiosit\u00e0 originale. Ma anche emblema laico d\u2019una comunit\u00e0 impegnata, battagliera. Simbolo, ancora, d\u2019attivismo: la \u201cfabbrica del Duomo\u201d in cui non si smette mai di lavorare.<\/p>\n<p>Regge, il Duomo, come simbolo storico. Regger\u00e0, la sfida del futuro? Il dibattito \u00e8 aperto.<\/p>\n","protected":false},"excerpt":{"rendered":"<p>Quale cultura d\u2019impresa serve, per Milano? E quali simboli valorizzare, per parlare della citt\u00e0? \u201cEssere stati \u00e8 una condizione per essere\u201d, ha insegnato Fernand Braudel, storico tra i maggiori del Novecento. Memoria e futuro, dunque, radici e innovazione. \u201cSolo chi ha un villaggio nella memoria pu\u00f2 avere un\u2019esperienza cosmopolita\u201d, ha scritto Ernesto De Martino, grande [&hellip;]<\/p>\n","protected":false},"author":1,"featured_media":49931,"comment_status":"open","ping_status":"open","sticky":false,"template":"","format":"standard","meta":{"footnotes":""},"categories":[53,52],"tags":[],"class_list":["post-49930","post","type-post","status-publish","format-standard","has-post-thumbnail","hentry","category-blog","category-cultura-dimpresa"],"acf":[],"yoast_head":"<!-- This site is optimized with the Yoast SEO plugin v25.0 - https:\/\/yoast.com\/wordpress\/plugins\/seo\/ -->\n<title>Milano e la sua cultura d\u2019impresa, come definirne e raccontarne l\u2019identit\u00e0? - Fondazione Pirelli<\/title>\n<meta name=\"robots\" content=\"index, follow, max-snippet:-1, max-image-preview:large, max-video-preview:-1\" \/>\n<link rel=\"canonical\" href=\"https:\/\/www.fondazionepirelli.org\/it\/cultura-dimpresa\/milano-e-la-sua-cultura-dimpresa-come-definirne-e-raccontarne-lidentita\/\" \/>\n<meta property=\"og:locale\" content=\"it_IT\" \/>\n<meta property=\"og:type\" content=\"article\" \/>\n<meta property=\"og:title\" content=\"Milano e la sua cultura d\u2019impresa, come definirne e raccontarne l\u2019identit\u00e0? - Fondazione Pirelli\" \/>\n<meta property=\"og:description\" content=\"Quale cultura d\u2019impresa serve, per Milano? E quali simboli valorizzare, per parlare della citt\u00e0? \u201cEssere stati \u00e8 una condizione per essere\u201d, ha insegnato Fernand Braudel, storico tra i maggiori del Novecento. Memoria e futuro, dunque, radici e innovazione. \u201cSolo chi ha un villaggio nella memoria pu\u00f2 avere un\u2019esperienza cosmopolita\u201d, ha scritto Ernesto De Martino, grande [&hellip;]\" \/>\n<meta property=\"og:url\" content=\"https:\/\/www.fondazionepirelli.org\/it\/cultura-dimpresa\/milano-e-la-sua-cultura-dimpresa-come-definirne-e-raccontarne-lidentita\/\" \/>\n<meta property=\"og:site_name\" content=\"Fondazione Pirelli\" \/>\n<meta property=\"article:published_time\" content=\"2014-12-22T00:00:00+00:00\" \/>\n<meta property=\"article:modified_time\" content=\"2019-05-21T16:31:28+00:00\" \/>\n<meta property=\"og:image\" content=\"https:\/\/wpsite-assets.fondazionepirelli.org\/wp-content\/uploads\/2019\/05\/20101902\/14193414601096884742.jpg\" \/>\n\t<meta property=\"og:image:width\" content=\"249\" \/>\n\t<meta property=\"og:image:height\" content=\"375\" \/>\n\t<meta property=\"og:image:type\" content=\"image\/jpeg\" \/>\n<meta name=\"author\" content=\"fondadmin\" \/>\n<meta name=\"twitter:card\" content=\"summary_large_image\" \/>\n<meta name=\"twitter:label1\" content=\"Scritto da\" \/>\n\t<meta name=\"twitter:data1\" content=\"fondadmin\" \/>\n\t<meta name=\"twitter:label2\" content=\"Tempo di lettura stimato\" \/>\n\t<meta name=\"twitter:data2\" content=\"2 minuti\" \/>\n<script type=\"application\/ld+json\" class=\"yoast-schema-graph\">{\"@context\":\"https:\/\/schema.org\",\"@graph\":[{\"@type\":\"WebPage\",\"@id\":\"https:\/\/www.fondazionepirelli.org\/it\/cultura-dimpresa\/milano-e-la-sua-cultura-dimpresa-come-definirne-e-raccontarne-lidentita\/\",\"url\":\"https:\/\/www.fondazionepirelli.org\/it\/cultura-dimpresa\/milano-e-la-sua-cultura-dimpresa-come-definirne-e-raccontarne-lidentita\/\",\"name\":\"Milano e la sua cultura d\u2019impresa, come definirne e raccontarne l\u2019identit\u00e0? - Fondazione Pirelli\",\"isPartOf\":{\"@id\":\"https:\/\/www.fondazionepirelli.org\/it\/#website\"},\"primaryImageOfPage\":{\"@id\":\"https:\/\/www.fondazionepirelli.org\/it\/cultura-dimpresa\/milano-e-la-sua-cultura-dimpresa-come-definirne-e-raccontarne-lidentita\/#primaryimage\"},\"image\":{\"@id\":\"https:\/\/www.fondazionepirelli.org\/it\/cultura-dimpresa\/milano-e-la-sua-cultura-dimpresa-come-definirne-e-raccontarne-lidentita\/#primaryimage\"},\"thumbnailUrl\":\"https:\/\/wpsite-assets.fondazionepirelli.org\/wp-content\/uploads\/2019\/05\/20101902\/14193414601096884742.jpg\",\"datePublished\":\"2014-12-22T00:00:00+00:00\",\"dateModified\":\"2019-05-21T16:31:28+00:00\",\"author\":{\"@id\":\"https:\/\/www.fondazionepirelli.org\/it\/#\/schema\/person\/f47d097000832c4a6e54538c791fdf25\"},\"breadcrumb\":{\"@id\":\"https:\/\/www.fondazionepirelli.org\/it\/cultura-dimpresa\/milano-e-la-sua-cultura-dimpresa-come-definirne-e-raccontarne-lidentita\/#breadcrumb\"},\"inLanguage\":\"it-IT\",\"potentialAction\":[{\"@type\":\"ReadAction\",\"target\":[\"https:\/\/www.fondazionepirelli.org\/it\/cultura-dimpresa\/milano-e-la-sua-cultura-dimpresa-come-definirne-e-raccontarne-lidentita\/\"]}]},{\"@type\":\"ImageObject\",\"inLanguage\":\"it-IT\",\"@id\":\"https:\/\/www.fondazionepirelli.org\/it\/cultura-dimpresa\/milano-e-la-sua-cultura-dimpresa-come-definirne-e-raccontarne-lidentita\/#primaryimage\",\"url\":\"https:\/\/wpsite-assets.fondazionepirelli.org\/wp-content\/uploads\/2019\/05\/20101902\/14193414601096884742.jpg\",\"contentUrl\":\"https:\/\/wpsite-assets.fondazionepirelli.org\/wp-content\/uploads\/2019\/05\/20101902\/14193414601096884742.jpg\",\"width\":249,\"height\":375},{\"@type\":\"BreadcrumbList\",\"@id\":\"https:\/\/www.fondazionepirelli.org\/it\/cultura-dimpresa\/milano-e-la-sua-cultura-dimpresa-come-definirne-e-raccontarne-lidentita\/#breadcrumb\",\"itemListElement\":[{\"@type\":\"ListItem\",\"position\":1,\"name\":\"Home\",\"item\":\"https:\/\/www.fondazionepirelli.org\/it\/\"},{\"@type\":\"ListItem\",\"position\":2,\"name\":\"Milano e la sua cultura d\u2019impresa, come definirne e raccontarne l\u2019identit\u00e0?\"}]},{\"@type\":\"WebSite\",\"@id\":\"https:\/\/www.fondazionepirelli.org\/it\/#website\",\"url\":\"https:\/\/www.fondazionepirelli.org\/it\/\",\"name\":\"Fondazione Pirelli\",\"description\":\"\",\"potentialAction\":[{\"@type\":\"SearchAction\",\"target\":{\"@type\":\"EntryPoint\",\"urlTemplate\":\"https:\/\/www.fondazionepirelli.org\/it\/?s={search_term_string}\"},\"query-input\":{\"@type\":\"PropertyValueSpecification\",\"valueRequired\":true,\"valueName\":\"search_term_string\"}}],\"inLanguage\":\"it-IT\"},{\"@type\":\"Person\",\"@id\":\"https:\/\/www.fondazionepirelli.org\/it\/#\/schema\/person\/f47d097000832c4a6e54538c791fdf25\",\"name\":\"fondadmin\",\"image\":{\"@type\":\"ImageObject\",\"inLanguage\":\"it-IT\",\"@id\":\"https:\/\/www.fondazionepirelli.org\/it\/#\/schema\/person\/image\/\",\"url\":\"https:\/\/secure.gravatar.com\/avatar\/e69498a9175ca244966e51e53c88712c024fcebe41f9a05f75657f1bb25e489b?s=96&d=mm&r=g\",\"contentUrl\":\"https:\/\/secure.gravatar.com\/avatar\/e69498a9175ca244966e51e53c88712c024fcebe41f9a05f75657f1bb25e489b?s=96&d=mm&r=g\",\"caption\":\"fondadmin\"},\"url\":\"https:\/\/www.fondazionepirelli.org\/it\/author\/fondadmin\/\"}]}<\/script>\n<!-- \/ Yoast SEO plugin. -->","yoast_head_json":{"title":"Milano e la sua cultura d\u2019impresa, come definirne e raccontarne l\u2019identit\u00e0? - Fondazione Pirelli","robots":{"index":"index","follow":"follow","max-snippet":"max-snippet:-1","max-image-preview":"max-image-preview:large","max-video-preview":"max-video-preview:-1"},"canonical":"https:\/\/www.fondazionepirelli.org\/it\/cultura-dimpresa\/milano-e-la-sua-cultura-dimpresa-come-definirne-e-raccontarne-lidentita\/","og_locale":"it_IT","og_type":"article","og_title":"Milano e la sua cultura d\u2019impresa, come definirne e raccontarne l\u2019identit\u00e0? - Fondazione Pirelli","og_description":"Quale cultura d\u2019impresa serve, per Milano? E quali simboli valorizzare, per parlare della citt\u00e0? \u201cEssere stati \u00e8 una condizione per essere\u201d, ha insegnato Fernand Braudel, storico tra i maggiori del Novecento. Memoria e futuro, dunque, radici e innovazione. \u201cSolo chi ha un villaggio nella memoria pu\u00f2 avere un\u2019esperienza cosmopolita\u201d, ha scritto Ernesto De Martino, grande [&hellip;]","og_url":"https:\/\/www.fondazionepirelli.org\/it\/cultura-dimpresa\/milano-e-la-sua-cultura-dimpresa-come-definirne-e-raccontarne-lidentita\/","og_site_name":"Fondazione Pirelli","article_published_time":"2014-12-22T00:00:00+00:00","article_modified_time":"2019-05-21T16:31:28+00:00","og_image":[{"width":249,"height":375,"url":"https:\/\/wpsite-assets.fondazionepirelli.org\/wp-content\/uploads\/2019\/05\/20101902\/14193414601096884742.jpg","type":"image\/jpeg"}],"author":"fondadmin","twitter_card":"summary_large_image","twitter_misc":{"Scritto da":"fondadmin","Tempo di lettura stimato":"2 minuti"},"schema":{"@context":"https:\/\/schema.org","@graph":[{"@type":"WebPage","@id":"https:\/\/www.fondazionepirelli.org\/it\/cultura-dimpresa\/milano-e-la-sua-cultura-dimpresa-come-definirne-e-raccontarne-lidentita\/","url":"https:\/\/www.fondazionepirelli.org\/it\/cultura-dimpresa\/milano-e-la-sua-cultura-dimpresa-come-definirne-e-raccontarne-lidentita\/","name":"Milano e la sua cultura d\u2019impresa, come definirne e raccontarne l\u2019identit\u00e0? - Fondazione Pirelli","isPartOf":{"@id":"https:\/\/www.fondazionepirelli.org\/it\/#website"},"primaryImageOfPage":{"@id":"https:\/\/www.fondazionepirelli.org\/it\/cultura-dimpresa\/milano-e-la-sua-cultura-dimpresa-come-definirne-e-raccontarne-lidentita\/#primaryimage"},"image":{"@id":"https:\/\/www.fondazionepirelli.org\/it\/cultura-dimpresa\/milano-e-la-sua-cultura-dimpresa-come-definirne-e-raccontarne-lidentita\/#primaryimage"},"thumbnailUrl":"https:\/\/wpsite-assets.fondazionepirelli.org\/wp-content\/uploads\/2019\/05\/20101902\/14193414601096884742.jpg","datePublished":"2014-12-22T00:00:00+00:00","dateModified":"2019-05-21T16:31:28+00:00","author":{"@id":"https:\/\/www.fondazionepirelli.org\/it\/#\/schema\/person\/f47d097000832c4a6e54538c791fdf25"},"breadcrumb":{"@id":"https:\/\/www.fondazionepirelli.org\/it\/cultura-dimpresa\/milano-e-la-sua-cultura-dimpresa-come-definirne-e-raccontarne-lidentita\/#breadcrumb"},"inLanguage":"it-IT","potentialAction":[{"@type":"ReadAction","target":["https:\/\/www.fondazionepirelli.org\/it\/cultura-dimpresa\/milano-e-la-sua-cultura-dimpresa-come-definirne-e-raccontarne-lidentita\/"]}]},{"@type":"ImageObject","inLanguage":"it-IT","@id":"https:\/\/www.fondazionepirelli.org\/it\/cultura-dimpresa\/milano-e-la-sua-cultura-dimpresa-come-definirne-e-raccontarne-lidentita\/#primaryimage","url":"https:\/\/wpsite-assets.fondazionepirelli.org\/wp-content\/uploads\/2019\/05\/20101902\/14193414601096884742.jpg","contentUrl":"https:\/\/wpsite-assets.fondazionepirelli.org\/wp-content\/uploads\/2019\/05\/20101902\/14193414601096884742.jpg","width":249,"height":375},{"@type":"BreadcrumbList","@id":"https:\/\/www.fondazionepirelli.org\/it\/cultura-dimpresa\/milano-e-la-sua-cultura-dimpresa-come-definirne-e-raccontarne-lidentita\/#breadcrumb","itemListElement":[{"@type":"ListItem","position":1,"name":"Home","item":"https:\/\/www.fondazionepirelli.org\/it\/"},{"@type":"ListItem","position":2,"name":"Milano e la sua cultura d\u2019impresa, come definirne e raccontarne l\u2019identit\u00e0?"}]},{"@type":"WebSite","@id":"https:\/\/www.fondazionepirelli.org\/it\/#website","url":"https:\/\/www.fondazionepirelli.org\/it\/","name":"Fondazione Pirelli","description":"","potentialAction":[{"@type":"SearchAction","target":{"@type":"EntryPoint","urlTemplate":"https:\/\/www.fondazionepirelli.org\/it\/?s={search_term_string}"},"query-input":{"@type":"PropertyValueSpecification","valueRequired":true,"valueName":"search_term_string"}}],"inLanguage":"it-IT"},{"@type":"Person","@id":"https:\/\/www.fondazionepirelli.org\/it\/#\/schema\/person\/f47d097000832c4a6e54538c791fdf25","name":"fondadmin","image":{"@type":"ImageObject","inLanguage":"it-IT","@id":"https:\/\/www.fondazionepirelli.org\/it\/#\/schema\/person\/image\/","url":"https:\/\/secure.gravatar.com\/avatar\/e69498a9175ca244966e51e53c88712c024fcebe41f9a05f75657f1bb25e489b?s=96&d=mm&r=g","contentUrl":"https:\/\/secure.gravatar.com\/avatar\/e69498a9175ca244966e51e53c88712c024fcebe41f9a05f75657f1bb25e489b?s=96&d=mm&r=g","caption":"fondadmin"},"url":"https:\/\/www.fondazionepirelli.org\/it\/author\/fondadmin\/"}]}},"_links":{"self":[{"href":"https:\/\/www.fondazionepirelli.org\/it\/wp-json\/wp\/v2\/posts\/49930\/"}],"collection":[{"href":"https:\/\/www.fondazionepirelli.org\/it\/wp-json\/wp\/v2\/posts\/"}],"about":[{"href":"https:\/\/www.fondazionepirelli.org\/it\/wp-json\/wp\/v2\/types\/post\/"}],"author":[{"embeddable":true,"href":"https:\/\/www.fondazionepirelli.org\/it\/wp-json\/wp\/v2\/users\/1\/"}],"replies":[{"embeddable":true,"href":"https:\/\/www.fondazionepirelli.org\/it\/wp-json\/wp\/v2\/comments\/?post=49930"}],"version-history":[{"count":2,"href":"https:\/\/www.fondazionepirelli.org\/it\/wp-json\/wp\/v2\/posts\/49930\/revisions\/"}],"predecessor-version":[{"id":55747,"href":"https:\/\/www.fondazionepirelli.org\/it\/wp-json\/wp\/v2\/posts\/49930\/revisions\/55747\/"}],"wp:featuredmedia":[{"embeddable":true,"href":"https:\/\/www.fondazionepirelli.org\/it\/wp-json\/wp\/v2\/media\/49931\/"}],"wp:attachment":[{"href":"https:\/\/www.fondazionepirelli.org\/it\/wp-json\/wp\/v2\/media\/?parent=49930"}],"wp:term":[{"taxonomy":"category","embeddable":true,"href":"https:\/\/www.fondazionepirelli.org\/it\/wp-json\/wp\/v2\/categories\/?post=49930"},{"taxonomy":"post_tag","embeddable":true,"href":"https:\/\/www.fondazionepirelli.org\/it\/wp-json\/wp\/v2\/tags\/?post=49930"}],"curies":[{"name":"wp","href":"https:\/\/api.w.org\/{rel}","templated":true}]}}