{"id":49944,"date":"2014-12-15T00:00:00","date_gmt":"2014-12-15T00:00:00","guid":{"rendered":"http:\/\/www.fondazionepirelli.org\/fondazione-pirelli\/anche-lindustria-italiana-cambia-ma-come\/"},"modified":"2019-10-31T17:16:10","modified_gmt":"2019-10-31T15:16:10","slug":"anche-lindustria-italiana-cambia-ma-come","status":"publish","type":"post","link":"https:\/\/www.fondazionepirelli.org\/it\/cultura-dimpresa\/anche-lindustria-italiana-cambia-ma-come\/","title":{"rendered":"Anche l\u2019industria italiana cambia. Ma come?"},"content":{"rendered":"<p>Capire il cambiamento che c\u2019\u00e8 stato e che c\u2019\u00e8, serve per comprendere meglio come agire e, in qualche modo, capire come potr\u00e0 essere il prossimo futuro. Ovvio: non \u00e8 questione di preveggenza. Ancor pi\u00f9 in economia dove, di fatto, il calcolo lascia molto spazio all\u2019accadere improvviso, all\u2019irrazionalit\u00e0 delle scelte (con buona pace degli economisti), e all\u2019improvvisazione umana. Ma, comunque, aver presente la storia dell\u2019evoluzione dell\u2019industria e della produzione \u2013 soprattutto italiane -, serve all\u2019imprenditore e al manager avveduto.<\/p>\n<p>La fatica di Alessandro Arrighetti e Augusto Ninni \u2013 \u201cLa trasformazione \u2018silenziosa\u2019. Cambiamento strutturale e strategie d\u2019impresa nell\u2019industria italiana\u201d -, da pochissimo messa a disposizione nella Rete, arriva giusto a questo proposito: aiutare a comprendere cosa \u00e8 accaduto all\u2019industria nazionale negli ultimi anni (in particolare dal 1990).<\/p>\n<p>Pubblicato dal Dipartimento di Economia Universit\u00e0 di Parma, nella Collana di Economia Industriale e Applicata, il volume di oltre 450 pagine \u00e8 composto da 11 interventi a pi\u00f9 mani fra cui sono da segnalare quelli sul cambiamento dei sistemi manifatturieri, sulla interpretazione del divario innovativo dell\u2019industria italiana, sui cambiamenti dei paradigmi produttivi e organizzativi, sul miglioramento qualitativo della produzione nazionale e sulla domanda sull\u2019esistenza o meno oggi dei distretti industriali. A scrivere, 22 studiosi che hanno composto, di fatto, un manuale per interpretare \u00a0meglio la storia economica industriale di vent\u2019anni..<\/p>\n<p>\u201cLe forze che in molti paesi hanno modificato il paesaggio manifatturiero nell\u2019ultimo ventennio \u2013 spiegano i due curatori nel saggio introduttivi -, \u00a0hanno dato luogo in Italia a trasformazioni e dinamiche inedite, con caratteri e processi originali e talvolta contraddittori\u201d. E ancora: \u201cIl quadro che emerge dall\u2019insieme delle evidenze empiriche disponibili \u2013 spiegano -, rivela come il sistema manifatturiero nazionale non sia rimasto ingessato all\u2019interno di uno schema uniforme. All\u2019opposto i segnali raccolti indicano come le imprese abbiano scelto percorsi evolutivi fortemente differenziati con intensit\u00e0 di cambiamento variabile e strategie diverse\u201d.<\/p>\n<p>Cambiamento avvenuto e in corso, dunque, ma anche consolidamento dell\u2019approccio nazionale ai mutamenti dei mercati e della concorrenza.<\/p>\n<p>Il lavoro messo insieme da Arrighetti e Ninni non \u00e8 certo di facile lettura, ma \u00e8 completo, approfondisce le questioni in campo, fornisce uno strumento importante di conoscenza del passato recente per \u2013 come si \u00e8 detto all\u2019inizio -, essere in grado di valutare meglio l\u2019oggi e affrontare con pi\u00f9 avvedutezza il domani.<\/p><p><strong>La trasformazione \u2018silenziosa\u2019. Cambiamento strutturale e strategie d\u2019impresa nell\u2019industria italiana<\/strong><\/p>\n<p>A cura di Alessando Arrighetti, Augusto Ninni<\/p>\n<p>Dipartimento di Economia Universit\u00e0 di Parma, Collana di Economia Industriale e Applicata, Novembre 2014<\/p>\n","protected":false},"excerpt":{"rendered":"<p>Capire il cambiamento che c\u2019\u00e8 stato e che c\u2019\u00e8, serve per comprendere meglio come agire e, in qualche modo, capire come potr\u00e0 essere il prossimo futuro. Ovvio: non \u00e8 questione di preveggenza. Ancor pi\u00f9 in economia dove, di fatto, il calcolo lascia molto spazio all\u2019accadere improvviso, all\u2019irrazionalit\u00e0 delle scelte (con buona pace degli economisti), e [&hellip;]<\/p>\n","protected":false},"author":1,"featured_media":0,"comment_status":"open","ping_status":"open","sticky":false,"template":"","format":"standard","meta":{"footnotes":""},"categories":[54,52],"tags":[],"class_list":["post-49944","post","type-post","status-publish","format-standard","hentry","category-approfondimenti","category-cultura-dimpresa"],"acf":[],"yoast_head":"<!-- This site is optimized with the Yoast SEO plugin v25.0 - https:\/\/yoast.com\/wordpress\/plugins\/seo\/ -->\n<title>Anche l\u2019industria italiana cambia. Ma come? - Fondazione Pirelli<\/title>\n<meta name=\"robots\" content=\"index, follow, max-snippet:-1, max-image-preview:large, max-video-preview:-1\" \/>\n<link rel=\"canonical\" href=\"https:\/\/www.fondazionepirelli.org\/it\/cultura-dimpresa\/anche-lindustria-italiana-cambia-ma-come\/\" \/>\n<meta property=\"og:locale\" content=\"it_IT\" \/>\n<meta property=\"og:type\" content=\"article\" \/>\n<meta property=\"og:title\" content=\"Anche l\u2019industria italiana cambia. Ma come? - Fondazione Pirelli\" \/>\n<meta property=\"og:description\" content=\"Capire il cambiamento che c\u2019\u00e8 stato e che c\u2019\u00e8, serve per comprendere meglio come agire e, in qualche modo, capire come potr\u00e0 essere il prossimo futuro. Ovvio: non \u00e8 questione di preveggenza. Ancor pi\u00f9 in economia dove, di fatto, il calcolo lascia molto spazio all\u2019accadere improvviso, all\u2019irrazionalit\u00e0 delle scelte (con buona pace degli economisti), e [&hellip;]\" \/>\n<meta property=\"og:url\" content=\"https:\/\/127.0.0.1\/it\/cultura-dimpresa\/anche-lindustria-italiana-cambia-ma-come\/\" \/>\n<meta property=\"og:site_name\" content=\"Fondazione Pirelli\" \/>\n<meta property=\"article:published_time\" content=\"2014-12-15T00:00:00+00:00\" \/>\n<meta property=\"article:modified_time\" content=\"2019-10-31T15:16:10+00:00\" \/>\n<meta name=\"author\" content=\"fondadmin\" \/>\n<meta name=\"twitter:card\" content=\"summary_large_image\" \/>\n<meta name=\"twitter:label1\" content=\"Scritto da\" \/>\n\t<meta name=\"twitter:data1\" content=\"fondadmin\" \/>\n\t<meta name=\"twitter:label2\" content=\"Tempo di lettura stimato\" \/>\n\t<meta name=\"twitter:data2\" content=\"2 minuti\" \/>\n<script type=\"application\/ld+json\" class=\"yoast-schema-graph\">{\"@context\":\"https:\/\/schema.org\",\"@graph\":[{\"@type\":\"WebPage\",\"@id\":\"https:\/\/127.0.0.1\/it\/cultura-dimpresa\/anche-lindustria-italiana-cambia-ma-come\/\",\"url\":\"https:\/\/127.0.0.1\/it\/cultura-dimpresa\/anche-lindustria-italiana-cambia-ma-come\/\",\"name\":\"Anche l\u2019industria italiana cambia. Ma come? - Fondazione Pirelli\",\"isPartOf\":{\"@id\":\"https:\/\/www.fondazionepirelli.org\/it\/#website\"},\"datePublished\":\"2014-12-15T00:00:00+00:00\",\"dateModified\":\"2019-10-31T15:16:10+00:00\",\"author\":{\"@id\":\"https:\/\/www.fondazionepirelli.org\/it\/#\/schema\/person\/f47d097000832c4a6e54538c791fdf25\"},\"breadcrumb\":{\"@id\":\"https:\/\/127.0.0.1\/it\/cultura-dimpresa\/anche-lindustria-italiana-cambia-ma-come\/#breadcrumb\"},\"inLanguage\":\"it-IT\",\"potentialAction\":[{\"@type\":\"ReadAction\",\"target\":[\"https:\/\/127.0.0.1\/it\/cultura-dimpresa\/anche-lindustria-italiana-cambia-ma-come\/\"]}]},{\"@type\":\"BreadcrumbList\",\"@id\":\"https:\/\/127.0.0.1\/it\/cultura-dimpresa\/anche-lindustria-italiana-cambia-ma-come\/#breadcrumb\",\"itemListElement\":[{\"@type\":\"ListItem\",\"position\":1,\"name\":\"Home\",\"item\":\"https:\/\/www.fondazionepirelli.org\/it\/\"},{\"@type\":\"ListItem\",\"position\":2,\"name\":\"Anche l\u2019industria italiana cambia. Ma come?\"}]},{\"@type\":\"WebSite\",\"@id\":\"https:\/\/www.fondazionepirelli.org\/it\/#website\",\"url\":\"https:\/\/www.fondazionepirelli.org\/it\/\",\"name\":\"Fondazione Pirelli\",\"description\":\"\",\"potentialAction\":[{\"@type\":\"SearchAction\",\"target\":{\"@type\":\"EntryPoint\",\"urlTemplate\":\"https:\/\/www.fondazionepirelli.org\/it\/?s={search_term_string}\"},\"query-input\":{\"@type\":\"PropertyValueSpecification\",\"valueRequired\":true,\"valueName\":\"search_term_string\"}}],\"inLanguage\":\"it-IT\"},{\"@type\":\"Person\",\"@id\":\"https:\/\/www.fondazionepirelli.org\/it\/#\/schema\/person\/f47d097000832c4a6e54538c791fdf25\",\"name\":\"fondadmin\",\"image\":{\"@type\":\"ImageObject\",\"inLanguage\":\"it-IT\",\"@id\":\"https:\/\/www.fondazionepirelli.org\/it\/#\/schema\/person\/image\/\",\"url\":\"https:\/\/secure.gravatar.com\/avatar\/e69498a9175ca244966e51e53c88712c024fcebe41f9a05f75657f1bb25e489b?s=96&d=mm&r=g\",\"contentUrl\":\"https:\/\/secure.gravatar.com\/avatar\/e69498a9175ca244966e51e53c88712c024fcebe41f9a05f75657f1bb25e489b?s=96&d=mm&r=g\",\"caption\":\"fondadmin\"},\"url\":\"https:\/\/www.fondazionepirelli.org\/it\/author\/fondadmin\/\"}]}<\/script>\n<!-- \/ Yoast SEO plugin. -->","yoast_head_json":{"title":"Anche l\u2019industria italiana cambia. Ma come? - Fondazione Pirelli","robots":{"index":"index","follow":"follow","max-snippet":"max-snippet:-1","max-image-preview":"max-image-preview:large","max-video-preview":"max-video-preview:-1"},"canonical":"https:\/\/www.fondazionepirelli.org\/it\/cultura-dimpresa\/anche-lindustria-italiana-cambia-ma-come\/","og_locale":"it_IT","og_type":"article","og_title":"Anche l\u2019industria italiana cambia. Ma come? - Fondazione Pirelli","og_description":"Capire il cambiamento che c\u2019\u00e8 stato e che c\u2019\u00e8, serve per comprendere meglio come agire e, in qualche modo, capire come potr\u00e0 essere il prossimo futuro. Ovvio: non \u00e8 questione di preveggenza. Ancor pi\u00f9 in economia dove, di fatto, il calcolo lascia molto spazio all\u2019accadere improvviso, all\u2019irrazionalit\u00e0 delle scelte (con buona pace degli economisti), e [&hellip;]","og_url":"https:\/\/127.0.0.1\/it\/cultura-dimpresa\/anche-lindustria-italiana-cambia-ma-come\/","og_site_name":"Fondazione Pirelli","article_published_time":"2014-12-15T00:00:00+00:00","article_modified_time":"2019-10-31T15:16:10+00:00","author":"fondadmin","twitter_card":"summary_large_image","twitter_misc":{"Scritto da":"fondadmin","Tempo di lettura stimato":"2 minuti"},"schema":{"@context":"https:\/\/schema.org","@graph":[{"@type":"WebPage","@id":"https:\/\/127.0.0.1\/it\/cultura-dimpresa\/anche-lindustria-italiana-cambia-ma-come\/","url":"https:\/\/127.0.0.1\/it\/cultura-dimpresa\/anche-lindustria-italiana-cambia-ma-come\/","name":"Anche l\u2019industria italiana cambia. Ma come? - Fondazione Pirelli","isPartOf":{"@id":"https:\/\/www.fondazionepirelli.org\/it\/#website"},"datePublished":"2014-12-15T00:00:00+00:00","dateModified":"2019-10-31T15:16:10+00:00","author":{"@id":"https:\/\/www.fondazionepirelli.org\/it\/#\/schema\/person\/f47d097000832c4a6e54538c791fdf25"},"breadcrumb":{"@id":"https:\/\/127.0.0.1\/it\/cultura-dimpresa\/anche-lindustria-italiana-cambia-ma-come\/#breadcrumb"},"inLanguage":"it-IT","potentialAction":[{"@type":"ReadAction","target":["https:\/\/127.0.0.1\/it\/cultura-dimpresa\/anche-lindustria-italiana-cambia-ma-come\/"]}]},{"@type":"BreadcrumbList","@id":"https:\/\/127.0.0.1\/it\/cultura-dimpresa\/anche-lindustria-italiana-cambia-ma-come\/#breadcrumb","itemListElement":[{"@type":"ListItem","position":1,"name":"Home","item":"https:\/\/www.fondazionepirelli.org\/it\/"},{"@type":"ListItem","position":2,"name":"Anche l\u2019industria italiana cambia. Ma come?"}]},{"@type":"WebSite","@id":"https:\/\/www.fondazionepirelli.org\/it\/#website","url":"https:\/\/www.fondazionepirelli.org\/it\/","name":"Fondazione Pirelli","description":"","potentialAction":[{"@type":"SearchAction","target":{"@type":"EntryPoint","urlTemplate":"https:\/\/www.fondazionepirelli.org\/it\/?s={search_term_string}"},"query-input":{"@type":"PropertyValueSpecification","valueRequired":true,"valueName":"search_term_string"}}],"inLanguage":"it-IT"},{"@type":"Person","@id":"https:\/\/www.fondazionepirelli.org\/it\/#\/schema\/person\/f47d097000832c4a6e54538c791fdf25","name":"fondadmin","image":{"@type":"ImageObject","inLanguage":"it-IT","@id":"https:\/\/www.fondazionepirelli.org\/it\/#\/schema\/person\/image\/","url":"https:\/\/secure.gravatar.com\/avatar\/e69498a9175ca244966e51e53c88712c024fcebe41f9a05f75657f1bb25e489b?s=96&d=mm&r=g","contentUrl":"https:\/\/secure.gravatar.com\/avatar\/e69498a9175ca244966e51e53c88712c024fcebe41f9a05f75657f1bb25e489b?s=96&d=mm&r=g","caption":"fondadmin"},"url":"https:\/\/www.fondazionepirelli.org\/it\/author\/fondadmin\/"}]}},"_links":{"self":[{"href":"https:\/\/www.fondazionepirelli.org\/it\/wp-json\/wp\/v2\/posts\/49944\/"}],"collection":[{"href":"https:\/\/www.fondazionepirelli.org\/it\/wp-json\/wp\/v2\/posts\/"}],"about":[{"href":"https:\/\/www.fondazionepirelli.org\/it\/wp-json\/wp\/v2\/types\/post\/"}],"author":[{"embeddable":true,"href":"https:\/\/www.fondazionepirelli.org\/it\/wp-json\/wp\/v2\/users\/1\/"}],"replies":[{"embeddable":true,"href":"https:\/\/www.fondazionepirelli.org\/it\/wp-json\/wp\/v2\/comments\/?post=49944"}],"version-history":[{"count":2,"href":"https:\/\/www.fondazionepirelli.org\/it\/wp-json\/wp\/v2\/posts\/49944\/revisions\/"}],"predecessor-version":[{"id":71302,"href":"https:\/\/www.fondazionepirelli.org\/it\/wp-json\/wp\/v2\/posts\/49944\/revisions\/71302\/"}],"wp:attachment":[{"href":"https:\/\/www.fondazionepirelli.org\/it\/wp-json\/wp\/v2\/media\/?parent=49944"}],"wp:term":[{"taxonomy":"category","embeddable":true,"href":"https:\/\/www.fondazionepirelli.org\/it\/wp-json\/wp\/v2\/categories\/?post=49944"},{"taxonomy":"post_tag","embeddable":true,"href":"https:\/\/www.fondazionepirelli.org\/it\/wp-json\/wp\/v2\/tags\/?post=49944"}],"curies":[{"name":"wp","href":"https:\/\/api.w.org\/{rel}","templated":true}]}}