{"id":49952,"date":"2014-12-01T00:00:00","date_gmt":"2014-12-01T00:00:00","guid":{"rendered":"http:\/\/www.fondazionepirelli.org\/fondazione-pirelli\/lorgoglioso-manifesto-della-meccanica-e-i-primati-internazionali-per-marchi-e-disegno-industriale\/"},"modified":"2019-05-21T16:21:26","modified_gmt":"2019-05-21T16:21:26","slug":"lorgoglioso-manifesto-della-meccanica-e-i-primati-internazionali-per-marchi-e-disegno-industriale","status":"publish","type":"post","link":"https:\/\/www.fondazionepirelli.org\/it\/cultura-dimpresa\/lorgoglioso-manifesto-della-meccanica-e-i-primati-internazionali-per-marchi-e-disegno-industriale\/","title":{"rendered":"L\u2019orgoglioso \u201cManifesto della meccanica\u201d e i primati internazionali per marchi e disegno industriale"},"content":{"rendered":"<p><strong>Orgoglio industriale<\/strong>, nonostante tutto. Anzi, pi\u00f9 esattamente, \u201c<strong>orgoglio meccanico<\/strong>\u201d, se si pensa al <strong>Manifesto di Federmeccanica<\/strong> su \u201cuna nuova politica per la manifattura\u201d presentato gioved\u00ec scorso, a Roma, alla manifestazione \u201cUniti per il rilancio dell\u2019industria\u201d, con la partecipazione di imprenditori di pi\u00f9 di sessanta associazioni territoriali di Confindustria (con i distretti, le filiere, le buone imprese pi\u00f9 dinamiche), dando cos\u00ec un forte segnale d\u2019allarme a governo e classe politica (\u201cSenza investimenti il paese \u00e8 destinato a finire nel baratro: serve una <strong>politica industriale<\/strong> che favorisca l\u2019innovazione e permetta alle imprese di affrontare la sfida della quarta rivoluzione industriale, Industry 4.0\u201d) e contemporaneamente ribadendo un segno di capacit\u00e0 imprenditoriale e di impegno per la ripresa. Ma, guardando al mondo delle imprese che producono bene ed esportano, potremmo anche parlare di orgoglio chimico e agroalimentare, domotico e farmaceutico, di orgoglio della gomma e del cemento, del legno e del tessile, delle auto, delle moto e delle bici e cos\u00ec via continuando, con tutti i comparti della manifattura che, nonostante la crisi, tengono in piedi il sistema Paese, guadagnano punti in competitivit\u00e0, garantiscono posti di lavoro, innovano e crescono. Il settore meccanico vale, da solo, l\u20198% del Pil e il 45,9% del valore aggiunto di tutta l\u2019industria manifatturiera, anche se avverte ancora la pesantezza della caduta della capacit\u00e0 produttiva, -32,6% dal periodo pre-crisi, dal 2007 a oggi (in gran parte per asfissia del mercato interno). E nelle sue varie articolazioni, rappresenta la parte pi\u00f9 attiva dell\u2019export italiano, pi\u00f9 delle tradizionali \u201c<strong>3A<\/strong>\u201d del buon made in Italy (arredamento, abbigliamento e agroindustria). Italia \u201c<strong>granaio meccanico<\/strong>\u201d, insomma, per riprendere la suggestiva antica definizione data nei primi anni Cinquanta da Vittorio Valletta, presidente della Fiat, quando era l\u2019industria dell\u2019auto a fare da cardine dello sviluppo industriale e dunque sociale dell\u2019intero Paese.<\/p>\n<p>Tradizione meccanica, dunque. E apertura al futuro, se \u00e8 vero che i moduli della stazione Spaziale Internazionale, proprio quella su cui naviga nello spazio l\u2019astronauta italiana <strong>Samantha Cristoforetti<\/strong>, sono stati in bona parte realizzati in Italia, \u201cun primato che rappresenta bene l\u2019eccellenza meccanica e il suo ruolo nell\u2019economia del Paese\u201d, ha scritto Carlo Andrea Finotto su \u201cIl Sole24Ore\u201d del 25 novembre.<\/p>\n<p>Dalla sofisticata crescita della cultura d\u2019impresa meccanica (innovazione, ricerca, automazione sempre pi\u00f9 avanzata) dipende in gran parte un altro primato italiano, che suona confortante, proprio in tempi ancora difficili per tutta la nostra economia: \u201c<strong>L\u2019Italia aumenta i brevetti europei<\/strong>\u201d e dunque \u201cinnovando \u00e8 pi\u00f9 viva che mai\u201d, per dirla con \u201cIl Sole 24Ore\u201d del 26 novembre. La notizia \u00e8 che manteniamo anche nel 2014 il secondo posto nella \u201cTop 20\u201d internazionale delle domande di brevetti per il \u201c<strong>design industriale<\/strong>\u201d, con il 10,15% di tutte le domande di brevetti del mondo, alle spalle della Germania (il 22,7%) ma ben prima di Regno Unito (6,96%), Francia e Spagna e restiamo saldamente quarti per \u201cmarchi\u201d, dopo Germania, Usa e Regno Unito. Si innova, dunque, e molto. Si brevetta. Si fa politica distintiva di qualit\u00e0 e brand. Si compete. Nelle grandi imprese. Ma anche nelle piccole e medie. E nei distretti rilanciati a nuova vita, grazie a originali sinergie tra il forte radicamento territoriale in aree di straordinaria capacit\u00e0 manifatturiera e la capacit\u00e0 di espansione internazionale in nicchie specializzate e ad alto valore aggiunto (ne ha scritto efficacemente<strong> Paola Dubini<\/strong>, docente alla Bocconi, su \u201cNova\u201d de \u201cIl Sole 24Ore\u201d del 26 novembre: \u201cL\u2019innovazione che sorge da territori e reti\u201d). Peccato che il pubblico investa ancora troppo poco in ricerca e innovazione, se \u00e8 vero che \u201cnel 2011, ultima rilevazione disponibile, l\u2019unico settore a mostrare una crescita della spesa per ricerca e sviluppo \u00e8 quello delle imprese, +2,3%, con un arretramento, invece, delle istituzioni pubbliche, -1,3%\u201d, dichiara Confindustria. E comunque l\u2019Italia ha investito nel 2012 in ricerca e sviluppo appena l\u20191,27% del Pil, molto meno del 2,98% della Germania e del 2,29% della Francia.<\/p>\n<p>Imprese attive, dunque, ma lasciate sole, sul fronte dell\u2019innovazione. Proprio la conferma della forza di brevetti e marchi testimonia di un robusto miglioramento della cultura d\u2019impresa italiana, d\u2019un \u201c<strong>quarto capitalismo<\/strong>\u201d diffuso tra Nord Ovest e Nord Est, familiare per tradizione e cultura, ma capace di reggere la sfida della gestione manageriale e dei mercati globali sempre pi\u00f9 aperti e competitivi. L\u2019Italia industriale del \u201cbello e ben fatto\u201d ha un futuro, nonostante tutto.<\/p>\n","protected":false},"excerpt":{"rendered":"<p>Orgoglio industriale, nonostante tutto. Anzi, pi\u00f9 esattamente, \u201corgoglio meccanico\u201d, se si pensa al Manifesto di Federmeccanica su \u201cuna nuova politica per la manifattura\u201d presentato gioved\u00ec scorso, a Roma, alla manifestazione \u201cUniti per il rilancio dell\u2019industria\u201d, con la partecipazione di imprenditori di pi\u00f9 di sessanta associazioni territoriali di Confindustria (con i distretti, le filiere, le buone [&hellip;]<\/p>\n","protected":false},"author":1,"featured_media":49953,"comment_status":"open","ping_status":"open","sticky":false,"template":"","format":"standard","meta":{"footnotes":""},"categories":[53,52],"tags":[],"class_list":["post-49952","post","type-post","status-publish","format-standard","has-post-thumbnail","hentry","category-blog","category-cultura-dimpresa"],"acf":[],"yoast_head":"<!-- This site is optimized with the Yoast SEO plugin v25.0 - https:\/\/yoast.com\/wordpress\/plugins\/seo\/ -->\n<title>L\u2019orgoglioso \u201cManifesto della meccanica\u201d e i primati internazionali per marchi e disegno industriale - Fondazione Pirelli<\/title>\n<meta name=\"robots\" content=\"index, follow, max-snippet:-1, max-image-preview:large, max-video-preview:-1\" \/>\n<link rel=\"canonical\" href=\"https:\/\/www.fondazionepirelli.org\/it\/cultura-dimpresa\/lorgoglioso-manifesto-della-meccanica-e-i-primati-internazionali-per-marchi-e-disegno-industriale\/\" \/>\n<meta property=\"og:locale\" content=\"it_IT\" \/>\n<meta property=\"og:type\" content=\"article\" \/>\n<meta property=\"og:title\" content=\"L\u2019orgoglioso \u201cManifesto della meccanica\u201d e i primati internazionali per marchi e disegno industriale - Fondazione Pirelli\" \/>\n<meta property=\"og:description\" content=\"Orgoglio industriale, nonostante tutto. Anzi, pi\u00f9 esattamente, \u201corgoglio meccanico\u201d, se si pensa al Manifesto di Federmeccanica su \u201cuna nuova politica per la manifattura\u201d presentato gioved\u00ec scorso, a Roma, alla manifestazione \u201cUniti per il rilancio dell\u2019industria\u201d, con la partecipazione di imprenditori di pi\u00f9 di sessanta associazioni territoriali di Confindustria (con i distretti, le filiere, le buone [&hellip;]\" \/>\n<meta property=\"og:url\" content=\"https:\/\/127.0.0.1\/it\/cultura-dimpresa\/lorgoglioso-manifesto-della-meccanica-e-i-primati-internazionali-per-marchi-e-disegno-industriale\/\" \/>\n<meta property=\"og:site_name\" content=\"Fondazione Pirelli\" \/>\n<meta property=\"article:published_time\" content=\"2014-12-01T00:00:00+00:00\" \/>\n<meta property=\"article:modified_time\" content=\"2019-05-21T16:21:26+00:00\" \/>\n<meta property=\"og:image\" content=\"https:\/\/wpsite-assets.fondazionepirelli.org\/wp-content\/uploads\/2019\/05\/20101859\/14175094351238712963.jpg\" \/>\n\t<meta property=\"og:image:width\" content=\"249\" \/>\n\t<meta property=\"og:image:height\" content=\"375\" \/>\n\t<meta property=\"og:image:type\" content=\"image\/jpeg\" \/>\n<meta name=\"author\" content=\"fondadmin\" \/>\n<meta name=\"twitter:card\" content=\"summary_large_image\" \/>\n<meta name=\"twitter:label1\" content=\"Scritto da\" \/>\n\t<meta name=\"twitter:data1\" content=\"fondadmin\" \/>\n\t<meta name=\"twitter:label2\" content=\"Tempo di lettura stimato\" \/>\n\t<meta name=\"twitter:data2\" content=\"4 minuti\" \/>\n<script type=\"application\/ld+json\" class=\"yoast-schema-graph\">{\"@context\":\"https:\/\/schema.org\",\"@graph\":[{\"@type\":\"WebPage\",\"@id\":\"https:\/\/127.0.0.1\/it\/cultura-dimpresa\/lorgoglioso-manifesto-della-meccanica-e-i-primati-internazionali-per-marchi-e-disegno-industriale\/\",\"url\":\"https:\/\/127.0.0.1\/it\/cultura-dimpresa\/lorgoglioso-manifesto-della-meccanica-e-i-primati-internazionali-per-marchi-e-disegno-industriale\/\",\"name\":\"L\u2019orgoglioso \u201cManifesto della meccanica\u201d e i primati internazionali per marchi e disegno industriale - Fondazione Pirelli\",\"isPartOf\":{\"@id\":\"https:\/\/www.fondazionepirelli.org\/it\/#website\"},\"primaryImageOfPage\":{\"@id\":\"https:\/\/127.0.0.1\/it\/cultura-dimpresa\/lorgoglioso-manifesto-della-meccanica-e-i-primati-internazionali-per-marchi-e-disegno-industriale\/#primaryimage\"},\"image\":{\"@id\":\"https:\/\/127.0.0.1\/it\/cultura-dimpresa\/lorgoglioso-manifesto-della-meccanica-e-i-primati-internazionali-per-marchi-e-disegno-industriale\/#primaryimage\"},\"thumbnailUrl\":\"https:\/\/wpsite-assets.fondazionepirelli.org\/wp-content\/uploads\/2019\/05\/20101859\/14175094351238712963.jpg\",\"datePublished\":\"2014-12-01T00:00:00+00:00\",\"dateModified\":\"2019-05-21T16:21:26+00:00\",\"author\":{\"@id\":\"https:\/\/www.fondazionepirelli.org\/it\/#\/schema\/person\/f47d097000832c4a6e54538c791fdf25\"},\"breadcrumb\":{\"@id\":\"https:\/\/127.0.0.1\/it\/cultura-dimpresa\/lorgoglioso-manifesto-della-meccanica-e-i-primati-internazionali-per-marchi-e-disegno-industriale\/#breadcrumb\"},\"inLanguage\":\"it-IT\",\"potentialAction\":[{\"@type\":\"ReadAction\",\"target\":[\"https:\/\/127.0.0.1\/it\/cultura-dimpresa\/lorgoglioso-manifesto-della-meccanica-e-i-primati-internazionali-per-marchi-e-disegno-industriale\/\"]}]},{\"@type\":\"ImageObject\",\"inLanguage\":\"it-IT\",\"@id\":\"https:\/\/127.0.0.1\/it\/cultura-dimpresa\/lorgoglioso-manifesto-della-meccanica-e-i-primati-internazionali-per-marchi-e-disegno-industriale\/#primaryimage\",\"url\":\"https:\/\/wpsite-assets.fondazionepirelli.org\/wp-content\/uploads\/2019\/05\/20101859\/14175094351238712963.jpg\",\"contentUrl\":\"https:\/\/wpsite-assets.fondazionepirelli.org\/wp-content\/uploads\/2019\/05\/20101859\/14175094351238712963.jpg\",\"width\":249,\"height\":375},{\"@type\":\"BreadcrumbList\",\"@id\":\"https:\/\/127.0.0.1\/it\/cultura-dimpresa\/lorgoglioso-manifesto-della-meccanica-e-i-primati-internazionali-per-marchi-e-disegno-industriale\/#breadcrumb\",\"itemListElement\":[{\"@type\":\"ListItem\",\"position\":1,\"name\":\"Home\",\"item\":\"https:\/\/www.fondazionepirelli.org\/it\/\"},{\"@type\":\"ListItem\",\"position\":2,\"name\":\"L\u2019orgoglioso \u201cManifesto della meccanica\u201d e i primati internazionali per marchi e disegno industriale\"}]},{\"@type\":\"WebSite\",\"@id\":\"https:\/\/www.fondazionepirelli.org\/it\/#website\",\"url\":\"https:\/\/www.fondazionepirelli.org\/it\/\",\"name\":\"Fondazione Pirelli\",\"description\":\"\",\"potentialAction\":[{\"@type\":\"SearchAction\",\"target\":{\"@type\":\"EntryPoint\",\"urlTemplate\":\"https:\/\/www.fondazionepirelli.org\/it\/?s={search_term_string}\"},\"query-input\":{\"@type\":\"PropertyValueSpecification\",\"valueRequired\":true,\"valueName\":\"search_term_string\"}}],\"inLanguage\":\"it-IT\"},{\"@type\":\"Person\",\"@id\":\"https:\/\/www.fondazionepirelli.org\/it\/#\/schema\/person\/f47d097000832c4a6e54538c791fdf25\",\"name\":\"fondadmin\",\"image\":{\"@type\":\"ImageObject\",\"inLanguage\":\"it-IT\",\"@id\":\"https:\/\/www.fondazionepirelli.org\/it\/#\/schema\/person\/image\/\",\"url\":\"https:\/\/secure.gravatar.com\/avatar\/e69498a9175ca244966e51e53c88712c024fcebe41f9a05f75657f1bb25e489b?s=96&d=mm&r=g\",\"contentUrl\":\"https:\/\/secure.gravatar.com\/avatar\/e69498a9175ca244966e51e53c88712c024fcebe41f9a05f75657f1bb25e489b?s=96&d=mm&r=g\",\"caption\":\"fondadmin\"},\"url\":\"https:\/\/www.fondazionepirelli.org\/it\/author\/fondadmin\/\"}]}<\/script>\n<!-- \/ Yoast SEO plugin. -->","yoast_head_json":{"title":"L\u2019orgoglioso \u201cManifesto della meccanica\u201d e i primati internazionali per marchi e disegno industriale - Fondazione Pirelli","robots":{"index":"index","follow":"follow","max-snippet":"max-snippet:-1","max-image-preview":"max-image-preview:large","max-video-preview":"max-video-preview:-1"},"canonical":"https:\/\/www.fondazionepirelli.org\/it\/cultura-dimpresa\/lorgoglioso-manifesto-della-meccanica-e-i-primati-internazionali-per-marchi-e-disegno-industriale\/","og_locale":"it_IT","og_type":"article","og_title":"L\u2019orgoglioso \u201cManifesto della meccanica\u201d e i primati internazionali per marchi e disegno industriale - Fondazione Pirelli","og_description":"Orgoglio industriale, nonostante tutto. Anzi, pi\u00f9 esattamente, \u201corgoglio meccanico\u201d, se si pensa al Manifesto di Federmeccanica su \u201cuna nuova politica per la manifattura\u201d presentato gioved\u00ec scorso, a Roma, alla manifestazione \u201cUniti per il rilancio dell\u2019industria\u201d, con la partecipazione di imprenditori di pi\u00f9 di sessanta associazioni territoriali di Confindustria (con i distretti, le filiere, le buone [&hellip;]","og_url":"https:\/\/127.0.0.1\/it\/cultura-dimpresa\/lorgoglioso-manifesto-della-meccanica-e-i-primati-internazionali-per-marchi-e-disegno-industriale\/","og_site_name":"Fondazione Pirelli","article_published_time":"2014-12-01T00:00:00+00:00","article_modified_time":"2019-05-21T16:21:26+00:00","og_image":[{"width":249,"height":375,"url":"https:\/\/wpsite-assets.fondazionepirelli.org\/wp-content\/uploads\/2019\/05\/20101859\/14175094351238712963.jpg","type":"image\/jpeg"}],"author":"fondadmin","twitter_card":"summary_large_image","twitter_misc":{"Scritto da":"fondadmin","Tempo di lettura stimato":"4 minuti"},"schema":{"@context":"https:\/\/schema.org","@graph":[{"@type":"WebPage","@id":"https:\/\/127.0.0.1\/it\/cultura-dimpresa\/lorgoglioso-manifesto-della-meccanica-e-i-primati-internazionali-per-marchi-e-disegno-industriale\/","url":"https:\/\/127.0.0.1\/it\/cultura-dimpresa\/lorgoglioso-manifesto-della-meccanica-e-i-primati-internazionali-per-marchi-e-disegno-industriale\/","name":"L\u2019orgoglioso \u201cManifesto della meccanica\u201d e i primati internazionali per marchi e disegno industriale - Fondazione Pirelli","isPartOf":{"@id":"https:\/\/www.fondazionepirelli.org\/it\/#website"},"primaryImageOfPage":{"@id":"https:\/\/127.0.0.1\/it\/cultura-dimpresa\/lorgoglioso-manifesto-della-meccanica-e-i-primati-internazionali-per-marchi-e-disegno-industriale\/#primaryimage"},"image":{"@id":"https:\/\/127.0.0.1\/it\/cultura-dimpresa\/lorgoglioso-manifesto-della-meccanica-e-i-primati-internazionali-per-marchi-e-disegno-industriale\/#primaryimage"},"thumbnailUrl":"https:\/\/wpsite-assets.fondazionepirelli.org\/wp-content\/uploads\/2019\/05\/20101859\/14175094351238712963.jpg","datePublished":"2014-12-01T00:00:00+00:00","dateModified":"2019-05-21T16:21:26+00:00","author":{"@id":"https:\/\/www.fondazionepirelli.org\/it\/#\/schema\/person\/f47d097000832c4a6e54538c791fdf25"},"breadcrumb":{"@id":"https:\/\/127.0.0.1\/it\/cultura-dimpresa\/lorgoglioso-manifesto-della-meccanica-e-i-primati-internazionali-per-marchi-e-disegno-industriale\/#breadcrumb"},"inLanguage":"it-IT","potentialAction":[{"@type":"ReadAction","target":["https:\/\/127.0.0.1\/it\/cultura-dimpresa\/lorgoglioso-manifesto-della-meccanica-e-i-primati-internazionali-per-marchi-e-disegno-industriale\/"]}]},{"@type":"ImageObject","inLanguage":"it-IT","@id":"https:\/\/127.0.0.1\/it\/cultura-dimpresa\/lorgoglioso-manifesto-della-meccanica-e-i-primati-internazionali-per-marchi-e-disegno-industriale\/#primaryimage","url":"https:\/\/wpsite-assets.fondazionepirelli.org\/wp-content\/uploads\/2019\/05\/20101859\/14175094351238712963.jpg","contentUrl":"https:\/\/wpsite-assets.fondazionepirelli.org\/wp-content\/uploads\/2019\/05\/20101859\/14175094351238712963.jpg","width":249,"height":375},{"@type":"BreadcrumbList","@id":"https:\/\/127.0.0.1\/it\/cultura-dimpresa\/lorgoglioso-manifesto-della-meccanica-e-i-primati-internazionali-per-marchi-e-disegno-industriale\/#breadcrumb","itemListElement":[{"@type":"ListItem","position":1,"name":"Home","item":"https:\/\/www.fondazionepirelli.org\/it\/"},{"@type":"ListItem","position":2,"name":"L\u2019orgoglioso \u201cManifesto della meccanica\u201d e i primati internazionali per marchi e disegno industriale"}]},{"@type":"WebSite","@id":"https:\/\/www.fondazionepirelli.org\/it\/#website","url":"https:\/\/www.fondazionepirelli.org\/it\/","name":"Fondazione Pirelli","description":"","potentialAction":[{"@type":"SearchAction","target":{"@type":"EntryPoint","urlTemplate":"https:\/\/www.fondazionepirelli.org\/it\/?s={search_term_string}"},"query-input":{"@type":"PropertyValueSpecification","valueRequired":true,"valueName":"search_term_string"}}],"inLanguage":"it-IT"},{"@type":"Person","@id":"https:\/\/www.fondazionepirelli.org\/it\/#\/schema\/person\/f47d097000832c4a6e54538c791fdf25","name":"fondadmin","image":{"@type":"ImageObject","inLanguage":"it-IT","@id":"https:\/\/www.fondazionepirelli.org\/it\/#\/schema\/person\/image\/","url":"https:\/\/secure.gravatar.com\/avatar\/e69498a9175ca244966e51e53c88712c024fcebe41f9a05f75657f1bb25e489b?s=96&d=mm&r=g","contentUrl":"https:\/\/secure.gravatar.com\/avatar\/e69498a9175ca244966e51e53c88712c024fcebe41f9a05f75657f1bb25e489b?s=96&d=mm&r=g","caption":"fondadmin"},"url":"https:\/\/www.fondazionepirelli.org\/it\/author\/fondadmin\/"}]}},"_links":{"self":[{"href":"https:\/\/www.fondazionepirelli.org\/it\/wp-json\/wp\/v2\/posts\/49952\/"}],"collection":[{"href":"https:\/\/www.fondazionepirelli.org\/it\/wp-json\/wp\/v2\/posts\/"}],"about":[{"href":"https:\/\/www.fondazionepirelli.org\/it\/wp-json\/wp\/v2\/types\/post\/"}],"author":[{"embeddable":true,"href":"https:\/\/www.fondazionepirelli.org\/it\/wp-json\/wp\/v2\/users\/1\/"}],"replies":[{"embeddable":true,"href":"https:\/\/www.fondazionepirelli.org\/it\/wp-json\/wp\/v2\/comments\/?post=49952"}],"version-history":[{"count":1,"href":"https:\/\/www.fondazionepirelli.org\/it\/wp-json\/wp\/v2\/posts\/49952\/revisions\/"}],"predecessor-version":[{"id":55740,"href":"https:\/\/www.fondazionepirelli.org\/it\/wp-json\/wp\/v2\/posts\/49952\/revisions\/55740\/"}],"wp:featuredmedia":[{"embeddable":true,"href":"https:\/\/www.fondazionepirelli.org\/it\/wp-json\/wp\/v2\/media\/49953\/"}],"wp:attachment":[{"href":"https:\/\/www.fondazionepirelli.org\/it\/wp-json\/wp\/v2\/media\/?parent=49952"}],"wp:term":[{"taxonomy":"category","embeddable":true,"href":"https:\/\/www.fondazionepirelli.org\/it\/wp-json\/wp\/v2\/categories\/?post=49952"},{"taxonomy":"post_tag","embeddable":true,"href":"https:\/\/www.fondazionepirelli.org\/it\/wp-json\/wp\/v2\/tags\/?post=49952"}],"curies":[{"name":"wp","href":"https:\/\/api.w.org\/{rel}","templated":true}]}}