{"id":49956,"date":"2014-12-01T00:00:00","date_gmt":"2014-12-01T00:00:00","guid":{"rendered":"http:\/\/www.fondazionepirelli.org\/fondazione-pirelli\/imprenditori-fatti-in-casa\/"},"modified":"2019-10-31T17:26:50","modified_gmt":"2019-10-31T15:26:50","slug":"imprenditori-fatti-in-casa","status":"publish","type":"post","link":"https:\/\/www.fondazionepirelli.org\/it\/cultura-dimpresa\/imprenditori-fatti-in-casa\/","title":{"rendered":"Imprenditori fatti in casa"},"content":{"rendered":"<p>Per capire chi \u00e8 e come lavora un imprenditore occorre conoscerne uno, anzi pi\u00f9 di uno. Perch\u00e9 la teoria dei libri serve, ma la pratica della produzione e della gestione \u00e8 \u2013 alla fine -, tutta un\u2019altra cosa. Anche, e forse soprattutto, in tempi complessi come quelli che si stanno attraversando. Avere cognizione, quindi, delle storie d\u2019impresa \u00e8 determinante per comprendere le imprese stesse.<\/p>\n<p>A questo serve l\u2019ultima fatica di Eugenio Dal Pane (scrittore e insegnante oltre che editore), che con \u201cIl lampo. Storia di genti meccaniche\u201d appena pubblicato, ha voluto raccontare per davvero una storia aziendale.<\/p>\n<p>Si tratta della vicenda della CM, azienda metalmeccanica nata nel \u201974 a San Potito frazione di Lugo di Romagna e cresciuta nel tempo con un percorso comune a molte altre aziende romagnole e italiane. Oggi, la CM produce macchine come elevatori e rovesciatori idraulici, esporta in 35 Paesi, ha collezionato tre brevetti. Dal Pane ne racconta la storia iniziando con semplice chiarezza: \u201c\u00c8 il 20 marzo 1974. Due giovani di ventiquattro e ventisei anni, Domenico Calonaci e Gabriele Calini, si presentano davanti al notaio per costituire la CM\u201d. E cos\u00ec va avanti cercando di rispondere ad una serie di domande: \u201cMa chi \u00e8 l\u2019imprenditore? Cosa muove un uomo, una donna a investire il talento ricevuto e a sacrificarsi per costruire qualcosa di buono per s\u00e9 e per tutti, in mezzo alle gioie e ai dolori, alle speranze e ai drammi propri del vivere? Quali sono i fattori che permettono all\u2019impresa di crescere e di durare nel tempo?\u201d.<\/p>\n<p>Il racconto della CM serve per arrivare alle risposte giuste. La vicenda, quindi, si dipana partendo dalla fondazione dell\u2019azienda davanti al notaio, passando per le innovazioni escogitate in officina, proseguendo \u00a0con le iniziali esplorazioni alle fiere di settore, con le prime assunzioni arrivate a sorpresa e raccontate con animo da romanzo &#8211; \u00a0(\u201cDavanti a quell\u2019officina dalla porta stretta passava ogni giorno una ragazza di sedici anni per accompagnare all\u2019asilo con la bicicletta i due nipotini, ignara di ci\u00f2 che il destino stava preparando per lei\u201d) -, per giungere al primo brevetto conquistato. Dal Pane, poi, racconta, anzi fa raccontare ai protagonisti della storia, come nascono le idee di nuovi prodotti, come ci si organizza fra produzione e vendite, cosa accade quando nella vita aziendale irrompono i fatti della vita di fuori, come avviene quella \u201cripresa\u201d che spinge avanti l\u2019imprenditore nonostante tutto. E poi ancora le fasi di passaggio comuni a tutte le imprese, il consolidamento dell\u2019attivit\u00e0, le sconfitte accanto ai successi, l\u2019individuazione dei valori aziendali (la \u201ccorrettezza\u201d, per esempio), l\u2019uso dei nuovi strumenti di produzione e di conoscenza, il valore dei collaboratori, il senso vero della squadra.<\/p>\n<p>Il libro di Dal Pane si legge in un mattino. E\u2019 denso quanto basta, scorrevole il giusto. Ed \u00e8 anche bella la postfazione di Paolo Preti (che insegna Organizzazione delle Piccole e Medie Imprese alla Bocconi), che a proposito degli imprenditori scrive qualcosa solo apparentemente scontato: \u201cNon eroi, n\u00e9 moderni miti, ma uomini e donne di cui la nostra societ\u00e0 ha particolarmente bisogno e a cui essere riconoscenti per la funzione che assolvono, anche se questa, almeno quando le cose vanno bene, risulta essere ben retribuita\u201d.<\/p><p><strong>Il lampo. Storia di genti meccaniche<\/strong><\/p>\n<p>Eugenio Dal Pane<\/p>\n<p>Itaca, 2014<\/p>\n","protected":false},"excerpt":{"rendered":"<p>Per capire chi \u00e8 e come lavora un imprenditore occorre conoscerne uno, anzi pi\u00f9 di uno. Perch\u00e9 la teoria dei libri serve, ma la pratica della produzione e della gestione \u00e8 \u2013 alla fine -, tutta un\u2019altra cosa. Anche, e forse soprattutto, in tempi complessi come quelli che si stanno attraversando. Avere cognizione, quindi, delle [&hellip;]<\/p>\n","protected":false},"author":1,"featured_media":49957,"comment_status":"open","ping_status":"open","sticky":false,"template":"","format":"standard","meta":{"footnotes":""},"categories":[52,58],"tags":[],"class_list":["post-49956","post","type-post","status-publish","format-standard","has-post-thumbnail","hentry","category-cultura-dimpresa","category-recensioni-libri"],"acf":[],"yoast_head":"<!-- This site is optimized with the Yoast SEO plugin v25.0 - https:\/\/yoast.com\/wordpress\/plugins\/seo\/ -->\n<title>Imprenditori fatti in casa - Fondazione Pirelli<\/title>\n<meta name=\"robots\" content=\"index, follow, max-snippet:-1, max-image-preview:large, max-video-preview:-1\" \/>\n<link rel=\"canonical\" href=\"https:\/\/www.fondazionepirelli.org\/it\/cultura-dimpresa\/imprenditori-fatti-in-casa\/\" \/>\n<meta property=\"og:locale\" content=\"it_IT\" \/>\n<meta property=\"og:type\" content=\"article\" \/>\n<meta property=\"og:title\" content=\"Imprenditori fatti in casa - Fondazione Pirelli\" \/>\n<meta property=\"og:description\" content=\"Per capire chi \u00e8 e come lavora un imprenditore occorre conoscerne uno, anzi pi\u00f9 di uno. Perch\u00e9 la teoria dei libri serve, ma la pratica della produzione e della gestione \u00e8 \u2013 alla fine -, tutta un\u2019altra cosa. Anche, e forse soprattutto, in tempi complessi come quelli che si stanno attraversando. Avere cognizione, quindi, delle [&hellip;]\" \/>\n<meta property=\"og:url\" content=\"https:\/\/www.fondazionepirelli.org\/it\/cultura-dimpresa\/imprenditori-fatti-in-casa\/\" \/>\n<meta property=\"og:site_name\" content=\"Fondazione Pirelli\" \/>\n<meta property=\"article:published_time\" content=\"2014-12-01T00:00:00+00:00\" \/>\n<meta property=\"article:modified_time\" content=\"2019-10-31T15:26:50+00:00\" \/>\n<meta property=\"og:image\" content=\"https:\/\/wpsite-assets.fondazionepirelli.org\/wp-content\/uploads\/2019\/05\/20101858\/1417509955864198380.jpg\" \/>\n\t<meta property=\"og:image:width\" content=\"249\" \/>\n\t<meta property=\"og:image:height\" content=\"378\" \/>\n\t<meta property=\"og:image:type\" content=\"image\/jpeg\" \/>\n<meta name=\"author\" content=\"fondadmin\" \/>\n<meta name=\"twitter:card\" content=\"summary_large_image\" \/>\n<meta name=\"twitter:label1\" content=\"Scritto da\" \/>\n\t<meta name=\"twitter:data1\" content=\"fondadmin\" \/>\n\t<meta name=\"twitter:label2\" content=\"Tempo di lettura stimato\" \/>\n\t<meta name=\"twitter:data2\" content=\"3 minuti\" \/>\n<script type=\"application\/ld+json\" class=\"yoast-schema-graph\">{\"@context\":\"https:\/\/schema.org\",\"@graph\":[{\"@type\":\"WebPage\",\"@id\":\"https:\/\/www.fondazionepirelli.org\/it\/cultura-dimpresa\/imprenditori-fatti-in-casa\/\",\"url\":\"https:\/\/www.fondazionepirelli.org\/it\/cultura-dimpresa\/imprenditori-fatti-in-casa\/\",\"name\":\"Imprenditori fatti in casa - Fondazione Pirelli\",\"isPartOf\":{\"@id\":\"https:\/\/www.fondazionepirelli.org\/it\/#website\"},\"primaryImageOfPage\":{\"@id\":\"https:\/\/www.fondazionepirelli.org\/it\/cultura-dimpresa\/imprenditori-fatti-in-casa\/#primaryimage\"},\"image\":{\"@id\":\"https:\/\/www.fondazionepirelli.org\/it\/cultura-dimpresa\/imprenditori-fatti-in-casa\/#primaryimage\"},\"thumbnailUrl\":\"https:\/\/wpsite-assets.fondazionepirelli.org\/wp-content\/uploads\/2019\/05\/20101858\/1417509955864198380.jpg\",\"datePublished\":\"2014-12-01T00:00:00+00:00\",\"dateModified\":\"2019-10-31T15:26:50+00:00\",\"author\":{\"@id\":\"https:\/\/www.fondazionepirelli.org\/it\/#\/schema\/person\/f47d097000832c4a6e54538c791fdf25\"},\"breadcrumb\":{\"@id\":\"https:\/\/www.fondazionepirelli.org\/it\/cultura-dimpresa\/imprenditori-fatti-in-casa\/#breadcrumb\"},\"inLanguage\":\"it-IT\",\"potentialAction\":[{\"@type\":\"ReadAction\",\"target\":[\"https:\/\/www.fondazionepirelli.org\/it\/cultura-dimpresa\/imprenditori-fatti-in-casa\/\"]}]},{\"@type\":\"ImageObject\",\"inLanguage\":\"it-IT\",\"@id\":\"https:\/\/www.fondazionepirelli.org\/it\/cultura-dimpresa\/imprenditori-fatti-in-casa\/#primaryimage\",\"url\":\"https:\/\/wpsite-assets.fondazionepirelli.org\/wp-content\/uploads\/2019\/05\/20101858\/1417509955864198380.jpg\",\"contentUrl\":\"https:\/\/wpsite-assets.fondazionepirelli.org\/wp-content\/uploads\/2019\/05\/20101858\/1417509955864198380.jpg\",\"width\":249,\"height\":378},{\"@type\":\"BreadcrumbList\",\"@id\":\"https:\/\/www.fondazionepirelli.org\/it\/cultura-dimpresa\/imprenditori-fatti-in-casa\/#breadcrumb\",\"itemListElement\":[{\"@type\":\"ListItem\",\"position\":1,\"name\":\"Home\",\"item\":\"https:\/\/www.fondazionepirelli.org\/it\/\"},{\"@type\":\"ListItem\",\"position\":2,\"name\":\"Imprenditori fatti in casa\"}]},{\"@type\":\"WebSite\",\"@id\":\"https:\/\/www.fondazionepirelli.org\/it\/#website\",\"url\":\"https:\/\/www.fondazionepirelli.org\/it\/\",\"name\":\"Fondazione Pirelli\",\"description\":\"\",\"potentialAction\":[{\"@type\":\"SearchAction\",\"target\":{\"@type\":\"EntryPoint\",\"urlTemplate\":\"https:\/\/www.fondazionepirelli.org\/it\/?s={search_term_string}\"},\"query-input\":{\"@type\":\"PropertyValueSpecification\",\"valueRequired\":true,\"valueName\":\"search_term_string\"}}],\"inLanguage\":\"it-IT\"},{\"@type\":\"Person\",\"@id\":\"https:\/\/www.fondazionepirelli.org\/it\/#\/schema\/person\/f47d097000832c4a6e54538c791fdf25\",\"name\":\"fondadmin\",\"image\":{\"@type\":\"ImageObject\",\"inLanguage\":\"it-IT\",\"@id\":\"https:\/\/www.fondazionepirelli.org\/it\/#\/schema\/person\/image\/\",\"url\":\"https:\/\/secure.gravatar.com\/avatar\/e69498a9175ca244966e51e53c88712c024fcebe41f9a05f75657f1bb25e489b?s=96&d=mm&r=g\",\"contentUrl\":\"https:\/\/secure.gravatar.com\/avatar\/e69498a9175ca244966e51e53c88712c024fcebe41f9a05f75657f1bb25e489b?s=96&d=mm&r=g\",\"caption\":\"fondadmin\"},\"url\":\"https:\/\/www.fondazionepirelli.org\/it\/author\/fondadmin\/\"}]}<\/script>\n<!-- \/ Yoast SEO plugin. -->","yoast_head_json":{"title":"Imprenditori fatti in casa - Fondazione Pirelli","robots":{"index":"index","follow":"follow","max-snippet":"max-snippet:-1","max-image-preview":"max-image-preview:large","max-video-preview":"max-video-preview:-1"},"canonical":"https:\/\/www.fondazionepirelli.org\/it\/cultura-dimpresa\/imprenditori-fatti-in-casa\/","og_locale":"it_IT","og_type":"article","og_title":"Imprenditori fatti in casa - Fondazione Pirelli","og_description":"Per capire chi \u00e8 e come lavora un imprenditore occorre conoscerne uno, anzi pi\u00f9 di uno. Perch\u00e9 la teoria dei libri serve, ma la pratica della produzione e della gestione \u00e8 \u2013 alla fine -, tutta un\u2019altra cosa. Anche, e forse soprattutto, in tempi complessi come quelli che si stanno attraversando. Avere cognizione, quindi, delle [&hellip;]","og_url":"https:\/\/www.fondazionepirelli.org\/it\/cultura-dimpresa\/imprenditori-fatti-in-casa\/","og_site_name":"Fondazione Pirelli","article_published_time":"2014-12-01T00:00:00+00:00","article_modified_time":"2019-10-31T15:26:50+00:00","og_image":[{"width":249,"height":378,"url":"https:\/\/wpsite-assets.fondazionepirelli.org\/wp-content\/uploads\/2019\/05\/20101858\/1417509955864198380.jpg","type":"image\/jpeg"}],"author":"fondadmin","twitter_card":"summary_large_image","twitter_misc":{"Scritto da":"fondadmin","Tempo di lettura stimato":"3 minuti"},"schema":{"@context":"https:\/\/schema.org","@graph":[{"@type":"WebPage","@id":"https:\/\/www.fondazionepirelli.org\/it\/cultura-dimpresa\/imprenditori-fatti-in-casa\/","url":"https:\/\/www.fondazionepirelli.org\/it\/cultura-dimpresa\/imprenditori-fatti-in-casa\/","name":"Imprenditori fatti in casa - Fondazione Pirelli","isPartOf":{"@id":"https:\/\/www.fondazionepirelli.org\/it\/#website"},"primaryImageOfPage":{"@id":"https:\/\/www.fondazionepirelli.org\/it\/cultura-dimpresa\/imprenditori-fatti-in-casa\/#primaryimage"},"image":{"@id":"https:\/\/www.fondazionepirelli.org\/it\/cultura-dimpresa\/imprenditori-fatti-in-casa\/#primaryimage"},"thumbnailUrl":"https:\/\/wpsite-assets.fondazionepirelli.org\/wp-content\/uploads\/2019\/05\/20101858\/1417509955864198380.jpg","datePublished":"2014-12-01T00:00:00+00:00","dateModified":"2019-10-31T15:26:50+00:00","author":{"@id":"https:\/\/www.fondazionepirelli.org\/it\/#\/schema\/person\/f47d097000832c4a6e54538c791fdf25"},"breadcrumb":{"@id":"https:\/\/www.fondazionepirelli.org\/it\/cultura-dimpresa\/imprenditori-fatti-in-casa\/#breadcrumb"},"inLanguage":"it-IT","potentialAction":[{"@type":"ReadAction","target":["https:\/\/www.fondazionepirelli.org\/it\/cultura-dimpresa\/imprenditori-fatti-in-casa\/"]}]},{"@type":"ImageObject","inLanguage":"it-IT","@id":"https:\/\/www.fondazionepirelli.org\/it\/cultura-dimpresa\/imprenditori-fatti-in-casa\/#primaryimage","url":"https:\/\/wpsite-assets.fondazionepirelli.org\/wp-content\/uploads\/2019\/05\/20101858\/1417509955864198380.jpg","contentUrl":"https:\/\/wpsite-assets.fondazionepirelli.org\/wp-content\/uploads\/2019\/05\/20101858\/1417509955864198380.jpg","width":249,"height":378},{"@type":"BreadcrumbList","@id":"https:\/\/www.fondazionepirelli.org\/it\/cultura-dimpresa\/imprenditori-fatti-in-casa\/#breadcrumb","itemListElement":[{"@type":"ListItem","position":1,"name":"Home","item":"https:\/\/www.fondazionepirelli.org\/it\/"},{"@type":"ListItem","position":2,"name":"Imprenditori fatti in casa"}]},{"@type":"WebSite","@id":"https:\/\/www.fondazionepirelli.org\/it\/#website","url":"https:\/\/www.fondazionepirelli.org\/it\/","name":"Fondazione Pirelli","description":"","potentialAction":[{"@type":"SearchAction","target":{"@type":"EntryPoint","urlTemplate":"https:\/\/www.fondazionepirelli.org\/it\/?s={search_term_string}"},"query-input":{"@type":"PropertyValueSpecification","valueRequired":true,"valueName":"search_term_string"}}],"inLanguage":"it-IT"},{"@type":"Person","@id":"https:\/\/www.fondazionepirelli.org\/it\/#\/schema\/person\/f47d097000832c4a6e54538c791fdf25","name":"fondadmin","image":{"@type":"ImageObject","inLanguage":"it-IT","@id":"https:\/\/www.fondazionepirelli.org\/it\/#\/schema\/person\/image\/","url":"https:\/\/secure.gravatar.com\/avatar\/e69498a9175ca244966e51e53c88712c024fcebe41f9a05f75657f1bb25e489b?s=96&d=mm&r=g","contentUrl":"https:\/\/secure.gravatar.com\/avatar\/e69498a9175ca244966e51e53c88712c024fcebe41f9a05f75657f1bb25e489b?s=96&d=mm&r=g","caption":"fondadmin"},"url":"https:\/\/www.fondazionepirelli.org\/it\/author\/fondadmin\/"}]}},"_links":{"self":[{"href":"https:\/\/www.fondazionepirelli.org\/it\/wp-json\/wp\/v2\/posts\/49956\/"}],"collection":[{"href":"https:\/\/www.fondazionepirelli.org\/it\/wp-json\/wp\/v2\/posts\/"}],"about":[{"href":"https:\/\/www.fondazionepirelli.org\/it\/wp-json\/wp\/v2\/types\/post\/"}],"author":[{"embeddable":true,"href":"https:\/\/www.fondazionepirelli.org\/it\/wp-json\/wp\/v2\/users\/1\/"}],"replies":[{"embeddable":true,"href":"https:\/\/www.fondazionepirelli.org\/it\/wp-json\/wp\/v2\/comments\/?post=49956"}],"version-history":[{"count":2,"href":"https:\/\/www.fondazionepirelli.org\/it\/wp-json\/wp\/v2\/posts\/49956\/revisions\/"}],"predecessor-version":[{"id":71305,"href":"https:\/\/www.fondazionepirelli.org\/it\/wp-json\/wp\/v2\/posts\/49956\/revisions\/71305\/"}],"wp:featuredmedia":[{"embeddable":true,"href":"https:\/\/www.fondazionepirelli.org\/it\/wp-json\/wp\/v2\/media\/49957\/"}],"wp:attachment":[{"href":"https:\/\/www.fondazionepirelli.org\/it\/wp-json\/wp\/v2\/media\/?parent=49956"}],"wp:term":[{"taxonomy":"category","embeddable":true,"href":"https:\/\/www.fondazionepirelli.org\/it\/wp-json\/wp\/v2\/categories\/?post=49956"},{"taxonomy":"post_tag","embeddable":true,"href":"https:\/\/www.fondazionepirelli.org\/it\/wp-json\/wp\/v2\/tags\/?post=49956"}],"curies":[{"name":"wp","href":"https:\/\/api.w.org\/{rel}","templated":true}]}}