{"id":49984,"date":"2014-11-03T00:00:00","date_gmt":"2014-11-03T00:00:00","guid":{"rendered":"http:\/\/www.fondazionepirelli.org\/fondazione-pirelli\/produrre-e-crescere-non-per-profitto\/"},"modified":"2019-10-31T17:31:22","modified_gmt":"2019-10-31T15:31:22","slug":"produrre-e-crescere-non-per-profitto","status":"publish","type":"post","link":"https:\/\/www.fondazionepirelli.org\/it\/cultura-dimpresa\/produrre-e-crescere-non-per-profitto\/","title":{"rendered":"Produrre e crescere non per profitto"},"content":{"rendered":"<p>Le imprese per produrre benessere hanno bisogno anche di filosofia. E gli imprenditori, per essere davvero tali, hanno necessit\u00e0 di essere nutriti anche con buone dosi \u00a0di umanesimo. Non sono nostalgie classiche. E non si tratta di teorie astratte, ma di necessit\u00e0 concrete. Anche se spesso, molto spesso, non comprese e non messe in pratica. \u00a0In altre parole, la cultura della buona impresa non \u00e8 fatta solo di gestione contabile, logistica efficace e tecnologia efficiente. C\u2019\u00e8 dell\u2019altro che deve essere considerato. Con l\u2019esercizio di un sano equilibrio fra tecnica e arte, fra meccanica e umanesimo; che non \u00e8 certo facile da raggiungere ma che deve essere l\u2019obiettivo finale. Condizione d\u2019altra parte resa concreta da imprenditori accorti che hanno caratterizzato di se\u2019 la storia industriale anche italiana.<\/p>\n<p>Per questo, \u00e8 interessante, bello e stimolante tornare a leggere alcuni libri come \u201cNon per profitto. Perch\u00e9 le democrazie hanno bisogno della cultura umanistica\u201d do Martha C. Nussbaum. Il volume \u2013 scritto nel 2010 e ripubblicato adesso -, costituisce una lettura (poco pi\u00f9 di 150 pagine), che si dipana lungo il filo logico del ragionamento attorno alla necessit\u00e0 di mantenere nell\u2019istruzione anche gli studi umanistici oltre che quelli tecnologici ed economici. I buoni cittadini e le vere democrazie \u2013 spiega l\u2019autrice \u2013 nascono e soprattutto progrediscono quando la capacit\u00e0 di pensare non viene meno, quando alle persone viene insegnato a pensare con propria testa. Condizione che vale anche per la crescita e lo sviluppo delle imprese. Con tutto ci\u00f2 che ne consegue.<\/p>\n<p>\u201cLa spinta al profitto \u2013 spiega la Nussbaum -, induce molti leader a pensare che la scienza e la tecnologia siano di cruciale importanza per il futuro dei paesi (\u2026). La mia preoccupazione \u00e8 che altre capacit\u00e0, altrettanto importanti, stiano correndo il rischio di sparire nel vortice della concorrenza\u2026\u201d. Il libro, quindi, ragiona sui legami fra umanesimo e democrazia, fra discipline classiche e capacit\u00e0 di crescita; affronta la complessit\u00e0 dell\u2019oggi anche sulla base di indicazioni \u201cnon tecnologiche\u201d, toccando la cronaca storica del momento (arrivando fino a Barack Obama), e ricorrendo in abbondanza a classici del pensiero pedagogico e letterario come Rabindranath Tagore e John Dewey. E\u2019 \u00a0fondamentale, poi, un passaggio che, a ben vedere, calza perfettamente anche per le imprese. \u201cI cittadini non possono relazionarsi bene alla complessit\u00e0 del mondo che li circonda soltanto grazie alla logica e al sapere fattuale. La terza competenza del cittadino, strettamente correlata alle prime due, \u00e8 ci\u00f2 che chiamiamo immaginazione narrativa. Vale a dire la capacit\u00e0 di pensarsi nei panni di un\u2019altra persona, di essere un lettore intelligente della sua storia, di comprenderne le emozioni, le aspettative e i desideri\u201d. \u00a0Parole che valgono tutte, come si \u00e8 detto, \u00a0anche per l\u2019imprenditore e la sua imprese.<\/p><p><strong>Non per profitto. Perch\u00e9 le democrazie hanno bisogno della cultura umanistica<\/strong><\/p>\n<p>Martha C. Nussbaum<\/p>\n<p>Il Mulino, 2014<\/p>\n","protected":false},"excerpt":{"rendered":"<p>Le imprese per produrre benessere hanno bisogno anche di filosofia. E gli imprenditori, per essere davvero tali, hanno necessit\u00e0 di essere nutriti anche con buone dosi \u00a0di umanesimo. Non sono nostalgie classiche. E non si tratta di teorie astratte, ma di necessit\u00e0 concrete. Anche se spesso, molto spesso, non comprese e non messe in pratica. [&hellip;]<\/p>\n","protected":false},"author":1,"featured_media":49985,"comment_status":"open","ping_status":"open","sticky":false,"template":"","format":"standard","meta":{"footnotes":""},"categories":[52,58],"tags":[],"class_list":["post-49984","post","type-post","status-publish","format-standard","has-post-thumbnail","hentry","category-cultura-dimpresa","category-recensioni-libri"],"acf":[],"yoast_head":"<!-- This site is optimized with the Yoast SEO plugin v25.0 - https:\/\/yoast.com\/wordpress\/plugins\/seo\/ -->\n<title>Produrre e crescere non per profitto - Fondazione Pirelli<\/title>\n<meta name=\"robots\" content=\"index, follow, max-snippet:-1, max-image-preview:large, max-video-preview:-1\" \/>\n<link rel=\"canonical\" href=\"https:\/\/www.fondazionepirelli.org\/it\/cultura-dimpresa\/produrre-e-crescere-non-per-profitto\/\" \/>\n<meta property=\"og:locale\" content=\"it_IT\" \/>\n<meta property=\"og:type\" content=\"article\" \/>\n<meta property=\"og:title\" content=\"Produrre e crescere non per profitto - Fondazione Pirelli\" \/>\n<meta property=\"og:description\" content=\"Le imprese per produrre benessere hanno bisogno anche di filosofia. E gli imprenditori, per essere davvero tali, hanno necessit\u00e0 di essere nutriti anche con buone dosi \u00a0di umanesimo. Non sono nostalgie classiche. E non si tratta di teorie astratte, ma di necessit\u00e0 concrete. Anche se spesso, molto spesso, non comprese e non messe in pratica. [&hellip;]\" \/>\n<meta property=\"og:url\" content=\"https:\/\/www.fondazionepirelli.org\/it\/cultura-dimpresa\/produrre-e-crescere-non-per-profitto\/\" \/>\n<meta property=\"og:site_name\" content=\"Fondazione Pirelli\" \/>\n<meta property=\"article:published_time\" content=\"2014-11-03T00:00:00+00:00\" \/>\n<meta property=\"article:modified_time\" content=\"2019-10-31T15:31:22+00:00\" \/>\n<meta property=\"og:image\" content=\"https:\/\/wpsite-assets.fondazionepirelli.org\/wp-content\/uploads\/2019\/05\/20101853\/14150979611244250231.jpg\" \/>\n\t<meta property=\"og:image:width\" content=\"241\" \/>\n\t<meta property=\"og:image:height\" content=\"379\" \/>\n\t<meta property=\"og:image:type\" content=\"image\/jpeg\" \/>\n<meta name=\"author\" content=\"fondadmin\" \/>\n<meta name=\"twitter:card\" content=\"summary_large_image\" \/>\n<meta name=\"twitter:label1\" content=\"Scritto da\" \/>\n\t<meta name=\"twitter:data1\" content=\"fondadmin\" \/>\n\t<meta name=\"twitter:label2\" content=\"Tempo di lettura stimato\" \/>\n\t<meta name=\"twitter:data2\" content=\"2 minuti\" \/>\n<script type=\"application\/ld+json\" class=\"yoast-schema-graph\">{\"@context\":\"https:\/\/schema.org\",\"@graph\":[{\"@type\":\"WebPage\",\"@id\":\"https:\/\/www.fondazionepirelli.org\/it\/cultura-dimpresa\/produrre-e-crescere-non-per-profitto\/\",\"url\":\"https:\/\/www.fondazionepirelli.org\/it\/cultura-dimpresa\/produrre-e-crescere-non-per-profitto\/\",\"name\":\"Produrre e crescere non per profitto - Fondazione Pirelli\",\"isPartOf\":{\"@id\":\"https:\/\/www.fondazionepirelli.org\/it\/#website\"},\"primaryImageOfPage\":{\"@id\":\"https:\/\/www.fondazionepirelli.org\/it\/cultura-dimpresa\/produrre-e-crescere-non-per-profitto\/#primaryimage\"},\"image\":{\"@id\":\"https:\/\/www.fondazionepirelli.org\/it\/cultura-dimpresa\/produrre-e-crescere-non-per-profitto\/#primaryimage\"},\"thumbnailUrl\":\"https:\/\/wpsite-assets.fondazionepirelli.org\/wp-content\/uploads\/2019\/05\/20101853\/14150979611244250231.jpg\",\"datePublished\":\"2014-11-03T00:00:00+00:00\",\"dateModified\":\"2019-10-31T15:31:22+00:00\",\"author\":{\"@id\":\"https:\/\/www.fondazionepirelli.org\/it\/#\/schema\/person\/f47d097000832c4a6e54538c791fdf25\"},\"breadcrumb\":{\"@id\":\"https:\/\/www.fondazionepirelli.org\/it\/cultura-dimpresa\/produrre-e-crescere-non-per-profitto\/#breadcrumb\"},\"inLanguage\":\"it-IT\",\"potentialAction\":[{\"@type\":\"ReadAction\",\"target\":[\"https:\/\/www.fondazionepirelli.org\/it\/cultura-dimpresa\/produrre-e-crescere-non-per-profitto\/\"]}]},{\"@type\":\"ImageObject\",\"inLanguage\":\"it-IT\",\"@id\":\"https:\/\/www.fondazionepirelli.org\/it\/cultura-dimpresa\/produrre-e-crescere-non-per-profitto\/#primaryimage\",\"url\":\"https:\/\/wpsite-assets.fondazionepirelli.org\/wp-content\/uploads\/2019\/05\/20101853\/14150979611244250231.jpg\",\"contentUrl\":\"https:\/\/wpsite-assets.fondazionepirelli.org\/wp-content\/uploads\/2019\/05\/20101853\/14150979611244250231.jpg\",\"width\":241,\"height\":379},{\"@type\":\"BreadcrumbList\",\"@id\":\"https:\/\/www.fondazionepirelli.org\/it\/cultura-dimpresa\/produrre-e-crescere-non-per-profitto\/#breadcrumb\",\"itemListElement\":[{\"@type\":\"ListItem\",\"position\":1,\"name\":\"Home\",\"item\":\"https:\/\/www.fondazionepirelli.org\/it\/\"},{\"@type\":\"ListItem\",\"position\":2,\"name\":\"Produrre e crescere non per profitto\"}]},{\"@type\":\"WebSite\",\"@id\":\"https:\/\/www.fondazionepirelli.org\/it\/#website\",\"url\":\"https:\/\/www.fondazionepirelli.org\/it\/\",\"name\":\"Fondazione Pirelli\",\"description\":\"\",\"potentialAction\":[{\"@type\":\"SearchAction\",\"target\":{\"@type\":\"EntryPoint\",\"urlTemplate\":\"https:\/\/www.fondazionepirelli.org\/it\/?s={search_term_string}\"},\"query-input\":{\"@type\":\"PropertyValueSpecification\",\"valueRequired\":true,\"valueName\":\"search_term_string\"}}],\"inLanguage\":\"it-IT\"},{\"@type\":\"Person\",\"@id\":\"https:\/\/www.fondazionepirelli.org\/it\/#\/schema\/person\/f47d097000832c4a6e54538c791fdf25\",\"name\":\"fondadmin\",\"image\":{\"@type\":\"ImageObject\",\"inLanguage\":\"it-IT\",\"@id\":\"https:\/\/www.fondazionepirelli.org\/it\/#\/schema\/person\/image\/\",\"url\":\"https:\/\/secure.gravatar.com\/avatar\/e69498a9175ca244966e51e53c88712c024fcebe41f9a05f75657f1bb25e489b?s=96&d=mm&r=g\",\"contentUrl\":\"https:\/\/secure.gravatar.com\/avatar\/e69498a9175ca244966e51e53c88712c024fcebe41f9a05f75657f1bb25e489b?s=96&d=mm&r=g\",\"caption\":\"fondadmin\"},\"url\":\"https:\/\/www.fondazionepirelli.org\/it\/author\/fondadmin\/\"}]}<\/script>\n<!-- \/ Yoast SEO plugin. -->","yoast_head_json":{"title":"Produrre e crescere non per profitto - Fondazione Pirelli","robots":{"index":"index","follow":"follow","max-snippet":"max-snippet:-1","max-image-preview":"max-image-preview:large","max-video-preview":"max-video-preview:-1"},"canonical":"https:\/\/www.fondazionepirelli.org\/it\/cultura-dimpresa\/produrre-e-crescere-non-per-profitto\/","og_locale":"it_IT","og_type":"article","og_title":"Produrre e crescere non per profitto - Fondazione Pirelli","og_description":"Le imprese per produrre benessere hanno bisogno anche di filosofia. E gli imprenditori, per essere davvero tali, hanno necessit\u00e0 di essere nutriti anche con buone dosi \u00a0di umanesimo. Non sono nostalgie classiche. E non si tratta di teorie astratte, ma di necessit\u00e0 concrete. Anche se spesso, molto spesso, non comprese e non messe in pratica. [&hellip;]","og_url":"https:\/\/www.fondazionepirelli.org\/it\/cultura-dimpresa\/produrre-e-crescere-non-per-profitto\/","og_site_name":"Fondazione Pirelli","article_published_time":"2014-11-03T00:00:00+00:00","article_modified_time":"2019-10-31T15:31:22+00:00","og_image":[{"width":241,"height":379,"url":"https:\/\/wpsite-assets.fondazionepirelli.org\/wp-content\/uploads\/2019\/05\/20101853\/14150979611244250231.jpg","type":"image\/jpeg"}],"author":"fondadmin","twitter_card":"summary_large_image","twitter_misc":{"Scritto da":"fondadmin","Tempo di lettura stimato":"2 minuti"},"schema":{"@context":"https:\/\/schema.org","@graph":[{"@type":"WebPage","@id":"https:\/\/www.fondazionepirelli.org\/it\/cultura-dimpresa\/produrre-e-crescere-non-per-profitto\/","url":"https:\/\/www.fondazionepirelli.org\/it\/cultura-dimpresa\/produrre-e-crescere-non-per-profitto\/","name":"Produrre e crescere non per profitto - Fondazione Pirelli","isPartOf":{"@id":"https:\/\/www.fondazionepirelli.org\/it\/#website"},"primaryImageOfPage":{"@id":"https:\/\/www.fondazionepirelli.org\/it\/cultura-dimpresa\/produrre-e-crescere-non-per-profitto\/#primaryimage"},"image":{"@id":"https:\/\/www.fondazionepirelli.org\/it\/cultura-dimpresa\/produrre-e-crescere-non-per-profitto\/#primaryimage"},"thumbnailUrl":"https:\/\/wpsite-assets.fondazionepirelli.org\/wp-content\/uploads\/2019\/05\/20101853\/14150979611244250231.jpg","datePublished":"2014-11-03T00:00:00+00:00","dateModified":"2019-10-31T15:31:22+00:00","author":{"@id":"https:\/\/www.fondazionepirelli.org\/it\/#\/schema\/person\/f47d097000832c4a6e54538c791fdf25"},"breadcrumb":{"@id":"https:\/\/www.fondazionepirelli.org\/it\/cultura-dimpresa\/produrre-e-crescere-non-per-profitto\/#breadcrumb"},"inLanguage":"it-IT","potentialAction":[{"@type":"ReadAction","target":["https:\/\/www.fondazionepirelli.org\/it\/cultura-dimpresa\/produrre-e-crescere-non-per-profitto\/"]}]},{"@type":"ImageObject","inLanguage":"it-IT","@id":"https:\/\/www.fondazionepirelli.org\/it\/cultura-dimpresa\/produrre-e-crescere-non-per-profitto\/#primaryimage","url":"https:\/\/wpsite-assets.fondazionepirelli.org\/wp-content\/uploads\/2019\/05\/20101853\/14150979611244250231.jpg","contentUrl":"https:\/\/wpsite-assets.fondazionepirelli.org\/wp-content\/uploads\/2019\/05\/20101853\/14150979611244250231.jpg","width":241,"height":379},{"@type":"BreadcrumbList","@id":"https:\/\/www.fondazionepirelli.org\/it\/cultura-dimpresa\/produrre-e-crescere-non-per-profitto\/#breadcrumb","itemListElement":[{"@type":"ListItem","position":1,"name":"Home","item":"https:\/\/www.fondazionepirelli.org\/it\/"},{"@type":"ListItem","position":2,"name":"Produrre e crescere non per profitto"}]},{"@type":"WebSite","@id":"https:\/\/www.fondazionepirelli.org\/it\/#website","url":"https:\/\/www.fondazionepirelli.org\/it\/","name":"Fondazione Pirelli","description":"","potentialAction":[{"@type":"SearchAction","target":{"@type":"EntryPoint","urlTemplate":"https:\/\/www.fondazionepirelli.org\/it\/?s={search_term_string}"},"query-input":{"@type":"PropertyValueSpecification","valueRequired":true,"valueName":"search_term_string"}}],"inLanguage":"it-IT"},{"@type":"Person","@id":"https:\/\/www.fondazionepirelli.org\/it\/#\/schema\/person\/f47d097000832c4a6e54538c791fdf25","name":"fondadmin","image":{"@type":"ImageObject","inLanguage":"it-IT","@id":"https:\/\/www.fondazionepirelli.org\/it\/#\/schema\/person\/image\/","url":"https:\/\/secure.gravatar.com\/avatar\/e69498a9175ca244966e51e53c88712c024fcebe41f9a05f75657f1bb25e489b?s=96&d=mm&r=g","contentUrl":"https:\/\/secure.gravatar.com\/avatar\/e69498a9175ca244966e51e53c88712c024fcebe41f9a05f75657f1bb25e489b?s=96&d=mm&r=g","caption":"fondadmin"},"url":"https:\/\/www.fondazionepirelli.org\/it\/author\/fondadmin\/"}]}},"_links":{"self":[{"href":"https:\/\/www.fondazionepirelli.org\/it\/wp-json\/wp\/v2\/posts\/49984\/"}],"collection":[{"href":"https:\/\/www.fondazionepirelli.org\/it\/wp-json\/wp\/v2\/posts\/"}],"about":[{"href":"https:\/\/www.fondazionepirelli.org\/it\/wp-json\/wp\/v2\/types\/post\/"}],"author":[{"embeddable":true,"href":"https:\/\/www.fondazionepirelli.org\/it\/wp-json\/wp\/v2\/users\/1\/"}],"replies":[{"embeddable":true,"href":"https:\/\/www.fondazionepirelli.org\/it\/wp-json\/wp\/v2\/comments\/?post=49984"}],"version-history":[{"count":2,"href":"https:\/\/www.fondazionepirelli.org\/it\/wp-json\/wp\/v2\/posts\/49984\/revisions\/"}],"predecessor-version":[{"id":71310,"href":"https:\/\/www.fondazionepirelli.org\/it\/wp-json\/wp\/v2\/posts\/49984\/revisions\/71310\/"}],"wp:featuredmedia":[{"embeddable":true,"href":"https:\/\/www.fondazionepirelli.org\/it\/wp-json\/wp\/v2\/media\/49985\/"}],"wp:attachment":[{"href":"https:\/\/www.fondazionepirelli.org\/it\/wp-json\/wp\/v2\/media\/?parent=49984"}],"wp:term":[{"taxonomy":"category","embeddable":true,"href":"https:\/\/www.fondazionepirelli.org\/it\/wp-json\/wp\/v2\/categories\/?post=49984"},{"taxonomy":"post_tag","embeddable":true,"href":"https:\/\/www.fondazionepirelli.org\/it\/wp-json\/wp\/v2\/tags\/?post=49984"}],"curies":[{"name":"wp","href":"https:\/\/api.w.org\/{rel}","templated":true}]}}