{"id":49993,"date":"2014-10-27T00:00:00","date_gmt":"2014-10-27T00:00:00","guid":{"rendered":"http:\/\/www.fondazionepirelli.org\/fondazione-pirelli\/come-sono-le-imprese-del-nord-europa\/"},"modified":"2019-05-24T16:29:13","modified_gmt":"2019-05-24T16:29:13","slug":"come-sono-le-imprese-del-nord-europa","status":"publish","type":"post","link":"https:\/\/www.fondazionepirelli.org\/it\/cultura-dimpresa\/come-sono-le-imprese-del-nord-europa\/","title":{"rendered":"Come sono le imprese del Nord Europa?"},"content":{"rendered":"<p>Ogni Paese ha la sua impresa. Perch\u00e9 caratteri sociali, cultura e storia finiscono per lasciare l\u2019impronta anche sull\u2019organizzazione della produzione, sul concetto di profitto, sulle forme imprenditoriali che danno vita alle imprese e le fanno funzionare. Tutto questo al di l\u00e0 dei principi generali di organizzazione economica e della produzione. Capire dov\u2019\u00e8 l\u2019impresa, quindi, serve per comprendere meglio la sua natura e la sua evoluzione. Anche quando si parla di aree evolute dal punto di vista economico, esempi di efficienza produttiva e attenzione sociale.<\/p>\n<p>E\u2019 utile, quindi, leggere \u201cComparing National and Business Culture in the Nordic Countries A Finnish Perspective\u201d che indaga la cultura d\u2019impresa dei Paesi Nordici (Danimarca, Norvegia, Svezia, Finlandia, Islanda). L\u2019articolo \u2013 apparso su \u00a0Arcada Working Papers (2\/2014) della Arcada University of Applied Sciences in Finlandia -, \u00e8 un \u00a0testo breve, semplice e chiaro, utile a capire l\u2019approccio alla produzione e all\u2019impresa diffuso nell\u2019area. Scritto a pi\u00f9 mani da Charlotta Jakobssoni, Daria Loktevaii, Angel Lawsoniii, Ville Str\u00f6mbergiv, Carl-Johan Rosenbr\u00f6ijer (Arcada University of Applied Sciences, Finland, Department of Business Management and Analytics), l\u2019articolo fornisce dopo un\u2019impostazione metodologica, le linee essenziali della cultura d\u2019impresa di ogni Paese. Ogni cultura viene esaminata prendendo a riferimento alcuni tratti: il rapporto con le istituzioni, il confronto fra individualismo e socializzazione nella produzione, le relazioni fra i sessi nell\u2019ambito della produzione, l\u2019approccio alle situazioni di incertezza e di rischio, il livello di pragmatismo, il livello di rigidit\u00e0 di fronte alle regole. Tutto, viene poi sintetizzato in una grande tabella comparativa, facile da leggere e da usare.<\/p>\n<p>La conclusione \u00e8 che, nonostante molto similarit\u00e0, la cultura d\u2019impresa nei Paesi Nordici presenta anche alcune importanti differenze che tuttavia non appaiono se si guarda dall\u2019esterno all\u2019area presa nel suo complesso. Leggere questa ricerca conduce proprio alla comprensione dei particolari che altrimenti rimarrebbero nascosti.<\/p><p><strong>Comparing National and Business Culture in the Nordic Countries A Finnish Perspective<\/strong><\/p>\n<p>Charlotta Jakobssoni, Daria Loktevaii, Angel Lawsoniii, Ville Str\u00f6mbergiv, Carl-Johan Rosenbr\u00f6ijer (Arcada University of Applied Sciences, Finland, Department of Business Management and Analytics)<\/p>\n<p>Arcada Working Papers 2\/2014, p. 8-20<\/p>\n","protected":false},"excerpt":{"rendered":"<p>Ogni Paese ha la sua impresa. Perch\u00e9 caratteri sociali, cultura e storia finiscono per lasciare l\u2019impronta anche sull\u2019organizzazione della produzione, sul concetto di profitto, sulle forme imprenditoriali che danno vita alle imprese e le fanno funzionare. Tutto questo al di l\u00e0 dei principi generali di organizzazione economica e della produzione. Capire dov\u2019\u00e8 l\u2019impresa, quindi, serve [&hellip;]<\/p>\n","protected":false},"author":1,"featured_media":0,"comment_status":"open","ping_status":"open","sticky":false,"template":"","format":"standard","meta":{"footnotes":""},"categories":[54,52],"tags":[],"class_list":["post-49993","post","type-post","status-publish","format-standard","hentry","category-approfondimenti","category-cultura-dimpresa"],"acf":[],"yoast_head":"<!-- This site is optimized with the Yoast SEO plugin v25.0 - https:\/\/yoast.com\/wordpress\/plugins\/seo\/ -->\n<title>Come sono le imprese del Nord Europa? - Fondazione Pirelli<\/title>\n<meta name=\"robots\" content=\"index, follow, max-snippet:-1, max-image-preview:large, max-video-preview:-1\" \/>\n<link rel=\"canonical\" href=\"https:\/\/www.fondazionepirelli.org\/it\/cultura-dimpresa\/come-sono-le-imprese-del-nord-europa\/\" \/>\n<meta property=\"og:locale\" content=\"it_IT\" \/>\n<meta property=\"og:type\" content=\"article\" \/>\n<meta property=\"og:title\" content=\"Come sono le imprese del Nord Europa? - Fondazione Pirelli\" \/>\n<meta property=\"og:description\" content=\"Ogni Paese ha la sua impresa. Perch\u00e9 caratteri sociali, cultura e storia finiscono per lasciare l\u2019impronta anche sull\u2019organizzazione della produzione, sul concetto di profitto, sulle forme imprenditoriali che danno vita alle imprese e le fanno funzionare. Tutto questo al di l\u00e0 dei principi generali di organizzazione economica e della produzione. Capire dov\u2019\u00e8 l\u2019impresa, quindi, serve [&hellip;]\" \/>\n<meta property=\"og:url\" content=\"https:\/\/127.0.0.1\/it\/cultura-dimpresa\/come-sono-le-imprese-del-nord-europa\/\" \/>\n<meta property=\"og:site_name\" content=\"Fondazione Pirelli\" \/>\n<meta property=\"article:published_time\" content=\"2014-10-27T00:00:00+00:00\" \/>\n<meta property=\"article:modified_time\" content=\"2019-05-24T16:29:13+00:00\" \/>\n<meta name=\"author\" content=\"fondadmin\" \/>\n<meta name=\"twitter:card\" content=\"summary_large_image\" \/>\n<meta name=\"twitter:label1\" content=\"Scritto da\" \/>\n\t<meta name=\"twitter:data1\" content=\"fondadmin\" \/>\n\t<meta name=\"twitter:label2\" content=\"Tempo di lettura stimato\" \/>\n\t<meta name=\"twitter:data2\" content=\"2 minuti\" \/>\n<script type=\"application\/ld+json\" class=\"yoast-schema-graph\">{\"@context\":\"https:\/\/schema.org\",\"@graph\":[{\"@type\":\"WebPage\",\"@id\":\"https:\/\/127.0.0.1\/it\/cultura-dimpresa\/come-sono-le-imprese-del-nord-europa\/\",\"url\":\"https:\/\/127.0.0.1\/it\/cultura-dimpresa\/come-sono-le-imprese-del-nord-europa\/\",\"name\":\"Come sono le imprese del Nord Europa? - Fondazione Pirelli\",\"isPartOf\":{\"@id\":\"https:\/\/www.fondazionepirelli.org\/it\/#website\"},\"datePublished\":\"2014-10-27T00:00:00+00:00\",\"dateModified\":\"2019-05-24T16:29:13+00:00\",\"author\":{\"@id\":\"https:\/\/www.fondazionepirelli.org\/it\/#\/schema\/person\/f47d097000832c4a6e54538c791fdf25\"},\"breadcrumb\":{\"@id\":\"https:\/\/127.0.0.1\/it\/cultura-dimpresa\/come-sono-le-imprese-del-nord-europa\/#breadcrumb\"},\"inLanguage\":\"it-IT\",\"potentialAction\":[{\"@type\":\"ReadAction\",\"target\":[\"https:\/\/127.0.0.1\/it\/cultura-dimpresa\/come-sono-le-imprese-del-nord-europa\/\"]}]},{\"@type\":\"BreadcrumbList\",\"@id\":\"https:\/\/127.0.0.1\/it\/cultura-dimpresa\/come-sono-le-imprese-del-nord-europa\/#breadcrumb\",\"itemListElement\":[{\"@type\":\"ListItem\",\"position\":1,\"name\":\"Home\",\"item\":\"https:\/\/www.fondazionepirelli.org\/it\/\"},{\"@type\":\"ListItem\",\"position\":2,\"name\":\"Come sono le imprese del Nord Europa?\"}]},{\"@type\":\"WebSite\",\"@id\":\"https:\/\/www.fondazionepirelli.org\/it\/#website\",\"url\":\"https:\/\/www.fondazionepirelli.org\/it\/\",\"name\":\"Fondazione Pirelli\",\"description\":\"\",\"potentialAction\":[{\"@type\":\"SearchAction\",\"target\":{\"@type\":\"EntryPoint\",\"urlTemplate\":\"https:\/\/www.fondazionepirelli.org\/it\/?s={search_term_string}\"},\"query-input\":{\"@type\":\"PropertyValueSpecification\",\"valueRequired\":true,\"valueName\":\"search_term_string\"}}],\"inLanguage\":\"it-IT\"},{\"@type\":\"Person\",\"@id\":\"https:\/\/www.fondazionepirelli.org\/it\/#\/schema\/person\/f47d097000832c4a6e54538c791fdf25\",\"name\":\"fondadmin\",\"image\":{\"@type\":\"ImageObject\",\"inLanguage\":\"it-IT\",\"@id\":\"https:\/\/www.fondazionepirelli.org\/it\/#\/schema\/person\/image\/\",\"url\":\"https:\/\/secure.gravatar.com\/avatar\/e69498a9175ca244966e51e53c88712c024fcebe41f9a05f75657f1bb25e489b?s=96&d=mm&r=g\",\"contentUrl\":\"https:\/\/secure.gravatar.com\/avatar\/e69498a9175ca244966e51e53c88712c024fcebe41f9a05f75657f1bb25e489b?s=96&d=mm&r=g\",\"caption\":\"fondadmin\"},\"url\":\"https:\/\/www.fondazionepirelli.org\/it\/author\/fondadmin\/\"}]}<\/script>\n<!-- \/ Yoast SEO plugin. -->","yoast_head_json":{"title":"Come sono le imprese del Nord Europa? - Fondazione Pirelli","robots":{"index":"index","follow":"follow","max-snippet":"max-snippet:-1","max-image-preview":"max-image-preview:large","max-video-preview":"max-video-preview:-1"},"canonical":"https:\/\/www.fondazionepirelli.org\/it\/cultura-dimpresa\/come-sono-le-imprese-del-nord-europa\/","og_locale":"it_IT","og_type":"article","og_title":"Come sono le imprese del Nord Europa? - Fondazione Pirelli","og_description":"Ogni Paese ha la sua impresa. Perch\u00e9 caratteri sociali, cultura e storia finiscono per lasciare l\u2019impronta anche sull\u2019organizzazione della produzione, sul concetto di profitto, sulle forme imprenditoriali che danno vita alle imprese e le fanno funzionare. Tutto questo al di l\u00e0 dei principi generali di organizzazione economica e della produzione. Capire dov\u2019\u00e8 l\u2019impresa, quindi, serve [&hellip;]","og_url":"https:\/\/127.0.0.1\/it\/cultura-dimpresa\/come-sono-le-imprese-del-nord-europa\/","og_site_name":"Fondazione Pirelli","article_published_time":"2014-10-27T00:00:00+00:00","article_modified_time":"2019-05-24T16:29:13+00:00","author":"fondadmin","twitter_card":"summary_large_image","twitter_misc":{"Scritto da":"fondadmin","Tempo di lettura stimato":"2 minuti"},"schema":{"@context":"https:\/\/schema.org","@graph":[{"@type":"WebPage","@id":"https:\/\/127.0.0.1\/it\/cultura-dimpresa\/come-sono-le-imprese-del-nord-europa\/","url":"https:\/\/127.0.0.1\/it\/cultura-dimpresa\/come-sono-le-imprese-del-nord-europa\/","name":"Come sono le imprese del Nord Europa? - Fondazione Pirelli","isPartOf":{"@id":"https:\/\/www.fondazionepirelli.org\/it\/#website"},"datePublished":"2014-10-27T00:00:00+00:00","dateModified":"2019-05-24T16:29:13+00:00","author":{"@id":"https:\/\/www.fondazionepirelli.org\/it\/#\/schema\/person\/f47d097000832c4a6e54538c791fdf25"},"breadcrumb":{"@id":"https:\/\/127.0.0.1\/it\/cultura-dimpresa\/come-sono-le-imprese-del-nord-europa\/#breadcrumb"},"inLanguage":"it-IT","potentialAction":[{"@type":"ReadAction","target":["https:\/\/127.0.0.1\/it\/cultura-dimpresa\/come-sono-le-imprese-del-nord-europa\/"]}]},{"@type":"BreadcrumbList","@id":"https:\/\/127.0.0.1\/it\/cultura-dimpresa\/come-sono-le-imprese-del-nord-europa\/#breadcrumb","itemListElement":[{"@type":"ListItem","position":1,"name":"Home","item":"https:\/\/www.fondazionepirelli.org\/it\/"},{"@type":"ListItem","position":2,"name":"Come sono le imprese del Nord Europa?"}]},{"@type":"WebSite","@id":"https:\/\/www.fondazionepirelli.org\/it\/#website","url":"https:\/\/www.fondazionepirelli.org\/it\/","name":"Fondazione Pirelli","description":"","potentialAction":[{"@type":"SearchAction","target":{"@type":"EntryPoint","urlTemplate":"https:\/\/www.fondazionepirelli.org\/it\/?s={search_term_string}"},"query-input":{"@type":"PropertyValueSpecification","valueRequired":true,"valueName":"search_term_string"}}],"inLanguage":"it-IT"},{"@type":"Person","@id":"https:\/\/www.fondazionepirelli.org\/it\/#\/schema\/person\/f47d097000832c4a6e54538c791fdf25","name":"fondadmin","image":{"@type":"ImageObject","inLanguage":"it-IT","@id":"https:\/\/www.fondazionepirelli.org\/it\/#\/schema\/person\/image\/","url":"https:\/\/secure.gravatar.com\/avatar\/e69498a9175ca244966e51e53c88712c024fcebe41f9a05f75657f1bb25e489b?s=96&d=mm&r=g","contentUrl":"https:\/\/secure.gravatar.com\/avatar\/e69498a9175ca244966e51e53c88712c024fcebe41f9a05f75657f1bb25e489b?s=96&d=mm&r=g","caption":"fondadmin"},"url":"https:\/\/www.fondazionepirelli.org\/it\/author\/fondadmin\/"}]}},"_links":{"self":[{"href":"https:\/\/www.fondazionepirelli.org\/it\/wp-json\/wp\/v2\/posts\/49993\/"}],"collection":[{"href":"https:\/\/www.fondazionepirelli.org\/it\/wp-json\/wp\/v2\/posts\/"}],"about":[{"href":"https:\/\/www.fondazionepirelli.org\/it\/wp-json\/wp\/v2\/types\/post\/"}],"author":[{"embeddable":true,"href":"https:\/\/www.fondazionepirelli.org\/it\/wp-json\/wp\/v2\/users\/1\/"}],"replies":[{"embeddable":true,"href":"https:\/\/www.fondazionepirelli.org\/it\/wp-json\/wp\/v2\/comments\/?post=49993"}],"version-history":[{"count":1,"href":"https:\/\/www.fondazionepirelli.org\/it\/wp-json\/wp\/v2\/posts\/49993\/revisions\/"}],"predecessor-version":[{"id":56079,"href":"https:\/\/www.fondazionepirelli.org\/it\/wp-json\/wp\/v2\/posts\/49993\/revisions\/56079\/"}],"wp:attachment":[{"href":"https:\/\/www.fondazionepirelli.org\/it\/wp-json\/wp\/v2\/media\/?parent=49993"}],"wp:term":[{"taxonomy":"category","embeddable":true,"href":"https:\/\/www.fondazionepirelli.org\/it\/wp-json\/wp\/v2\/categories\/?post=49993"},{"taxonomy":"post_tag","embeddable":true,"href":"https:\/\/www.fondazionepirelli.org\/it\/wp-json\/wp\/v2\/tags\/?post=49993"}],"curies":[{"name":"wp","href":"https:\/\/api.w.org\/{rel}","templated":true}]}}