{"id":49994,"date":"2014-10-27T00:00:00","date_gmt":"2014-10-27T00:00:00","guid":{"rendered":"http:\/\/www.fondazionepirelli.org\/fondazione-pirelli\/limpresa-limprenditore-e-i-suoi-uomini\/"},"modified":"2019-10-31T17:30:29","modified_gmt":"2019-10-31T15:30:29","slug":"limpresa-limprenditore-e-i-suoi-uomini","status":"publish","type":"post","link":"https:\/\/www.fondazionepirelli.org\/it\/cultura-dimpresa\/limpresa-limprenditore-e-i-suoi-uomini\/","title":{"rendered":"L\u2019impresa, l\u2019imprenditore e i suoi uomini"},"content":{"rendered":"<p>Le aziende diventano imprese quando l\u2019imprenditore agisce. Ma le imprese non possono essere tali se non vi \u00e8 anche la presenza di un\u2019organizzazione e di uomini che le fanno funzionare con il loro lavoro. Constatazione normale e ovvia, questa porta con se\u2019 un obbligo: se si vuole per davvero conoscere l\u2019impresa non basta conoscerne l\u2019imprenditore, ma occorre anche avere un\u2019idea precisa della sua organizzazione, degli uomini che la animano e del loro lavoro.<\/p>\n<p>Per questo sono utili volumi come \u201cPersone, lavoro, organizzazione. Una lettura psicologica della vita organizzativa\u201d apparso recentemente e ultima fatica di Pier Giorgio Gabassi (professore ordinario di psicologia del lavoro e delle organizzazioni all&#8217;Universit\u00e0 degli Studi di Trieste) e di Maria Lisa Garzitto (dottore di ricerca in psicologia del lavoro e delle risorse umane).<\/p>\n<p>Il libro \u2013 di circa 350 pagine -, ripercorre l\u2019evoluzione dei modelli e dei concetti elaborati per descrivere e interpretare ogni realt\u00e0 lavorativa e organizzativa. Si tratta di un vero \u201cstrumento di conoscenza\u201d, una sorta di manuale di base per chi vuole conoscere di pi\u00f9 della psicologia applicata ai contesti organizzativi. Ci\u00f2 che oggi serve, quindi, soprattutto nel momento in cui si ha necessit\u00e0 di passare dalla tecnologia all\u2019uomo, dalla macchina alla psicologia dei rapporti umani che formano di se\u2019 un\u2019impresa.<\/p>\n<p>Il volume parte da un\u2019idea di base: persone, lavoro e organizzazione costituiscono un intreccio di fenomeni complessi. Il libro poi ragiona sul fatto che la concezione antropocentrica del lavoro rimette al centro del sistema produttivo l&#8217;esperienza della persona: gli aspetti cognitivi ed emotivi riprendono spazio e considerazione umana dopo la lunga stagione di \u201cindustrialismo duro\u201d, che aveva profondamente segnato l&#8217;esperienza umana di molti lavoratori.<\/p>\n<p>Fra i temi affrontati il tempo e la soggettivit\u00e0 lavorativa, la divisione del lavoro, la relazioni umane in azienda e le loro applicazioni gestionali, l&#8217;Organization Development, il Total Quality Management, la cultura organizzativa, il clima organizzativo, la comunicazione organizzativa, e poi ancora il leadership e management, il conflitto e il negoziato in fabbrica, la formazione, la valutazione nelle organizzazioni, ma anche la retribuzione e contratto psicologico, l&#8217;ergonomia e il lavoro, lo stress e sofferenza lavorativa, il mobbing, i comportamenti di consumo.<\/p>\n<p>L\u2019uomo e la fabbrica dunque, la persona e l\u2019impresa in tutte le loro varie sfaccettature. Un libro che si fa leggere \u00a0e che deve essere letto.<\/p><p><strong>Persone, lavoro, organizzazione. Una lettura psicologica della vita organizzativa<\/strong><\/p>\n<p>Piergiorgio Gabassi , Maria Luisa Garzitto<\/p>\n<p>Franco Angeli, 2014<\/p>\n","protected":false},"excerpt":{"rendered":"<p>Le aziende diventano imprese quando l\u2019imprenditore agisce. Ma le imprese non possono essere tali se non vi \u00e8 anche la presenza di un\u2019organizzazione e di uomini che le fanno funzionare con il loro lavoro. Constatazione normale e ovvia, questa porta con se\u2019 un obbligo: se si vuole per davvero conoscere l\u2019impresa non basta conoscerne l\u2019imprenditore, [&hellip;]<\/p>\n","protected":false},"author":1,"featured_media":49995,"comment_status":"open","ping_status":"open","sticky":false,"template":"","format":"standard","meta":{"footnotes":""},"categories":[52,58],"tags":[],"class_list":["post-49994","post","type-post","status-publish","format-standard","has-post-thumbnail","hentry","category-cultura-dimpresa","category-recensioni-libri"],"acf":[],"yoast_head":"<!-- This site is optimized with the Yoast SEO plugin v25.0 - https:\/\/yoast.com\/wordpress\/plugins\/seo\/ -->\n<title>L\u2019impresa, l\u2019imprenditore e i suoi uomini - Fondazione Pirelli<\/title>\n<meta name=\"robots\" content=\"index, follow, max-snippet:-1, max-image-preview:large, max-video-preview:-1\" \/>\n<link rel=\"canonical\" href=\"https:\/\/www.fondazionepirelli.org\/it\/cultura-dimpresa\/limpresa-limprenditore-e-i-suoi-uomini\/\" \/>\n<meta property=\"og:locale\" content=\"it_IT\" \/>\n<meta property=\"og:type\" content=\"article\" \/>\n<meta property=\"og:title\" content=\"L\u2019impresa, l\u2019imprenditore e i suoi uomini - Fondazione Pirelli\" \/>\n<meta property=\"og:description\" content=\"Le aziende diventano imprese quando l\u2019imprenditore agisce. Ma le imprese non possono essere tali se non vi \u00e8 anche la presenza di un\u2019organizzazione e di uomini che le fanno funzionare con il loro lavoro. Constatazione normale e ovvia, questa porta con se\u2019 un obbligo: se si vuole per davvero conoscere l\u2019impresa non basta conoscerne l\u2019imprenditore, [&hellip;]\" \/>\n<meta property=\"og:url\" content=\"https:\/\/127.0.0.1\/it\/cultura-dimpresa\/limpresa-limprenditore-e-i-suoi-uomini\/\" \/>\n<meta property=\"og:site_name\" content=\"Fondazione Pirelli\" \/>\n<meta property=\"article:published_time\" content=\"2014-10-27T00:00:00+00:00\" \/>\n<meta property=\"article:modified_time\" content=\"2019-10-31T15:30:29+00:00\" \/>\n<meta property=\"og:image\" content=\"https:\/\/wpsite-assets.fondazionepirelli.org\/wp-content\/uploads\/2019\/05\/20101852\/1414482527688738980.jpg\" \/>\n\t<meta property=\"og:image:width\" content=\"200\" \/>\n\t<meta property=\"og:image:height\" content=\"298\" \/>\n\t<meta property=\"og:image:type\" content=\"image\/jpeg\" \/>\n<meta name=\"author\" content=\"fondadmin\" \/>\n<meta name=\"twitter:card\" content=\"summary_large_image\" \/>\n<meta name=\"twitter:label1\" content=\"Scritto da\" \/>\n\t<meta name=\"twitter:data1\" content=\"fondadmin\" \/>\n\t<meta name=\"twitter:label2\" content=\"Tempo di lettura stimato\" \/>\n\t<meta name=\"twitter:data2\" content=\"2 minuti\" \/>\n<script type=\"application\/ld+json\" class=\"yoast-schema-graph\">{\"@context\":\"https:\/\/schema.org\",\"@graph\":[{\"@type\":\"WebPage\",\"@id\":\"https:\/\/127.0.0.1\/it\/cultura-dimpresa\/limpresa-limprenditore-e-i-suoi-uomini\/\",\"url\":\"https:\/\/127.0.0.1\/it\/cultura-dimpresa\/limpresa-limprenditore-e-i-suoi-uomini\/\",\"name\":\"L\u2019impresa, l\u2019imprenditore e i suoi uomini - Fondazione Pirelli\",\"isPartOf\":{\"@id\":\"https:\/\/www.fondazionepirelli.org\/it\/#website\"},\"primaryImageOfPage\":{\"@id\":\"https:\/\/127.0.0.1\/it\/cultura-dimpresa\/limpresa-limprenditore-e-i-suoi-uomini\/#primaryimage\"},\"image\":{\"@id\":\"https:\/\/127.0.0.1\/it\/cultura-dimpresa\/limpresa-limprenditore-e-i-suoi-uomini\/#primaryimage\"},\"thumbnailUrl\":\"https:\/\/wpsite-assets.fondazionepirelli.org\/wp-content\/uploads\/2019\/05\/20101852\/1414482527688738980.jpg\",\"datePublished\":\"2014-10-27T00:00:00+00:00\",\"dateModified\":\"2019-10-31T15:30:29+00:00\",\"author\":{\"@id\":\"https:\/\/www.fondazionepirelli.org\/it\/#\/schema\/person\/f47d097000832c4a6e54538c791fdf25\"},\"breadcrumb\":{\"@id\":\"https:\/\/127.0.0.1\/it\/cultura-dimpresa\/limpresa-limprenditore-e-i-suoi-uomini\/#breadcrumb\"},\"inLanguage\":\"it-IT\",\"potentialAction\":[{\"@type\":\"ReadAction\",\"target\":[\"https:\/\/127.0.0.1\/it\/cultura-dimpresa\/limpresa-limprenditore-e-i-suoi-uomini\/\"]}]},{\"@type\":\"ImageObject\",\"inLanguage\":\"it-IT\",\"@id\":\"https:\/\/127.0.0.1\/it\/cultura-dimpresa\/limpresa-limprenditore-e-i-suoi-uomini\/#primaryimage\",\"url\":\"https:\/\/wpsite-assets.fondazionepirelli.org\/wp-content\/uploads\/2019\/05\/20101852\/1414482527688738980.jpg\",\"contentUrl\":\"https:\/\/wpsite-assets.fondazionepirelli.org\/wp-content\/uploads\/2019\/05\/20101852\/1414482527688738980.jpg\",\"width\":200,\"height\":298},{\"@type\":\"BreadcrumbList\",\"@id\":\"https:\/\/127.0.0.1\/it\/cultura-dimpresa\/limpresa-limprenditore-e-i-suoi-uomini\/#breadcrumb\",\"itemListElement\":[{\"@type\":\"ListItem\",\"position\":1,\"name\":\"Home\",\"item\":\"https:\/\/www.fondazionepirelli.org\/it\/\"},{\"@type\":\"ListItem\",\"position\":2,\"name\":\"L\u2019impresa, l\u2019imprenditore e i suoi uomini\"}]},{\"@type\":\"WebSite\",\"@id\":\"https:\/\/www.fondazionepirelli.org\/it\/#website\",\"url\":\"https:\/\/www.fondazionepirelli.org\/it\/\",\"name\":\"Fondazione Pirelli\",\"description\":\"\",\"potentialAction\":[{\"@type\":\"SearchAction\",\"target\":{\"@type\":\"EntryPoint\",\"urlTemplate\":\"https:\/\/www.fondazionepirelli.org\/it\/?s={search_term_string}\"},\"query-input\":{\"@type\":\"PropertyValueSpecification\",\"valueRequired\":true,\"valueName\":\"search_term_string\"}}],\"inLanguage\":\"it-IT\"},{\"@type\":\"Person\",\"@id\":\"https:\/\/www.fondazionepirelli.org\/it\/#\/schema\/person\/f47d097000832c4a6e54538c791fdf25\",\"name\":\"fondadmin\",\"image\":{\"@type\":\"ImageObject\",\"inLanguage\":\"it-IT\",\"@id\":\"https:\/\/www.fondazionepirelli.org\/it\/#\/schema\/person\/image\/\",\"url\":\"https:\/\/secure.gravatar.com\/avatar\/e69498a9175ca244966e51e53c88712c024fcebe41f9a05f75657f1bb25e489b?s=96&d=mm&r=g\",\"contentUrl\":\"https:\/\/secure.gravatar.com\/avatar\/e69498a9175ca244966e51e53c88712c024fcebe41f9a05f75657f1bb25e489b?s=96&d=mm&r=g\",\"caption\":\"fondadmin\"},\"url\":\"https:\/\/www.fondazionepirelli.org\/it\/author\/fondadmin\/\"}]}<\/script>\n<!-- \/ Yoast SEO plugin. -->","yoast_head_json":{"title":"L\u2019impresa, l\u2019imprenditore e i suoi uomini - Fondazione Pirelli","robots":{"index":"index","follow":"follow","max-snippet":"max-snippet:-1","max-image-preview":"max-image-preview:large","max-video-preview":"max-video-preview:-1"},"canonical":"https:\/\/www.fondazionepirelli.org\/it\/cultura-dimpresa\/limpresa-limprenditore-e-i-suoi-uomini\/","og_locale":"it_IT","og_type":"article","og_title":"L\u2019impresa, l\u2019imprenditore e i suoi uomini - Fondazione Pirelli","og_description":"Le aziende diventano imprese quando l\u2019imprenditore agisce. Ma le imprese non possono essere tali se non vi \u00e8 anche la presenza di un\u2019organizzazione e di uomini che le fanno funzionare con il loro lavoro. Constatazione normale e ovvia, questa porta con se\u2019 un obbligo: se si vuole per davvero conoscere l\u2019impresa non basta conoscerne l\u2019imprenditore, [&hellip;]","og_url":"https:\/\/127.0.0.1\/it\/cultura-dimpresa\/limpresa-limprenditore-e-i-suoi-uomini\/","og_site_name":"Fondazione Pirelli","article_published_time":"2014-10-27T00:00:00+00:00","article_modified_time":"2019-10-31T15:30:29+00:00","og_image":[{"width":200,"height":298,"url":"https:\/\/wpsite-assets.fondazionepirelli.org\/wp-content\/uploads\/2019\/05\/20101852\/1414482527688738980.jpg","type":"image\/jpeg"}],"author":"fondadmin","twitter_card":"summary_large_image","twitter_misc":{"Scritto da":"fondadmin","Tempo di lettura stimato":"2 minuti"},"schema":{"@context":"https:\/\/schema.org","@graph":[{"@type":"WebPage","@id":"https:\/\/127.0.0.1\/it\/cultura-dimpresa\/limpresa-limprenditore-e-i-suoi-uomini\/","url":"https:\/\/127.0.0.1\/it\/cultura-dimpresa\/limpresa-limprenditore-e-i-suoi-uomini\/","name":"L\u2019impresa, l\u2019imprenditore e i suoi uomini - Fondazione Pirelli","isPartOf":{"@id":"https:\/\/www.fondazionepirelli.org\/it\/#website"},"primaryImageOfPage":{"@id":"https:\/\/127.0.0.1\/it\/cultura-dimpresa\/limpresa-limprenditore-e-i-suoi-uomini\/#primaryimage"},"image":{"@id":"https:\/\/127.0.0.1\/it\/cultura-dimpresa\/limpresa-limprenditore-e-i-suoi-uomini\/#primaryimage"},"thumbnailUrl":"https:\/\/wpsite-assets.fondazionepirelli.org\/wp-content\/uploads\/2019\/05\/20101852\/1414482527688738980.jpg","datePublished":"2014-10-27T00:00:00+00:00","dateModified":"2019-10-31T15:30:29+00:00","author":{"@id":"https:\/\/www.fondazionepirelli.org\/it\/#\/schema\/person\/f47d097000832c4a6e54538c791fdf25"},"breadcrumb":{"@id":"https:\/\/127.0.0.1\/it\/cultura-dimpresa\/limpresa-limprenditore-e-i-suoi-uomini\/#breadcrumb"},"inLanguage":"it-IT","potentialAction":[{"@type":"ReadAction","target":["https:\/\/127.0.0.1\/it\/cultura-dimpresa\/limpresa-limprenditore-e-i-suoi-uomini\/"]}]},{"@type":"ImageObject","inLanguage":"it-IT","@id":"https:\/\/127.0.0.1\/it\/cultura-dimpresa\/limpresa-limprenditore-e-i-suoi-uomini\/#primaryimage","url":"https:\/\/wpsite-assets.fondazionepirelli.org\/wp-content\/uploads\/2019\/05\/20101852\/1414482527688738980.jpg","contentUrl":"https:\/\/wpsite-assets.fondazionepirelli.org\/wp-content\/uploads\/2019\/05\/20101852\/1414482527688738980.jpg","width":200,"height":298},{"@type":"BreadcrumbList","@id":"https:\/\/127.0.0.1\/it\/cultura-dimpresa\/limpresa-limprenditore-e-i-suoi-uomini\/#breadcrumb","itemListElement":[{"@type":"ListItem","position":1,"name":"Home","item":"https:\/\/www.fondazionepirelli.org\/it\/"},{"@type":"ListItem","position":2,"name":"L\u2019impresa, l\u2019imprenditore e i suoi uomini"}]},{"@type":"WebSite","@id":"https:\/\/www.fondazionepirelli.org\/it\/#website","url":"https:\/\/www.fondazionepirelli.org\/it\/","name":"Fondazione Pirelli","description":"","potentialAction":[{"@type":"SearchAction","target":{"@type":"EntryPoint","urlTemplate":"https:\/\/www.fondazionepirelli.org\/it\/?s={search_term_string}"},"query-input":{"@type":"PropertyValueSpecification","valueRequired":true,"valueName":"search_term_string"}}],"inLanguage":"it-IT"},{"@type":"Person","@id":"https:\/\/www.fondazionepirelli.org\/it\/#\/schema\/person\/f47d097000832c4a6e54538c791fdf25","name":"fondadmin","image":{"@type":"ImageObject","inLanguage":"it-IT","@id":"https:\/\/www.fondazionepirelli.org\/it\/#\/schema\/person\/image\/","url":"https:\/\/secure.gravatar.com\/avatar\/e69498a9175ca244966e51e53c88712c024fcebe41f9a05f75657f1bb25e489b?s=96&d=mm&r=g","contentUrl":"https:\/\/secure.gravatar.com\/avatar\/e69498a9175ca244966e51e53c88712c024fcebe41f9a05f75657f1bb25e489b?s=96&d=mm&r=g","caption":"fondadmin"},"url":"https:\/\/www.fondazionepirelli.org\/it\/author\/fondadmin\/"}]}},"_links":{"self":[{"href":"https:\/\/www.fondazionepirelli.org\/it\/wp-json\/wp\/v2\/posts\/49994\/"}],"collection":[{"href":"https:\/\/www.fondazionepirelli.org\/it\/wp-json\/wp\/v2\/posts\/"}],"about":[{"href":"https:\/\/www.fondazionepirelli.org\/it\/wp-json\/wp\/v2\/types\/post\/"}],"author":[{"embeddable":true,"href":"https:\/\/www.fondazionepirelli.org\/it\/wp-json\/wp\/v2\/users\/1\/"}],"replies":[{"embeddable":true,"href":"https:\/\/www.fondazionepirelli.org\/it\/wp-json\/wp\/v2\/comments\/?post=49994"}],"version-history":[{"count":2,"href":"https:\/\/www.fondazionepirelli.org\/it\/wp-json\/wp\/v2\/posts\/49994\/revisions\/"}],"predecessor-version":[{"id":71309,"href":"https:\/\/www.fondazionepirelli.org\/it\/wp-json\/wp\/v2\/posts\/49994\/revisions\/71309\/"}],"wp:featuredmedia":[{"embeddable":true,"href":"https:\/\/www.fondazionepirelli.org\/it\/wp-json\/wp\/v2\/media\/49995\/"}],"wp:attachment":[{"href":"https:\/\/www.fondazionepirelli.org\/it\/wp-json\/wp\/v2\/media\/?parent=49994"}],"wp:term":[{"taxonomy":"category","embeddable":true,"href":"https:\/\/www.fondazionepirelli.org\/it\/wp-json\/wp\/v2\/categories\/?post=49994"},{"taxonomy":"post_tag","embeddable":true,"href":"https:\/\/www.fondazionepirelli.org\/it\/wp-json\/wp\/v2\/tags\/?post=49994"}],"curies":[{"name":"wp","href":"https:\/\/api.w.org\/{rel}","templated":true}]}}