{"id":50021,"date":"2014-10-06T00:00:00","date_gmt":"2014-10-06T00:00:00","guid":{"rendered":"http:\/\/www.fondazionepirelli.org\/fondazione-pirelli\/manifattura-digitale-o-industriale\/"},"modified":"2019-05-24T16:22:39","modified_gmt":"2019-05-24T16:22:39","slug":"manifattura-digitale-o-industriale","status":"publish","type":"post","link":"https:\/\/www.fondazionepirelli.org\/it\/cultura-dimpresa\/manifattura-digitale-o-industriale\/","title":{"rendered":"Manifattura digitale o industriale?"},"content":{"rendered":"<p>Rivoluzione industriale prima, rivoluzione digitale dopo. La manifattura in mezzo. Con le sue fabbriche, gli uffici, una cultura della produzione che nasce, si evolve, cambia forma ma rimane sempre l\u2019essenza della natura dell\u2019imprenditore che raccoglie i fattori della produzione, li organizza, produce ricchezza. Capire cosa \u00e8 accaduto e cosa sta accadendo, \u00e8 utile per comprendere cosa accadr\u00e0 domani. Soprattutto quando, dal generale, si guarda al particolare, ai casi pratici, al vissuto di imprese e lavoratori.<\/p>\n<p>E\u2019 quanto viene fatto da \u201cIntegrata, intelligente, digitale: il futuro della manifattura\u201d, una raccolta di sette ricerche (con nove autori), sull\u2019area industriale lombarda e pi\u00f9 in generale sull\u2019industria italiana, apparsa in Imprese &amp; Citt\u00e0, la rivista della Camera di commercio di Milano (edizione Autunno 2014).<\/p>\n<p>La serie di interventi \u00e8 unita da un filo logico che parte da una considerazione contenuta nelle prime righe della presentazione: \u201cLa fuoriuscita dalla crisi dipender\u00e0 dall\u2019emergere di una nuova generazione di imprenditori in grado di dare risposte innovative ai problemi che il nostro tempo pone: nuove aree di business e di prodotti offerti, nuovi modelli organizzativi, nuovi stili di consumo\u201d.<\/p>\n<p>Il ragionamento ruota appunto attorno all\u2019unione fra tradizione e innovazione, fra vecchi e nuovi operai, tra fabbriche e laboratori digitali ed ha come perno ancora una volta l\u2019imprenditore con il suo estro..<\/p>\n<p>Fra i temi degli interventi: la \u201crivoluzione\u201d digitale della manifattura, i rapporti fra ricerca e produzione, la collocazione del Made in China, i rapporti fra lavoratori e \u201cnuove ondate tecnologiche\u201d, la convivenza fra designer, artigiani e auto produttori. Si ragiona quindi sulla cosiddetta \u201cproduzione additiva\u201d \u00a0e sui rapporti fra fabbriche e modalit\u00e0 di \u201cproduzione intelligente\u201d, ma anche di \u201ctragedie\u201d industriale dei tempi moderni. Nel testo si parla naturalmente di esportazione, nuova organizzazione del lavoro, burocrazia, concorrenza, innovazione. Ma il valore aggiunto sta nel trovare insieme \u2013 su uno stesso tema -, interventi da approcci diversi, che si integrano e si compensano a vicenda. Alla base di tutto questo la convinzione \u201cdell\u2019effetto sistemico\u201d dell\u2019innovazione tecnologica.<\/p>\n<p>Interessante e importante anche il saggio di Mauro Magatti (sociologico ed economista presso l\u2019Universit\u00e0 Cattolica di Milano), \u201cConsiderazioni intempestive per una nuova generazione di imprenditori\u201d, che delinea una sintesi, traccia una strada utile da percorrere con le tappe date da ogni singolo intervento. Un viaggio nella cultura d\u2019impresa odierna che fa bene a tutti.<\/p><p><strong>Integrata, intelligente, digitale: il futuro della manifattura<\/strong><\/p>\n<p>AA.VV.<\/p>\n<p>Imprese&amp;Citt\u00e0, n. 04 \u2013 2014 \u2013 Rivista della Camera di commercio di Milano (Guerini e Associati)<\/p>\n","protected":false},"excerpt":{"rendered":"<p>Rivoluzione industriale prima, rivoluzione digitale dopo. La manifattura in mezzo. Con le sue fabbriche, gli uffici, una cultura della produzione che nasce, si evolve, cambia forma ma rimane sempre l\u2019essenza della natura dell\u2019imprenditore che raccoglie i fattori della produzione, li organizza, produce ricchezza. Capire cosa \u00e8 accaduto e cosa sta accadendo, \u00e8 utile per comprendere [&hellip;]<\/p>\n","protected":false},"author":1,"featured_media":0,"comment_status":"open","ping_status":"open","sticky":false,"template":"","format":"standard","meta":{"footnotes":""},"categories":[54,52],"tags":[],"class_list":["post-50021","post","type-post","status-publish","format-standard","hentry","category-approfondimenti","category-cultura-dimpresa"],"acf":[],"yoast_head":"<!-- This site is optimized with the Yoast SEO plugin v25.0 - https:\/\/yoast.com\/wordpress\/plugins\/seo\/ -->\n<title>Manifattura digitale o industriale? - Fondazione Pirelli<\/title>\n<meta name=\"robots\" content=\"index, follow, max-snippet:-1, max-image-preview:large, max-video-preview:-1\" \/>\n<link rel=\"canonical\" href=\"https:\/\/www.fondazionepirelli.org\/it\/cultura-dimpresa\/manifattura-digitale-o-industriale\/\" \/>\n<meta property=\"og:locale\" content=\"it_IT\" \/>\n<meta property=\"og:type\" content=\"article\" \/>\n<meta property=\"og:title\" content=\"Manifattura digitale o industriale? - Fondazione Pirelli\" \/>\n<meta property=\"og:description\" content=\"Rivoluzione industriale prima, rivoluzione digitale dopo. La manifattura in mezzo. Con le sue fabbriche, gli uffici, una cultura della produzione che nasce, si evolve, cambia forma ma rimane sempre l\u2019essenza della natura dell\u2019imprenditore che raccoglie i fattori della produzione, li organizza, produce ricchezza. Capire cosa \u00e8 accaduto e cosa sta accadendo, \u00e8 utile per comprendere [&hellip;]\" \/>\n<meta property=\"og:url\" content=\"https:\/\/127.0.0.1\/it\/cultura-dimpresa\/manifattura-digitale-o-industriale\/\" \/>\n<meta property=\"og:site_name\" content=\"Fondazione Pirelli\" \/>\n<meta property=\"article:published_time\" content=\"2014-10-06T00:00:00+00:00\" \/>\n<meta property=\"article:modified_time\" content=\"2019-05-24T16:22:39+00:00\" \/>\n<meta name=\"author\" content=\"fondadmin\" \/>\n<meta name=\"twitter:card\" content=\"summary_large_image\" \/>\n<meta name=\"twitter:label1\" content=\"Scritto da\" \/>\n\t<meta name=\"twitter:data1\" content=\"fondadmin\" \/>\n\t<meta name=\"twitter:label2\" content=\"Tempo di lettura stimato\" \/>\n\t<meta name=\"twitter:data2\" content=\"2 minuti\" \/>\n<script type=\"application\/ld+json\" class=\"yoast-schema-graph\">{\"@context\":\"https:\/\/schema.org\",\"@graph\":[{\"@type\":\"WebPage\",\"@id\":\"https:\/\/127.0.0.1\/it\/cultura-dimpresa\/manifattura-digitale-o-industriale\/\",\"url\":\"https:\/\/127.0.0.1\/it\/cultura-dimpresa\/manifattura-digitale-o-industriale\/\",\"name\":\"Manifattura digitale o industriale? - Fondazione Pirelli\",\"isPartOf\":{\"@id\":\"https:\/\/www.fondazionepirelli.org\/it\/#website\"},\"datePublished\":\"2014-10-06T00:00:00+00:00\",\"dateModified\":\"2019-05-24T16:22:39+00:00\",\"author\":{\"@id\":\"https:\/\/www.fondazionepirelli.org\/it\/#\/schema\/person\/f47d097000832c4a6e54538c791fdf25\"},\"breadcrumb\":{\"@id\":\"https:\/\/127.0.0.1\/it\/cultura-dimpresa\/manifattura-digitale-o-industriale\/#breadcrumb\"},\"inLanguage\":\"it-IT\",\"potentialAction\":[{\"@type\":\"ReadAction\",\"target\":[\"https:\/\/127.0.0.1\/it\/cultura-dimpresa\/manifattura-digitale-o-industriale\/\"]}]},{\"@type\":\"BreadcrumbList\",\"@id\":\"https:\/\/127.0.0.1\/it\/cultura-dimpresa\/manifattura-digitale-o-industriale\/#breadcrumb\",\"itemListElement\":[{\"@type\":\"ListItem\",\"position\":1,\"name\":\"Home\",\"item\":\"https:\/\/www.fondazionepirelli.org\/it\/\"},{\"@type\":\"ListItem\",\"position\":2,\"name\":\"Manifattura digitale o industriale?\"}]},{\"@type\":\"WebSite\",\"@id\":\"https:\/\/www.fondazionepirelli.org\/it\/#website\",\"url\":\"https:\/\/www.fondazionepirelli.org\/it\/\",\"name\":\"Fondazione Pirelli\",\"description\":\"\",\"potentialAction\":[{\"@type\":\"SearchAction\",\"target\":{\"@type\":\"EntryPoint\",\"urlTemplate\":\"https:\/\/www.fondazionepirelli.org\/it\/?s={search_term_string}\"},\"query-input\":{\"@type\":\"PropertyValueSpecification\",\"valueRequired\":true,\"valueName\":\"search_term_string\"}}],\"inLanguage\":\"it-IT\"},{\"@type\":\"Person\",\"@id\":\"https:\/\/www.fondazionepirelli.org\/it\/#\/schema\/person\/f47d097000832c4a6e54538c791fdf25\",\"name\":\"fondadmin\",\"image\":{\"@type\":\"ImageObject\",\"inLanguage\":\"it-IT\",\"@id\":\"https:\/\/www.fondazionepirelli.org\/it\/#\/schema\/person\/image\/\",\"url\":\"https:\/\/secure.gravatar.com\/avatar\/e69498a9175ca244966e51e53c88712c024fcebe41f9a05f75657f1bb25e489b?s=96&d=mm&r=g\",\"contentUrl\":\"https:\/\/secure.gravatar.com\/avatar\/e69498a9175ca244966e51e53c88712c024fcebe41f9a05f75657f1bb25e489b?s=96&d=mm&r=g\",\"caption\":\"fondadmin\"},\"url\":\"https:\/\/www.fondazionepirelli.org\/it\/author\/fondadmin\/\"}]}<\/script>\n<!-- \/ Yoast SEO plugin. -->","yoast_head_json":{"title":"Manifattura digitale o industriale? - Fondazione Pirelli","robots":{"index":"index","follow":"follow","max-snippet":"max-snippet:-1","max-image-preview":"max-image-preview:large","max-video-preview":"max-video-preview:-1"},"canonical":"https:\/\/www.fondazionepirelli.org\/it\/cultura-dimpresa\/manifattura-digitale-o-industriale\/","og_locale":"it_IT","og_type":"article","og_title":"Manifattura digitale o industriale? - Fondazione Pirelli","og_description":"Rivoluzione industriale prima, rivoluzione digitale dopo. La manifattura in mezzo. Con le sue fabbriche, gli uffici, una cultura della produzione che nasce, si evolve, cambia forma ma rimane sempre l\u2019essenza della natura dell\u2019imprenditore che raccoglie i fattori della produzione, li organizza, produce ricchezza. Capire cosa \u00e8 accaduto e cosa sta accadendo, \u00e8 utile per comprendere [&hellip;]","og_url":"https:\/\/127.0.0.1\/it\/cultura-dimpresa\/manifattura-digitale-o-industriale\/","og_site_name":"Fondazione Pirelli","article_published_time":"2014-10-06T00:00:00+00:00","article_modified_time":"2019-05-24T16:22:39+00:00","author":"fondadmin","twitter_card":"summary_large_image","twitter_misc":{"Scritto da":"fondadmin","Tempo di lettura stimato":"2 minuti"},"schema":{"@context":"https:\/\/schema.org","@graph":[{"@type":"WebPage","@id":"https:\/\/127.0.0.1\/it\/cultura-dimpresa\/manifattura-digitale-o-industriale\/","url":"https:\/\/127.0.0.1\/it\/cultura-dimpresa\/manifattura-digitale-o-industriale\/","name":"Manifattura digitale o industriale? - Fondazione Pirelli","isPartOf":{"@id":"https:\/\/www.fondazionepirelli.org\/it\/#website"},"datePublished":"2014-10-06T00:00:00+00:00","dateModified":"2019-05-24T16:22:39+00:00","author":{"@id":"https:\/\/www.fondazionepirelli.org\/it\/#\/schema\/person\/f47d097000832c4a6e54538c791fdf25"},"breadcrumb":{"@id":"https:\/\/127.0.0.1\/it\/cultura-dimpresa\/manifattura-digitale-o-industriale\/#breadcrumb"},"inLanguage":"it-IT","potentialAction":[{"@type":"ReadAction","target":["https:\/\/127.0.0.1\/it\/cultura-dimpresa\/manifattura-digitale-o-industriale\/"]}]},{"@type":"BreadcrumbList","@id":"https:\/\/127.0.0.1\/it\/cultura-dimpresa\/manifattura-digitale-o-industriale\/#breadcrumb","itemListElement":[{"@type":"ListItem","position":1,"name":"Home","item":"https:\/\/www.fondazionepirelli.org\/it\/"},{"@type":"ListItem","position":2,"name":"Manifattura digitale o industriale?"}]},{"@type":"WebSite","@id":"https:\/\/www.fondazionepirelli.org\/it\/#website","url":"https:\/\/www.fondazionepirelli.org\/it\/","name":"Fondazione Pirelli","description":"","potentialAction":[{"@type":"SearchAction","target":{"@type":"EntryPoint","urlTemplate":"https:\/\/www.fondazionepirelli.org\/it\/?s={search_term_string}"},"query-input":{"@type":"PropertyValueSpecification","valueRequired":true,"valueName":"search_term_string"}}],"inLanguage":"it-IT"},{"@type":"Person","@id":"https:\/\/www.fondazionepirelli.org\/it\/#\/schema\/person\/f47d097000832c4a6e54538c791fdf25","name":"fondadmin","image":{"@type":"ImageObject","inLanguage":"it-IT","@id":"https:\/\/www.fondazionepirelli.org\/it\/#\/schema\/person\/image\/","url":"https:\/\/secure.gravatar.com\/avatar\/e69498a9175ca244966e51e53c88712c024fcebe41f9a05f75657f1bb25e489b?s=96&d=mm&r=g","contentUrl":"https:\/\/secure.gravatar.com\/avatar\/e69498a9175ca244966e51e53c88712c024fcebe41f9a05f75657f1bb25e489b?s=96&d=mm&r=g","caption":"fondadmin"},"url":"https:\/\/www.fondazionepirelli.org\/it\/author\/fondadmin\/"}]}},"_links":{"self":[{"href":"https:\/\/www.fondazionepirelli.org\/it\/wp-json\/wp\/v2\/posts\/50021\/"}],"collection":[{"href":"https:\/\/www.fondazionepirelli.org\/it\/wp-json\/wp\/v2\/posts\/"}],"about":[{"href":"https:\/\/www.fondazionepirelli.org\/it\/wp-json\/wp\/v2\/types\/post\/"}],"author":[{"embeddable":true,"href":"https:\/\/www.fondazionepirelli.org\/it\/wp-json\/wp\/v2\/users\/1\/"}],"replies":[{"embeddable":true,"href":"https:\/\/www.fondazionepirelli.org\/it\/wp-json\/wp\/v2\/comments\/?post=50021"}],"version-history":[{"count":1,"href":"https:\/\/www.fondazionepirelli.org\/it\/wp-json\/wp\/v2\/posts\/50021\/revisions\/"}],"predecessor-version":[{"id":56073,"href":"https:\/\/www.fondazionepirelli.org\/it\/wp-json\/wp\/v2\/posts\/50021\/revisions\/56073\/"}],"wp:attachment":[{"href":"https:\/\/www.fondazionepirelli.org\/it\/wp-json\/wp\/v2\/media\/?parent=50021"}],"wp:term":[{"taxonomy":"category","embeddable":true,"href":"https:\/\/www.fondazionepirelli.org\/it\/wp-json\/wp\/v2\/categories\/?post=50021"},{"taxonomy":"post_tag","embeddable":true,"href":"https:\/\/www.fondazionepirelli.org\/it\/wp-json\/wp\/v2\/tags\/?post=50021"}],"curies":[{"name":"wp","href":"https:\/\/api.w.org\/{rel}","templated":true}]}}