{"id":50037,"date":"2014-09-23T00:00:00","date_gmt":"2014-09-23T00:00:00","guid":{"rendered":"http:\/\/www.fondazionepirelli.org\/fondazione-pirelli\/pirelli-e-la-musica-quando-arrivo-a-suonare-john-cage\/"},"modified":"2022-01-28T14:02:10","modified_gmt":"2022-01-28T13:02:10","slug":"pirelli-e-la-musica-quando-arrivo-a-suonare-john-cage","status":"publish","type":"post","link":"https:\/\/www.fondazionepirelli.org\/it\/iniziative\/storie-dal-mondo-pirelli\/pirelli-e-la-musica-quando-arrivo-a-suonare-john-cage\/","title":{"rendered":"Pirelli e la musica, quando arriv\u00f2 a suonare John Cage&#8230;"},"content":{"rendered":"<p id=\"\">C\u2019\u00e8 un solido rapporto, tra Pirelli e la grande musica. Oggi, i \u201c<span class=\"Apple-style-span\" style=\"font-weight: bold;\">concerti in fabbrica<\/span>\u201d a Settimo Torinese (quest\u2019anno alla terza edizione, con l\u2019esecuzione della Prima e della Settima Sinfonia di Beethoven) e con l\u2019ospitalit\u00e0 per le prove dell\u2019<span class=\"Apple-style-span\" style=\"font-weight: bold;\">Orchestra da Camera Italiana<\/span> diretta da <span class=\"Apple-style-span\" style=\"font-weight: bold;\">Salvatore Accardo<\/span> e per il sostegno all\u2019<strong>Orchestra Verdi<\/strong>.<\/p>\n<p>Ma, appena ieri, nel cuore degli anni Cinquanta di grandi innovazioni e trasformazioni culturali in Italia e in Europa, con il dialogo con un musicista d\u2019avanguardia: <strong>John Cage<\/strong>. Personaggio straordinario, il musicista americano. Molti lo ricorderanno come autore del rivoluzionario <strong>brano 4\u201933\u201d<\/strong> &#8211; il totale dei <strong>minuti di silenzio<\/strong>. Altri per aver partecipato a \u201cLascia o raddoppia?\u201d di <a href=\"https:\/\/www.rivistapirelli.org\/it\/selezione_antologica\/verso-una-civilta-della-visione\/\" target=\"_blank\" rel=\"noopener noreferrer\"><span class=\"Apple-style-span\" style=\"font-weight: bold;\">Mike Bongiorno<\/span><\/a> come esperto di funghi. Altri ancora, per aver fatto scalpore con un <strong>concerto per caffettiere<\/strong>. Di certo \u00e8 un personaggio che rompe il conformismo, innova, lascia il segno.<\/p>\n<p id=\"\">Siamo nel <strong>1954<\/strong> e <span class=\"Apple-style-span\">John Cage<\/span>, compositore e teorico musicale di Los Angeles, tra i pi\u00f9 importanti protagonisti dell\u2019<strong>avanguardia musicale<\/strong> e figura chiave del Ventesimo secolo, in Italia \u00e8 ancora quasi del tutto sconosciuto. La sua musica \u00e8 considerata dai pi\u00f9 eccentrica e \u201cscandalosa\u201d. Nel corso della sua prima \u201ctourn\u00e9e\u201d europea \u00e8 chiamato ad esibirsi al <span class=\"Apple-style-span\" style=\"font-weight: bold;\">Centro Culturale Pirelli<\/span>, uno dei luoghi pi\u00f9 vivi ed interessanti della cultura cittadina di quegli anni. E\u2019 la prima apparizione pubblica italiana del musicista statunitense. Una scelta \u201ccoraggiosa\u201d da parte di Pirelli e di <strong>Gino Negri<\/strong>, allora curatore della programmazione musicale del Centro Culturale Pirelli, sollecitato dal compositore <strong>Luciano Berio<\/strong>. E\u2019 il 5 novembre e nella <span class=\"Apple-style-span\" style=\"font-weight: bold;\">sala della Brusada<\/span> &#8211; sede del Centro prima del trasferimento nel 1960 al Grattacielo Pirelli &#8211; John Cage e l\u2019inseparabile compagno di viaggio <strong>David Tudor<\/strong> si esibiscono in un <strong>\u201c<a href=\"https:\/\/www.fondazionepirelli.org\/archivio-storico\/fattienotiziepirellibookreader\/pubblicazioni-e-riviste\/FattieNotiziePirelli\/1954_11_FATTI_E_NOTIZIE.html?q=John%20Cage&amp;start=12&amp;lang=it#page\/12\/mode\/2up\" target=\"_blank\" rel=\"noopener noreferrer\">concerto per pianoforti preparati<\/a>\u201d<\/strong>. Viti, biglie, cucchiaini, pinze per biancheria, cannucce di bamb\u00f9, ingranaggi di orologeria, e altri oggetti applicati sulle corde dei due pianoforti producono suoni dagli effetti timbrici completamente inediti. Ad introdurre il concerto il musicologo <span class=\"Apple-style-span\" style=\"font-weight: bold;\">Riccardo Malpiero<\/span>. Le musiche in programma sono di John Cage, <span class=\"Apple-style-span\" style=\"font-weight: bold;\">Morton Feldmann<\/span>, <span class=\"Apple-style-span\" style=\"font-weight: bold;\">Cristian Wolff<\/span>, <span class=\"Apple-style-span\" style=\"font-weight: bold;\">Earle Brown<\/span>. Il pubblico, \u201cuno dei pubblici indiscutibilmente pi\u00f9 preparati della citt\u00e0\u201d rimane a bocca aperta: fioccano applausi e polemiche. Un evento musicale d\u2019eccezione che apre le porte alla ricezione in Italia dell\u2019esperienza cageiana.<\/p>\n<div id=\"\"><\/div>\n","protected":false},"excerpt":{"rendered":"<p>C\u2019\u00e8 un solido rapporto, tra Pirelli e la grande musica. Oggi, i \u201cconcerti in fabbrica\u201d a Settimo Torinese (quest\u2019anno alla terza edizione, con l\u2019esecuzione della Prima e della Settima Sinfonia di Beethoven) e con l\u2019ospitalit\u00e0 per le prove dell\u2019Orchestra da Camera Italiana diretta da Salvatore Accardo e per il sostegno all\u2019Orchestra Verdi. Ma, appena ieri, [&hellip;]<\/p>\n","protected":false},"author":1,"featured_media":50038,"comment_status":"open","ping_status":"open","sticky":false,"template":"","format":"standard","meta":{"footnotes":""},"categories":[62],"tags":[91],"class_list":["post-50037","post","type-post","status-publish","format-standard","has-post-thumbnail","hentry","category-storie-dal-mondo-pirelli","tag-musica-nei-luoghi-di-lavoro"],"acf":[],"yoast_head":"<!-- This site is optimized with the Yoast SEO plugin v25.0 - https:\/\/yoast.com\/wordpress\/plugins\/seo\/ -->\n<title>Pirelli e John Cage | Fondazione Pirelli<\/title>\n<meta name=\"description\" content=\"Pirelli e la musica. Quando John Cage suon\u00f2 al Centro Culturale Pirelli. Scopri di pi\u00f9 su fondazionepireli.org.\" \/>\n<meta name=\"robots\" content=\"index, follow, max-snippet:-1, max-image-preview:large, max-video-preview:-1\" \/>\n<link rel=\"canonical\" href=\"https:\/\/www.fondazionepirelli.org\/it\/iniziative\/storie-dal-mondo-pirelli\/pirelli-e-la-musica-quando-arrivo-a-suonare-john-cage\/\" \/>\n<meta property=\"og:locale\" content=\"it_IT\" \/>\n<meta property=\"og:type\" content=\"article\" \/>\n<meta property=\"og:title\" content=\"Pirelli e John Cage | Fondazione Pirelli\" \/>\n<meta property=\"og:description\" content=\"Pirelli e la musica. Quando John Cage suon\u00f2 al Centro Culturale Pirelli. Scopri di pi\u00f9 su fondazionepireli.org.\" \/>\n<meta property=\"og:url\" content=\"https:\/\/www.fondazionepirelli.org\/it\/iniziative\/storie-dal-mondo-pirelli\/pirelli-e-la-musica-quando-arrivo-a-suonare-john-cage\/\" \/>\n<meta property=\"og:site_name\" content=\"Fondazione Pirelli\" \/>\n<meta property=\"article:published_time\" content=\"2014-09-23T00:00:00+00:00\" \/>\n<meta property=\"article:modified_time\" content=\"2022-01-28T13:02:10+00:00\" \/>\n<meta property=\"og:image\" content=\"https:\/\/wpsite-assets.fondazionepirelli.org\/wp-content\/uploads\/2019\/05\/20101842\/cage-e1571150260370.jpg\" \/>\n\t<meta property=\"og:image:width\" content=\"600\" \/>\n\t<meta property=\"og:image:height\" content=\"456\" \/>\n\t<meta property=\"og:image:type\" content=\"image\/jpeg\" \/>\n<meta name=\"author\" content=\"fondadmin\" \/>\n<meta name=\"twitter:card\" content=\"summary_large_image\" \/>\n<meta name=\"twitter:label1\" content=\"Scritto da\" \/>\n\t<meta name=\"twitter:data1\" content=\"fondadmin\" \/>\n\t<meta name=\"twitter:label2\" content=\"Tempo di lettura stimato\" \/>\n\t<meta name=\"twitter:data2\" content=\"2 minuti\" \/>\n<script type=\"application\/ld+json\" class=\"yoast-schema-graph\">{\"@context\":\"https:\/\/schema.org\",\"@graph\":[{\"@type\":\"WebPage\",\"@id\":\"https:\/\/www.fondazionepirelli.org\/it\/iniziative\/storie-dal-mondo-pirelli\/pirelli-e-la-musica-quando-arrivo-a-suonare-john-cage\/\",\"url\":\"https:\/\/www.fondazionepirelli.org\/it\/iniziative\/storie-dal-mondo-pirelli\/pirelli-e-la-musica-quando-arrivo-a-suonare-john-cage\/\",\"name\":\"Pirelli e John Cage | Fondazione Pirelli\",\"isPartOf\":{\"@id\":\"https:\/\/www.fondazionepirelli.org\/it\/#website\"},\"primaryImageOfPage\":{\"@id\":\"https:\/\/www.fondazionepirelli.org\/it\/iniziative\/storie-dal-mondo-pirelli\/pirelli-e-la-musica-quando-arrivo-a-suonare-john-cage\/#primaryimage\"},\"image\":{\"@id\":\"https:\/\/www.fondazionepirelli.org\/it\/iniziative\/storie-dal-mondo-pirelli\/pirelli-e-la-musica-quando-arrivo-a-suonare-john-cage\/#primaryimage\"},\"thumbnailUrl\":\"https:\/\/wpsite-assets.fondazionepirelli.org\/wp-content\/uploads\/2019\/05\/20101842\/cage-e1571150260370.jpg\",\"datePublished\":\"2014-09-23T00:00:00+00:00\",\"dateModified\":\"2022-01-28T13:02:10+00:00\",\"author\":{\"@id\":\"https:\/\/www.fondazionepirelli.org\/it\/#\/schema\/person\/f47d097000832c4a6e54538c791fdf25\"},\"description\":\"Pirelli e la musica. Quando John Cage suon\u00f2 al Centro Culturale Pirelli. Scopri di pi\u00f9 su fondazionepireli.org.\",\"breadcrumb\":{\"@id\":\"https:\/\/www.fondazionepirelli.org\/it\/iniziative\/storie-dal-mondo-pirelli\/pirelli-e-la-musica-quando-arrivo-a-suonare-john-cage\/#breadcrumb\"},\"inLanguage\":\"it-IT\",\"potentialAction\":[{\"@type\":\"ReadAction\",\"target\":[\"https:\/\/www.fondazionepirelli.org\/it\/iniziative\/storie-dal-mondo-pirelli\/pirelli-e-la-musica-quando-arrivo-a-suonare-john-cage\/\"]}]},{\"@type\":\"ImageObject\",\"inLanguage\":\"it-IT\",\"@id\":\"https:\/\/www.fondazionepirelli.org\/it\/iniziative\/storie-dal-mondo-pirelli\/pirelli-e-la-musica-quando-arrivo-a-suonare-john-cage\/#primaryimage\",\"url\":\"https:\/\/wpsite-assets.fondazionepirelli.org\/wp-content\/uploads\/2019\/05\/20101842\/cage-e1571150260370.jpg\",\"contentUrl\":\"https:\/\/wpsite-assets.fondazionepirelli.org\/wp-content\/uploads\/2019\/05\/20101842\/cage-e1571150260370.jpg\",\"width\":600,\"height\":456,\"caption\":\"||||\"},{\"@type\":\"BreadcrumbList\",\"@id\":\"https:\/\/www.fondazionepirelli.org\/it\/iniziative\/storie-dal-mondo-pirelli\/pirelli-e-la-musica-quando-arrivo-a-suonare-john-cage\/#breadcrumb\",\"itemListElement\":[{\"@type\":\"ListItem\",\"position\":1,\"name\":\"Home\",\"item\":\"https:\/\/www.fondazionepirelli.org\/it\/\"},{\"@type\":\"ListItem\",\"position\":2,\"name\":\"Pirelli e la musica, quando arriv\u00f2 a suonare John Cage&#8230;\"}]},{\"@type\":\"WebSite\",\"@id\":\"https:\/\/www.fondazionepirelli.org\/it\/#website\",\"url\":\"https:\/\/www.fondazionepirelli.org\/it\/\",\"name\":\"Fondazione Pirelli\",\"description\":\"\",\"potentialAction\":[{\"@type\":\"SearchAction\",\"target\":{\"@type\":\"EntryPoint\",\"urlTemplate\":\"https:\/\/www.fondazionepirelli.org\/it\/?s={search_term_string}\"},\"query-input\":{\"@type\":\"PropertyValueSpecification\",\"valueRequired\":true,\"valueName\":\"search_term_string\"}}],\"inLanguage\":\"it-IT\"},{\"@type\":\"Person\",\"@id\":\"https:\/\/www.fondazionepirelli.org\/it\/#\/schema\/person\/f47d097000832c4a6e54538c791fdf25\",\"name\":\"fondadmin\",\"image\":{\"@type\":\"ImageObject\",\"inLanguage\":\"it-IT\",\"@id\":\"https:\/\/www.fondazionepirelli.org\/it\/#\/schema\/person\/image\/\",\"url\":\"https:\/\/secure.gravatar.com\/avatar\/e69498a9175ca244966e51e53c88712c024fcebe41f9a05f75657f1bb25e489b?s=96&d=mm&r=g\",\"contentUrl\":\"https:\/\/secure.gravatar.com\/avatar\/e69498a9175ca244966e51e53c88712c024fcebe41f9a05f75657f1bb25e489b?s=96&d=mm&r=g\",\"caption\":\"fondadmin\"},\"url\":\"https:\/\/www.fondazionepirelli.org\/it\/author\/fondadmin\/\"}]}<\/script>\n<!-- \/ Yoast SEO plugin. -->","yoast_head_json":{"title":"Pirelli e John Cage | Fondazione Pirelli","description":"Pirelli e la musica. Quando John Cage suon\u00f2 al Centro Culturale Pirelli. Scopri di pi\u00f9 su fondazionepireli.org.","robots":{"index":"index","follow":"follow","max-snippet":"max-snippet:-1","max-image-preview":"max-image-preview:large","max-video-preview":"max-video-preview:-1"},"canonical":"https:\/\/www.fondazionepirelli.org\/it\/iniziative\/storie-dal-mondo-pirelli\/pirelli-e-la-musica-quando-arrivo-a-suonare-john-cage\/","og_locale":"it_IT","og_type":"article","og_title":"Pirelli e John Cage | Fondazione Pirelli","og_description":"Pirelli e la musica. Quando John Cage suon\u00f2 al Centro Culturale Pirelli. Scopri di pi\u00f9 su fondazionepireli.org.","og_url":"https:\/\/www.fondazionepirelli.org\/it\/iniziative\/storie-dal-mondo-pirelli\/pirelli-e-la-musica-quando-arrivo-a-suonare-john-cage\/","og_site_name":"Fondazione Pirelli","article_published_time":"2014-09-23T00:00:00+00:00","article_modified_time":"2022-01-28T13:02:10+00:00","og_image":[{"width":600,"height":456,"url":"https:\/\/wpsite-assets.fondazionepirelli.org\/wp-content\/uploads\/2019\/05\/20101842\/cage-e1571150260370.jpg","type":"image\/jpeg"}],"author":"fondadmin","twitter_card":"summary_large_image","twitter_misc":{"Scritto da":"fondadmin","Tempo di lettura stimato":"2 minuti"},"schema":{"@context":"https:\/\/schema.org","@graph":[{"@type":"WebPage","@id":"https:\/\/www.fondazionepirelli.org\/it\/iniziative\/storie-dal-mondo-pirelli\/pirelli-e-la-musica-quando-arrivo-a-suonare-john-cage\/","url":"https:\/\/www.fondazionepirelli.org\/it\/iniziative\/storie-dal-mondo-pirelli\/pirelli-e-la-musica-quando-arrivo-a-suonare-john-cage\/","name":"Pirelli e John Cage | Fondazione Pirelli","isPartOf":{"@id":"https:\/\/www.fondazionepirelli.org\/it\/#website"},"primaryImageOfPage":{"@id":"https:\/\/www.fondazionepirelli.org\/it\/iniziative\/storie-dal-mondo-pirelli\/pirelli-e-la-musica-quando-arrivo-a-suonare-john-cage\/#primaryimage"},"image":{"@id":"https:\/\/www.fondazionepirelli.org\/it\/iniziative\/storie-dal-mondo-pirelli\/pirelli-e-la-musica-quando-arrivo-a-suonare-john-cage\/#primaryimage"},"thumbnailUrl":"https:\/\/wpsite-assets.fondazionepirelli.org\/wp-content\/uploads\/2019\/05\/20101842\/cage-e1571150260370.jpg","datePublished":"2014-09-23T00:00:00+00:00","dateModified":"2022-01-28T13:02:10+00:00","author":{"@id":"https:\/\/www.fondazionepirelli.org\/it\/#\/schema\/person\/f47d097000832c4a6e54538c791fdf25"},"description":"Pirelli e la musica. Quando John Cage suon\u00f2 al Centro Culturale Pirelli. Scopri di pi\u00f9 su fondazionepireli.org.","breadcrumb":{"@id":"https:\/\/www.fondazionepirelli.org\/it\/iniziative\/storie-dal-mondo-pirelli\/pirelli-e-la-musica-quando-arrivo-a-suonare-john-cage\/#breadcrumb"},"inLanguage":"it-IT","potentialAction":[{"@type":"ReadAction","target":["https:\/\/www.fondazionepirelli.org\/it\/iniziative\/storie-dal-mondo-pirelli\/pirelli-e-la-musica-quando-arrivo-a-suonare-john-cage\/"]}]},{"@type":"ImageObject","inLanguage":"it-IT","@id":"https:\/\/www.fondazionepirelli.org\/it\/iniziative\/storie-dal-mondo-pirelli\/pirelli-e-la-musica-quando-arrivo-a-suonare-john-cage\/#primaryimage","url":"https:\/\/wpsite-assets.fondazionepirelli.org\/wp-content\/uploads\/2019\/05\/20101842\/cage-e1571150260370.jpg","contentUrl":"https:\/\/wpsite-assets.fondazionepirelli.org\/wp-content\/uploads\/2019\/05\/20101842\/cage-e1571150260370.jpg","width":600,"height":456,"caption":"||||"},{"@type":"BreadcrumbList","@id":"https:\/\/www.fondazionepirelli.org\/it\/iniziative\/storie-dal-mondo-pirelli\/pirelli-e-la-musica-quando-arrivo-a-suonare-john-cage\/#breadcrumb","itemListElement":[{"@type":"ListItem","position":1,"name":"Home","item":"https:\/\/www.fondazionepirelli.org\/it\/"},{"@type":"ListItem","position":2,"name":"Pirelli e la musica, quando arriv\u00f2 a suonare John Cage&#8230;"}]},{"@type":"WebSite","@id":"https:\/\/www.fondazionepirelli.org\/it\/#website","url":"https:\/\/www.fondazionepirelli.org\/it\/","name":"Fondazione Pirelli","description":"","potentialAction":[{"@type":"SearchAction","target":{"@type":"EntryPoint","urlTemplate":"https:\/\/www.fondazionepirelli.org\/it\/?s={search_term_string}"},"query-input":{"@type":"PropertyValueSpecification","valueRequired":true,"valueName":"search_term_string"}}],"inLanguage":"it-IT"},{"@type":"Person","@id":"https:\/\/www.fondazionepirelli.org\/it\/#\/schema\/person\/f47d097000832c4a6e54538c791fdf25","name":"fondadmin","image":{"@type":"ImageObject","inLanguage":"it-IT","@id":"https:\/\/www.fondazionepirelli.org\/it\/#\/schema\/person\/image\/","url":"https:\/\/secure.gravatar.com\/avatar\/e69498a9175ca244966e51e53c88712c024fcebe41f9a05f75657f1bb25e489b?s=96&d=mm&r=g","contentUrl":"https:\/\/secure.gravatar.com\/avatar\/e69498a9175ca244966e51e53c88712c024fcebe41f9a05f75657f1bb25e489b?s=96&d=mm&r=g","caption":"fondadmin"},"url":"https:\/\/www.fondazionepirelli.org\/it\/author\/fondadmin\/"}]}},"_links":{"self":[{"href":"https:\/\/www.fondazionepirelli.org\/it\/wp-json\/wp\/v2\/posts\/50037\/"}],"collection":[{"href":"https:\/\/www.fondazionepirelli.org\/it\/wp-json\/wp\/v2\/posts\/"}],"about":[{"href":"https:\/\/www.fondazionepirelli.org\/it\/wp-json\/wp\/v2\/types\/post\/"}],"author":[{"embeddable":true,"href":"https:\/\/www.fondazionepirelli.org\/it\/wp-json\/wp\/v2\/users\/1\/"}],"replies":[{"embeddable":true,"href":"https:\/\/www.fondazionepirelli.org\/it\/wp-json\/wp\/v2\/comments\/?post=50037"}],"version-history":[{"count":5,"href":"https:\/\/www.fondazionepirelli.org\/it\/wp-json\/wp\/v2\/posts\/50037\/revisions\/"}],"predecessor-version":[{"id":73140,"href":"https:\/\/www.fondazionepirelli.org\/it\/wp-json\/wp\/v2\/posts\/50037\/revisions\/73140\/"}],"wp:featuredmedia":[{"embeddable":true,"href":"https:\/\/www.fondazionepirelli.org\/it\/wp-json\/wp\/v2\/media\/50038\/"}],"wp:attachment":[{"href":"https:\/\/www.fondazionepirelli.org\/it\/wp-json\/wp\/v2\/media\/?parent=50037"}],"wp:term":[{"taxonomy":"category","embeddable":true,"href":"https:\/\/www.fondazionepirelli.org\/it\/wp-json\/wp\/v2\/categories\/?post=50037"},{"taxonomy":"post_tag","embeddable":true,"href":"https:\/\/www.fondazionepirelli.org\/it\/wp-json\/wp\/v2\/tags\/?post=50037"}],"curies":[{"name":"wp","href":"https:\/\/api.w.org\/{rel}","templated":true}]}}